{"id":3450,"date":"2023-09-03T16:11:57","date_gmt":"2023-09-03T16:11:57","guid":{"rendered":"https:\/\/oeilsportif.info\/index.php\/?p=3450"},"modified":"2023-09-03T16:11:57","modified_gmt":"2023-09-03T16:11:57","slug":"la-commission-electorale-et-la-commission-electorale-de-recours-meublees","status":"publish","type":"post","link":"https:\/\/oeilsportif.info\/index.php\/la-commission-electorale-et-la-commission-electorale-de-recours-meublees\/","title":{"rendered":"LA COMMISSION \u00c9LECTORALE ET LA COMMISSION \u00c9LECTORALE DE RECOURS MEUBL\u00c9ES"},"content":{"rendered":"<p><strong>Convoqu\u00e9e ce samedi 2 septembre 2023, l\u2019Assembl\u00e9e G\u00e9n\u00e9rale Extraordinaire de la FGF s\u2019est tenue dans la capitale guin\u00e9enne. Elle a \u00e9lu les membres de la commission \u00e9lectorale et la commission \u00e9lectorale de recours.<\/strong><\/p>\n<p>Apr\u00e8s l\u2019adoption de nouveaux statuts, une nouvelle \u00e9tape vient d\u2019\u00eatre franchie dans le processus de normalisation de la F\u00e9d\u00e9ration Guin\u00e9enne de Football. Ce samedi, dans un r\u00e9ceptif h\u00f4telier, les membres statutaires se sont r\u00e9unis en marge d\u2019un congr\u00e8s extraordinaire afin de voter pour les membres des deux commissions qui se chargeront de conduire le processus \u00e9lectoral.<\/p>\n<p>Les travaux qui ont dur\u00e9 des heures, ont d\u00e9bouch\u00e9 sur l\u2019\u00e9lection de Abdoul Karim DIABY au poste de pr\u00e9sident de la commission \u00e9lectorale et de Moustapha BOKOUM au poste de pr\u00e9sident de la commission \u00e9lectorale de recours.<\/p>\n<p>La F\u00e9d\u00e9ration Guin\u00e9enne de Football se r\u00e9jouit de voir plusieurs femmes pl\u00e9biscit\u00e9es par les \u00e9lecteurs. Sur les 14 \u00e9lus au sein des deux commissions, 6 sont des femmes. Ce choix colle avec l\u2019esprit de la FIFA et de la CAF de faire la promotion des dames au sein des instances de gestion du football dans le monde.<\/p>\n<p>Ces deux commissions auront la responsabilit\u00e9 de pr\u00e9parer et d\u2019organiser le prochain congr\u00e8s \u00e9lectif d\u2019un nouveau comit\u00e9 ex\u00e9cutif le 25 novembre 2023. Cela marquera la fin du processus de normalisation au sein de la F\u00e9d\u00e9ration Guin\u00e9enne de Football.<\/p>\n<p>Voici la composition des deux commissions.<\/p>\n<p><strong>Commission \u00e9lectorale<\/strong><\/p>\n<p><strong>Pr\u00e9sident\u00a0:<\/strong>\u00a0Abdoul Karim DIABY (64 voix sur 69)<\/p>\n<p><strong>Vice-pr\u00e9sidente<\/strong>\u00a0: Halimatou CAMARA (64 voix sur 69)<\/p>\n<p><strong>Membres<\/strong>\u00a0: Etienne LOUA (58 voix sur 69)<br \/>\nTh\u00e9r\u00e8se Kounadi TRAORE (57 voix sur 69)<br \/>\nAbdoualye BANGOURA (52 voix sur 69)<\/p>\n<p><strong>Suppl\u00e9ants<\/strong>\u00a0: Murielle Houesse HOUINDO (34 voix sur 69)<br \/>\nDialikatou BALDE (19 voix sur 69)<br \/>\nFofana Sheikh FOFANA (19 voix sur 69)<\/p>\n<p><strong>Commission \u00e9lectorale de recours<\/strong><\/p>\n<p><strong>Pr\u00e9sident<\/strong>\u00a0: Moustapha BOKOUM (66 voix sur 69)<\/p>\n<p><strong>Vice-pr\u00e9sident :\u00a0<\/strong>Aly TOURE (64 voix sur 69)<\/p>\n<p><strong>Membre<\/strong>\u00a0: Houleymatou BAH (60 voix sur 69)<\/p>\n<p><strong>Suppl\u00e9ants :<\/strong>\u00a0Macir\u00e9 KATTY (36 voix sur 69)<br \/>\nAly SYLLA (30 voix sur 69)<br \/>\nRoland D\u00e9sir\u00e9 BANGOURA (15 voix sur 69)<\/p>\n<p>Source : F\u00e9guifoot<\/p>\n","protected":false},"excerpt":{"rendered":"<p>Convoqu\u00e9e ce samedi 2 septembre 2023, l\u2019Assembl\u00e9e G\u00e9n\u00e9rale Extraordinaire de la FGF s\u2019est tenue dans la capitale guin\u00e9enne. Elle a \u00e9lu les membres de la commission \u00e9lectorale et la commission \u00e9lectorale de recours. Apr\u00e8s l\u2019adoption de nouveaux statuts, une nouvelle \u00e9tape vient d\u2019\u00eatre franchie dans le processus de normalisation de la F\u00e9d\u00e9ration Guin\u00e9enne de Football. [&hellip;]<\/p>\n","protected":false},"author":2,"featured_media":3451,"comment_status":"closed","ping_status":"open","sticky":false,"template":"","format":"standard","meta":{"_jetpack_memberships_contains_paid_content":false,"footnotes":"","jetpack_publicize_message":"","jetpack_publicize_feature_enabled":true,"jetpack_social_post_already_shared":true,"jetpack_social_options":{"image_generator_settings":{"template":"highway","default_image_id":0,"font":"","enabled":false},"version":2}},"categories":[10,5],"tags":[],"class_list":{"0":"post-3450","1":"post","2":"type-post","3":"status-publish","4":"format-standard","5":"has-post-thumbnail","7":"category-actualite","8":"category-football"},"yoast_head":"<!-- This site is optimized with the Yoast SEO plugin v27.5 - https:\/\/yoast.com\/product\/yoast-seo-wordpress\/ -->\n<title>LA COMMISSION \u00c9LECTORALE ET LA COMMISSION \u00c9LECTORALE DE RECOURS MEUBL\u00c9ES - le regard du sportif<\/title>\n<meta name=\"robots\" content=\"index, follow, max-snippet:-1, max-image-preview:large, max-video-preview:-1\" \/>\n<link rel=\"canonical\" href=\"https:\/\/oeilsportif.info\/index.php\/la-commission-electorale-et-la-commission-electorale-de-recours-meublees\/\" \/>\n<meta property=\"og:locale\" content=\"fr_FR\" \/>\n<meta property=\"og:type\" content=\"article\" \/>\n<meta property=\"og:title\" content=\"LA COMMISSION \u00c9LECTORALE ET LA COMMISSION \u00c9LECTORALE DE RECOURS MEUBL\u00c9ES - le regard du sportif\" \/>\n<meta property=\"og:description\" content=\"Convoqu\u00e9e ce samedi 2 septembre 2023, l\u2019Assembl\u00e9e G\u00e9n\u00e9rale Extraordinaire de la FGF s\u2019est tenue dans la capitale guin\u00e9enne. Elle a \u00e9lu les membres de la commission \u00e9lectorale et la commission \u00e9lectorale de recours. Apr\u00e8s l\u2019adoption de nouveaux statuts, une nouvelle \u00e9tape vient d\u2019\u00eatre franchie dans le processus de normalisation de la F\u00e9d\u00e9ration Guin\u00e9enne de Football. [&hellip;]\" \/>\n<meta property=\"og:url\" content=\"https:\/\/oeilsportif.info\/index.php\/la-commission-electorale-et-la-commission-electorale-de-recours-meublees\/\" \/>\n<meta property=\"og:site_name\" content=\"le regard du sportif\" \/>\n<meta property=\"article:published_time\" content=\"2023-09-03T16:11:57+00:00\" \/>\n<meta property=\"og:image\" content=\"https:\/\/oeilsportif.info\/wp-content\/uploads\/2023\/09\/FB_IMG_1693725081793.jpg\" \/>\n\t<meta property=\"og:image:width\" content=\"960\" \/>\n\t<meta property=\"og:image:height\" content=\"540\" \/>\n\t<meta property=\"og:image:type\" content=\"image\/jpeg\" \/>\n<meta name=\"author\" content=\"L&#039;Equipe de la R\u00e9daction\" \/>\n<meta name=\"twitter:label1\" content=\"\u00c9crit par\" \/>\n\t<meta name=\"twitter:data1\" content=\"L&#039;Equipe de la R\u00e9daction\" \/>\n\t<meta name=\"twitter:label2\" content=\"Dur\u00e9e de lecture estim\u00e9e\" \/>\n\t<meta name=\"twitter:data2\" content=\"2 minutes\" \/>\n<script type=\"application\/ld+json\" class=\"yoast-schema-graph\">{\"@context\":\"https:\\\/\\\/schema.org\",\"@graph\":[{\"@type\":\"Article\",\"@id\":\"https:\\\/\\\/oeilsportif.info\\\/index.php\\\/la-commission-electorale-et-la-commission-electorale-de-recours-meublees\\\/#article\",\"isPartOf\":{\"@id\":\"https:\\\/\\\/oeilsportif.info\\\/index.php\\\/la-commission-electorale-et-la-commission-electorale-de-recours-meublees\\\/\"},\"author\":{\"name\":\"L'Equipe de la R\u00e9daction\",\"@id\":\"https:\\\/\\\/oeilsportif.info\\\/#\\\/schema\\\/person\\\/cfbded294aa6095f7d96608d7905e9a1\"},\"headline\":\"LA COMMISSION \u00c9LECTORALE ET LA COMMISSION \u00c9LECTORALE DE RECOURS MEUBL\u00c9ES\",\"datePublished\":\"2023-09-03T16:11:57+00:00\",\"mainEntityOfPage\":{\"@id\":\"https:\\\/\\\/oeilsportif.info\\\/index.php\\\/la-commission-electorale-et-la-commission-electorale-de-recours-meublees\\\/\"},\"wordCount\":356,\"image\":{\"@id\":\"https:\\\/\\\/oeilsportif.info\\\/index.php\\\/la-commission-electorale-et-la-commission-electorale-de-recours-meublees\\\/#primaryimage\"},\"thumbnailUrl\":\"https:\\\/\\\/i0.wp.com\\\/oeilsportif.info\\\/wp-content\\\/uploads\\\/2023\\\/09\\\/FB_IMG_1693725081793.jpg?fit=960%2C540&ssl=1\",\"articleSection\":[\"Actualit\u00e9\",\"Football\"],\"inLanguage\":\"fr-FR\"},{\"@type\":\"WebPage\",\"@id\":\"https:\\\/\\\/oeilsportif.info\\\/index.php\\\/la-commission-electorale-et-la-commission-electorale-de-recours-meublees\\\/\",\"url\":\"https:\\\/\\\/oeilsportif.info\\\/index.php\\\/la-commission-electorale-et-la-commission-electorale-de-recours-meublees\\\/\",\"name\":\"LA COMMISSION \u00c9LECTORALE ET LA COMMISSION \u00c9LECTORALE DE RECOURS MEUBL\u00c9ES - le regard du sportif\",\"isPartOf\":{\"@id\":\"https:\\\/\\\/oeilsportif.info\\\/#website\"},\"primaryImageOfPage\":{\"@id\":\"https:\\\/\\\/oeilsportif.info\\\/index.php\\\/la-commission-electorale-et-la-commission-electorale-de-recours-meublees\\\/#primaryimage\"},\"image\":{\"@id\":\"https:\\\/\\\/oeilsportif.info\\\/index.php\\\/la-commission-electorale-et-la-commission-electorale-de-recours-meublees\\\/#primaryimage\"},\"thumbnailUrl\":\"https:\\\/\\\/i0.wp.com\\\/oeilsportif.info\\\/wp-content\\\/uploads\\\/2023\\\/09\\\/FB_IMG_1693725081793.jpg?fit=960%2C540&ssl=1\",\"datePublished\":\"2023-09-03T16:11:57+00:00\",\"author\":{\"@id\":\"https:\\\/\\\/oeilsportif.info\\\/#\\\/schema\\\/person\\\/cfbded294aa6095f7d96608d7905e9a1\"},\"inLanguage\":\"fr-FR\",\"potentialAction\":[{\"@type\":\"ReadAction\",\"target\":[\"https:\\\/\\\/oeilsportif.info\\\/index.php\\\/la-commission-electorale-et-la-commission-electorale-de-recours-meublees\\\/\"]}]},{\"@type\":\"ImageObject\",\"inLanguage\":\"fr-FR\",\"@id\":\"https:\\\/\\\/oeilsportif.info\\\/index.php\\\/la-commission-electorale-et-la-commission-electorale-de-recours-meublees\\\/#primaryimage\",\"url\":\"https:\\\/\\\/i0.wp.com\\\/oeilsportif.info\\\/wp-content\\\/uploads\\\/2023\\\/09\\\/FB_IMG_1693725081793.jpg?fit=960%2C540&ssl=1\",\"contentUrl\":\"https:\\\/\\\/i0.wp.com\\\/oeilsportif.info\\\/wp-content\\\/uploads\\\/2023\\\/09\\\/FB_IMG_1693725081793.jpg?fit=960%2C540&ssl=1\",\"width\":960,\"height\":540},{\"@type\":\"WebSite\",\"@id\":\"https:\\\/\\\/oeilsportif.info\\\/#website\",\"url\":\"https:\\\/\\\/oeilsportif.info\\\/\",\"name\":\"le regard du sportif\",\"description\":\"\",\"potentialAction\":[{\"@type\":\"SearchAction\",\"target\":{\"@type\":\"EntryPoint\",\"urlTemplate\":\"https:\\\/\\\/oeilsportif.info\\\/?s={search_term_string}\"},\"query-input\":{\"@type\":\"PropertyValueSpecification\",\"valueRequired\":true,\"valueName\":\"search_term_string\"}}],\"inLanguage\":\"fr-FR\"},{\"@type\":\"Person\",\"@id\":\"https:\\\/\\\/oeilsportif.info\\\/#\\\/schema\\\/person\\\/cfbded294aa6095f7d96608d7905e9a1\",\"name\":\"L'Equipe de la R\u00e9daction\",\"image\":{\"@type\":\"ImageObject\",\"inLanguage\":\"fr-FR\",\"@id\":\"https:\\\/\\\/oeilsportif.info\\\/wp-content\\\/uploads\\\/2025\\\/07\\\/cropped-cropped-logo-os-96x96.jpeg\",\"url\":\"https:\\\/\\\/oeilsportif.info\\\/wp-content\\\/uploads\\\/2025\\\/07\\\/cropped-cropped-logo-os-96x96.jpeg\",\"contentUrl\":\"https:\\\/\\\/oeilsportif.info\\\/wp-content\\\/uploads\\\/2025\\\/07\\\/cropped-cropped-logo-os-96x96.jpeg\",\"caption\":\"L'Equipe de la R\u00e9daction\"},\"url\":\"https:\\\/\\\/oeilsportif.info\\\/index.php\\\/author\\\/tawel\\\/\"}]}<\/script>\n<!-- \/ Yoast SEO plugin. -->","yoast_head_json":{"title":"LA COMMISSION \u00c9LECTORALE ET LA COMMISSION \u00c9LECTORALE DE RECOURS MEUBL\u00c9ES - le regard du sportif","robots":{"index":"index","follow":"follow","max-snippet":"max-snippet:-1","max-image-preview":"max-image-preview:large","max-video-preview":"max-video-preview:-1"},"canonical":"https:\/\/oeilsportif.info\/index.php\/la-commission-electorale-et-la-commission-electorale-de-recours-meublees\/","og_locale":"fr_FR","og_type":"article","og_title":"LA COMMISSION \u00c9LECTORALE ET LA COMMISSION \u00c9LECTORALE DE RECOURS MEUBL\u00c9ES - le regard du sportif","og_description":"Convoqu\u00e9e ce samedi 2 septembre 2023, l\u2019Assembl\u00e9e G\u00e9n\u00e9rale Extraordinaire de la FGF s\u2019est tenue dans la capitale guin\u00e9enne. Elle a \u00e9lu les membres de la commission \u00e9lectorale et la commission \u00e9lectorale de recours. Apr\u00e8s l\u2019adoption de nouveaux statuts, une nouvelle \u00e9tape vient d\u2019\u00eatre franchie dans le processus de normalisation de la F\u00e9d\u00e9ration Guin\u00e9enne de Football. [&hellip;]","og_url":"https:\/\/oeilsportif.info\/index.php\/la-commission-electorale-et-la-commission-electorale-de-recours-meublees\/","og_site_name":"le regard du sportif","article_published_time":"2023-09-03T16:11:57+00:00","og_image":[{"width":960,"height":540,"url":"https:\/\/oeilsportif.info\/wp-content\/uploads\/2023\/09\/FB_IMG_1693725081793.jpg","type":"image\/jpeg"}],"author":"L'Equipe de la R\u00e9daction","twitter_misc":{"\u00c9crit par":"L'Equipe de la R\u00e9daction","Dur\u00e9e de lecture estim\u00e9e":"2 minutes"},"schema":{"@context":"https:\/\/schema.org","@graph":[{"@type":"Article","@id":"https:\/\/oeilsportif.info\/index.php\/la-commission-electorale-et-la-commission-electorale-de-recours-meublees\/#article","isPartOf":{"@id":"https:\/\/oeilsportif.info\/index.php\/la-commission-electorale-et-la-commission-electorale-de-recours-meublees\/"},"author":{"name":"L'Equipe de la R\u00e9daction","@id":"https:\/\/oeilsportif.info\/#\/schema\/person\/cfbded294aa6095f7d96608d7905e9a1"},"headline":"LA COMMISSION \u00c9LECTORALE ET LA COMMISSION \u00c9LECTORALE DE RECOURS MEUBL\u00c9ES","datePublished":"2023-09-03T16:11:57+00:00","mainEntityOfPage":{"@id":"https:\/\/oeilsportif.info\/index.php\/la-commission-electorale-et-la-commission-electorale-de-recours-meublees\/"},"wordCount":356,"image":{"@id":"https:\/\/oeilsportif.info\/index.php\/la-commission-electorale-et-la-commission-electorale-de-recours-meublees\/#primaryimage"},"thumbnailUrl":"https:\/\/i0.wp.com\/oeilsportif.info\/wp-content\/uploads\/2023\/09\/FB_IMG_1693725081793.jpg?fit=960%2C540&ssl=1","articleSection":["Actualit\u00e9","Football"],"inLanguage":"fr-FR"},{"@type":"WebPage","@id":"https:\/\/oeilsportif.info\/index.php\/la-commission-electorale-et-la-commission-electorale-de-recours-meublees\/","url":"https:\/\/oeilsportif.info\/index.php\/la-commission-electorale-et-la-commission-electorale-de-recours-meublees\/","name":"LA COMMISSION \u00c9LECTORALE ET LA COMMISSION \u00c9LECTORALE DE RECOURS MEUBL\u00c9ES - le regard du sportif","isPartOf":{"@id":"https:\/\/oeilsportif.info\/#website"},"primaryImageOfPage":{"@id":"https:\/\/oeilsportif.info\/index.php\/la-commission-electorale-et-la-commission-electorale-de-recours-meublees\/#primaryimage"},"image":{"@id":"https:\/\/oeilsportif.info\/index.php\/la-commission-electorale-et-la-commission-electorale-de-recours-meublees\/#primaryimage"},"thumbnailUrl":"https:\/\/i0.wp.com\/oeilsportif.info\/wp-content\/uploads\/2023\/09\/FB_IMG_1693725081793.jpg?fit=960%2C540&ssl=1","datePublished":"2023-09-03T16:11:57+00:00","author":{"@id":"https:\/\/oeilsportif.info\/#\/schema\/person\/cfbded294aa6095f7d96608d7905e9a1"},"inLanguage":"fr-FR","potentialAction":[{"@type":"ReadAction","target":["https:\/\/oeilsportif.info\/index.php\/la-commission-electorale-et-la-commission-electorale-de-recours-meublees\/"]}]},{"@type":"ImageObject","inLanguage":"fr-FR","@id":"https:\/\/oeilsportif.info\/index.php\/la-commission-electorale-et-la-commission-electorale-de-recours-meublees\/#primaryimage","url":"https:\/\/i0.wp.com\/oeilsportif.info\/wp-content\/uploads\/2023\/09\/FB_IMG_1693725081793.jpg?fit=960%2C540&ssl=1","contentUrl":"https:\/\/i0.wp.com\/oeilsportif.info\/wp-content\/uploads\/2023\/09\/FB_IMG_1693725081793.jpg?fit=960%2C540&ssl=1","width":960,"height":540},{"@type":"WebSite","@id":"https:\/\/oeilsportif.info\/#website","url":"https:\/\/oeilsportif.info\/","name":"le regard du sportif","description":"","potentialAction":[{"@type":"SearchAction","target":{"@type":"EntryPoint","urlTemplate":"https:\/\/oeilsportif.info\/?s={search_term_string}"},"query-input":{"@type":"PropertyValueSpecification","valueRequired":true,"valueName":"search_term_string"}}],"inLanguage":"fr-FR"},{"@type":"Person","@id":"https:\/\/oeilsportif.info\/#\/schema\/person\/cfbded294aa6095f7d96608d7905e9a1","name":"L'Equipe de la R\u00e9daction","image":{"@type":"ImageObject","inLanguage":"fr-FR","@id":"https:\/\/oeilsportif.info\/wp-content\/uploads\/2025\/07\/cropped-cropped-logo-os-96x96.jpeg","url":"https:\/\/oeilsportif.info\/wp-content\/uploads\/2025\/07\/cropped-cropped-logo-os-96x96.jpeg","contentUrl":"https:\/\/oeilsportif.info\/wp-content\/uploads\/2025\/07\/cropped-cropped-logo-os-96x96.jpeg","caption":"L'Equipe de la R\u00e9daction"},"url":"https:\/\/oeilsportif.info\/index.php\/author\/tawel\/"}]}},"jetpack_publicize_connections":[],"jetpack_featured_media_url":"https:\/\/i0.wp.com\/oeilsportif.info\/wp-content\/uploads\/2023\/09\/FB_IMG_1693725081793.jpg?fit=960%2C540&ssl=1","jetpack-related-posts":[],"jetpack_sharing_enabled":true,"jetpack_likes_enabled":true,"jetpack_shortlink":"https:\/\/wp.me\/pgFE77-TE","_links":{"self":[{"href":"https:\/\/oeilsportif.info\/index.php\/wp-json\/wp\/v2\/posts\/3450","targetHints":{"allow":["GET"]}}],"collection":[{"href":"https:\/\/oeilsportif.info\/index.php\/wp-json\/wp\/v2\/posts"}],"about":[{"href":"https:\/\/oeilsportif.info\/index.php\/wp-json\/wp\/v2\/types\/post"}],"author":[{"embeddable":true,"href":"https:\/\/oeilsportif.info\/index.php\/wp-json\/wp\/v2\/users\/2"}],"replies":[{"embeddable":true,"href":"https:\/\/oeilsportif.info\/index.php\/wp-json\/wp\/v2\/comments?post=3450"}],"version-history":[{"count":0,"href":"https:\/\/oeilsportif.info\/index.php\/wp-json\/wp\/v2\/posts\/3450\/revisions"}],"wp:featuredmedia":[{"embeddable":true,"href":"https:\/\/oeilsportif.info\/index.php\/wp-json\/wp\/v2\/media\/3451"}],"wp:attachment":[{"href":"https:\/\/oeilsportif.info\/index.php\/wp-json\/wp\/v2\/media?parent=3450"}],"wp:term":[{"taxonomy":"category","embeddable":true,"href":"https:\/\/oeilsportif.info\/index.php\/wp-json\/wp\/v2\/categories?post=3450"},{"taxonomy":"post_tag","embeddable":true,"href":"https:\/\/oeilsportif.info\/index.php\/wp-json\/wp\/v2\/tags?post=3450"}],"curies":[{"name":"wp","href":"https:\/\/api.w.org\/{rel}","templated":true}]}}