{"id":3434,"date":"2023-09-02T18:14:07","date_gmt":"2023-09-02T18:14:07","guid":{"rendered":"https:\/\/oeilsportif.info\/index.php\/?p=3434"},"modified":"2023-09-02T18:14:07","modified_gmt":"2023-09-02T18:14:07","slug":"page-noire-une-legende-du-football-africain-sest-eteint","status":"publish","type":"post","link":"https:\/\/oeilsportif.info\/index.php\/page-noire-une-legende-du-football-africain-sest-eteint\/","title":{"rendered":"Page noire : Une l\u00e9gende du football Africain s&rsquo;est \u00e9teint"},"content":{"rendered":"<p>Grand footballeur de son \u00e9poque avec le Mali, Salif Keita domigo a tir\u00e9 sa r\u00e9v\u00e9rence ce samedi 2 septembre 2023 \u00e0 Bamako \u00e0 l&rsquo;\u00e2ge de 77 ans. Premier ballon d&rsquo;or Africain en 1970, Salif Keita \u00e9tait aim\u00e9 et adul\u00e9 par le public Africain me raconta un jour mon feu p\u00e8re. Lui qui a fait les beaux temps des Aigles du Mali et de l&rsquo;AS Saint \u00c9tienne, le natif de Bamako ne s&rsquo;est jamais \u00e9loign\u00e9 des terrains, m\u00eame pendant sa retraite. Celui qui a d\u00e9but\u00e9 sa carri\u00e8re au R\u00e9al de Bamako en 1963, Domigo a marqu\u00e9 de son emprunt par tout ou il est pass\u00e9.<\/p>\n<p>Le passage le plus remarqu\u00e9, reste l&rsquo;AS Saint \u00c9tienne.<br \/>\nC&rsquo;est l\u00e0 il fut reconnu par le monde entier en tant que grand footballeur. Avec plus de 150 matchs pour 125 buts marqu\u00e9s en D1 fran\u00e7aise, il devint \u00e0 l&rsquo;\u00e9poque deuxi\u00e8me meilleur buteur Europ\u00e9en. Finaliste de la CAN 1972 au Cameroun, Salif Keita a \u00e9t\u00e9 d&rsquo;un apport consid\u00e9rable pour le Malien. Il fonda dans les ann\u00e9es 90, le premier centre de formation de football de son pays, o\u00f9 des joueurs comme Seydou Keita, Mamadou Diarra (djila), Bassala Tour\u00e9, Soumaila Coulibaly, Adama Coulibaly entre autres, qui ont fait les beaux jours du Mali dans les ann\u00e9es 2000. \u00c9lu pr\u00e9sident de la f\u00e9d\u00e9ration Malienne de football en 2005, il a su f\u00e9d\u00e9r\u00e9 les uns et les autres autour de leur id\u00e9al commun qu&rsquo;est le football. \u00c0 la fin de son mandat, il s&rsquo;\u00e9loigna un peu du monde professionnel pour s&rsquo;atteler sur son Academie, afin de produire, les futurs stars du football Malien. Dans une c\u00e9r\u00e9monie de CAF award, il est retenu parmi les 200 meilleurs footballeurs Africain des 50 derni\u00e8res ann\u00e9es.<\/p>\n<p>Du haut de son v\u00e9cu dans le football, Salif Keita se fera remarquer dans le cin\u00e9ma. Avec son passage dans le c\u00e9l\u00e8bre films, le \u00ab\u00a0Ballon d&rsquo;or\u00a0\u00bb tourn\u00e9 \u00e0 Conakry par le Guin\u00e9en Cheick Doukour\u00e9, avec la participation de Sidiki Soumah alias Bandjan.<br \/>\nC&rsquo;est fait resume le parcours de l&rsquo;homme en quelques mots. Un parcours atypique parsem\u00e9 de merveilleux souvenirs, qui restera grav\u00e9 dan les m\u00e9moires des amoureux du football. Ce footballeur hors paire, qui avait la magie de manier le ballon\u00a0 \u00e0 sa guise, est parti \u00e0 jamais et laisser derri\u00e8re lui, des souvenirs inoubliable, qui servira de guide pour le football Africain.<\/p>\n<p>Repose en paix l\u00e9gende.<\/p>\n<p><strong>Lance Koivogui\u00a0<\/strong><\/p>\n","protected":false},"excerpt":{"rendered":"<p>Grand footballeur de son \u00e9poque avec le Mali, Salif Keita domigo a tir\u00e9 sa r\u00e9v\u00e9rence ce samedi 2 septembre 2023 \u00e0 Bamako \u00e0 l&rsquo;\u00e2ge de 77 ans. Premier ballon d&rsquo;or Africain en 1970, Salif Keita \u00e9tait aim\u00e9 et adul\u00e9 par le public Africain me raconta un jour mon feu p\u00e8re. Lui qui a fait les [&hellip;]<\/p>\n","protected":false},"author":2,"featured_media":3435,"comment_status":"closed","ping_status":"open","sticky":false,"template":"","format":"standard","meta":{"_jetpack_memberships_contains_paid_content":false,"footnotes":"","jetpack_publicize_message":"","jetpack_publicize_feature_enabled":true,"jetpack_social_post_already_shared":true,"jetpack_social_options":{"image_generator_settings":{"template":"highway","default_image_id":0,"font":"","enabled":false},"version":2}},"categories":[10,5],"tags":[],"class_list":{"0":"post-3434","1":"post","2":"type-post","3":"status-publish","4":"format-standard","5":"has-post-thumbnail","7":"category-actualite","8":"category-football"},"yoast_head":"<!-- This site is optimized with the Yoast SEO plugin v27.5 - https:\/\/yoast.com\/product\/yoast-seo-wordpress\/ -->\n<title>Page noire : Une l\u00e9gende du football Africain s&#039;est \u00e9teint - le regard du sportif<\/title>\n<meta name=\"robots\" content=\"index, follow, max-snippet:-1, max-image-preview:large, max-video-preview:-1\" \/>\n<link rel=\"canonical\" href=\"https:\/\/oeilsportif.info\/index.php\/page-noire-une-legende-du-football-africain-sest-eteint\/\" \/>\n<meta property=\"og:locale\" content=\"fr_FR\" \/>\n<meta property=\"og:type\" content=\"article\" \/>\n<meta property=\"og:title\" content=\"Page noire : Une l\u00e9gende du football Africain s&#039;est \u00e9teint - le regard du sportif\" \/>\n<meta property=\"og:description\" content=\"Grand footballeur de son \u00e9poque avec le Mali, Salif Keita domigo a tir\u00e9 sa r\u00e9v\u00e9rence ce samedi 2 septembre 2023 \u00e0 Bamako \u00e0 l&rsquo;\u00e2ge de 77 ans. Premier ballon d&rsquo;or Africain en 1970, Salif Keita \u00e9tait aim\u00e9 et adul\u00e9 par le public Africain me raconta un jour mon feu p\u00e8re. Lui qui a fait les [&hellip;]\" \/>\n<meta property=\"og:url\" content=\"https:\/\/oeilsportif.info\/index.php\/page-noire-une-legende-du-football-africain-sest-eteint\/\" \/>\n<meta property=\"og:site_name\" content=\"le regard du sportif\" \/>\n<meta property=\"article:published_time\" content=\"2023-09-02T18:14:07+00:00\" \/>\n<meta property=\"og:image\" content=\"https:\/\/oeilsportif.info\/wp-content\/uploads\/2023\/09\/FB_IMG_1693678422999.jpg\" \/>\n\t<meta property=\"og:image:width\" content=\"307\" \/>\n\t<meta property=\"og:image:height\" content=\"214\" \/>\n\t<meta property=\"og:image:type\" content=\"image\/jpeg\" \/>\n<meta name=\"author\" content=\"L&#039;Equipe de la R\u00e9daction\" \/>\n<meta name=\"twitter:label1\" content=\"\u00c9crit par\" \/>\n\t<meta name=\"twitter:data1\" content=\"L&#039;Equipe de la R\u00e9daction\" \/>\n\t<meta name=\"twitter:label2\" content=\"Dur\u00e9e de lecture estim\u00e9e\" \/>\n\t<meta name=\"twitter:data2\" content=\"3 minutes\" \/>\n<script type=\"application\/ld+json\" class=\"yoast-schema-graph\">{\"@context\":\"https:\\\/\\\/schema.org\",\"@graph\":[{\"@type\":\"Article\",\"@id\":\"https:\\\/\\\/oeilsportif.info\\\/index.php\\\/page-noire-une-legende-du-football-africain-sest-eteint\\\/#article\",\"isPartOf\":{\"@id\":\"https:\\\/\\\/oeilsportif.info\\\/index.php\\\/page-noire-une-legende-du-football-africain-sest-eteint\\\/\"},\"author\":{\"name\":\"L'Equipe de la R\u00e9daction\",\"@id\":\"https:\\\/\\\/oeilsportif.info\\\/#\\\/schema\\\/person\\\/cfbded294aa6095f7d96608d7905e9a1\"},\"headline\":\"Page noire : Une l\u00e9gende du football Africain s&rsquo;est \u00e9teint\",\"datePublished\":\"2023-09-02T18:14:07+00:00\",\"mainEntityOfPage\":{\"@id\":\"https:\\\/\\\/oeilsportif.info\\\/index.php\\\/page-noire-une-legende-du-football-africain-sest-eteint\\\/\"},\"wordCount\":428,\"image\":{\"@id\":\"https:\\\/\\\/oeilsportif.info\\\/index.php\\\/page-noire-une-legende-du-football-africain-sest-eteint\\\/#primaryimage\"},\"thumbnailUrl\":\"https:\\\/\\\/i0.wp.com\\\/oeilsportif.info\\\/wp-content\\\/uploads\\\/2023\\\/09\\\/FB_IMG_1693678422999.jpg?fit=307%2C214&ssl=1\",\"articleSection\":[\"Actualit\u00e9\",\"Football\"],\"inLanguage\":\"fr-FR\"},{\"@type\":\"WebPage\",\"@id\":\"https:\\\/\\\/oeilsportif.info\\\/index.php\\\/page-noire-une-legende-du-football-africain-sest-eteint\\\/\",\"url\":\"https:\\\/\\\/oeilsportif.info\\\/index.php\\\/page-noire-une-legende-du-football-africain-sest-eteint\\\/\",\"name\":\"Page noire : Une l\u00e9gende du football Africain s'est \u00e9teint - le regard du sportif\",\"isPartOf\":{\"@id\":\"https:\\\/\\\/oeilsportif.info\\\/#website\"},\"primaryImageOfPage\":{\"@id\":\"https:\\\/\\\/oeilsportif.info\\\/index.php\\\/page-noire-une-legende-du-football-africain-sest-eteint\\\/#primaryimage\"},\"image\":{\"@id\":\"https:\\\/\\\/oeilsportif.info\\\/index.php\\\/page-noire-une-legende-du-football-africain-sest-eteint\\\/#primaryimage\"},\"thumbnailUrl\":\"https:\\\/\\\/i0.wp.com\\\/oeilsportif.info\\\/wp-content\\\/uploads\\\/2023\\\/09\\\/FB_IMG_1693678422999.jpg?fit=307%2C214&ssl=1\",\"datePublished\":\"2023-09-02T18:14:07+00:00\",\"author\":{\"@id\":\"https:\\\/\\\/oeilsportif.info\\\/#\\\/schema\\\/person\\\/cfbded294aa6095f7d96608d7905e9a1\"},\"inLanguage\":\"fr-FR\",\"potentialAction\":[{\"@type\":\"ReadAction\",\"target\":[\"https:\\\/\\\/oeilsportif.info\\\/index.php\\\/page-noire-une-legende-du-football-africain-sest-eteint\\\/\"]}]},{\"@type\":\"ImageObject\",\"inLanguage\":\"fr-FR\",\"@id\":\"https:\\\/\\\/oeilsportif.info\\\/index.php\\\/page-noire-une-legende-du-football-africain-sest-eteint\\\/#primaryimage\",\"url\":\"https:\\\/\\\/i0.wp.com\\\/oeilsportif.info\\\/wp-content\\\/uploads\\\/2023\\\/09\\\/FB_IMG_1693678422999.jpg?fit=307%2C214&ssl=1\",\"contentUrl\":\"https:\\\/\\\/i0.wp.com\\\/oeilsportif.info\\\/wp-content\\\/uploads\\\/2023\\\/09\\\/FB_IMG_1693678422999.jpg?fit=307%2C214&ssl=1\",\"width\":307,\"height\":214},{\"@type\":\"WebSite\",\"@id\":\"https:\\\/\\\/oeilsportif.info\\\/#website\",\"url\":\"https:\\\/\\\/oeilsportif.info\\\/\",\"name\":\"le regard du sportif\",\"description\":\"\",\"potentialAction\":[{\"@type\":\"SearchAction\",\"target\":{\"@type\":\"EntryPoint\",\"urlTemplate\":\"https:\\\/\\\/oeilsportif.info\\\/?s={search_term_string}\"},\"query-input\":{\"@type\":\"PropertyValueSpecification\",\"valueRequired\":true,\"valueName\":\"search_term_string\"}}],\"inLanguage\":\"fr-FR\"},{\"@type\":\"Person\",\"@id\":\"https:\\\/\\\/oeilsportif.info\\\/#\\\/schema\\\/person\\\/cfbded294aa6095f7d96608d7905e9a1\",\"name\":\"L'Equipe de la R\u00e9daction\",\"image\":{\"@type\":\"ImageObject\",\"inLanguage\":\"fr-FR\",\"@id\":\"https:\\\/\\\/oeilsportif.info\\\/wp-content\\\/uploads\\\/2025\\\/07\\\/cropped-cropped-logo-os-96x96.jpeg\",\"url\":\"https:\\\/\\\/oeilsportif.info\\\/wp-content\\\/uploads\\\/2025\\\/07\\\/cropped-cropped-logo-os-96x96.jpeg\",\"contentUrl\":\"https:\\\/\\\/oeilsportif.info\\\/wp-content\\\/uploads\\\/2025\\\/07\\\/cropped-cropped-logo-os-96x96.jpeg\",\"caption\":\"L'Equipe de la R\u00e9daction\"},\"url\":\"https:\\\/\\\/oeilsportif.info\\\/index.php\\\/author\\\/tawel\\\/\"}]}<\/script>\n<!-- \/ Yoast SEO plugin. -->","yoast_head_json":{"title":"Page noire : Une l\u00e9gende du football Africain s'est \u00e9teint - le regard du sportif","robots":{"index":"index","follow":"follow","max-snippet":"max-snippet:-1","max-image-preview":"max-image-preview:large","max-video-preview":"max-video-preview:-1"},"canonical":"https:\/\/oeilsportif.info\/index.php\/page-noire-une-legende-du-football-africain-sest-eteint\/","og_locale":"fr_FR","og_type":"article","og_title":"Page noire : Une l\u00e9gende du football Africain s'est \u00e9teint - le regard du sportif","og_description":"Grand footballeur de son \u00e9poque avec le Mali, Salif Keita domigo a tir\u00e9 sa r\u00e9v\u00e9rence ce samedi 2 septembre 2023 \u00e0 Bamako \u00e0 l&rsquo;\u00e2ge de 77 ans. Premier ballon d&rsquo;or Africain en 1970, Salif Keita \u00e9tait aim\u00e9 et adul\u00e9 par le public Africain me raconta un jour mon feu p\u00e8re. Lui qui a fait les [&hellip;]","og_url":"https:\/\/oeilsportif.info\/index.php\/page-noire-une-legende-du-football-africain-sest-eteint\/","og_site_name":"le regard du sportif","article_published_time":"2023-09-02T18:14:07+00:00","og_image":[{"width":307,"height":214,"url":"https:\/\/oeilsportif.info\/wp-content\/uploads\/2023\/09\/FB_IMG_1693678422999.jpg","type":"image\/jpeg"}],"author":"L'Equipe de la R\u00e9daction","twitter_misc":{"\u00c9crit par":"L'Equipe de la R\u00e9daction","Dur\u00e9e de lecture estim\u00e9e":"3 minutes"},"schema":{"@context":"https:\/\/schema.org","@graph":[{"@type":"Article","@id":"https:\/\/oeilsportif.info\/index.php\/page-noire-une-legende-du-football-africain-sest-eteint\/#article","isPartOf":{"@id":"https:\/\/oeilsportif.info\/index.php\/page-noire-une-legende-du-football-africain-sest-eteint\/"},"author":{"name":"L'Equipe de la R\u00e9daction","@id":"https:\/\/oeilsportif.info\/#\/schema\/person\/cfbded294aa6095f7d96608d7905e9a1"},"headline":"Page noire : Une l\u00e9gende du football Africain s&rsquo;est \u00e9teint","datePublished":"2023-09-02T18:14:07+00:00","mainEntityOfPage":{"@id":"https:\/\/oeilsportif.info\/index.php\/page-noire-une-legende-du-football-africain-sest-eteint\/"},"wordCount":428,"image":{"@id":"https:\/\/oeilsportif.info\/index.php\/page-noire-une-legende-du-football-africain-sest-eteint\/#primaryimage"},"thumbnailUrl":"https:\/\/i0.wp.com\/oeilsportif.info\/wp-content\/uploads\/2023\/09\/FB_IMG_1693678422999.jpg?fit=307%2C214&ssl=1","articleSection":["Actualit\u00e9","Football"],"inLanguage":"fr-FR"},{"@type":"WebPage","@id":"https:\/\/oeilsportif.info\/index.php\/page-noire-une-legende-du-football-africain-sest-eteint\/","url":"https:\/\/oeilsportif.info\/index.php\/page-noire-une-legende-du-football-africain-sest-eteint\/","name":"Page noire : Une l\u00e9gende du football Africain s'est \u00e9teint - le regard du sportif","isPartOf":{"@id":"https:\/\/oeilsportif.info\/#website"},"primaryImageOfPage":{"@id":"https:\/\/oeilsportif.info\/index.php\/page-noire-une-legende-du-football-africain-sest-eteint\/#primaryimage"},"image":{"@id":"https:\/\/oeilsportif.info\/index.php\/page-noire-une-legende-du-football-africain-sest-eteint\/#primaryimage"},"thumbnailUrl":"https:\/\/i0.wp.com\/oeilsportif.info\/wp-content\/uploads\/2023\/09\/FB_IMG_1693678422999.jpg?fit=307%2C214&ssl=1","datePublished":"2023-09-02T18:14:07+00:00","author":{"@id":"https:\/\/oeilsportif.info\/#\/schema\/person\/cfbded294aa6095f7d96608d7905e9a1"},"inLanguage":"fr-FR","potentialAction":[{"@type":"ReadAction","target":["https:\/\/oeilsportif.info\/index.php\/page-noire-une-legende-du-football-africain-sest-eteint\/"]}]},{"@type":"ImageObject","inLanguage":"fr-FR","@id":"https:\/\/oeilsportif.info\/index.php\/page-noire-une-legende-du-football-africain-sest-eteint\/#primaryimage","url":"https:\/\/i0.wp.com\/oeilsportif.info\/wp-content\/uploads\/2023\/09\/FB_IMG_1693678422999.jpg?fit=307%2C214&ssl=1","contentUrl":"https:\/\/i0.wp.com\/oeilsportif.info\/wp-content\/uploads\/2023\/09\/FB_IMG_1693678422999.jpg?fit=307%2C214&ssl=1","width":307,"height":214},{"@type":"WebSite","@id":"https:\/\/oeilsportif.info\/#website","url":"https:\/\/oeilsportif.info\/","name":"le regard du sportif","description":"","potentialAction":[{"@type":"SearchAction","target":{"@type":"EntryPoint","urlTemplate":"https:\/\/oeilsportif.info\/?s={search_term_string}"},"query-input":{"@type":"PropertyValueSpecification","valueRequired":true,"valueName":"search_term_string"}}],"inLanguage":"fr-FR"},{"@type":"Person","@id":"https:\/\/oeilsportif.info\/#\/schema\/person\/cfbded294aa6095f7d96608d7905e9a1","name":"L'Equipe de la R\u00e9daction","image":{"@type":"ImageObject","inLanguage":"fr-FR","@id":"https:\/\/oeilsportif.info\/wp-content\/uploads\/2025\/07\/cropped-cropped-logo-os-96x96.jpeg","url":"https:\/\/oeilsportif.info\/wp-content\/uploads\/2025\/07\/cropped-cropped-logo-os-96x96.jpeg","contentUrl":"https:\/\/oeilsportif.info\/wp-content\/uploads\/2025\/07\/cropped-cropped-logo-os-96x96.jpeg","caption":"L'Equipe de la R\u00e9daction"},"url":"https:\/\/oeilsportif.info\/index.php\/author\/tawel\/"}]}},"jetpack_publicize_connections":[],"jetpack_featured_media_url":"https:\/\/i0.wp.com\/oeilsportif.info\/wp-content\/uploads\/2023\/09\/FB_IMG_1693678422999.jpg?fit=307%2C214&ssl=1","jetpack-related-posts":[],"jetpack_sharing_enabled":true,"jetpack_likes_enabled":true,"jetpack_shortlink":"https:\/\/wp.me\/pgFE77-To","_links":{"self":[{"href":"https:\/\/oeilsportif.info\/index.php\/wp-json\/wp\/v2\/posts\/3434","targetHints":{"allow":["GET"]}}],"collection":[{"href":"https:\/\/oeilsportif.info\/index.php\/wp-json\/wp\/v2\/posts"}],"about":[{"href":"https:\/\/oeilsportif.info\/index.php\/wp-json\/wp\/v2\/types\/post"}],"author":[{"embeddable":true,"href":"https:\/\/oeilsportif.info\/index.php\/wp-json\/wp\/v2\/users\/2"}],"replies":[{"embeddable":true,"href":"https:\/\/oeilsportif.info\/index.php\/wp-json\/wp\/v2\/comments?post=3434"}],"version-history":[{"count":0,"href":"https:\/\/oeilsportif.info\/index.php\/wp-json\/wp\/v2\/posts\/3434\/revisions"}],"wp:featuredmedia":[{"embeddable":true,"href":"https:\/\/oeilsportif.info\/index.php\/wp-json\/wp\/v2\/media\/3435"}],"wp:attachment":[{"href":"https:\/\/oeilsportif.info\/index.php\/wp-json\/wp\/v2\/media?parent=3434"}],"wp:term":[{"taxonomy":"category","embeddable":true,"href":"https:\/\/oeilsportif.info\/index.php\/wp-json\/wp\/v2\/categories?post=3434"},{"taxonomy":"post_tag","embeddable":true,"href":"https:\/\/oeilsportif.info\/index.php\/wp-json\/wp\/v2\/tags?post=3434"}],"curies":[{"name":"wp","href":"https:\/\/api.w.org\/{rel}","templated":true}]}}