{"id":3403,"date":"2023-08-29T18:58:22","date_gmt":"2023-08-29T18:58:22","guid":{"rendered":"https:\/\/oeilsportif.info\/index.php\/?p=3403"},"modified":"2023-08-29T18:58:22","modified_gmt":"2023-08-29T18:58:22","slug":"rehabilitation-du-complexe-du-28-septembre-guicopres-btp-deja-a-pied-doeuvre","status":"publish","type":"post","link":"https:\/\/oeilsportif.info\/index.php\/rehabilitation-du-complexe-du-28-septembre-guicopres-btp-deja-a-pied-doeuvre\/","title":{"rendered":"R\u00e9habilitation du Complexe du 28 Septembre : GUICOPRES BTP d\u00e9j\u00e0 \u00e0 pied d\u2019\u0153uvre"},"content":{"rendered":"<p dir=\"ltr\"><strong>Le Minist\u00e8re de la Jeunesse et des Sports a confi\u00e9 \u00e0 la filiale GUICOPRES BTP du GROUPE GUICOPRES la t\u00e2che colossale de r\u00e9habiliter enti\u00e8rement le mythique complexe du 28 septembre.<\/strong><\/p>\n<p dir=\"ltr\">Ce projet d\u2019envergure, s\u2019\u00e9talant sur une p\u00e9riode totale de 18 mois, incarne le professionnalisme in\u00e9branlable ainsi que l\u2019engagement sans faille du GROUPE GUICOPRES.<\/p>\n<p dir=\"ltr\">S\u2019\u00e9chelonnant sur les six premiers mois, la premi\u00e8re phase des travaux se concentrera sur la mise \u00e0 niveau du stade de football du 28 septembre. L\u2019objectif principal est d\u2019obtenir l\u2019homologation de ce site embl\u00e9matique de Conakry par la Conf\u00e9d\u00e9ration Africaine de Football, permettant ainsi d\u2019accueillir des comp\u00e9titions interclubs africaines ainsi que des matchs de qualification pour la CAN et la Coupe du Monde FIFA.<\/p>\n<p dir=\"ltr\">Pour mener \u00e0 bien cet ambitieux chantier, les \u00e9quipes de GUICOPRES BTP r\u00e9aliseront les prestations suivantes :<\/p>\n<p dir=\"ltr\">\u2013\u00a0 Mise \u00e0 niveau de l\u2019\u00e9tat g\u00e9n\u00e9ral du b\u00e2timent, des r\u00e9seaux et des rev\u00eatements ;<br \/>\n\u2013\u00a0 R\u00e9am\u00e9nagement des espaces sous la tribune conform\u00e9ment aux exigences de la CAF ;<br \/>\n\u2013\u00a0 R\u00e9fection et modernisation des vestiaires conform\u00e9ment aux exigences de la CAF ;<br \/>\n\u2013\u00a0 R\u00e9fection totale de la pelouse (y compris le syst\u00e8me de drainage et d\u2019arrosage) ;<br \/>\n\u2013\u00a0 \u00c9largissement de l\u2019aire de jeu pour la porter aux dimensions standards (105m x 68m) ;<br \/>\n\u2013\u00a0 Installation d\u2019un nouveau syst\u00e8me d\u2019\u00e9clairage conforme aux exigences de la FIFA ;<br \/>\n\u2013\u00a0 Am\u00e9nagement d\u2019une tribune de presse conforme aux exigences de la CAF ;<br \/>\n\u2013\u00a0 \u00c9quipement des gradins et tribunes en si\u00e8ges individuels num\u00e9rot\u00e9s ;<br \/>\n\u2013\u00a0 Construction d\u2019espaces sanitaires ;<br \/>\n\u2013\u00a0 Installation de panneaux d\u2019affichage ;<br \/>\n\u2013\u00a0 Installation de panneaux LED ;<br \/>\n\u2013\u00a0 Installation d\u2019un syst\u00e8me de vid\u00e9osurveillance ;<br \/>\n\u2013\u00a0 Mise \u00e0 niveau des acc\u00e8s au stade et des flux de circulation.<br \/>\nLe deuxi\u00e8me volet du projet, qui sera achev\u00e9 d\u2019ici 18 mois, porte quant \u00e0 lui sur la mise \u00e0 niveau et l\u2019enrichissement de l\u2019offre du complexe en termes d\u2019infrastructures sportives autres que le football.<br \/>\nIl inclut notamment :<br \/>\n\u2013\u00a0 La construction d\u2019une salle omnisports d\u2019une contenance de 4000 spectateurs ;<br \/>\n\u2013\u00a0 L\u2019\u00e9dification d\u2019un b\u00e2timent multifonction R+1 destin\u00e9 aux f\u00e9d\u00e9rations sportives ;<br \/>\n\u2013\u00a0 La r\u00e9habilitation de la piscine olympique.<br \/>\n\u00c0 l\u2019issue de ces travaux, Conakry sera dot\u00e9e d\u2019un centre sportif aux normes internationales, offrant un terrain propice \u00e0 l\u2019excellence du football, des sports en salle et au d\u00e9veloppement des jeunes talents guin\u00e9ens. Le GROUPE GUICOPRES, avec une humilit\u00e9 assum\u00e9e, est fier de contribuer ainsi \u00e0 la promotion du sport et \u00e0 l\u2019\u00e9panouissement des talents en Guin\u00e9e.<br \/>\nLa synergie de nos comp\u00e9tences \u00e0 votre service<\/p>\n<p dir=\"ltr\"><a href=\"https:\/\/i0.wp.com\/oeilsportif.info\/wp-content\/uploads\/2023\/08\/FB_IMG_1693335230038.jpg?ssl=1\"><img data-recalc-dims=\"1\" loading=\"lazy\" decoding=\"async\" class=\"alignnone size-full wp-image-3404\" src=\"https:\/\/i0.wp.com\/oeilsportif.info\/wp-content\/uploads\/2023\/08\/FB_IMG_1693335230038.jpg?resize=696%2C464&#038;ssl=1\" alt=\"\" width=\"696\" height=\"464\" srcset=\"https:\/\/i0.wp.com\/oeilsportif.info\/wp-content\/uploads\/2023\/08\/FB_IMG_1693335230038.jpg?w=1079&amp;ssl=1 1079w, https:\/\/i0.wp.com\/oeilsportif.info\/wp-content\/uploads\/2023\/08\/FB_IMG_1693335230038.jpg?resize=300%2C200&amp;ssl=1 300w, https:\/\/i0.wp.com\/oeilsportif.info\/wp-content\/uploads\/2023\/08\/FB_IMG_1693335230038.jpg?resize=1024%2C683&amp;ssl=1 1024w, https:\/\/i0.wp.com\/oeilsportif.info\/wp-content\/uploads\/2023\/08\/FB_IMG_1693335230038.jpg?resize=768%2C512&amp;ssl=1 768w, https:\/\/i0.wp.com\/oeilsportif.info\/wp-content\/uploads\/2023\/08\/FB_IMG_1693335230038.jpg?resize=696%2C464&amp;ssl=1 696w, https:\/\/i0.wp.com\/oeilsportif.info\/wp-content\/uploads\/2023\/08\/FB_IMG_1693335230038.jpg?resize=1068%2C713&amp;ssl=1 1068w, https:\/\/i0.wp.com\/oeilsportif.info\/wp-content\/uploads\/2023\/08\/FB_IMG_1693335230038.jpg?resize=629%2C420&amp;ssl=1 629w\" sizes=\"auto, (max-width: 696px) 100vw, 696px\" \/><\/a> <a href=\"https:\/\/i0.wp.com\/oeilsportif.info\/wp-content\/uploads\/2023\/08\/FB_IMG_1693335226861.jpg?ssl=1\"><img data-recalc-dims=\"1\" loading=\"lazy\" decoding=\"async\" class=\"alignnone size-full wp-image-3405\" src=\"https:\/\/i0.wp.com\/oeilsportif.info\/wp-content\/uploads\/2023\/08\/FB_IMG_1693335226861.jpg?resize=696%2C464&#038;ssl=1\" alt=\"\" width=\"696\" height=\"464\" srcset=\"https:\/\/i0.wp.com\/oeilsportif.info\/wp-content\/uploads\/2023\/08\/FB_IMG_1693335226861.jpg?w=1079&amp;ssl=1 1079w, https:\/\/i0.wp.com\/oeilsportif.info\/wp-content\/uploads\/2023\/08\/FB_IMG_1693335226861.jpg?resize=300%2C200&amp;ssl=1 300w, https:\/\/i0.wp.com\/oeilsportif.info\/wp-content\/uploads\/2023\/08\/FB_IMG_1693335226861.jpg?resize=1024%2C683&amp;ssl=1 1024w, https:\/\/i0.wp.com\/oeilsportif.info\/wp-content\/uploads\/2023\/08\/FB_IMG_1693335226861.jpg?resize=768%2C512&amp;ssl=1 768w, https:\/\/i0.wp.com\/oeilsportif.info\/wp-content\/uploads\/2023\/08\/FB_IMG_1693335226861.jpg?resize=696%2C464&amp;ssl=1 696w, https:\/\/i0.wp.com\/oeilsportif.info\/wp-content\/uploads\/2023\/08\/FB_IMG_1693335226861.jpg?resize=1068%2C713&amp;ssl=1 1068w, https:\/\/i0.wp.com\/oeilsportif.info\/wp-content\/uploads\/2023\/08\/FB_IMG_1693335226861.jpg?resize=629%2C420&amp;ssl=1 629w\" sizes=\"auto, (max-width: 696px) 100vw, 696px\" \/><\/a> <a href=\"https:\/\/i0.wp.com\/oeilsportif.info\/wp-content\/uploads\/2023\/08\/FB_IMG_1693335224848.jpg?ssl=1\"><img data-recalc-dims=\"1\" loading=\"lazy\" decoding=\"async\" class=\"alignnone size-full wp-image-3406\" src=\"https:\/\/i0.wp.com\/oeilsportif.info\/wp-content\/uploads\/2023\/08\/FB_IMG_1693335224848.jpg?resize=696%2C464&#038;ssl=1\" alt=\"\" width=\"696\" height=\"464\" srcset=\"https:\/\/i0.wp.com\/oeilsportif.info\/wp-content\/uploads\/2023\/08\/FB_IMG_1693335224848.jpg?w=1079&amp;ssl=1 1079w, https:\/\/i0.wp.com\/oeilsportif.info\/wp-content\/uploads\/2023\/08\/FB_IMG_1693335224848.jpg?resize=300%2C200&amp;ssl=1 300w, https:\/\/i0.wp.com\/oeilsportif.info\/wp-content\/uploads\/2023\/08\/FB_IMG_1693335224848.jpg?resize=1024%2C683&amp;ssl=1 1024w, https:\/\/i0.wp.com\/oeilsportif.info\/wp-content\/uploads\/2023\/08\/FB_IMG_1693335224848.jpg?resize=768%2C512&amp;ssl=1 768w, https:\/\/i0.wp.com\/oeilsportif.info\/wp-content\/uploads\/2023\/08\/FB_IMG_1693335224848.jpg?resize=696%2C464&amp;ssl=1 696w, https:\/\/i0.wp.com\/oeilsportif.info\/wp-content\/uploads\/2023\/08\/FB_IMG_1693335224848.jpg?resize=1068%2C713&amp;ssl=1 1068w, https:\/\/i0.wp.com\/oeilsportif.info\/wp-content\/uploads\/2023\/08\/FB_IMG_1693335224848.jpg?resize=629%2C420&amp;ssl=1 629w\" sizes=\"auto, (max-width: 696px) 100vw, 696px\" \/><\/a> <a href=\"https:\/\/i0.wp.com\/oeilsportif.info\/wp-content\/uploads\/2023\/08\/FB_IMG_1693335222794.jpg?ssl=1\"><img data-recalc-dims=\"1\" loading=\"lazy\" decoding=\"async\" class=\"alignnone size-full wp-image-3407\" src=\"https:\/\/i0.wp.com\/oeilsportif.info\/wp-content\/uploads\/2023\/08\/FB_IMG_1693335222794.jpg?resize=696%2C1043&#038;ssl=1\" alt=\"\" width=\"696\" height=\"1043\" srcset=\"https:\/\/i0.wp.com\/oeilsportif.info\/wp-content\/uploads\/2023\/08\/FB_IMG_1693335222794.jpg?w=854&amp;ssl=1 854w, https:\/\/i0.wp.com\/oeilsportif.info\/wp-content\/uploads\/2023\/08\/FB_IMG_1693335222794.jpg?resize=200%2C300&amp;ssl=1 200w, https:\/\/i0.wp.com\/oeilsportif.info\/wp-content\/uploads\/2023\/08\/FB_IMG_1693335222794.jpg?resize=683%2C1024&amp;ssl=1 683w, https:\/\/i0.wp.com\/oeilsportif.info\/wp-content\/uploads\/2023\/08\/FB_IMG_1693335222794.jpg?resize=768%2C1151&amp;ssl=1 768w, https:\/\/i0.wp.com\/oeilsportif.info\/wp-content\/uploads\/2023\/08\/FB_IMG_1693335222794.jpg?resize=696%2C1043&amp;ssl=1 696w, https:\/\/i0.wp.com\/oeilsportif.info\/wp-content\/uploads\/2023\/08\/FB_IMG_1693335222794.jpg?resize=280%2C420&amp;ssl=1 280w\" sizes=\"auto, (max-width: 696px) 100vw, 696px\" \/><\/a> <a href=\"https:\/\/i0.wp.com\/oeilsportif.info\/wp-content\/uploads\/2023\/08\/FB_IMG_1693335220581.jpg?ssl=1\"><img data-recalc-dims=\"1\" loading=\"lazy\" decoding=\"async\" class=\"alignnone size-full wp-image-3408\" src=\"https:\/\/i0.wp.com\/oeilsportif.info\/wp-content\/uploads\/2023\/08\/FB_IMG_1693335220581.jpg?resize=696%2C522&#038;ssl=1\" alt=\"\" width=\"696\" height=\"522\" srcset=\"https:\/\/i0.wp.com\/oeilsportif.info\/wp-content\/uploads\/2023\/08\/FB_IMG_1693335220581.jpg?w=1080&amp;ssl=1 1080w, https:\/\/i0.wp.com\/oeilsportif.info\/wp-content\/uploads\/2023\/08\/FB_IMG_1693335220581.jpg?resize=300%2C225&amp;ssl=1 300w, https:\/\/i0.wp.com\/oeilsportif.info\/wp-content\/uploads\/2023\/08\/FB_IMG_1693335220581.jpg?resize=1024%2C768&amp;ssl=1 1024w, https:\/\/i0.wp.com\/oeilsportif.info\/wp-content\/uploads\/2023\/08\/FB_IMG_1693335220581.jpg?resize=768%2C576&amp;ssl=1 768w, https:\/\/i0.wp.com\/oeilsportif.info\/wp-content\/uploads\/2023\/08\/FB_IMG_1693335220581.jpg?resize=80%2C60&amp;ssl=1 80w, https:\/\/i0.wp.com\/oeilsportif.info\/wp-content\/uploads\/2023\/08\/FB_IMG_1693335220581.jpg?resize=265%2C198&amp;ssl=1 265w, https:\/\/i0.wp.com\/oeilsportif.info\/wp-content\/uploads\/2023\/08\/FB_IMG_1693335220581.jpg?resize=696%2C522&amp;ssl=1 696w, https:\/\/i0.wp.com\/oeilsportif.info\/wp-content\/uploads\/2023\/08\/FB_IMG_1693335220581.jpg?resize=1068%2C801&amp;ssl=1 1068w, https:\/\/i0.wp.com\/oeilsportif.info\/wp-content\/uploads\/2023\/08\/FB_IMG_1693335220581.jpg?resize=560%2C420&amp;ssl=1 560w\" sizes=\"auto, (max-width: 696px) 100vw, 696px\" \/><\/a> <a href=\"https:\/\/i0.wp.com\/oeilsportif.info\/wp-content\/uploads\/2023\/08\/FB_IMG_1693335218204.jpg?ssl=1\"><img data-recalc-dims=\"1\" loading=\"lazy\" decoding=\"async\" class=\"alignnone size-full wp-image-3409\" src=\"https:\/\/i0.wp.com\/oeilsportif.info\/wp-content\/uploads\/2023\/08\/FB_IMG_1693335218204.jpg?resize=696%2C464&#038;ssl=1\" alt=\"\" width=\"696\" height=\"464\" srcset=\"https:\/\/i0.wp.com\/oeilsportif.info\/wp-content\/uploads\/2023\/08\/FB_IMG_1693335218204.jpg?w=1079&amp;ssl=1 1079w, https:\/\/i0.wp.com\/oeilsportif.info\/wp-content\/uploads\/2023\/08\/FB_IMG_1693335218204.jpg?resize=300%2C200&amp;ssl=1 300w, https:\/\/i0.wp.com\/oeilsportif.info\/wp-content\/uploads\/2023\/08\/FB_IMG_1693335218204.jpg?resize=1024%2C683&amp;ssl=1 1024w, https:\/\/i0.wp.com\/oeilsportif.info\/wp-content\/uploads\/2023\/08\/FB_IMG_1693335218204.jpg?resize=768%2C512&amp;ssl=1 768w, https:\/\/i0.wp.com\/oeilsportif.info\/wp-content\/uploads\/2023\/08\/FB_IMG_1693335218204.jpg?resize=696%2C464&amp;ssl=1 696w, https:\/\/i0.wp.com\/oeilsportif.info\/wp-content\/uploads\/2023\/08\/FB_IMG_1693335218204.jpg?resize=1068%2C713&amp;ssl=1 1068w, https:\/\/i0.wp.com\/oeilsportif.info\/wp-content\/uploads\/2023\/08\/FB_IMG_1693335218204.jpg?resize=629%2C420&amp;ssl=1 629w\" sizes=\"auto, (max-width: 696px) 100vw, 696px\" \/><\/a><\/p>\n<p dir=\"ltr\"><strong>Source : Groupe Guicopres S.A<\/strong><\/p>\n","protected":false},"excerpt":{"rendered":"<p>Le Minist\u00e8re de la Jeunesse et des Sports a confi\u00e9 \u00e0 la filiale GUICOPRES BTP du GROUPE GUICOPRES la t\u00e2che colossale de r\u00e9habiliter enti\u00e8rement le mythique complexe du 28 septembre. Ce projet d\u2019envergure, s\u2019\u00e9talant sur une p\u00e9riode totale de 18 mois, incarne le professionnalisme in\u00e9branlable ainsi que l\u2019engagement sans faille du GROUPE GUICOPRES. S\u2019\u00e9chelonnant sur [&hellip;]<\/p>\n","protected":false},"author":2,"featured_media":3408,"comment_status":"closed","ping_status":"open","sticky":false,"template":"","format":"standard","meta":{"_jetpack_memberships_contains_paid_content":false,"footnotes":"","jetpack_publicize_message":"","jetpack_publicize_feature_enabled":true,"jetpack_social_post_already_shared":true,"jetpack_social_options":{"image_generator_settings":{"template":"highway","default_image_id":0,"font":"","enabled":false},"version":2}},"categories":[10,5],"tags":[],"class_list":{"0":"post-3403","1":"post","2":"type-post","3":"status-publish","4":"format-standard","5":"has-post-thumbnail","7":"category-actualite","8":"category-football"},"yoast_head":"<!-- This site is optimized with the Yoast SEO plugin v27.5 - https:\/\/yoast.com\/product\/yoast-seo-wordpress\/ -->\n<title>R\u00e9habilitation du Complexe du 28 Septembre : GUICOPRES BTP d\u00e9j\u00e0 \u00e0 pied d\u2019\u0153uvre - le regard du sportif<\/title>\n<meta name=\"robots\" content=\"index, follow, max-snippet:-1, max-image-preview:large, max-video-preview:-1\" \/>\n<link rel=\"canonical\" href=\"https:\/\/oeilsportif.info\/index.php\/rehabilitation-du-complexe-du-28-septembre-guicopres-btp-deja-a-pied-doeuvre\/\" \/>\n<meta property=\"og:locale\" content=\"fr_FR\" \/>\n<meta property=\"og:type\" content=\"article\" \/>\n<meta property=\"og:title\" content=\"R\u00e9habilitation du Complexe du 28 Septembre : GUICOPRES BTP d\u00e9j\u00e0 \u00e0 pied d\u2019\u0153uvre - le regard du sportif\" \/>\n<meta property=\"og:description\" content=\"Le Minist\u00e8re de la Jeunesse et des Sports a confi\u00e9 \u00e0 la filiale GUICOPRES BTP du GROUPE GUICOPRES la t\u00e2che colossale de r\u00e9habiliter enti\u00e8rement le mythique complexe du 28 septembre. Ce projet d\u2019envergure, s\u2019\u00e9talant sur une p\u00e9riode totale de 18 mois, incarne le professionnalisme in\u00e9branlable ainsi que l\u2019engagement sans faille du GROUPE GUICOPRES. S\u2019\u00e9chelonnant sur [&hellip;]\" \/>\n<meta property=\"og:url\" content=\"https:\/\/oeilsportif.info\/index.php\/rehabilitation-du-complexe-du-28-septembre-guicopres-btp-deja-a-pied-doeuvre\/\" \/>\n<meta property=\"og:site_name\" content=\"le regard du sportif\" \/>\n<meta property=\"article:published_time\" content=\"2023-08-29T18:58:22+00:00\" \/>\n<meta property=\"og:image\" content=\"https:\/\/oeilsportif.info\/wp-content\/uploads\/2023\/08\/FB_IMG_1693335220581.jpg\" \/>\n\t<meta property=\"og:image:width\" content=\"1080\" \/>\n\t<meta property=\"og:image:height\" content=\"810\" \/>\n\t<meta property=\"og:image:type\" content=\"image\/jpeg\" \/>\n<meta name=\"author\" content=\"L&#039;Equipe de la R\u00e9daction\" \/>\n<meta name=\"twitter:label1\" content=\"\u00c9crit par\" \/>\n\t<meta name=\"twitter:data1\" content=\"L&#039;Equipe de la R\u00e9daction\" \/>\n\t<meta name=\"twitter:label2\" content=\"Dur\u00e9e de lecture estim\u00e9e\" \/>\n\t<meta name=\"twitter:data2\" content=\"4 minutes\" \/>\n<script type=\"application\/ld+json\" class=\"yoast-schema-graph\">{\"@context\":\"https:\\\/\\\/schema.org\",\"@graph\":[{\"@type\":\"Article\",\"@id\":\"https:\\\/\\\/oeilsportif.info\\\/index.php\\\/rehabilitation-du-complexe-du-28-septembre-guicopres-btp-deja-a-pied-doeuvre\\\/#article\",\"isPartOf\":{\"@id\":\"https:\\\/\\\/oeilsportif.info\\\/index.php\\\/rehabilitation-du-complexe-du-28-septembre-guicopres-btp-deja-a-pied-doeuvre\\\/\"},\"author\":{\"name\":\"L'Equipe de la R\u00e9daction\",\"@id\":\"https:\\\/\\\/oeilsportif.info\\\/#\\\/schema\\\/person\\\/cfbded294aa6095f7d96608d7905e9a1\"},\"headline\":\"R\u00e9habilitation du Complexe du 28 Septembre : GUICOPRES BTP d\u00e9j\u00e0 \u00e0 pied d\u2019\u0153uvre\",\"datePublished\":\"2023-08-29T18:58:22+00:00\",\"mainEntityOfPage\":{\"@id\":\"https:\\\/\\\/oeilsportif.info\\\/index.php\\\/rehabilitation-du-complexe-du-28-septembre-guicopres-btp-deja-a-pied-doeuvre\\\/\"},\"wordCount\":455,\"image\":{\"@id\":\"https:\\\/\\\/oeilsportif.info\\\/index.php\\\/rehabilitation-du-complexe-du-28-septembre-guicopres-btp-deja-a-pied-doeuvre\\\/#primaryimage\"},\"thumbnailUrl\":\"https:\\\/\\\/i0.wp.com\\\/oeilsportif.info\\\/wp-content\\\/uploads\\\/2023\\\/08\\\/FB_IMG_1693335220581.jpg?fit=1080%2C810&ssl=1\",\"articleSection\":[\"Actualit\u00e9\",\"Football\"],\"inLanguage\":\"fr-FR\"},{\"@type\":\"WebPage\",\"@id\":\"https:\\\/\\\/oeilsportif.info\\\/index.php\\\/rehabilitation-du-complexe-du-28-septembre-guicopres-btp-deja-a-pied-doeuvre\\\/\",\"url\":\"https:\\\/\\\/oeilsportif.info\\\/index.php\\\/rehabilitation-du-complexe-du-28-septembre-guicopres-btp-deja-a-pied-doeuvre\\\/\",\"name\":\"R\u00e9habilitation du Complexe du 28 Septembre : GUICOPRES BTP d\u00e9j\u00e0 \u00e0 pied d\u2019\u0153uvre - le regard du sportif\",\"isPartOf\":{\"@id\":\"https:\\\/\\\/oeilsportif.info\\\/#website\"},\"primaryImageOfPage\":{\"@id\":\"https:\\\/\\\/oeilsportif.info\\\/index.php\\\/rehabilitation-du-complexe-du-28-septembre-guicopres-btp-deja-a-pied-doeuvre\\\/#primaryimage\"},\"image\":{\"@id\":\"https:\\\/\\\/oeilsportif.info\\\/index.php\\\/rehabilitation-du-complexe-du-28-septembre-guicopres-btp-deja-a-pied-doeuvre\\\/#primaryimage\"},\"thumbnailUrl\":\"https:\\\/\\\/i0.wp.com\\\/oeilsportif.info\\\/wp-content\\\/uploads\\\/2023\\\/08\\\/FB_IMG_1693335220581.jpg?fit=1080%2C810&ssl=1\",\"datePublished\":\"2023-08-29T18:58:22+00:00\",\"author\":{\"@id\":\"https:\\\/\\\/oeilsportif.info\\\/#\\\/schema\\\/person\\\/cfbded294aa6095f7d96608d7905e9a1\"},\"inLanguage\":\"fr-FR\",\"potentialAction\":[{\"@type\":\"ReadAction\",\"target\":[\"https:\\\/\\\/oeilsportif.info\\\/index.php\\\/rehabilitation-du-complexe-du-28-septembre-guicopres-btp-deja-a-pied-doeuvre\\\/\"]}]},{\"@type\":\"ImageObject\",\"inLanguage\":\"fr-FR\",\"@id\":\"https:\\\/\\\/oeilsportif.info\\\/index.php\\\/rehabilitation-du-complexe-du-28-septembre-guicopres-btp-deja-a-pied-doeuvre\\\/#primaryimage\",\"url\":\"https:\\\/\\\/i0.wp.com\\\/oeilsportif.info\\\/wp-content\\\/uploads\\\/2023\\\/08\\\/FB_IMG_1693335220581.jpg?fit=1080%2C810&ssl=1\",\"contentUrl\":\"https:\\\/\\\/i0.wp.com\\\/oeilsportif.info\\\/wp-content\\\/uploads\\\/2023\\\/08\\\/FB_IMG_1693335220581.jpg?fit=1080%2C810&ssl=1\",\"width\":1080,\"height\":810},{\"@type\":\"WebSite\",\"@id\":\"https:\\\/\\\/oeilsportif.info\\\/#website\",\"url\":\"https:\\\/\\\/oeilsportif.info\\\/\",\"name\":\"le regard du sportif\",\"description\":\"\",\"potentialAction\":[{\"@type\":\"SearchAction\",\"target\":{\"@type\":\"EntryPoint\",\"urlTemplate\":\"https:\\\/\\\/oeilsportif.info\\\/?s={search_term_string}\"},\"query-input\":{\"@type\":\"PropertyValueSpecification\",\"valueRequired\":true,\"valueName\":\"search_term_string\"}}],\"inLanguage\":\"fr-FR\"},{\"@type\":\"Person\",\"@id\":\"https:\\\/\\\/oeilsportif.info\\\/#\\\/schema\\\/person\\\/cfbded294aa6095f7d96608d7905e9a1\",\"name\":\"L'Equipe de la R\u00e9daction\",\"image\":{\"@type\":\"ImageObject\",\"inLanguage\":\"fr-FR\",\"@id\":\"https:\\\/\\\/oeilsportif.info\\\/wp-content\\\/uploads\\\/2025\\\/07\\\/cropped-cropped-logo-os-96x96.jpeg\",\"url\":\"https:\\\/\\\/oeilsportif.info\\\/wp-content\\\/uploads\\\/2025\\\/07\\\/cropped-cropped-logo-os-96x96.jpeg\",\"contentUrl\":\"https:\\\/\\\/oeilsportif.info\\\/wp-content\\\/uploads\\\/2025\\\/07\\\/cropped-cropped-logo-os-96x96.jpeg\",\"caption\":\"L'Equipe de la R\u00e9daction\"},\"url\":\"https:\\\/\\\/oeilsportif.info\\\/index.php\\\/author\\\/tawel\\\/\"}]}<\/script>\n<!-- \/ Yoast SEO plugin. -->","yoast_head_json":{"title":"R\u00e9habilitation du Complexe du 28 Septembre : GUICOPRES BTP d\u00e9j\u00e0 \u00e0 pied d\u2019\u0153uvre - le regard du sportif","robots":{"index":"index","follow":"follow","max-snippet":"max-snippet:-1","max-image-preview":"max-image-preview:large","max-video-preview":"max-video-preview:-1"},"canonical":"https:\/\/oeilsportif.info\/index.php\/rehabilitation-du-complexe-du-28-septembre-guicopres-btp-deja-a-pied-doeuvre\/","og_locale":"fr_FR","og_type":"article","og_title":"R\u00e9habilitation du Complexe du 28 Septembre : GUICOPRES BTP d\u00e9j\u00e0 \u00e0 pied d\u2019\u0153uvre - le regard du sportif","og_description":"Le Minist\u00e8re de la Jeunesse et des Sports a confi\u00e9 \u00e0 la filiale GUICOPRES BTP du GROUPE GUICOPRES la t\u00e2che colossale de r\u00e9habiliter enti\u00e8rement le mythique complexe du 28 septembre. Ce projet d\u2019envergure, s\u2019\u00e9talant sur une p\u00e9riode totale de 18 mois, incarne le professionnalisme in\u00e9branlable ainsi que l\u2019engagement sans faille du GROUPE GUICOPRES. S\u2019\u00e9chelonnant sur [&hellip;]","og_url":"https:\/\/oeilsportif.info\/index.php\/rehabilitation-du-complexe-du-28-septembre-guicopres-btp-deja-a-pied-doeuvre\/","og_site_name":"le regard du sportif","article_published_time":"2023-08-29T18:58:22+00:00","og_image":[{"width":1080,"height":810,"url":"https:\/\/oeilsportif.info\/wp-content\/uploads\/2023\/08\/FB_IMG_1693335220581.jpg","type":"image\/jpeg"}],"author":"L'Equipe de la R\u00e9daction","twitter_misc":{"\u00c9crit par":"L'Equipe de la R\u00e9daction","Dur\u00e9e de lecture estim\u00e9e":"4 minutes"},"schema":{"@context":"https:\/\/schema.org","@graph":[{"@type":"Article","@id":"https:\/\/oeilsportif.info\/index.php\/rehabilitation-du-complexe-du-28-septembre-guicopres-btp-deja-a-pied-doeuvre\/#article","isPartOf":{"@id":"https:\/\/oeilsportif.info\/index.php\/rehabilitation-du-complexe-du-28-septembre-guicopres-btp-deja-a-pied-doeuvre\/"},"author":{"name":"L'Equipe de la R\u00e9daction","@id":"https:\/\/oeilsportif.info\/#\/schema\/person\/cfbded294aa6095f7d96608d7905e9a1"},"headline":"R\u00e9habilitation du Complexe du 28 Septembre : GUICOPRES BTP d\u00e9j\u00e0 \u00e0 pied d\u2019\u0153uvre","datePublished":"2023-08-29T18:58:22+00:00","mainEntityOfPage":{"@id":"https:\/\/oeilsportif.info\/index.php\/rehabilitation-du-complexe-du-28-septembre-guicopres-btp-deja-a-pied-doeuvre\/"},"wordCount":455,"image":{"@id":"https:\/\/oeilsportif.info\/index.php\/rehabilitation-du-complexe-du-28-septembre-guicopres-btp-deja-a-pied-doeuvre\/#primaryimage"},"thumbnailUrl":"https:\/\/i0.wp.com\/oeilsportif.info\/wp-content\/uploads\/2023\/08\/FB_IMG_1693335220581.jpg?fit=1080%2C810&ssl=1","articleSection":["Actualit\u00e9","Football"],"inLanguage":"fr-FR"},{"@type":"WebPage","@id":"https:\/\/oeilsportif.info\/index.php\/rehabilitation-du-complexe-du-28-septembre-guicopres-btp-deja-a-pied-doeuvre\/","url":"https:\/\/oeilsportif.info\/index.php\/rehabilitation-du-complexe-du-28-septembre-guicopres-btp-deja-a-pied-doeuvre\/","name":"R\u00e9habilitation du Complexe du 28 Septembre : GUICOPRES BTP d\u00e9j\u00e0 \u00e0 pied d\u2019\u0153uvre - le regard du sportif","isPartOf":{"@id":"https:\/\/oeilsportif.info\/#website"},"primaryImageOfPage":{"@id":"https:\/\/oeilsportif.info\/index.php\/rehabilitation-du-complexe-du-28-septembre-guicopres-btp-deja-a-pied-doeuvre\/#primaryimage"},"image":{"@id":"https:\/\/oeilsportif.info\/index.php\/rehabilitation-du-complexe-du-28-septembre-guicopres-btp-deja-a-pied-doeuvre\/#primaryimage"},"thumbnailUrl":"https:\/\/i0.wp.com\/oeilsportif.info\/wp-content\/uploads\/2023\/08\/FB_IMG_1693335220581.jpg?fit=1080%2C810&ssl=1","datePublished":"2023-08-29T18:58:22+00:00","author":{"@id":"https:\/\/oeilsportif.info\/#\/schema\/person\/cfbded294aa6095f7d96608d7905e9a1"},"inLanguage":"fr-FR","potentialAction":[{"@type":"ReadAction","target":["https:\/\/oeilsportif.info\/index.php\/rehabilitation-du-complexe-du-28-septembre-guicopres-btp-deja-a-pied-doeuvre\/"]}]},{"@type":"ImageObject","inLanguage":"fr-FR","@id":"https:\/\/oeilsportif.info\/index.php\/rehabilitation-du-complexe-du-28-septembre-guicopres-btp-deja-a-pied-doeuvre\/#primaryimage","url":"https:\/\/i0.wp.com\/oeilsportif.info\/wp-content\/uploads\/2023\/08\/FB_IMG_1693335220581.jpg?fit=1080%2C810&ssl=1","contentUrl":"https:\/\/i0.wp.com\/oeilsportif.info\/wp-content\/uploads\/2023\/08\/FB_IMG_1693335220581.jpg?fit=1080%2C810&ssl=1","width":1080,"height":810},{"@type":"WebSite","@id":"https:\/\/oeilsportif.info\/#website","url":"https:\/\/oeilsportif.info\/","name":"le regard du sportif","description":"","potentialAction":[{"@type":"SearchAction","target":{"@type":"EntryPoint","urlTemplate":"https:\/\/oeilsportif.info\/?s={search_term_string}"},"query-input":{"@type":"PropertyValueSpecification","valueRequired":true,"valueName":"search_term_string"}}],"inLanguage":"fr-FR"},{"@type":"Person","@id":"https:\/\/oeilsportif.info\/#\/schema\/person\/cfbded294aa6095f7d96608d7905e9a1","name":"L'Equipe de la R\u00e9daction","image":{"@type":"ImageObject","inLanguage":"fr-FR","@id":"https:\/\/oeilsportif.info\/wp-content\/uploads\/2025\/07\/cropped-cropped-logo-os-96x96.jpeg","url":"https:\/\/oeilsportif.info\/wp-content\/uploads\/2025\/07\/cropped-cropped-logo-os-96x96.jpeg","contentUrl":"https:\/\/oeilsportif.info\/wp-content\/uploads\/2025\/07\/cropped-cropped-logo-os-96x96.jpeg","caption":"L'Equipe de la R\u00e9daction"},"url":"https:\/\/oeilsportif.info\/index.php\/author\/tawel\/"}]}},"jetpack_publicize_connections":[],"jetpack_featured_media_url":"https:\/\/i0.wp.com\/oeilsportif.info\/wp-content\/uploads\/2023\/08\/FB_IMG_1693335220581.jpg?fit=1080%2C810&ssl=1","jetpack-related-posts":[],"jetpack_sharing_enabled":true,"jetpack_likes_enabled":true,"jetpack_shortlink":"https:\/\/wp.me\/pgFE77-ST","_links":{"self":[{"href":"https:\/\/oeilsportif.info\/index.php\/wp-json\/wp\/v2\/posts\/3403","targetHints":{"allow":["GET"]}}],"collection":[{"href":"https:\/\/oeilsportif.info\/index.php\/wp-json\/wp\/v2\/posts"}],"about":[{"href":"https:\/\/oeilsportif.info\/index.php\/wp-json\/wp\/v2\/types\/post"}],"author":[{"embeddable":true,"href":"https:\/\/oeilsportif.info\/index.php\/wp-json\/wp\/v2\/users\/2"}],"replies":[{"embeddable":true,"href":"https:\/\/oeilsportif.info\/index.php\/wp-json\/wp\/v2\/comments?post=3403"}],"version-history":[{"count":0,"href":"https:\/\/oeilsportif.info\/index.php\/wp-json\/wp\/v2\/posts\/3403\/revisions"}],"wp:featuredmedia":[{"embeddable":true,"href":"https:\/\/oeilsportif.info\/index.php\/wp-json\/wp\/v2\/media\/3408"}],"wp:attachment":[{"href":"https:\/\/oeilsportif.info\/index.php\/wp-json\/wp\/v2\/media?parent=3403"}],"wp:term":[{"taxonomy":"category","embeddable":true,"href":"https:\/\/oeilsportif.info\/index.php\/wp-json\/wp\/v2\/categories?post=3403"},{"taxonomy":"post_tag","embeddable":true,"href":"https:\/\/oeilsportif.info\/index.php\/wp-json\/wp\/v2\/tags?post=3403"}],"curies":[{"name":"wp","href":"https:\/\/api.w.org\/{rel}","templated":true}]}}