{"id":3400,"date":"2023-08-29T13:43:47","date_gmt":"2023-08-29T13:43:47","guid":{"rendered":"https:\/\/oeilsportif.info\/index.php\/?p=3400"},"modified":"2023-08-29T13:43:47","modified_gmt":"2023-08-29T13:43:47","slug":"anciensjoueurs-le-big-obtient-la-la-licence-c-caf","status":"publish","type":"post","link":"https:\/\/oeilsportif.info\/index.php\/anciensjoueurs-le-big-obtient-la-la-licence-c-caf\/","title":{"rendered":"AnciensJoueurs: Le \u00ab\u00a0BIG\u00a0\u00bb obtient la la licence C CAF !"},"content":{"rendered":"<p>L\u2019ex attaquant des \u00c9talons Aristide Banc\u00e9 a annonc\u00e9 sur sa page Facebook avoir obtenu sa sa licence C CAF d&rsquo;entra\u00eeneur.<\/p>\n<p><strong>\u00ab J&rsquo;ai le plaisir de vous informer qu&rsquo;apr\u00e8s des sessions de formation, j&rsquo;ai obtenu ma licence C CAF d&rsquo;entra\u00eeneur, aupr\u00e8s de la F\u00e9d\u00e9ration Ivoirienne de Football. Mes sinc\u00e8res remerciements \u00e0 la FIF, qui me donne, \u00e0 travers ce dipl\u00f4me, de faire mon entr\u00e9e juv\u00e9nile dans le cercle des coachs sportifs. Je me promets de happer d&rsquo;autres niveaux optimaux, pour donner au football, tout l&rsquo;amour que j&rsquo;ai re\u00e7u de lui. \u00bb a<\/strong> t\u2019il \u00e9crit sur sa page Facebook.<\/p>\n<p>MoussavouBilla<\/p>\n","protected":false},"excerpt":{"rendered":"<p>L\u2019ex attaquant des \u00c9talons Aristide Banc\u00e9 a annonc\u00e9 sur sa page Facebook avoir obtenu sa sa licence C CAF d&rsquo;entra\u00eeneur. \u00ab J&rsquo;ai le plaisir de vous informer qu&rsquo;apr\u00e8s des sessions de formation, j&rsquo;ai obtenu ma licence C CAF d&rsquo;entra\u00eeneur, aupr\u00e8s de la F\u00e9d\u00e9ration Ivoirienne de Football. Mes sinc\u00e8res remerciements \u00e0 la FIF, qui me donne, [&hellip;]<\/p>\n","protected":false},"author":2,"featured_media":3401,"comment_status":"closed","ping_status":"open","sticky":false,"template":"","format":"standard","meta":{"_jetpack_memberships_contains_paid_content":false,"footnotes":"","jetpack_publicize_message":"","jetpack_publicize_feature_enabled":true,"jetpack_social_post_already_shared":true,"jetpack_social_options":{"image_generator_settings":{"template":"highway","default_image_id":0,"font":"","enabled":false},"version":2}},"categories":[10,5],"tags":[],"class_list":{"0":"post-3400","1":"post","2":"type-post","3":"status-publish","4":"format-standard","5":"has-post-thumbnail","7":"category-actualite","8":"category-football"},"yoast_head":"<!-- This site is optimized with the Yoast SEO plugin v27.5 - https:\/\/yoast.com\/product\/yoast-seo-wordpress\/ -->\n<title>AnciensJoueurs: Le &quot;BIG&quot; obtient la la licence C CAF ! - le regard du sportif<\/title>\n<meta name=\"robots\" content=\"index, follow, max-snippet:-1, max-image-preview:large, max-video-preview:-1\" \/>\n<link rel=\"canonical\" href=\"https:\/\/oeilsportif.info\/index.php\/anciensjoueurs-le-big-obtient-la-la-licence-c-caf\/\" \/>\n<meta property=\"og:locale\" content=\"fr_FR\" \/>\n<meta property=\"og:type\" content=\"article\" \/>\n<meta property=\"og:title\" content=\"AnciensJoueurs: Le &quot;BIG&quot; obtient la la licence C CAF ! - le regard du sportif\" \/>\n<meta property=\"og:description\" content=\"L\u2019ex attaquant des \u00c9talons Aristide Banc\u00e9 a annonc\u00e9 sur sa page Facebook avoir obtenu sa sa licence C CAF d&rsquo;entra\u00eeneur. \u00ab J&rsquo;ai le plaisir de vous informer qu&rsquo;apr\u00e8s des sessions de formation, j&rsquo;ai obtenu ma licence C CAF d&rsquo;entra\u00eeneur, aupr\u00e8s de la F\u00e9d\u00e9ration Ivoirienne de Football. Mes sinc\u00e8res remerciements \u00e0 la FIF, qui me donne, [&hellip;]\" \/>\n<meta property=\"og:url\" content=\"https:\/\/oeilsportif.info\/index.php\/anciensjoueurs-le-big-obtient-la-la-licence-c-caf\/\" \/>\n<meta property=\"og:site_name\" content=\"le regard du sportif\" \/>\n<meta property=\"article:published_time\" content=\"2023-08-29T13:43:47+00:00\" \/>\n<meta property=\"og:image\" content=\"https:\/\/oeilsportif.info\/wp-content\/uploads\/2023\/08\/FB_IMG_1693316544949.jpg\" \/>\n\t<meta property=\"og:image:width\" content=\"887\" \/>\n\t<meta property=\"og:image:height\" content=\"960\" \/>\n\t<meta property=\"og:image:type\" content=\"image\/jpeg\" \/>\n<meta name=\"author\" content=\"L&#039;Equipe de la R\u00e9daction\" \/>\n<meta name=\"twitter:label1\" content=\"\u00c9crit par\" \/>\n\t<meta name=\"twitter:data1\" content=\"L&#039;Equipe de la R\u00e9daction\" \/>\n\t<meta name=\"twitter:label2\" content=\"Dur\u00e9e de lecture estim\u00e9e\" \/>\n\t<meta name=\"twitter:data2\" content=\"1 minute\" \/>\n<script type=\"application\/ld+json\" class=\"yoast-schema-graph\">{\"@context\":\"https:\\\/\\\/schema.org\",\"@graph\":[{\"@type\":\"Article\",\"@id\":\"https:\\\/\\\/oeilsportif.info\\\/index.php\\\/anciensjoueurs-le-big-obtient-la-la-licence-c-caf\\\/#article\",\"isPartOf\":{\"@id\":\"https:\\\/\\\/oeilsportif.info\\\/index.php\\\/anciensjoueurs-le-big-obtient-la-la-licence-c-caf\\\/\"},\"author\":{\"name\":\"L'Equipe de la R\u00e9daction\",\"@id\":\"https:\\\/\\\/oeilsportif.info\\\/#\\\/schema\\\/person\\\/cfbded294aa6095f7d96608d7905e9a1\"},\"headline\":\"AnciensJoueurs: Le \u00ab\u00a0BIG\u00a0\u00bb obtient la la licence C CAF !\",\"datePublished\":\"2023-08-29T13:43:47+00:00\",\"mainEntityOfPage\":{\"@id\":\"https:\\\/\\\/oeilsportif.info\\\/index.php\\\/anciensjoueurs-le-big-obtient-la-la-licence-c-caf\\\/\"},\"wordCount\":124,\"image\":{\"@id\":\"https:\\\/\\\/oeilsportif.info\\\/index.php\\\/anciensjoueurs-le-big-obtient-la-la-licence-c-caf\\\/#primaryimage\"},\"thumbnailUrl\":\"https:\\\/\\\/i0.wp.com\\\/oeilsportif.info\\\/wp-content\\\/uploads\\\/2023\\\/08\\\/FB_IMG_1693316544949.jpg?fit=887%2C960&ssl=1\",\"articleSection\":[\"Actualit\u00e9\",\"Football\"],\"inLanguage\":\"fr-FR\"},{\"@type\":\"WebPage\",\"@id\":\"https:\\\/\\\/oeilsportif.info\\\/index.php\\\/anciensjoueurs-le-big-obtient-la-la-licence-c-caf\\\/\",\"url\":\"https:\\\/\\\/oeilsportif.info\\\/index.php\\\/anciensjoueurs-le-big-obtient-la-la-licence-c-caf\\\/\",\"name\":\"AnciensJoueurs: Le \\\"BIG\\\" obtient la la licence C CAF ! - le regard du sportif\",\"isPartOf\":{\"@id\":\"https:\\\/\\\/oeilsportif.info\\\/#website\"},\"primaryImageOfPage\":{\"@id\":\"https:\\\/\\\/oeilsportif.info\\\/index.php\\\/anciensjoueurs-le-big-obtient-la-la-licence-c-caf\\\/#primaryimage\"},\"image\":{\"@id\":\"https:\\\/\\\/oeilsportif.info\\\/index.php\\\/anciensjoueurs-le-big-obtient-la-la-licence-c-caf\\\/#primaryimage\"},\"thumbnailUrl\":\"https:\\\/\\\/i0.wp.com\\\/oeilsportif.info\\\/wp-content\\\/uploads\\\/2023\\\/08\\\/FB_IMG_1693316544949.jpg?fit=887%2C960&ssl=1\",\"datePublished\":\"2023-08-29T13:43:47+00:00\",\"author\":{\"@id\":\"https:\\\/\\\/oeilsportif.info\\\/#\\\/schema\\\/person\\\/cfbded294aa6095f7d96608d7905e9a1\"},\"inLanguage\":\"fr-FR\",\"potentialAction\":[{\"@type\":\"ReadAction\",\"target\":[\"https:\\\/\\\/oeilsportif.info\\\/index.php\\\/anciensjoueurs-le-big-obtient-la-la-licence-c-caf\\\/\"]}]},{\"@type\":\"ImageObject\",\"inLanguage\":\"fr-FR\",\"@id\":\"https:\\\/\\\/oeilsportif.info\\\/index.php\\\/anciensjoueurs-le-big-obtient-la-la-licence-c-caf\\\/#primaryimage\",\"url\":\"https:\\\/\\\/i0.wp.com\\\/oeilsportif.info\\\/wp-content\\\/uploads\\\/2023\\\/08\\\/FB_IMG_1693316544949.jpg?fit=887%2C960&ssl=1\",\"contentUrl\":\"https:\\\/\\\/i0.wp.com\\\/oeilsportif.info\\\/wp-content\\\/uploads\\\/2023\\\/08\\\/FB_IMG_1693316544949.jpg?fit=887%2C960&ssl=1\",\"width\":887,\"height\":960},{\"@type\":\"WebSite\",\"@id\":\"https:\\\/\\\/oeilsportif.info\\\/#website\",\"url\":\"https:\\\/\\\/oeilsportif.info\\\/\",\"name\":\"le regard du sportif\",\"description\":\"\",\"potentialAction\":[{\"@type\":\"SearchAction\",\"target\":{\"@type\":\"EntryPoint\",\"urlTemplate\":\"https:\\\/\\\/oeilsportif.info\\\/?s={search_term_string}\"},\"query-input\":{\"@type\":\"PropertyValueSpecification\",\"valueRequired\":true,\"valueName\":\"search_term_string\"}}],\"inLanguage\":\"fr-FR\"},{\"@type\":\"Person\",\"@id\":\"https:\\\/\\\/oeilsportif.info\\\/#\\\/schema\\\/person\\\/cfbded294aa6095f7d96608d7905e9a1\",\"name\":\"L'Equipe de la R\u00e9daction\",\"image\":{\"@type\":\"ImageObject\",\"inLanguage\":\"fr-FR\",\"@id\":\"https:\\\/\\\/oeilsportif.info\\\/wp-content\\\/uploads\\\/2025\\\/07\\\/cropped-cropped-logo-os-96x96.jpeg\",\"url\":\"https:\\\/\\\/oeilsportif.info\\\/wp-content\\\/uploads\\\/2025\\\/07\\\/cropped-cropped-logo-os-96x96.jpeg\",\"contentUrl\":\"https:\\\/\\\/oeilsportif.info\\\/wp-content\\\/uploads\\\/2025\\\/07\\\/cropped-cropped-logo-os-96x96.jpeg\",\"caption\":\"L'Equipe de la R\u00e9daction\"},\"url\":\"https:\\\/\\\/oeilsportif.info\\\/index.php\\\/author\\\/tawel\\\/\"}]}<\/script>\n<!-- \/ Yoast SEO plugin. -->","yoast_head_json":{"title":"AnciensJoueurs: Le \"BIG\" obtient la la licence C CAF ! - le regard du sportif","robots":{"index":"index","follow":"follow","max-snippet":"max-snippet:-1","max-image-preview":"max-image-preview:large","max-video-preview":"max-video-preview:-1"},"canonical":"https:\/\/oeilsportif.info\/index.php\/anciensjoueurs-le-big-obtient-la-la-licence-c-caf\/","og_locale":"fr_FR","og_type":"article","og_title":"AnciensJoueurs: Le \"BIG\" obtient la la licence C CAF ! - le regard du sportif","og_description":"L\u2019ex attaquant des \u00c9talons Aristide Banc\u00e9 a annonc\u00e9 sur sa page Facebook avoir obtenu sa sa licence C CAF d&rsquo;entra\u00eeneur. \u00ab J&rsquo;ai le plaisir de vous informer qu&rsquo;apr\u00e8s des sessions de formation, j&rsquo;ai obtenu ma licence C CAF d&rsquo;entra\u00eeneur, aupr\u00e8s de la F\u00e9d\u00e9ration Ivoirienne de Football. Mes sinc\u00e8res remerciements \u00e0 la FIF, qui me donne, [&hellip;]","og_url":"https:\/\/oeilsportif.info\/index.php\/anciensjoueurs-le-big-obtient-la-la-licence-c-caf\/","og_site_name":"le regard du sportif","article_published_time":"2023-08-29T13:43:47+00:00","og_image":[{"width":887,"height":960,"url":"https:\/\/oeilsportif.info\/wp-content\/uploads\/2023\/08\/FB_IMG_1693316544949.jpg","type":"image\/jpeg"}],"author":"L'Equipe de la R\u00e9daction","twitter_misc":{"\u00c9crit par":"L'Equipe de la R\u00e9daction","Dur\u00e9e de lecture estim\u00e9e":"1 minute"},"schema":{"@context":"https:\/\/schema.org","@graph":[{"@type":"Article","@id":"https:\/\/oeilsportif.info\/index.php\/anciensjoueurs-le-big-obtient-la-la-licence-c-caf\/#article","isPartOf":{"@id":"https:\/\/oeilsportif.info\/index.php\/anciensjoueurs-le-big-obtient-la-la-licence-c-caf\/"},"author":{"name":"L'Equipe de la R\u00e9daction","@id":"https:\/\/oeilsportif.info\/#\/schema\/person\/cfbded294aa6095f7d96608d7905e9a1"},"headline":"AnciensJoueurs: Le \u00ab\u00a0BIG\u00a0\u00bb obtient la la licence C CAF !","datePublished":"2023-08-29T13:43:47+00:00","mainEntityOfPage":{"@id":"https:\/\/oeilsportif.info\/index.php\/anciensjoueurs-le-big-obtient-la-la-licence-c-caf\/"},"wordCount":124,"image":{"@id":"https:\/\/oeilsportif.info\/index.php\/anciensjoueurs-le-big-obtient-la-la-licence-c-caf\/#primaryimage"},"thumbnailUrl":"https:\/\/i0.wp.com\/oeilsportif.info\/wp-content\/uploads\/2023\/08\/FB_IMG_1693316544949.jpg?fit=887%2C960&ssl=1","articleSection":["Actualit\u00e9","Football"],"inLanguage":"fr-FR"},{"@type":"WebPage","@id":"https:\/\/oeilsportif.info\/index.php\/anciensjoueurs-le-big-obtient-la-la-licence-c-caf\/","url":"https:\/\/oeilsportif.info\/index.php\/anciensjoueurs-le-big-obtient-la-la-licence-c-caf\/","name":"AnciensJoueurs: Le \"BIG\" obtient la la licence C CAF ! - le regard du sportif","isPartOf":{"@id":"https:\/\/oeilsportif.info\/#website"},"primaryImageOfPage":{"@id":"https:\/\/oeilsportif.info\/index.php\/anciensjoueurs-le-big-obtient-la-la-licence-c-caf\/#primaryimage"},"image":{"@id":"https:\/\/oeilsportif.info\/index.php\/anciensjoueurs-le-big-obtient-la-la-licence-c-caf\/#primaryimage"},"thumbnailUrl":"https:\/\/i0.wp.com\/oeilsportif.info\/wp-content\/uploads\/2023\/08\/FB_IMG_1693316544949.jpg?fit=887%2C960&ssl=1","datePublished":"2023-08-29T13:43:47+00:00","author":{"@id":"https:\/\/oeilsportif.info\/#\/schema\/person\/cfbded294aa6095f7d96608d7905e9a1"},"inLanguage":"fr-FR","potentialAction":[{"@type":"ReadAction","target":["https:\/\/oeilsportif.info\/index.php\/anciensjoueurs-le-big-obtient-la-la-licence-c-caf\/"]}]},{"@type":"ImageObject","inLanguage":"fr-FR","@id":"https:\/\/oeilsportif.info\/index.php\/anciensjoueurs-le-big-obtient-la-la-licence-c-caf\/#primaryimage","url":"https:\/\/i0.wp.com\/oeilsportif.info\/wp-content\/uploads\/2023\/08\/FB_IMG_1693316544949.jpg?fit=887%2C960&ssl=1","contentUrl":"https:\/\/i0.wp.com\/oeilsportif.info\/wp-content\/uploads\/2023\/08\/FB_IMG_1693316544949.jpg?fit=887%2C960&ssl=1","width":887,"height":960},{"@type":"WebSite","@id":"https:\/\/oeilsportif.info\/#website","url":"https:\/\/oeilsportif.info\/","name":"le regard du sportif","description":"","potentialAction":[{"@type":"SearchAction","target":{"@type":"EntryPoint","urlTemplate":"https:\/\/oeilsportif.info\/?s={search_term_string}"},"query-input":{"@type":"PropertyValueSpecification","valueRequired":true,"valueName":"search_term_string"}}],"inLanguage":"fr-FR"},{"@type":"Person","@id":"https:\/\/oeilsportif.info\/#\/schema\/person\/cfbded294aa6095f7d96608d7905e9a1","name":"L'Equipe de la R\u00e9daction","image":{"@type":"ImageObject","inLanguage":"fr-FR","@id":"https:\/\/oeilsportif.info\/wp-content\/uploads\/2025\/07\/cropped-cropped-logo-os-96x96.jpeg","url":"https:\/\/oeilsportif.info\/wp-content\/uploads\/2025\/07\/cropped-cropped-logo-os-96x96.jpeg","contentUrl":"https:\/\/oeilsportif.info\/wp-content\/uploads\/2025\/07\/cropped-cropped-logo-os-96x96.jpeg","caption":"L'Equipe de la R\u00e9daction"},"url":"https:\/\/oeilsportif.info\/index.php\/author\/tawel\/"}]}},"jetpack_publicize_connections":[],"jetpack_featured_media_url":"https:\/\/i0.wp.com\/oeilsportif.info\/wp-content\/uploads\/2023\/08\/FB_IMG_1693316544949.jpg?fit=887%2C960&ssl=1","jetpack-related-posts":[],"jetpack_sharing_enabled":true,"jetpack_likes_enabled":true,"jetpack_shortlink":"https:\/\/wp.me\/pgFE77-SQ","_links":{"self":[{"href":"https:\/\/oeilsportif.info\/index.php\/wp-json\/wp\/v2\/posts\/3400","targetHints":{"allow":["GET"]}}],"collection":[{"href":"https:\/\/oeilsportif.info\/index.php\/wp-json\/wp\/v2\/posts"}],"about":[{"href":"https:\/\/oeilsportif.info\/index.php\/wp-json\/wp\/v2\/types\/post"}],"author":[{"embeddable":true,"href":"https:\/\/oeilsportif.info\/index.php\/wp-json\/wp\/v2\/users\/2"}],"replies":[{"embeddable":true,"href":"https:\/\/oeilsportif.info\/index.php\/wp-json\/wp\/v2\/comments?post=3400"}],"version-history":[{"count":0,"href":"https:\/\/oeilsportif.info\/index.php\/wp-json\/wp\/v2\/posts\/3400\/revisions"}],"wp:featuredmedia":[{"embeddable":true,"href":"https:\/\/oeilsportif.info\/index.php\/wp-json\/wp\/v2\/media\/3401"}],"wp:attachment":[{"href":"https:\/\/oeilsportif.info\/index.php\/wp-json\/wp\/v2\/media?parent=3400"}],"wp:term":[{"taxonomy":"category","embeddable":true,"href":"https:\/\/oeilsportif.info\/index.php\/wp-json\/wp\/v2\/categories?post=3400"},{"taxonomy":"post_tag","embeddable":true,"href":"https:\/\/oeilsportif.info\/index.php\/wp-json\/wp\/v2\/tags?post=3400"}],"curies":[{"name":"wp","href":"https:\/\/api.w.org\/{rel}","templated":true}]}}