{"id":3397,"date":"2023-08-28T13:43:05","date_gmt":"2023-08-28T13:43:05","guid":{"rendered":"https:\/\/oeilsportif.info\/index.php\/?p=3397"},"modified":"2023-08-28T13:43:05","modified_gmt":"2023-08-28T13:43:05","slug":"ligue-des-champions-1er-tour-preliminaire-retour-generation-foot-hafia-fc-casimir-jagiello-tres-heureux","status":"publish","type":"post","link":"https:\/\/oeilsportif.info\/index.php\/ligue-des-champions-1er-tour-preliminaire-retour-generation-foot-hafia-fc-casimir-jagiello-tres-heureux\/","title":{"rendered":"Ligue des champions 1er tour pr\u00e9liminaire (retour) \/ G\u00e9n\u00e9ration Foot-Hafia FC, Casimir Jagiello tr\u00e8s heureux !"},"content":{"rendered":"<p><strong>Le Hafia FC a valid\u00e9 son ticket pour le second tour pr\u00e9liminaire de la LDC CAF ce dimanche soir, contre G\u00e9n\u00e9ration Foot du S\u00e9n\u00e9gal en faisant match nul (2-2), au Stade Lat-Dior de Thi\u00e8s pour le compte du match retour du premier tour pr\u00e9liminaire.<\/strong><\/p>\n<p>Apr\u00e8s le match, Casimir Jagiello, Directeur Sportif du Hafia FC s&rsquo;est dit heureux pour la qualification de son club :\u00a0&lt;&lt; Je suis heureux pour la qualification de notre \u00e9quipe. Les joueurs ont vraiment respect\u00e9 les consignes. G\u00e9n\u00e9ration Foot \u00e0 une belle \u00e9quipe qui nous a cr\u00e9\u00e9 quelques difficult\u00e9s mais par manque d&rsquo;exp\u00e9rience et la combativit\u00e9 de notre \u00e9quipe, nous avons obtenu la qualification pour le second tour. Maintenant l&rsquo;objectif c&rsquo;est contre Wydad qui va \u00eatre un match important pour notre \u00e9quipe&#8230;&gt;&gt;<\/p>\n<p><strong>Mohamed Tawel Camara<\/strong><\/p>\n","protected":false},"excerpt":{"rendered":"<p>Le Hafia FC a valid\u00e9 son ticket pour le second tour pr\u00e9liminaire de la LDC CAF ce dimanche soir, contre G\u00e9n\u00e9ration Foot du S\u00e9n\u00e9gal en faisant match nul (2-2), au Stade Lat-Dior de Thi\u00e8s pour le compte du match retour du premier tour pr\u00e9liminaire. Apr\u00e8s le match, Casimir Jagiello, Directeur Sportif du Hafia FC s&rsquo;est [&hellip;]<\/p>\n","protected":false},"author":2,"featured_media":3398,"comment_status":"closed","ping_status":"open","sticky":false,"template":"","format":"standard","meta":{"_jetpack_memberships_contains_paid_content":false,"footnotes":"","jetpack_publicize_message":"","jetpack_publicize_feature_enabled":true,"jetpack_social_post_already_shared":true,"jetpack_social_options":{"image_generator_settings":{"template":"highway","default_image_id":0,"font":"","enabled":false},"version":2}},"categories":[10,5],"tags":[],"class_list":{"0":"post-3397","1":"post","2":"type-post","3":"status-publish","4":"format-standard","5":"has-post-thumbnail","7":"category-actualite","8":"category-football"},"yoast_head":"<!-- This site is optimized with the Yoast SEO plugin v27.5 - https:\/\/yoast.com\/product\/yoast-seo-wordpress\/ -->\n<title>Ligue des champions 1er tour pr\u00e9liminaire (retour) \/ G\u00e9n\u00e9ration Foot-Hafia FC, Casimir Jagiello tr\u00e8s heureux ! - le regard du sportif<\/title>\n<meta name=\"robots\" content=\"index, follow, max-snippet:-1, max-image-preview:large, max-video-preview:-1\" \/>\n<link rel=\"canonical\" href=\"https:\/\/oeilsportif.info\/index.php\/ligue-des-champions-1er-tour-preliminaire-retour-generation-foot-hafia-fc-casimir-jagiello-tres-heureux\/\" \/>\n<meta property=\"og:locale\" content=\"fr_FR\" \/>\n<meta property=\"og:type\" content=\"article\" \/>\n<meta property=\"og:title\" content=\"Ligue des champions 1er tour pr\u00e9liminaire (retour) \/ G\u00e9n\u00e9ration Foot-Hafia FC, Casimir Jagiello tr\u00e8s heureux ! - le regard du sportif\" \/>\n<meta property=\"og:description\" content=\"Le Hafia FC a valid\u00e9 son ticket pour le second tour pr\u00e9liminaire de la LDC CAF ce dimanche soir, contre G\u00e9n\u00e9ration Foot du S\u00e9n\u00e9gal en faisant match nul (2-2), au Stade Lat-Dior de Thi\u00e8s pour le compte du match retour du premier tour pr\u00e9liminaire. Apr\u00e8s le match, Casimir Jagiello, Directeur Sportif du Hafia FC s&rsquo;est [&hellip;]\" \/>\n<meta property=\"og:url\" content=\"https:\/\/oeilsportif.info\/index.php\/ligue-des-champions-1er-tour-preliminaire-retour-generation-foot-hafia-fc-casimir-jagiello-tres-heureux\/\" \/>\n<meta property=\"og:site_name\" content=\"le regard du sportif\" \/>\n<meta property=\"article:published_time\" content=\"2023-08-28T13:43:05+00:00\" \/>\n<meta property=\"og:image\" content=\"https:\/\/oeilsportif.info\/wp-content\/uploads\/2023\/08\/1000017851.jpg\" \/>\n\t<meta property=\"og:image:width\" content=\"720\" \/>\n\t<meta property=\"og:image:height\" content=\"1080\" \/>\n\t<meta property=\"og:image:type\" content=\"image\/jpeg\" \/>\n<meta name=\"author\" content=\"L&#039;Equipe de la R\u00e9daction\" \/>\n<meta name=\"twitter:label1\" content=\"\u00c9crit par\" \/>\n\t<meta name=\"twitter:data1\" content=\"L&#039;Equipe de la R\u00e9daction\" \/>\n\t<meta name=\"twitter:label2\" content=\"Dur\u00e9e de lecture estim\u00e9e\" \/>\n\t<meta name=\"twitter:data2\" content=\"1 minute\" \/>\n<script type=\"application\/ld+json\" class=\"yoast-schema-graph\">{\"@context\":\"https:\\\/\\\/schema.org\",\"@graph\":[{\"@type\":\"Article\",\"@id\":\"https:\\\/\\\/oeilsportif.info\\\/index.php\\\/ligue-des-champions-1er-tour-preliminaire-retour-generation-foot-hafia-fc-casimir-jagiello-tres-heureux\\\/#article\",\"isPartOf\":{\"@id\":\"https:\\\/\\\/oeilsportif.info\\\/index.php\\\/ligue-des-champions-1er-tour-preliminaire-retour-generation-foot-hafia-fc-casimir-jagiello-tres-heureux\\\/\"},\"author\":{\"name\":\"L'Equipe de la R\u00e9daction\",\"@id\":\"https:\\\/\\\/oeilsportif.info\\\/#\\\/schema\\\/person\\\/cfbded294aa6095f7d96608d7905e9a1\"},\"headline\":\"Ligue des champions 1er tour pr\u00e9liminaire (retour) \\\/ G\u00e9n\u00e9ration Foot-Hafia FC, Casimir Jagiello tr\u00e8s heureux !\",\"datePublished\":\"2023-08-28T13:43:05+00:00\",\"mainEntityOfPage\":{\"@id\":\"https:\\\/\\\/oeilsportif.info\\\/index.php\\\/ligue-des-champions-1er-tour-preliminaire-retour-generation-foot-hafia-fc-casimir-jagiello-tres-heureux\\\/\"},\"wordCount\":164,\"image\":{\"@id\":\"https:\\\/\\\/oeilsportif.info\\\/index.php\\\/ligue-des-champions-1er-tour-preliminaire-retour-generation-foot-hafia-fc-casimir-jagiello-tres-heureux\\\/#primaryimage\"},\"thumbnailUrl\":\"https:\\\/\\\/i0.wp.com\\\/oeilsportif.info\\\/wp-content\\\/uploads\\\/2023\\\/08\\\/1000017851.jpg?fit=720%2C1080&ssl=1\",\"articleSection\":[\"Actualit\u00e9\",\"Football\"],\"inLanguage\":\"fr-FR\"},{\"@type\":\"WebPage\",\"@id\":\"https:\\\/\\\/oeilsportif.info\\\/index.php\\\/ligue-des-champions-1er-tour-preliminaire-retour-generation-foot-hafia-fc-casimir-jagiello-tres-heureux\\\/\",\"url\":\"https:\\\/\\\/oeilsportif.info\\\/index.php\\\/ligue-des-champions-1er-tour-preliminaire-retour-generation-foot-hafia-fc-casimir-jagiello-tres-heureux\\\/\",\"name\":\"Ligue des champions 1er tour pr\u00e9liminaire (retour) \\\/ G\u00e9n\u00e9ration Foot-Hafia FC, Casimir Jagiello tr\u00e8s heureux ! - le regard du sportif\",\"isPartOf\":{\"@id\":\"https:\\\/\\\/oeilsportif.info\\\/#website\"},\"primaryImageOfPage\":{\"@id\":\"https:\\\/\\\/oeilsportif.info\\\/index.php\\\/ligue-des-champions-1er-tour-preliminaire-retour-generation-foot-hafia-fc-casimir-jagiello-tres-heureux\\\/#primaryimage\"},\"image\":{\"@id\":\"https:\\\/\\\/oeilsportif.info\\\/index.php\\\/ligue-des-champions-1er-tour-preliminaire-retour-generation-foot-hafia-fc-casimir-jagiello-tres-heureux\\\/#primaryimage\"},\"thumbnailUrl\":\"https:\\\/\\\/i0.wp.com\\\/oeilsportif.info\\\/wp-content\\\/uploads\\\/2023\\\/08\\\/1000017851.jpg?fit=720%2C1080&ssl=1\",\"datePublished\":\"2023-08-28T13:43:05+00:00\",\"author\":{\"@id\":\"https:\\\/\\\/oeilsportif.info\\\/#\\\/schema\\\/person\\\/cfbded294aa6095f7d96608d7905e9a1\"},\"inLanguage\":\"fr-FR\",\"potentialAction\":[{\"@type\":\"ReadAction\",\"target\":[\"https:\\\/\\\/oeilsportif.info\\\/index.php\\\/ligue-des-champions-1er-tour-preliminaire-retour-generation-foot-hafia-fc-casimir-jagiello-tres-heureux\\\/\"]}]},{\"@type\":\"ImageObject\",\"inLanguage\":\"fr-FR\",\"@id\":\"https:\\\/\\\/oeilsportif.info\\\/index.php\\\/ligue-des-champions-1er-tour-preliminaire-retour-generation-foot-hafia-fc-casimir-jagiello-tres-heureux\\\/#primaryimage\",\"url\":\"https:\\\/\\\/i0.wp.com\\\/oeilsportif.info\\\/wp-content\\\/uploads\\\/2023\\\/08\\\/1000017851.jpg?fit=720%2C1080&ssl=1\",\"contentUrl\":\"https:\\\/\\\/i0.wp.com\\\/oeilsportif.info\\\/wp-content\\\/uploads\\\/2023\\\/08\\\/1000017851.jpg?fit=720%2C1080&ssl=1\",\"width\":720,\"height\":1080},{\"@type\":\"WebSite\",\"@id\":\"https:\\\/\\\/oeilsportif.info\\\/#website\",\"url\":\"https:\\\/\\\/oeilsportif.info\\\/\",\"name\":\"le regard du sportif\",\"description\":\"\",\"potentialAction\":[{\"@type\":\"SearchAction\",\"target\":{\"@type\":\"EntryPoint\",\"urlTemplate\":\"https:\\\/\\\/oeilsportif.info\\\/?s={search_term_string}\"},\"query-input\":{\"@type\":\"PropertyValueSpecification\",\"valueRequired\":true,\"valueName\":\"search_term_string\"}}],\"inLanguage\":\"fr-FR\"},{\"@type\":\"Person\",\"@id\":\"https:\\\/\\\/oeilsportif.info\\\/#\\\/schema\\\/person\\\/cfbded294aa6095f7d96608d7905e9a1\",\"name\":\"L'Equipe de la R\u00e9daction\",\"image\":{\"@type\":\"ImageObject\",\"inLanguage\":\"fr-FR\",\"@id\":\"https:\\\/\\\/oeilsportif.info\\\/wp-content\\\/uploads\\\/2025\\\/07\\\/cropped-cropped-logo-os-96x96.jpeg\",\"url\":\"https:\\\/\\\/oeilsportif.info\\\/wp-content\\\/uploads\\\/2025\\\/07\\\/cropped-cropped-logo-os-96x96.jpeg\",\"contentUrl\":\"https:\\\/\\\/oeilsportif.info\\\/wp-content\\\/uploads\\\/2025\\\/07\\\/cropped-cropped-logo-os-96x96.jpeg\",\"caption\":\"L'Equipe de la R\u00e9daction\"},\"url\":\"https:\\\/\\\/oeilsportif.info\\\/index.php\\\/author\\\/tawel\\\/\"}]}<\/script>\n<!-- \/ Yoast SEO plugin. -->","yoast_head_json":{"title":"Ligue des champions 1er tour pr\u00e9liminaire (retour) \/ G\u00e9n\u00e9ration Foot-Hafia FC, Casimir Jagiello tr\u00e8s heureux ! - le regard du sportif","robots":{"index":"index","follow":"follow","max-snippet":"max-snippet:-1","max-image-preview":"max-image-preview:large","max-video-preview":"max-video-preview:-1"},"canonical":"https:\/\/oeilsportif.info\/index.php\/ligue-des-champions-1er-tour-preliminaire-retour-generation-foot-hafia-fc-casimir-jagiello-tres-heureux\/","og_locale":"fr_FR","og_type":"article","og_title":"Ligue des champions 1er tour pr\u00e9liminaire (retour) \/ G\u00e9n\u00e9ration Foot-Hafia FC, Casimir Jagiello tr\u00e8s heureux ! - le regard du sportif","og_description":"Le Hafia FC a valid\u00e9 son ticket pour le second tour pr\u00e9liminaire de la LDC CAF ce dimanche soir, contre G\u00e9n\u00e9ration Foot du S\u00e9n\u00e9gal en faisant match nul (2-2), au Stade Lat-Dior de Thi\u00e8s pour le compte du match retour du premier tour pr\u00e9liminaire. Apr\u00e8s le match, Casimir Jagiello, Directeur Sportif du Hafia FC s&rsquo;est [&hellip;]","og_url":"https:\/\/oeilsportif.info\/index.php\/ligue-des-champions-1er-tour-preliminaire-retour-generation-foot-hafia-fc-casimir-jagiello-tres-heureux\/","og_site_name":"le regard du sportif","article_published_time":"2023-08-28T13:43:05+00:00","og_image":[{"width":720,"height":1080,"url":"https:\/\/oeilsportif.info\/wp-content\/uploads\/2023\/08\/1000017851.jpg","type":"image\/jpeg"}],"author":"L'Equipe de la R\u00e9daction","twitter_misc":{"\u00c9crit par":"L'Equipe de la R\u00e9daction","Dur\u00e9e de lecture estim\u00e9e":"1 minute"},"schema":{"@context":"https:\/\/schema.org","@graph":[{"@type":"Article","@id":"https:\/\/oeilsportif.info\/index.php\/ligue-des-champions-1er-tour-preliminaire-retour-generation-foot-hafia-fc-casimir-jagiello-tres-heureux\/#article","isPartOf":{"@id":"https:\/\/oeilsportif.info\/index.php\/ligue-des-champions-1er-tour-preliminaire-retour-generation-foot-hafia-fc-casimir-jagiello-tres-heureux\/"},"author":{"name":"L'Equipe de la R\u00e9daction","@id":"https:\/\/oeilsportif.info\/#\/schema\/person\/cfbded294aa6095f7d96608d7905e9a1"},"headline":"Ligue des champions 1er tour pr\u00e9liminaire (retour) \/ G\u00e9n\u00e9ration Foot-Hafia FC, Casimir Jagiello tr\u00e8s heureux !","datePublished":"2023-08-28T13:43:05+00:00","mainEntityOfPage":{"@id":"https:\/\/oeilsportif.info\/index.php\/ligue-des-champions-1er-tour-preliminaire-retour-generation-foot-hafia-fc-casimir-jagiello-tres-heureux\/"},"wordCount":164,"image":{"@id":"https:\/\/oeilsportif.info\/index.php\/ligue-des-champions-1er-tour-preliminaire-retour-generation-foot-hafia-fc-casimir-jagiello-tres-heureux\/#primaryimage"},"thumbnailUrl":"https:\/\/i0.wp.com\/oeilsportif.info\/wp-content\/uploads\/2023\/08\/1000017851.jpg?fit=720%2C1080&ssl=1","articleSection":["Actualit\u00e9","Football"],"inLanguage":"fr-FR"},{"@type":"WebPage","@id":"https:\/\/oeilsportif.info\/index.php\/ligue-des-champions-1er-tour-preliminaire-retour-generation-foot-hafia-fc-casimir-jagiello-tres-heureux\/","url":"https:\/\/oeilsportif.info\/index.php\/ligue-des-champions-1er-tour-preliminaire-retour-generation-foot-hafia-fc-casimir-jagiello-tres-heureux\/","name":"Ligue des champions 1er tour pr\u00e9liminaire (retour) \/ G\u00e9n\u00e9ration Foot-Hafia FC, Casimir Jagiello tr\u00e8s heureux ! - le regard du sportif","isPartOf":{"@id":"https:\/\/oeilsportif.info\/#website"},"primaryImageOfPage":{"@id":"https:\/\/oeilsportif.info\/index.php\/ligue-des-champions-1er-tour-preliminaire-retour-generation-foot-hafia-fc-casimir-jagiello-tres-heureux\/#primaryimage"},"image":{"@id":"https:\/\/oeilsportif.info\/index.php\/ligue-des-champions-1er-tour-preliminaire-retour-generation-foot-hafia-fc-casimir-jagiello-tres-heureux\/#primaryimage"},"thumbnailUrl":"https:\/\/i0.wp.com\/oeilsportif.info\/wp-content\/uploads\/2023\/08\/1000017851.jpg?fit=720%2C1080&ssl=1","datePublished":"2023-08-28T13:43:05+00:00","author":{"@id":"https:\/\/oeilsportif.info\/#\/schema\/person\/cfbded294aa6095f7d96608d7905e9a1"},"inLanguage":"fr-FR","potentialAction":[{"@type":"ReadAction","target":["https:\/\/oeilsportif.info\/index.php\/ligue-des-champions-1er-tour-preliminaire-retour-generation-foot-hafia-fc-casimir-jagiello-tres-heureux\/"]}]},{"@type":"ImageObject","inLanguage":"fr-FR","@id":"https:\/\/oeilsportif.info\/index.php\/ligue-des-champions-1er-tour-preliminaire-retour-generation-foot-hafia-fc-casimir-jagiello-tres-heureux\/#primaryimage","url":"https:\/\/i0.wp.com\/oeilsportif.info\/wp-content\/uploads\/2023\/08\/1000017851.jpg?fit=720%2C1080&ssl=1","contentUrl":"https:\/\/i0.wp.com\/oeilsportif.info\/wp-content\/uploads\/2023\/08\/1000017851.jpg?fit=720%2C1080&ssl=1","width":720,"height":1080},{"@type":"WebSite","@id":"https:\/\/oeilsportif.info\/#website","url":"https:\/\/oeilsportif.info\/","name":"le regard du sportif","description":"","potentialAction":[{"@type":"SearchAction","target":{"@type":"EntryPoint","urlTemplate":"https:\/\/oeilsportif.info\/?s={search_term_string}"},"query-input":{"@type":"PropertyValueSpecification","valueRequired":true,"valueName":"search_term_string"}}],"inLanguage":"fr-FR"},{"@type":"Person","@id":"https:\/\/oeilsportif.info\/#\/schema\/person\/cfbded294aa6095f7d96608d7905e9a1","name":"L'Equipe de la R\u00e9daction","image":{"@type":"ImageObject","inLanguage":"fr-FR","@id":"https:\/\/oeilsportif.info\/wp-content\/uploads\/2025\/07\/cropped-cropped-logo-os-96x96.jpeg","url":"https:\/\/oeilsportif.info\/wp-content\/uploads\/2025\/07\/cropped-cropped-logo-os-96x96.jpeg","contentUrl":"https:\/\/oeilsportif.info\/wp-content\/uploads\/2025\/07\/cropped-cropped-logo-os-96x96.jpeg","caption":"L'Equipe de la R\u00e9daction"},"url":"https:\/\/oeilsportif.info\/index.php\/author\/tawel\/"}]}},"jetpack_publicize_connections":[],"jetpack_featured_media_url":"https:\/\/i0.wp.com\/oeilsportif.info\/wp-content\/uploads\/2023\/08\/1000017851.jpg?fit=720%2C1080&ssl=1","jetpack-related-posts":[],"jetpack_sharing_enabled":true,"jetpack_likes_enabled":true,"jetpack_shortlink":"https:\/\/wp.me\/pgFE77-SN","_links":{"self":[{"href":"https:\/\/oeilsportif.info\/index.php\/wp-json\/wp\/v2\/posts\/3397","targetHints":{"allow":["GET"]}}],"collection":[{"href":"https:\/\/oeilsportif.info\/index.php\/wp-json\/wp\/v2\/posts"}],"about":[{"href":"https:\/\/oeilsportif.info\/index.php\/wp-json\/wp\/v2\/types\/post"}],"author":[{"embeddable":true,"href":"https:\/\/oeilsportif.info\/index.php\/wp-json\/wp\/v2\/users\/2"}],"replies":[{"embeddable":true,"href":"https:\/\/oeilsportif.info\/index.php\/wp-json\/wp\/v2\/comments?post=3397"}],"version-history":[{"count":0,"href":"https:\/\/oeilsportif.info\/index.php\/wp-json\/wp\/v2\/posts\/3397\/revisions"}],"wp:featuredmedia":[{"embeddable":true,"href":"https:\/\/oeilsportif.info\/index.php\/wp-json\/wp\/v2\/media\/3398"}],"wp:attachment":[{"href":"https:\/\/oeilsportif.info\/index.php\/wp-json\/wp\/v2\/media?parent=3397"}],"wp:term":[{"taxonomy":"category","embeddable":true,"href":"https:\/\/oeilsportif.info\/index.php\/wp-json\/wp\/v2\/categories?post=3397"},{"taxonomy":"post_tag","embeddable":true,"href":"https:\/\/oeilsportif.info\/index.php\/wp-json\/wp\/v2\/tags?post=3397"}],"curies":[{"name":"wp","href":"https:\/\/api.w.org\/{rel}","templated":true}]}}