{"id":3389,"date":"2023-08-28T08:43:41","date_gmt":"2023-08-28T08:43:41","guid":{"rendered":"https:\/\/oeilsportif.info\/index.php\/?p=3389"},"modified":"2023-08-28T08:43:41","modified_gmt":"2023-08-28T08:43:41","slug":"ldc-caf-le-hafia-fc-elimine-generation-foot-et-se-qualifie-au-second-tour","status":"publish","type":"post","link":"https:\/\/oeilsportif.info\/index.php\/ldc-caf-le-hafia-fc-elimine-generation-foot-et-se-qualifie-au-second-tour\/","title":{"rendered":"LDC CAF : Le Hafia FC \u00e9limine G\u00e9n\u00e9ration Foot et se qualifie au second tour !"},"content":{"rendered":"<p><strong>Le Hafia FC s&rsquo;est qualifi\u00e9 au second tour du tour pr\u00e9liminaire de la LDC CAF ce dimanche \u00e0 Thi\u00e8s en faisant match nul (2-2) contre G\u00e9n\u00e9ration Foot au stade Lat-Dior<\/strong><\/p>\n<p>C&rsquo;est un match qui est parti sur les chapeaux de roue pour les Guin\u00e9ens, qui ont ouvert le score d\u00e8s la 15e minute sur une frappe de Mohamed Bangoura \u00ab\u00a0Cantona\u00a0\u00bb, 1-0; pour les Guin\u00e9ens \u00e0 la mi-temps.<\/p>\n<p>En seconde p\u00e9riode, G\u00e9n\u00e9ration Foot revient bien en \u00e9galisait par Aly Sy avant qu&rsquo;Idrissa Gueye ne donne l&rsquo;avantage \u00e0 l&rsquo;\u00e9quipe s\u00e9n\u00e9galaise \u00e0 la 62e, (2-1), pour G\u00e9n\u00e9ration Foot.<\/p>\n<p>Malmen\u00e9 par le champion du S\u00e9n\u00e9gal qui a rat\u00e9 plusieurs occasions, le Hafia FC \u00e0 quatre minutes du terme, arrache le nul de (2-2) gr\u00e2ce \u00e0 une frappe tendue de plus de 30 m\u00e8tres de SergeAndoulo. A (2-2), l&rsquo;\u00e9quipe du pr\u00e9sident KPC se qualifie au second tour gr\u00e2ce au but marqu\u00e9 \u00e0 l&rsquo;ext\u00e9rieur et aura pour adversaire le Wydad Athletic Club de Casablanca ( Maroc) dont le match aller est pr\u00e9vu, le week-end du 15, 16 et 17 septembre 2023.<br \/>\n.<br \/>\n<strong>Thi\u00e8s, S\u00e9kouna Camara<\/strong><\/p>\n","protected":false},"excerpt":{"rendered":"<p>Le Hafia FC s&rsquo;est qualifi\u00e9 au second tour du tour pr\u00e9liminaire de la LDC CAF ce dimanche \u00e0 Thi\u00e8s en faisant match nul (2-2) contre G\u00e9n\u00e9ration Foot au stade Lat-Dior C&rsquo;est un match qui est parti sur les chapeaux de roue pour les Guin\u00e9ens, qui ont ouvert le score d\u00e8s la 15e minute sur une [&hellip;]<\/p>\n","protected":false},"author":2,"featured_media":3390,"comment_status":"closed","ping_status":"open","sticky":false,"template":"","format":"standard","meta":{"_jetpack_memberships_contains_paid_content":false,"footnotes":"","jetpack_publicize_message":"","jetpack_publicize_feature_enabled":true,"jetpack_social_post_already_shared":true,"jetpack_social_options":{"image_generator_settings":{"template":"highway","default_image_id":0,"font":"","enabled":false},"version":2}},"categories":[10,5],"tags":[],"class_list":{"0":"post-3389","1":"post","2":"type-post","3":"status-publish","4":"format-standard","5":"has-post-thumbnail","7":"category-actualite","8":"category-football"},"yoast_head":"<!-- This site is optimized with the Yoast SEO plugin v27.5 - https:\/\/yoast.com\/product\/yoast-seo-wordpress\/ -->\n<title>LDC CAF : Le Hafia FC \u00e9limine G\u00e9n\u00e9ration Foot et se qualifie au second tour ! - le regard du sportif<\/title>\n<meta name=\"robots\" content=\"index, follow, max-snippet:-1, max-image-preview:large, max-video-preview:-1\" \/>\n<link rel=\"canonical\" href=\"https:\/\/oeilsportif.info\/index.php\/ldc-caf-le-hafia-fc-elimine-generation-foot-et-se-qualifie-au-second-tour\/\" \/>\n<meta property=\"og:locale\" content=\"fr_FR\" \/>\n<meta property=\"og:type\" content=\"article\" \/>\n<meta property=\"og:title\" content=\"LDC CAF : Le Hafia FC \u00e9limine G\u00e9n\u00e9ration Foot et se qualifie au second tour ! - le regard du sportif\" \/>\n<meta property=\"og:description\" content=\"Le Hafia FC s&rsquo;est qualifi\u00e9 au second tour du tour pr\u00e9liminaire de la LDC CAF ce dimanche \u00e0 Thi\u00e8s en faisant match nul (2-2) contre G\u00e9n\u00e9ration Foot au stade Lat-Dior C&rsquo;est un match qui est parti sur les chapeaux de roue pour les Guin\u00e9ens, qui ont ouvert le score d\u00e8s la 15e minute sur une [&hellip;]\" \/>\n<meta property=\"og:url\" content=\"https:\/\/oeilsportif.info\/index.php\/ldc-caf-le-hafia-fc-elimine-generation-foot-et-se-qualifie-au-second-tour\/\" \/>\n<meta property=\"og:site_name\" content=\"le regard du sportif\" \/>\n<meta property=\"article:published_time\" content=\"2023-08-28T08:43:41+00:00\" \/>\n<meta property=\"og:image\" content=\"https:\/\/oeilsportif.info\/wp-content\/uploads\/2023\/08\/FB_IMG_1693211790508.jpg\" \/>\n\t<meta property=\"og:image:width\" content=\"720\" \/>\n\t<meta property=\"og:image:height\" content=\"540\" \/>\n\t<meta property=\"og:image:type\" content=\"image\/jpeg\" \/>\n<meta name=\"author\" content=\"L&#039;Equipe de la R\u00e9daction\" \/>\n<meta name=\"twitter:label1\" content=\"\u00c9crit par\" \/>\n\t<meta name=\"twitter:data1\" content=\"L&#039;Equipe de la R\u00e9daction\" \/>\n\t<meta name=\"twitter:label2\" content=\"Dur\u00e9e de lecture estim\u00e9e\" \/>\n\t<meta name=\"twitter:data2\" content=\"1 minute\" \/>\n<script type=\"application\/ld+json\" class=\"yoast-schema-graph\">{\"@context\":\"https:\\\/\\\/schema.org\",\"@graph\":[{\"@type\":\"Article\",\"@id\":\"https:\\\/\\\/oeilsportif.info\\\/index.php\\\/ldc-caf-le-hafia-fc-elimine-generation-foot-et-se-qualifie-au-second-tour\\\/#article\",\"isPartOf\":{\"@id\":\"https:\\\/\\\/oeilsportif.info\\\/index.php\\\/ldc-caf-le-hafia-fc-elimine-generation-foot-et-se-qualifie-au-second-tour\\\/\"},\"author\":{\"name\":\"L'Equipe de la R\u00e9daction\",\"@id\":\"https:\\\/\\\/oeilsportif.info\\\/#\\\/schema\\\/person\\\/cfbded294aa6095f7d96608d7905e9a1\"},\"headline\":\"LDC CAF : Le Hafia FC \u00e9limine G\u00e9n\u00e9ration Foot et se qualifie au second tour !\",\"datePublished\":\"2023-08-28T08:43:41+00:00\",\"mainEntityOfPage\":{\"@id\":\"https:\\\/\\\/oeilsportif.info\\\/index.php\\\/ldc-caf-le-hafia-fc-elimine-generation-foot-et-se-qualifie-au-second-tour\\\/\"},\"wordCount\":212,\"image\":{\"@id\":\"https:\\\/\\\/oeilsportif.info\\\/index.php\\\/ldc-caf-le-hafia-fc-elimine-generation-foot-et-se-qualifie-au-second-tour\\\/#primaryimage\"},\"thumbnailUrl\":\"https:\\\/\\\/i0.wp.com\\\/oeilsportif.info\\\/wp-content\\\/uploads\\\/2023\\\/08\\\/FB_IMG_1693211790508.jpg?fit=720%2C540&ssl=1\",\"articleSection\":[\"Actualit\u00e9\",\"Football\"],\"inLanguage\":\"fr-FR\"},{\"@type\":\"WebPage\",\"@id\":\"https:\\\/\\\/oeilsportif.info\\\/index.php\\\/ldc-caf-le-hafia-fc-elimine-generation-foot-et-se-qualifie-au-second-tour\\\/\",\"url\":\"https:\\\/\\\/oeilsportif.info\\\/index.php\\\/ldc-caf-le-hafia-fc-elimine-generation-foot-et-se-qualifie-au-second-tour\\\/\",\"name\":\"LDC CAF : Le Hafia FC \u00e9limine G\u00e9n\u00e9ration Foot et se qualifie au second tour ! - le regard du sportif\",\"isPartOf\":{\"@id\":\"https:\\\/\\\/oeilsportif.info\\\/#website\"},\"primaryImageOfPage\":{\"@id\":\"https:\\\/\\\/oeilsportif.info\\\/index.php\\\/ldc-caf-le-hafia-fc-elimine-generation-foot-et-se-qualifie-au-second-tour\\\/#primaryimage\"},\"image\":{\"@id\":\"https:\\\/\\\/oeilsportif.info\\\/index.php\\\/ldc-caf-le-hafia-fc-elimine-generation-foot-et-se-qualifie-au-second-tour\\\/#primaryimage\"},\"thumbnailUrl\":\"https:\\\/\\\/i0.wp.com\\\/oeilsportif.info\\\/wp-content\\\/uploads\\\/2023\\\/08\\\/FB_IMG_1693211790508.jpg?fit=720%2C540&ssl=1\",\"datePublished\":\"2023-08-28T08:43:41+00:00\",\"author\":{\"@id\":\"https:\\\/\\\/oeilsportif.info\\\/#\\\/schema\\\/person\\\/cfbded294aa6095f7d96608d7905e9a1\"},\"inLanguage\":\"fr-FR\",\"potentialAction\":[{\"@type\":\"ReadAction\",\"target\":[\"https:\\\/\\\/oeilsportif.info\\\/index.php\\\/ldc-caf-le-hafia-fc-elimine-generation-foot-et-se-qualifie-au-second-tour\\\/\"]}]},{\"@type\":\"ImageObject\",\"inLanguage\":\"fr-FR\",\"@id\":\"https:\\\/\\\/oeilsportif.info\\\/index.php\\\/ldc-caf-le-hafia-fc-elimine-generation-foot-et-se-qualifie-au-second-tour\\\/#primaryimage\",\"url\":\"https:\\\/\\\/i0.wp.com\\\/oeilsportif.info\\\/wp-content\\\/uploads\\\/2023\\\/08\\\/FB_IMG_1693211790508.jpg?fit=720%2C540&ssl=1\",\"contentUrl\":\"https:\\\/\\\/i0.wp.com\\\/oeilsportif.info\\\/wp-content\\\/uploads\\\/2023\\\/08\\\/FB_IMG_1693211790508.jpg?fit=720%2C540&ssl=1\",\"width\":720,\"height\":540},{\"@type\":\"WebSite\",\"@id\":\"https:\\\/\\\/oeilsportif.info\\\/#website\",\"url\":\"https:\\\/\\\/oeilsportif.info\\\/\",\"name\":\"le regard du sportif\",\"description\":\"\",\"potentialAction\":[{\"@type\":\"SearchAction\",\"target\":{\"@type\":\"EntryPoint\",\"urlTemplate\":\"https:\\\/\\\/oeilsportif.info\\\/?s={search_term_string}\"},\"query-input\":{\"@type\":\"PropertyValueSpecification\",\"valueRequired\":true,\"valueName\":\"search_term_string\"}}],\"inLanguage\":\"fr-FR\"},{\"@type\":\"Person\",\"@id\":\"https:\\\/\\\/oeilsportif.info\\\/#\\\/schema\\\/person\\\/cfbded294aa6095f7d96608d7905e9a1\",\"name\":\"L'Equipe de la R\u00e9daction\",\"image\":{\"@type\":\"ImageObject\",\"inLanguage\":\"fr-FR\",\"@id\":\"https:\\\/\\\/oeilsportif.info\\\/wp-content\\\/uploads\\\/2025\\\/07\\\/cropped-cropped-logo-os-96x96.jpeg\",\"url\":\"https:\\\/\\\/oeilsportif.info\\\/wp-content\\\/uploads\\\/2025\\\/07\\\/cropped-cropped-logo-os-96x96.jpeg\",\"contentUrl\":\"https:\\\/\\\/oeilsportif.info\\\/wp-content\\\/uploads\\\/2025\\\/07\\\/cropped-cropped-logo-os-96x96.jpeg\",\"caption\":\"L'Equipe de la R\u00e9daction\"},\"url\":\"https:\\\/\\\/oeilsportif.info\\\/index.php\\\/author\\\/tawel\\\/\"}]}<\/script>\n<!-- \/ Yoast SEO plugin. -->","yoast_head_json":{"title":"LDC CAF : Le Hafia FC \u00e9limine G\u00e9n\u00e9ration Foot et se qualifie au second tour ! - le regard du sportif","robots":{"index":"index","follow":"follow","max-snippet":"max-snippet:-1","max-image-preview":"max-image-preview:large","max-video-preview":"max-video-preview:-1"},"canonical":"https:\/\/oeilsportif.info\/index.php\/ldc-caf-le-hafia-fc-elimine-generation-foot-et-se-qualifie-au-second-tour\/","og_locale":"fr_FR","og_type":"article","og_title":"LDC CAF : Le Hafia FC \u00e9limine G\u00e9n\u00e9ration Foot et se qualifie au second tour ! - le regard du sportif","og_description":"Le Hafia FC s&rsquo;est qualifi\u00e9 au second tour du tour pr\u00e9liminaire de la LDC CAF ce dimanche \u00e0 Thi\u00e8s en faisant match nul (2-2) contre G\u00e9n\u00e9ration Foot au stade Lat-Dior C&rsquo;est un match qui est parti sur les chapeaux de roue pour les Guin\u00e9ens, qui ont ouvert le score d\u00e8s la 15e minute sur une [&hellip;]","og_url":"https:\/\/oeilsportif.info\/index.php\/ldc-caf-le-hafia-fc-elimine-generation-foot-et-se-qualifie-au-second-tour\/","og_site_name":"le regard du sportif","article_published_time":"2023-08-28T08:43:41+00:00","og_image":[{"width":720,"height":540,"url":"https:\/\/oeilsportif.info\/wp-content\/uploads\/2023\/08\/FB_IMG_1693211790508.jpg","type":"image\/jpeg"}],"author":"L'Equipe de la R\u00e9daction","twitter_misc":{"\u00c9crit par":"L'Equipe de la R\u00e9daction","Dur\u00e9e de lecture estim\u00e9e":"1 minute"},"schema":{"@context":"https:\/\/schema.org","@graph":[{"@type":"Article","@id":"https:\/\/oeilsportif.info\/index.php\/ldc-caf-le-hafia-fc-elimine-generation-foot-et-se-qualifie-au-second-tour\/#article","isPartOf":{"@id":"https:\/\/oeilsportif.info\/index.php\/ldc-caf-le-hafia-fc-elimine-generation-foot-et-se-qualifie-au-second-tour\/"},"author":{"name":"L'Equipe de la R\u00e9daction","@id":"https:\/\/oeilsportif.info\/#\/schema\/person\/cfbded294aa6095f7d96608d7905e9a1"},"headline":"LDC CAF : Le Hafia FC \u00e9limine G\u00e9n\u00e9ration Foot et se qualifie au second tour !","datePublished":"2023-08-28T08:43:41+00:00","mainEntityOfPage":{"@id":"https:\/\/oeilsportif.info\/index.php\/ldc-caf-le-hafia-fc-elimine-generation-foot-et-se-qualifie-au-second-tour\/"},"wordCount":212,"image":{"@id":"https:\/\/oeilsportif.info\/index.php\/ldc-caf-le-hafia-fc-elimine-generation-foot-et-se-qualifie-au-second-tour\/#primaryimage"},"thumbnailUrl":"https:\/\/i0.wp.com\/oeilsportif.info\/wp-content\/uploads\/2023\/08\/FB_IMG_1693211790508.jpg?fit=720%2C540&ssl=1","articleSection":["Actualit\u00e9","Football"],"inLanguage":"fr-FR"},{"@type":"WebPage","@id":"https:\/\/oeilsportif.info\/index.php\/ldc-caf-le-hafia-fc-elimine-generation-foot-et-se-qualifie-au-second-tour\/","url":"https:\/\/oeilsportif.info\/index.php\/ldc-caf-le-hafia-fc-elimine-generation-foot-et-se-qualifie-au-second-tour\/","name":"LDC CAF : Le Hafia FC \u00e9limine G\u00e9n\u00e9ration Foot et se qualifie au second tour ! - le regard du sportif","isPartOf":{"@id":"https:\/\/oeilsportif.info\/#website"},"primaryImageOfPage":{"@id":"https:\/\/oeilsportif.info\/index.php\/ldc-caf-le-hafia-fc-elimine-generation-foot-et-se-qualifie-au-second-tour\/#primaryimage"},"image":{"@id":"https:\/\/oeilsportif.info\/index.php\/ldc-caf-le-hafia-fc-elimine-generation-foot-et-se-qualifie-au-second-tour\/#primaryimage"},"thumbnailUrl":"https:\/\/i0.wp.com\/oeilsportif.info\/wp-content\/uploads\/2023\/08\/FB_IMG_1693211790508.jpg?fit=720%2C540&ssl=1","datePublished":"2023-08-28T08:43:41+00:00","author":{"@id":"https:\/\/oeilsportif.info\/#\/schema\/person\/cfbded294aa6095f7d96608d7905e9a1"},"inLanguage":"fr-FR","potentialAction":[{"@type":"ReadAction","target":["https:\/\/oeilsportif.info\/index.php\/ldc-caf-le-hafia-fc-elimine-generation-foot-et-se-qualifie-au-second-tour\/"]}]},{"@type":"ImageObject","inLanguage":"fr-FR","@id":"https:\/\/oeilsportif.info\/index.php\/ldc-caf-le-hafia-fc-elimine-generation-foot-et-se-qualifie-au-second-tour\/#primaryimage","url":"https:\/\/i0.wp.com\/oeilsportif.info\/wp-content\/uploads\/2023\/08\/FB_IMG_1693211790508.jpg?fit=720%2C540&ssl=1","contentUrl":"https:\/\/i0.wp.com\/oeilsportif.info\/wp-content\/uploads\/2023\/08\/FB_IMG_1693211790508.jpg?fit=720%2C540&ssl=1","width":720,"height":540},{"@type":"WebSite","@id":"https:\/\/oeilsportif.info\/#website","url":"https:\/\/oeilsportif.info\/","name":"le regard du sportif","description":"","potentialAction":[{"@type":"SearchAction","target":{"@type":"EntryPoint","urlTemplate":"https:\/\/oeilsportif.info\/?s={search_term_string}"},"query-input":{"@type":"PropertyValueSpecification","valueRequired":true,"valueName":"search_term_string"}}],"inLanguage":"fr-FR"},{"@type":"Person","@id":"https:\/\/oeilsportif.info\/#\/schema\/person\/cfbded294aa6095f7d96608d7905e9a1","name":"L'Equipe de la R\u00e9daction","image":{"@type":"ImageObject","inLanguage":"fr-FR","@id":"https:\/\/oeilsportif.info\/wp-content\/uploads\/2025\/07\/cropped-cropped-logo-os-96x96.jpeg","url":"https:\/\/oeilsportif.info\/wp-content\/uploads\/2025\/07\/cropped-cropped-logo-os-96x96.jpeg","contentUrl":"https:\/\/oeilsportif.info\/wp-content\/uploads\/2025\/07\/cropped-cropped-logo-os-96x96.jpeg","caption":"L'Equipe de la R\u00e9daction"},"url":"https:\/\/oeilsportif.info\/index.php\/author\/tawel\/"}]}},"jetpack_publicize_connections":[],"jetpack_featured_media_url":"https:\/\/i0.wp.com\/oeilsportif.info\/wp-content\/uploads\/2023\/08\/FB_IMG_1693211790508.jpg?fit=720%2C540&ssl=1","jetpack-related-posts":[],"jetpack_sharing_enabled":true,"jetpack_likes_enabled":true,"jetpack_shortlink":"https:\/\/wp.me\/pgFE77-SF","_links":{"self":[{"href":"https:\/\/oeilsportif.info\/index.php\/wp-json\/wp\/v2\/posts\/3389","targetHints":{"allow":["GET"]}}],"collection":[{"href":"https:\/\/oeilsportif.info\/index.php\/wp-json\/wp\/v2\/posts"}],"about":[{"href":"https:\/\/oeilsportif.info\/index.php\/wp-json\/wp\/v2\/types\/post"}],"author":[{"embeddable":true,"href":"https:\/\/oeilsportif.info\/index.php\/wp-json\/wp\/v2\/users\/2"}],"replies":[{"embeddable":true,"href":"https:\/\/oeilsportif.info\/index.php\/wp-json\/wp\/v2\/comments?post=3389"}],"version-history":[{"count":0,"href":"https:\/\/oeilsportif.info\/index.php\/wp-json\/wp\/v2\/posts\/3389\/revisions"}],"wp:featuredmedia":[{"embeddable":true,"href":"https:\/\/oeilsportif.info\/index.php\/wp-json\/wp\/v2\/media\/3390"}],"wp:attachment":[{"href":"https:\/\/oeilsportif.info\/index.php\/wp-json\/wp\/v2\/media?parent=3389"}],"wp:term":[{"taxonomy":"category","embeddable":true,"href":"https:\/\/oeilsportif.info\/index.php\/wp-json\/wp\/v2\/categories?post=3389"},{"taxonomy":"post_tag","embeddable":true,"href":"https:\/\/oeilsportif.info\/index.php\/wp-json\/wp\/v2\/tags?post=3389"}],"curies":[{"name":"wp","href":"https:\/\/api.w.org\/{rel}","templated":true}]}}