{"id":3381,"date":"2023-08-26T21:11:50","date_gmt":"2023-08-26T21:11:50","guid":{"rendered":"https:\/\/oeilsportif.info\/index.php\/?p=3381"},"modified":"2023-08-26T21:11:50","modified_gmt":"2023-08-26T21:11:50","slug":"ldc-caf-generation-foot-hafia-fc-serge-andoulo-capitaine-du-hafia-fc-nous-sommesprets-pour-le-combat","status":"publish","type":"post","link":"https:\/\/oeilsportif.info\/index.php\/ldc-caf-generation-foot-hafia-fc-serge-andoulo-capitaine-du-hafia-fc-nous-sommesprets-pour-le-combat\/","title":{"rendered":"LDC-CAF \/ G\u00e9n\u00e9ration Foot \u2013 Hafia FC : Serge Andoulo capitaine du Hafia FC : \u00ab Nous sommespr\u00eats pour le combat \u00bb"},"content":{"rendered":"<p>Les regards sont tourn\u00e9s vers le choc du match retour du premier tour pr\u00e9liminaire de la LDC CAF, entre G\u00e9n\u00e9ration Foot et le Hafia Football Club du Pr\u00e9sident Kerfalla Camara KPC qui va se jouer au Stade Lat-Dior de Thi\u00e8s, ce dimanche 27 ao\u00fbt 2023 \u00e0 19H GMT.<\/p>\n<p>Une semaine apr\u00e8s son nul ferm\u00e9 de (0-0) \u00e0 Conakry, ce samedi apr\u00e8s la mise en place du Hafia FC, Serge Andoulo le capitaine des vert-blanc, le Hafia FC nous a confi\u00e9 : \u00ab On est tous conscients de l&rsquo;enjeu de ce match contre G\u00e9n\u00e9ration Foot. Et on sait, que \u00e7a ne va pas \u00eatre ais\u00e9 pour nous. Mais nous sommes pr\u00eats pour le combat. Et j&rsquo;esp\u00e8re que nous allons obtenir la qualification demain \u2026\u00bb<\/p>\n<p><strong>Mohamed Tawel Camara\u00a0<\/strong><\/p>\n","protected":false},"excerpt":{"rendered":"<p>Les regards sont tourn\u00e9s vers le choc du match retour du premier tour pr\u00e9liminaire de la LDC CAF, entre G\u00e9n\u00e9ration Foot et le Hafia Football Club du Pr\u00e9sident Kerfalla Camara KPC qui va se jouer au Stade Lat-Dior de Thi\u00e8s, ce dimanche 27 ao\u00fbt 2023 \u00e0 19H GMT. Une semaine apr\u00e8s son nul ferm\u00e9 de [&hellip;]<\/p>\n","protected":false},"author":2,"featured_media":3383,"comment_status":"closed","ping_status":"open","sticky":false,"template":"","format":"standard","meta":{"_jetpack_memberships_contains_paid_content":false,"footnotes":"","jetpack_publicize_message":"","jetpack_publicize_feature_enabled":true,"jetpack_social_post_already_shared":true,"jetpack_social_options":{"image_generator_settings":{"template":"highway","default_image_id":0,"font":"","enabled":false},"version":2}},"categories":[10,5],"tags":[],"class_list":{"0":"post-3381","1":"post","2":"type-post","3":"status-publish","4":"format-standard","5":"has-post-thumbnail","7":"category-actualite","8":"category-football"},"yoast_head":"<!-- This site is optimized with the Yoast SEO plugin v27.5 - https:\/\/yoast.com\/product\/yoast-seo-wordpress\/ -->\n<title>LDC-CAF \/ G\u00e9n\u00e9ration Foot \u2013 Hafia FC : Serge Andoulo capitaine du Hafia FC : \u00ab Nous sommespr\u00eats pour le combat \u00bb - le regard du sportif<\/title>\n<meta name=\"robots\" content=\"index, follow, max-snippet:-1, max-image-preview:large, max-video-preview:-1\" \/>\n<link rel=\"canonical\" href=\"https:\/\/oeilsportif.info\/index.php\/ldc-caf-generation-foot-hafia-fc-serge-andoulo-capitaine-du-hafia-fc-nous-sommesprets-pour-le-combat\/\" \/>\n<meta property=\"og:locale\" content=\"fr_FR\" \/>\n<meta property=\"og:type\" content=\"article\" \/>\n<meta property=\"og:title\" content=\"LDC-CAF \/ G\u00e9n\u00e9ration Foot \u2013 Hafia FC : Serge Andoulo capitaine du Hafia FC : \u00ab Nous sommespr\u00eats pour le combat \u00bb - le regard du sportif\" \/>\n<meta property=\"og:description\" content=\"Les regards sont tourn\u00e9s vers le choc du match retour du premier tour pr\u00e9liminaire de la LDC CAF, entre G\u00e9n\u00e9ration Foot et le Hafia Football Club du Pr\u00e9sident Kerfalla Camara KPC qui va se jouer au Stade Lat-Dior de Thi\u00e8s, ce dimanche 27 ao\u00fbt 2023 \u00e0 19H GMT. Une semaine apr\u00e8s son nul ferm\u00e9 de [&hellip;]\" \/>\n<meta property=\"og:url\" content=\"https:\/\/oeilsportif.info\/index.php\/ldc-caf-generation-foot-hafia-fc-serge-andoulo-capitaine-du-hafia-fc-nous-sommesprets-pour-le-combat\/\" \/>\n<meta property=\"og:site_name\" content=\"le regard du sportif\" \/>\n<meta property=\"article:published_time\" content=\"2023-08-26T21:11:50+00:00\" \/>\n<meta property=\"og:image\" content=\"https:\/\/oeilsportif.info\/wp-content\/uploads\/2023\/08\/IMG-20230826-WA0266.jpg\" \/>\n\t<meta property=\"og:image:width\" content=\"1080\" \/>\n\t<meta property=\"og:image:height\" content=\"720\" \/>\n\t<meta property=\"og:image:type\" content=\"image\/jpeg\" \/>\n<meta name=\"author\" content=\"L&#039;Equipe de la R\u00e9daction\" \/>\n<meta name=\"twitter:label1\" content=\"\u00c9crit par\" \/>\n\t<meta name=\"twitter:data1\" content=\"L&#039;Equipe de la R\u00e9daction\" \/>\n\t<meta name=\"twitter:label2\" content=\"Dur\u00e9e de lecture estim\u00e9e\" \/>\n\t<meta name=\"twitter:data2\" content=\"1 minute\" \/>\n<script type=\"application\/ld+json\" class=\"yoast-schema-graph\">{\"@context\":\"https:\\\/\\\/schema.org\",\"@graph\":[{\"@type\":\"Article\",\"@id\":\"https:\\\/\\\/oeilsportif.info\\\/index.php\\\/ldc-caf-generation-foot-hafia-fc-serge-andoulo-capitaine-du-hafia-fc-nous-sommesprets-pour-le-combat\\\/#article\",\"isPartOf\":{\"@id\":\"https:\\\/\\\/oeilsportif.info\\\/index.php\\\/ldc-caf-generation-foot-hafia-fc-serge-andoulo-capitaine-du-hafia-fc-nous-sommesprets-pour-le-combat\\\/\"},\"author\":{\"name\":\"L'Equipe de la R\u00e9daction\",\"@id\":\"https:\\\/\\\/oeilsportif.info\\\/#\\\/schema\\\/person\\\/cfbded294aa6095f7d96608d7905e9a1\"},\"headline\":\"LDC-CAF \\\/ G\u00e9n\u00e9ration Foot \u2013 Hafia FC : Serge Andoulo capitaine du Hafia FC : \u00ab Nous sommespr\u00eats pour le combat \u00bb\",\"datePublished\":\"2023-08-26T21:11:50+00:00\",\"mainEntityOfPage\":{\"@id\":\"https:\\\/\\\/oeilsportif.info\\\/index.php\\\/ldc-caf-generation-foot-hafia-fc-serge-andoulo-capitaine-du-hafia-fc-nous-sommesprets-pour-le-combat\\\/\"},\"wordCount\":153,\"image\":{\"@id\":\"https:\\\/\\\/oeilsportif.info\\\/index.php\\\/ldc-caf-generation-foot-hafia-fc-serge-andoulo-capitaine-du-hafia-fc-nous-sommesprets-pour-le-combat\\\/#primaryimage\"},\"thumbnailUrl\":\"https:\\\/\\\/i0.wp.com\\\/oeilsportif.info\\\/wp-content\\\/uploads\\\/2023\\\/08\\\/IMG-20230826-WA0266.jpg?fit=1080%2C720&ssl=1\",\"articleSection\":[\"Actualit\u00e9\",\"Football\"],\"inLanguage\":\"fr-FR\"},{\"@type\":\"WebPage\",\"@id\":\"https:\\\/\\\/oeilsportif.info\\\/index.php\\\/ldc-caf-generation-foot-hafia-fc-serge-andoulo-capitaine-du-hafia-fc-nous-sommesprets-pour-le-combat\\\/\",\"url\":\"https:\\\/\\\/oeilsportif.info\\\/index.php\\\/ldc-caf-generation-foot-hafia-fc-serge-andoulo-capitaine-du-hafia-fc-nous-sommesprets-pour-le-combat\\\/\",\"name\":\"LDC-CAF \\\/ G\u00e9n\u00e9ration Foot \u2013 Hafia FC : Serge Andoulo capitaine du Hafia FC : \u00ab Nous sommespr\u00eats pour le combat \u00bb - le regard du sportif\",\"isPartOf\":{\"@id\":\"https:\\\/\\\/oeilsportif.info\\\/#website\"},\"primaryImageOfPage\":{\"@id\":\"https:\\\/\\\/oeilsportif.info\\\/index.php\\\/ldc-caf-generation-foot-hafia-fc-serge-andoulo-capitaine-du-hafia-fc-nous-sommesprets-pour-le-combat\\\/#primaryimage\"},\"image\":{\"@id\":\"https:\\\/\\\/oeilsportif.info\\\/index.php\\\/ldc-caf-generation-foot-hafia-fc-serge-andoulo-capitaine-du-hafia-fc-nous-sommesprets-pour-le-combat\\\/#primaryimage\"},\"thumbnailUrl\":\"https:\\\/\\\/i0.wp.com\\\/oeilsportif.info\\\/wp-content\\\/uploads\\\/2023\\\/08\\\/IMG-20230826-WA0266.jpg?fit=1080%2C720&ssl=1\",\"datePublished\":\"2023-08-26T21:11:50+00:00\",\"author\":{\"@id\":\"https:\\\/\\\/oeilsportif.info\\\/#\\\/schema\\\/person\\\/cfbded294aa6095f7d96608d7905e9a1\"},\"inLanguage\":\"fr-FR\",\"potentialAction\":[{\"@type\":\"ReadAction\",\"target\":[\"https:\\\/\\\/oeilsportif.info\\\/index.php\\\/ldc-caf-generation-foot-hafia-fc-serge-andoulo-capitaine-du-hafia-fc-nous-sommesprets-pour-le-combat\\\/\"]}]},{\"@type\":\"ImageObject\",\"inLanguage\":\"fr-FR\",\"@id\":\"https:\\\/\\\/oeilsportif.info\\\/index.php\\\/ldc-caf-generation-foot-hafia-fc-serge-andoulo-capitaine-du-hafia-fc-nous-sommesprets-pour-le-combat\\\/#primaryimage\",\"url\":\"https:\\\/\\\/i0.wp.com\\\/oeilsportif.info\\\/wp-content\\\/uploads\\\/2023\\\/08\\\/IMG-20230826-WA0266.jpg?fit=1080%2C720&ssl=1\",\"contentUrl\":\"https:\\\/\\\/i0.wp.com\\\/oeilsportif.info\\\/wp-content\\\/uploads\\\/2023\\\/08\\\/IMG-20230826-WA0266.jpg?fit=1080%2C720&ssl=1\",\"width\":1080,\"height\":720},{\"@type\":\"WebSite\",\"@id\":\"https:\\\/\\\/oeilsportif.info\\\/#website\",\"url\":\"https:\\\/\\\/oeilsportif.info\\\/\",\"name\":\"le regard du sportif\",\"description\":\"\",\"potentialAction\":[{\"@type\":\"SearchAction\",\"target\":{\"@type\":\"EntryPoint\",\"urlTemplate\":\"https:\\\/\\\/oeilsportif.info\\\/?s={search_term_string}\"},\"query-input\":{\"@type\":\"PropertyValueSpecification\",\"valueRequired\":true,\"valueName\":\"search_term_string\"}}],\"inLanguage\":\"fr-FR\"},{\"@type\":\"Person\",\"@id\":\"https:\\\/\\\/oeilsportif.info\\\/#\\\/schema\\\/person\\\/cfbded294aa6095f7d96608d7905e9a1\",\"name\":\"L'Equipe de la R\u00e9daction\",\"image\":{\"@type\":\"ImageObject\",\"inLanguage\":\"fr-FR\",\"@id\":\"https:\\\/\\\/oeilsportif.info\\\/wp-content\\\/uploads\\\/2025\\\/07\\\/cropped-cropped-logo-os-96x96.jpeg\",\"url\":\"https:\\\/\\\/oeilsportif.info\\\/wp-content\\\/uploads\\\/2025\\\/07\\\/cropped-cropped-logo-os-96x96.jpeg\",\"contentUrl\":\"https:\\\/\\\/oeilsportif.info\\\/wp-content\\\/uploads\\\/2025\\\/07\\\/cropped-cropped-logo-os-96x96.jpeg\",\"caption\":\"L'Equipe de la R\u00e9daction\"},\"url\":\"https:\\\/\\\/oeilsportif.info\\\/index.php\\\/author\\\/tawel\\\/\"}]}<\/script>\n<!-- \/ Yoast SEO plugin. -->","yoast_head_json":{"title":"LDC-CAF \/ G\u00e9n\u00e9ration Foot \u2013 Hafia FC : Serge Andoulo capitaine du Hafia FC : \u00ab Nous sommespr\u00eats pour le combat \u00bb - le regard du sportif","robots":{"index":"index","follow":"follow","max-snippet":"max-snippet:-1","max-image-preview":"max-image-preview:large","max-video-preview":"max-video-preview:-1"},"canonical":"https:\/\/oeilsportif.info\/index.php\/ldc-caf-generation-foot-hafia-fc-serge-andoulo-capitaine-du-hafia-fc-nous-sommesprets-pour-le-combat\/","og_locale":"fr_FR","og_type":"article","og_title":"LDC-CAF \/ G\u00e9n\u00e9ration Foot \u2013 Hafia FC : Serge Andoulo capitaine du Hafia FC : \u00ab Nous sommespr\u00eats pour le combat \u00bb - le regard du sportif","og_description":"Les regards sont tourn\u00e9s vers le choc du match retour du premier tour pr\u00e9liminaire de la LDC CAF, entre G\u00e9n\u00e9ration Foot et le Hafia Football Club du Pr\u00e9sident Kerfalla Camara KPC qui va se jouer au Stade Lat-Dior de Thi\u00e8s, ce dimanche 27 ao\u00fbt 2023 \u00e0 19H GMT. Une semaine apr\u00e8s son nul ferm\u00e9 de [&hellip;]","og_url":"https:\/\/oeilsportif.info\/index.php\/ldc-caf-generation-foot-hafia-fc-serge-andoulo-capitaine-du-hafia-fc-nous-sommesprets-pour-le-combat\/","og_site_name":"le regard du sportif","article_published_time":"2023-08-26T21:11:50+00:00","og_image":[{"width":1080,"height":720,"url":"https:\/\/oeilsportif.info\/wp-content\/uploads\/2023\/08\/IMG-20230826-WA0266.jpg","type":"image\/jpeg"}],"author":"L'Equipe de la R\u00e9daction","twitter_misc":{"\u00c9crit par":"L'Equipe de la R\u00e9daction","Dur\u00e9e de lecture estim\u00e9e":"1 minute"},"schema":{"@context":"https:\/\/schema.org","@graph":[{"@type":"Article","@id":"https:\/\/oeilsportif.info\/index.php\/ldc-caf-generation-foot-hafia-fc-serge-andoulo-capitaine-du-hafia-fc-nous-sommesprets-pour-le-combat\/#article","isPartOf":{"@id":"https:\/\/oeilsportif.info\/index.php\/ldc-caf-generation-foot-hafia-fc-serge-andoulo-capitaine-du-hafia-fc-nous-sommesprets-pour-le-combat\/"},"author":{"name":"L'Equipe de la R\u00e9daction","@id":"https:\/\/oeilsportif.info\/#\/schema\/person\/cfbded294aa6095f7d96608d7905e9a1"},"headline":"LDC-CAF \/ G\u00e9n\u00e9ration Foot \u2013 Hafia FC : Serge Andoulo capitaine du Hafia FC : \u00ab Nous sommespr\u00eats pour le combat \u00bb","datePublished":"2023-08-26T21:11:50+00:00","mainEntityOfPage":{"@id":"https:\/\/oeilsportif.info\/index.php\/ldc-caf-generation-foot-hafia-fc-serge-andoulo-capitaine-du-hafia-fc-nous-sommesprets-pour-le-combat\/"},"wordCount":153,"image":{"@id":"https:\/\/oeilsportif.info\/index.php\/ldc-caf-generation-foot-hafia-fc-serge-andoulo-capitaine-du-hafia-fc-nous-sommesprets-pour-le-combat\/#primaryimage"},"thumbnailUrl":"https:\/\/i0.wp.com\/oeilsportif.info\/wp-content\/uploads\/2023\/08\/IMG-20230826-WA0266.jpg?fit=1080%2C720&ssl=1","articleSection":["Actualit\u00e9","Football"],"inLanguage":"fr-FR"},{"@type":"WebPage","@id":"https:\/\/oeilsportif.info\/index.php\/ldc-caf-generation-foot-hafia-fc-serge-andoulo-capitaine-du-hafia-fc-nous-sommesprets-pour-le-combat\/","url":"https:\/\/oeilsportif.info\/index.php\/ldc-caf-generation-foot-hafia-fc-serge-andoulo-capitaine-du-hafia-fc-nous-sommesprets-pour-le-combat\/","name":"LDC-CAF \/ G\u00e9n\u00e9ration Foot \u2013 Hafia FC : Serge Andoulo capitaine du Hafia FC : \u00ab Nous sommespr\u00eats pour le combat \u00bb - le regard du sportif","isPartOf":{"@id":"https:\/\/oeilsportif.info\/#website"},"primaryImageOfPage":{"@id":"https:\/\/oeilsportif.info\/index.php\/ldc-caf-generation-foot-hafia-fc-serge-andoulo-capitaine-du-hafia-fc-nous-sommesprets-pour-le-combat\/#primaryimage"},"image":{"@id":"https:\/\/oeilsportif.info\/index.php\/ldc-caf-generation-foot-hafia-fc-serge-andoulo-capitaine-du-hafia-fc-nous-sommesprets-pour-le-combat\/#primaryimage"},"thumbnailUrl":"https:\/\/i0.wp.com\/oeilsportif.info\/wp-content\/uploads\/2023\/08\/IMG-20230826-WA0266.jpg?fit=1080%2C720&ssl=1","datePublished":"2023-08-26T21:11:50+00:00","author":{"@id":"https:\/\/oeilsportif.info\/#\/schema\/person\/cfbded294aa6095f7d96608d7905e9a1"},"inLanguage":"fr-FR","potentialAction":[{"@type":"ReadAction","target":["https:\/\/oeilsportif.info\/index.php\/ldc-caf-generation-foot-hafia-fc-serge-andoulo-capitaine-du-hafia-fc-nous-sommesprets-pour-le-combat\/"]}]},{"@type":"ImageObject","inLanguage":"fr-FR","@id":"https:\/\/oeilsportif.info\/index.php\/ldc-caf-generation-foot-hafia-fc-serge-andoulo-capitaine-du-hafia-fc-nous-sommesprets-pour-le-combat\/#primaryimage","url":"https:\/\/i0.wp.com\/oeilsportif.info\/wp-content\/uploads\/2023\/08\/IMG-20230826-WA0266.jpg?fit=1080%2C720&ssl=1","contentUrl":"https:\/\/i0.wp.com\/oeilsportif.info\/wp-content\/uploads\/2023\/08\/IMG-20230826-WA0266.jpg?fit=1080%2C720&ssl=1","width":1080,"height":720},{"@type":"WebSite","@id":"https:\/\/oeilsportif.info\/#website","url":"https:\/\/oeilsportif.info\/","name":"le regard du sportif","description":"","potentialAction":[{"@type":"SearchAction","target":{"@type":"EntryPoint","urlTemplate":"https:\/\/oeilsportif.info\/?s={search_term_string}"},"query-input":{"@type":"PropertyValueSpecification","valueRequired":true,"valueName":"search_term_string"}}],"inLanguage":"fr-FR"},{"@type":"Person","@id":"https:\/\/oeilsportif.info\/#\/schema\/person\/cfbded294aa6095f7d96608d7905e9a1","name":"L'Equipe de la R\u00e9daction","image":{"@type":"ImageObject","inLanguage":"fr-FR","@id":"https:\/\/oeilsportif.info\/wp-content\/uploads\/2025\/07\/cropped-cropped-logo-os-96x96.jpeg","url":"https:\/\/oeilsportif.info\/wp-content\/uploads\/2025\/07\/cropped-cropped-logo-os-96x96.jpeg","contentUrl":"https:\/\/oeilsportif.info\/wp-content\/uploads\/2025\/07\/cropped-cropped-logo-os-96x96.jpeg","caption":"L'Equipe de la R\u00e9daction"},"url":"https:\/\/oeilsportif.info\/index.php\/author\/tawel\/"}]}},"jetpack_publicize_connections":[],"jetpack_featured_media_url":"https:\/\/i0.wp.com\/oeilsportif.info\/wp-content\/uploads\/2023\/08\/IMG-20230826-WA0266.jpg?fit=1080%2C720&ssl=1","jetpack-related-posts":[],"jetpack_sharing_enabled":true,"jetpack_likes_enabled":true,"jetpack_shortlink":"https:\/\/wp.me\/pgFE77-Sx","_links":{"self":[{"href":"https:\/\/oeilsportif.info\/index.php\/wp-json\/wp\/v2\/posts\/3381","targetHints":{"allow":["GET"]}}],"collection":[{"href":"https:\/\/oeilsportif.info\/index.php\/wp-json\/wp\/v2\/posts"}],"about":[{"href":"https:\/\/oeilsportif.info\/index.php\/wp-json\/wp\/v2\/types\/post"}],"author":[{"embeddable":true,"href":"https:\/\/oeilsportif.info\/index.php\/wp-json\/wp\/v2\/users\/2"}],"replies":[{"embeddable":true,"href":"https:\/\/oeilsportif.info\/index.php\/wp-json\/wp\/v2\/comments?post=3381"}],"version-history":[{"count":0,"href":"https:\/\/oeilsportif.info\/index.php\/wp-json\/wp\/v2\/posts\/3381\/revisions"}],"wp:featuredmedia":[{"embeddable":true,"href":"https:\/\/oeilsportif.info\/index.php\/wp-json\/wp\/v2\/media\/3383"}],"wp:attachment":[{"href":"https:\/\/oeilsportif.info\/index.php\/wp-json\/wp\/v2\/media?parent=3381"}],"wp:term":[{"taxonomy":"category","embeddable":true,"href":"https:\/\/oeilsportif.info\/index.php\/wp-json\/wp\/v2\/categories?post=3381"},{"taxonomy":"post_tag","embeddable":true,"href":"https:\/\/oeilsportif.info\/index.php\/wp-json\/wp\/v2\/tags?post=3381"}],"curies":[{"name":"wp","href":"https:\/\/api.w.org\/{rel}","templated":true}]}}