{"id":3374,"date":"2023-08-26T11:35:25","date_gmt":"2023-08-26T11:35:25","guid":{"rendered":"https:\/\/oeilsportif.info\/index.php\/?p=3374"},"modified":"2023-08-26T11:35:25","modified_gmt":"2023-08-26T11:35:25","slug":"le-hafia-fc-a-table-pour-le-petit-dejeuner-a-thies","status":"publish","type":"post","link":"https:\/\/oeilsportif.info\/index.php\/le-hafia-fc-a-table-pour-le-petit-dejeuner-a-thies\/","title":{"rendered":"Le Hafia FC \u00e0 table pour le petit d\u00e9jeuner \u00e0 Thi\u00e8s"},"content":{"rendered":"<p>A 23h les \u00ab\u00a0vert et blanc\u00a0\u00bb regagnaient l&rsquo;h\u00f4tel Khadija pour la douche et le repos de la d\u00e9l\u00e9gation du Hafia FC.<\/p>\n<p>Ce samedi matin 26 ao\u00fbt 2023 \u00e0 9h, l&rsquo;\u00e9quipe a pris son petit d\u00e9jeuner avec beaucoup de concentration avant le d\u00e9part \u00e0 18 heures pour la mise en place du match contre G\u00e9n\u00e9ration Foot comptant pour le match retour de la Ligue des Champions Africaine de Football qui est pr\u00e9vu ce dimanche 27 ao\u00fbt 2023 \u00e0 19H GMT.<\/p>\n<p><strong>Mohamed Tawel Camara<\/strong><\/p>\n","protected":false},"excerpt":{"rendered":"<p>A 23h les \u00ab\u00a0vert et blanc\u00a0\u00bb regagnaient l&rsquo;h\u00f4tel Khadija pour la douche et le repos de la d\u00e9l\u00e9gation du Hafia FC. Ce samedi matin 26 ao\u00fbt 2023 \u00e0 9h, l&rsquo;\u00e9quipe a pris son petit d\u00e9jeuner avec beaucoup de concentration avant le d\u00e9part \u00e0 18 heures pour la mise en place du match contre G\u00e9n\u00e9ration Foot [&hellip;]<\/p>\n","protected":false},"author":2,"featured_media":3376,"comment_status":"closed","ping_status":"open","sticky":false,"template":"","format":"standard","meta":{"_jetpack_memberships_contains_paid_content":false,"footnotes":"","jetpack_publicize_message":"","jetpack_publicize_feature_enabled":true,"jetpack_social_post_already_shared":true,"jetpack_social_options":{"image_generator_settings":{"template":"highway","default_image_id":0,"font":"","enabled":false},"version":2}},"categories":[10,5],"tags":[],"class_list":{"0":"post-3374","1":"post","2":"type-post","3":"status-publish","4":"format-standard","5":"has-post-thumbnail","7":"category-actualite","8":"category-football"},"yoast_head":"<!-- This site is optimized with the Yoast SEO plugin v27.5 - https:\/\/yoast.com\/product\/yoast-seo-wordpress\/ -->\n<title>Le Hafia FC \u00e0 table pour le petit d\u00e9jeuner \u00e0 Thi\u00e8s - le regard du sportif<\/title>\n<meta name=\"robots\" content=\"index, follow, max-snippet:-1, max-image-preview:large, max-video-preview:-1\" \/>\n<link rel=\"canonical\" href=\"https:\/\/oeilsportif.info\/index.php\/le-hafia-fc-a-table-pour-le-petit-dejeuner-a-thies\/\" \/>\n<meta property=\"og:locale\" content=\"fr_FR\" \/>\n<meta property=\"og:type\" content=\"article\" \/>\n<meta property=\"og:title\" content=\"Le Hafia FC \u00e0 table pour le petit d\u00e9jeuner \u00e0 Thi\u00e8s - le regard du sportif\" \/>\n<meta property=\"og:description\" content=\"A 23h les \u00ab\u00a0vert et blanc\u00a0\u00bb regagnaient l&rsquo;h\u00f4tel Khadija pour la douche et le repos de la d\u00e9l\u00e9gation du Hafia FC. Ce samedi matin 26 ao\u00fbt 2023 \u00e0 9h, l&rsquo;\u00e9quipe a pris son petit d\u00e9jeuner avec beaucoup de concentration avant le d\u00e9part \u00e0 18 heures pour la mise en place du match contre G\u00e9n\u00e9ration Foot [&hellip;]\" \/>\n<meta property=\"og:url\" content=\"https:\/\/oeilsportif.info\/index.php\/le-hafia-fc-a-table-pour-le-petit-dejeuner-a-thies\/\" \/>\n<meta property=\"og:site_name\" content=\"le regard du sportif\" \/>\n<meta property=\"article:published_time\" content=\"2023-08-26T11:35:25+00:00\" \/>\n<meta property=\"og:image\" content=\"https:\/\/oeilsportif.info\/wp-content\/uploads\/2023\/08\/Screenshot_20230826_100913_Gallery-1.jpg\" \/>\n\t<meta property=\"og:image:width\" content=\"1080\" \/>\n\t<meta property=\"og:image:height\" content=\"799\" \/>\n\t<meta property=\"og:image:type\" content=\"image\/jpeg\" \/>\n<meta name=\"author\" content=\"L&#039;Equipe de la R\u00e9daction\" \/>\n<meta name=\"twitter:label1\" content=\"\u00c9crit par\" \/>\n\t<meta name=\"twitter:data1\" content=\"L&#039;Equipe de la R\u00e9daction\" \/>\n\t<meta name=\"twitter:label2\" content=\"Dur\u00e9e de lecture estim\u00e9e\" \/>\n\t<meta name=\"twitter:data2\" content=\"1 minute\" \/>\n<script type=\"application\/ld+json\" class=\"yoast-schema-graph\">{\"@context\":\"https:\\\/\\\/schema.org\",\"@graph\":[{\"@type\":\"Article\",\"@id\":\"https:\\\/\\\/oeilsportif.info\\\/index.php\\\/le-hafia-fc-a-table-pour-le-petit-dejeuner-a-thies\\\/#article\",\"isPartOf\":{\"@id\":\"https:\\\/\\\/oeilsportif.info\\\/index.php\\\/le-hafia-fc-a-table-pour-le-petit-dejeuner-a-thies\\\/\"},\"author\":{\"name\":\"L'Equipe de la R\u00e9daction\",\"@id\":\"https:\\\/\\\/oeilsportif.info\\\/#\\\/schema\\\/person\\\/cfbded294aa6095f7d96608d7905e9a1\"},\"headline\":\"Le Hafia FC \u00e0 table pour le petit d\u00e9jeuner \u00e0 Thi\u00e8s\",\"datePublished\":\"2023-08-26T11:35:25+00:00\",\"mainEntityOfPage\":{\"@id\":\"https:\\\/\\\/oeilsportif.info\\\/index.php\\\/le-hafia-fc-a-table-pour-le-petit-dejeuner-a-thies\\\/\"},\"wordCount\":97,\"image\":{\"@id\":\"https:\\\/\\\/oeilsportif.info\\\/index.php\\\/le-hafia-fc-a-table-pour-le-petit-dejeuner-a-thies\\\/#primaryimage\"},\"thumbnailUrl\":\"https:\\\/\\\/i0.wp.com\\\/oeilsportif.info\\\/wp-content\\\/uploads\\\/2023\\\/08\\\/Screenshot_20230826_100913_Gallery-1.jpg?fit=1080%2C799&ssl=1\",\"articleSection\":[\"Actualit\u00e9\",\"Football\"],\"inLanguage\":\"fr-FR\"},{\"@type\":\"WebPage\",\"@id\":\"https:\\\/\\\/oeilsportif.info\\\/index.php\\\/le-hafia-fc-a-table-pour-le-petit-dejeuner-a-thies\\\/\",\"url\":\"https:\\\/\\\/oeilsportif.info\\\/index.php\\\/le-hafia-fc-a-table-pour-le-petit-dejeuner-a-thies\\\/\",\"name\":\"Le Hafia FC \u00e0 table pour le petit d\u00e9jeuner \u00e0 Thi\u00e8s - le regard du sportif\",\"isPartOf\":{\"@id\":\"https:\\\/\\\/oeilsportif.info\\\/#website\"},\"primaryImageOfPage\":{\"@id\":\"https:\\\/\\\/oeilsportif.info\\\/index.php\\\/le-hafia-fc-a-table-pour-le-petit-dejeuner-a-thies\\\/#primaryimage\"},\"image\":{\"@id\":\"https:\\\/\\\/oeilsportif.info\\\/index.php\\\/le-hafia-fc-a-table-pour-le-petit-dejeuner-a-thies\\\/#primaryimage\"},\"thumbnailUrl\":\"https:\\\/\\\/i0.wp.com\\\/oeilsportif.info\\\/wp-content\\\/uploads\\\/2023\\\/08\\\/Screenshot_20230826_100913_Gallery-1.jpg?fit=1080%2C799&ssl=1\",\"datePublished\":\"2023-08-26T11:35:25+00:00\",\"author\":{\"@id\":\"https:\\\/\\\/oeilsportif.info\\\/#\\\/schema\\\/person\\\/cfbded294aa6095f7d96608d7905e9a1\"},\"inLanguage\":\"fr-FR\",\"potentialAction\":[{\"@type\":\"ReadAction\",\"target\":[\"https:\\\/\\\/oeilsportif.info\\\/index.php\\\/le-hafia-fc-a-table-pour-le-petit-dejeuner-a-thies\\\/\"]}]},{\"@type\":\"ImageObject\",\"inLanguage\":\"fr-FR\",\"@id\":\"https:\\\/\\\/oeilsportif.info\\\/index.php\\\/le-hafia-fc-a-table-pour-le-petit-dejeuner-a-thies\\\/#primaryimage\",\"url\":\"https:\\\/\\\/i0.wp.com\\\/oeilsportif.info\\\/wp-content\\\/uploads\\\/2023\\\/08\\\/Screenshot_20230826_100913_Gallery-1.jpg?fit=1080%2C799&ssl=1\",\"contentUrl\":\"https:\\\/\\\/i0.wp.com\\\/oeilsportif.info\\\/wp-content\\\/uploads\\\/2023\\\/08\\\/Screenshot_20230826_100913_Gallery-1.jpg?fit=1080%2C799&ssl=1\",\"width\":1080,\"height\":799},{\"@type\":\"WebSite\",\"@id\":\"https:\\\/\\\/oeilsportif.info\\\/#website\",\"url\":\"https:\\\/\\\/oeilsportif.info\\\/\",\"name\":\"le regard du sportif\",\"description\":\"\",\"potentialAction\":[{\"@type\":\"SearchAction\",\"target\":{\"@type\":\"EntryPoint\",\"urlTemplate\":\"https:\\\/\\\/oeilsportif.info\\\/?s={search_term_string}\"},\"query-input\":{\"@type\":\"PropertyValueSpecification\",\"valueRequired\":true,\"valueName\":\"search_term_string\"}}],\"inLanguage\":\"fr-FR\"},{\"@type\":\"Person\",\"@id\":\"https:\\\/\\\/oeilsportif.info\\\/#\\\/schema\\\/person\\\/cfbded294aa6095f7d96608d7905e9a1\",\"name\":\"L'Equipe de la R\u00e9daction\",\"image\":{\"@type\":\"ImageObject\",\"inLanguage\":\"fr-FR\",\"@id\":\"https:\\\/\\\/oeilsportif.info\\\/wp-content\\\/uploads\\\/2025\\\/07\\\/cropped-cropped-logo-os-96x96.jpeg\",\"url\":\"https:\\\/\\\/oeilsportif.info\\\/wp-content\\\/uploads\\\/2025\\\/07\\\/cropped-cropped-logo-os-96x96.jpeg\",\"contentUrl\":\"https:\\\/\\\/oeilsportif.info\\\/wp-content\\\/uploads\\\/2025\\\/07\\\/cropped-cropped-logo-os-96x96.jpeg\",\"caption\":\"L'Equipe de la R\u00e9daction\"},\"url\":\"https:\\\/\\\/oeilsportif.info\\\/index.php\\\/author\\\/tawel\\\/\"}]}<\/script>\n<!-- \/ Yoast SEO plugin. -->","yoast_head_json":{"title":"Le Hafia FC \u00e0 table pour le petit d\u00e9jeuner \u00e0 Thi\u00e8s - le regard du sportif","robots":{"index":"index","follow":"follow","max-snippet":"max-snippet:-1","max-image-preview":"max-image-preview:large","max-video-preview":"max-video-preview:-1"},"canonical":"https:\/\/oeilsportif.info\/index.php\/le-hafia-fc-a-table-pour-le-petit-dejeuner-a-thies\/","og_locale":"fr_FR","og_type":"article","og_title":"Le Hafia FC \u00e0 table pour le petit d\u00e9jeuner \u00e0 Thi\u00e8s - le regard du sportif","og_description":"A 23h les \u00ab\u00a0vert et blanc\u00a0\u00bb regagnaient l&rsquo;h\u00f4tel Khadija pour la douche et le repos de la d\u00e9l\u00e9gation du Hafia FC. Ce samedi matin 26 ao\u00fbt 2023 \u00e0 9h, l&rsquo;\u00e9quipe a pris son petit d\u00e9jeuner avec beaucoup de concentration avant le d\u00e9part \u00e0 18 heures pour la mise en place du match contre G\u00e9n\u00e9ration Foot [&hellip;]","og_url":"https:\/\/oeilsportif.info\/index.php\/le-hafia-fc-a-table-pour-le-petit-dejeuner-a-thies\/","og_site_name":"le regard du sportif","article_published_time":"2023-08-26T11:35:25+00:00","og_image":[{"width":1080,"height":799,"url":"https:\/\/oeilsportif.info\/wp-content\/uploads\/2023\/08\/Screenshot_20230826_100913_Gallery-1.jpg","type":"image\/jpeg"}],"author":"L'Equipe de la R\u00e9daction","twitter_misc":{"\u00c9crit par":"L'Equipe de la R\u00e9daction","Dur\u00e9e de lecture estim\u00e9e":"1 minute"},"schema":{"@context":"https:\/\/schema.org","@graph":[{"@type":"Article","@id":"https:\/\/oeilsportif.info\/index.php\/le-hafia-fc-a-table-pour-le-petit-dejeuner-a-thies\/#article","isPartOf":{"@id":"https:\/\/oeilsportif.info\/index.php\/le-hafia-fc-a-table-pour-le-petit-dejeuner-a-thies\/"},"author":{"name":"L'Equipe de la R\u00e9daction","@id":"https:\/\/oeilsportif.info\/#\/schema\/person\/cfbded294aa6095f7d96608d7905e9a1"},"headline":"Le Hafia FC \u00e0 table pour le petit d\u00e9jeuner \u00e0 Thi\u00e8s","datePublished":"2023-08-26T11:35:25+00:00","mainEntityOfPage":{"@id":"https:\/\/oeilsportif.info\/index.php\/le-hafia-fc-a-table-pour-le-petit-dejeuner-a-thies\/"},"wordCount":97,"image":{"@id":"https:\/\/oeilsportif.info\/index.php\/le-hafia-fc-a-table-pour-le-petit-dejeuner-a-thies\/#primaryimage"},"thumbnailUrl":"https:\/\/i0.wp.com\/oeilsportif.info\/wp-content\/uploads\/2023\/08\/Screenshot_20230826_100913_Gallery-1.jpg?fit=1080%2C799&ssl=1","articleSection":["Actualit\u00e9","Football"],"inLanguage":"fr-FR"},{"@type":"WebPage","@id":"https:\/\/oeilsportif.info\/index.php\/le-hafia-fc-a-table-pour-le-petit-dejeuner-a-thies\/","url":"https:\/\/oeilsportif.info\/index.php\/le-hafia-fc-a-table-pour-le-petit-dejeuner-a-thies\/","name":"Le Hafia FC \u00e0 table pour le petit d\u00e9jeuner \u00e0 Thi\u00e8s - le regard du sportif","isPartOf":{"@id":"https:\/\/oeilsportif.info\/#website"},"primaryImageOfPage":{"@id":"https:\/\/oeilsportif.info\/index.php\/le-hafia-fc-a-table-pour-le-petit-dejeuner-a-thies\/#primaryimage"},"image":{"@id":"https:\/\/oeilsportif.info\/index.php\/le-hafia-fc-a-table-pour-le-petit-dejeuner-a-thies\/#primaryimage"},"thumbnailUrl":"https:\/\/i0.wp.com\/oeilsportif.info\/wp-content\/uploads\/2023\/08\/Screenshot_20230826_100913_Gallery-1.jpg?fit=1080%2C799&ssl=1","datePublished":"2023-08-26T11:35:25+00:00","author":{"@id":"https:\/\/oeilsportif.info\/#\/schema\/person\/cfbded294aa6095f7d96608d7905e9a1"},"inLanguage":"fr-FR","potentialAction":[{"@type":"ReadAction","target":["https:\/\/oeilsportif.info\/index.php\/le-hafia-fc-a-table-pour-le-petit-dejeuner-a-thies\/"]}]},{"@type":"ImageObject","inLanguage":"fr-FR","@id":"https:\/\/oeilsportif.info\/index.php\/le-hafia-fc-a-table-pour-le-petit-dejeuner-a-thies\/#primaryimage","url":"https:\/\/i0.wp.com\/oeilsportif.info\/wp-content\/uploads\/2023\/08\/Screenshot_20230826_100913_Gallery-1.jpg?fit=1080%2C799&ssl=1","contentUrl":"https:\/\/i0.wp.com\/oeilsportif.info\/wp-content\/uploads\/2023\/08\/Screenshot_20230826_100913_Gallery-1.jpg?fit=1080%2C799&ssl=1","width":1080,"height":799},{"@type":"WebSite","@id":"https:\/\/oeilsportif.info\/#website","url":"https:\/\/oeilsportif.info\/","name":"le regard du sportif","description":"","potentialAction":[{"@type":"SearchAction","target":{"@type":"EntryPoint","urlTemplate":"https:\/\/oeilsportif.info\/?s={search_term_string}"},"query-input":{"@type":"PropertyValueSpecification","valueRequired":true,"valueName":"search_term_string"}}],"inLanguage":"fr-FR"},{"@type":"Person","@id":"https:\/\/oeilsportif.info\/#\/schema\/person\/cfbded294aa6095f7d96608d7905e9a1","name":"L'Equipe de la R\u00e9daction","image":{"@type":"ImageObject","inLanguage":"fr-FR","@id":"https:\/\/oeilsportif.info\/wp-content\/uploads\/2025\/07\/cropped-cropped-logo-os-96x96.jpeg","url":"https:\/\/oeilsportif.info\/wp-content\/uploads\/2025\/07\/cropped-cropped-logo-os-96x96.jpeg","contentUrl":"https:\/\/oeilsportif.info\/wp-content\/uploads\/2025\/07\/cropped-cropped-logo-os-96x96.jpeg","caption":"L'Equipe de la R\u00e9daction"},"url":"https:\/\/oeilsportif.info\/index.php\/author\/tawel\/"}]}},"jetpack_publicize_connections":[],"jetpack_featured_media_url":"https:\/\/i0.wp.com\/oeilsportif.info\/wp-content\/uploads\/2023\/08\/Screenshot_20230826_100913_Gallery-1.jpg?fit=1080%2C799&ssl=1","jetpack-related-posts":[],"jetpack_sharing_enabled":true,"jetpack_likes_enabled":true,"jetpack_shortlink":"https:\/\/wp.me\/pgFE77-Sq","_links":{"self":[{"href":"https:\/\/oeilsportif.info\/index.php\/wp-json\/wp\/v2\/posts\/3374","targetHints":{"allow":["GET"]}}],"collection":[{"href":"https:\/\/oeilsportif.info\/index.php\/wp-json\/wp\/v2\/posts"}],"about":[{"href":"https:\/\/oeilsportif.info\/index.php\/wp-json\/wp\/v2\/types\/post"}],"author":[{"embeddable":true,"href":"https:\/\/oeilsportif.info\/index.php\/wp-json\/wp\/v2\/users\/2"}],"replies":[{"embeddable":true,"href":"https:\/\/oeilsportif.info\/index.php\/wp-json\/wp\/v2\/comments?post=3374"}],"version-history":[{"count":0,"href":"https:\/\/oeilsportif.info\/index.php\/wp-json\/wp\/v2\/posts\/3374\/revisions"}],"wp:featuredmedia":[{"embeddable":true,"href":"https:\/\/oeilsportif.info\/index.php\/wp-json\/wp\/v2\/media\/3376"}],"wp:attachment":[{"href":"https:\/\/oeilsportif.info\/index.php\/wp-json\/wp\/v2\/media?parent=3374"}],"wp:term":[{"taxonomy":"category","embeddable":true,"href":"https:\/\/oeilsportif.info\/index.php\/wp-json\/wp\/v2\/categories?post=3374"},{"taxonomy":"post_tag","embeddable":true,"href":"https:\/\/oeilsportif.info\/index.php\/wp-json\/wp\/v2\/tags?post=3374"}],"curies":[{"name":"wp","href":"https:\/\/api.w.org\/{rel}","templated":true}]}}