{"id":3364,"date":"2023-08-21T14:28:46","date_gmt":"2023-08-21T14:28:46","guid":{"rendered":"https:\/\/oeilsportif.info\/index.php\/?p=3364"},"modified":"2023-08-21T14:28:46","modified_gmt":"2023-08-21T14:28:46","slug":"ldc-caf-casimir-jagiello-directeur-sportif-du-hafia-fc-on-va-a-dakar-pour-la-finale-bassouare-entraineur-de-generation-foot-satisfait-du-resultat-nul-de-conakry","status":"publish","type":"post","link":"https:\/\/oeilsportif.info\/index.php\/ldc-caf-casimir-jagiello-directeur-sportif-du-hafia-fc-on-va-a-dakar-pour-la-finale-bassouare-entraineur-de-generation-foot-satisfait-du-resultat-nul-de-conakry\/","title":{"rendered":"LDC-CAF : Casimir Jagiello, Directeur Sportif du Hafia FC , On va \u00e0 Dakar pour la finale, Bassouar\u00e9, entra\u00eeneur de G\u00e9n\u00e9ration Foot satisfait du r\u00e9sultat nul de Conakry"},"content":{"rendered":"<p><strong>Le Hafia Football Club du Pr\u00e9sident KPC et celle de l\u2019\u00e9quipe s\u00e9n\u00e9galaise de G\u00e9n\u00e9ration Foot, ont fait un match nul vierge \u00e0 Conakry, ce dimanche, \u00e0 l&rsquo;occasion du match aller du premier tour pr\u00e9liminaire de la Ligue des Champions de la Conf\u00e9d\u00e9ration Africaine de Football (CAF). Apr\u00e8s le match, Casimir Jagiello, Directeur Sportif du Hafia FC s&rsquo;est dit d\u00e9\u00e7u du r\u00e9sultat \u00e0 domicile mais optimiste au match retour qui va opposer son \u00e9quipe \u00e0 G\u00e9n\u00e9ration Foot du S\u00e9n\u00e9gal, pr\u00e9vu dans une semaine \u00e0 Dakar.<\/strong><\/p>\n<p>Bassouar\u00e9 coach du G\u00e9n\u00e9ration Foot est pour sa part satisfait du r\u00e9sultat nul (0-0) du match aller \u00e0 l&rsquo;ext\u00e9rieur.<\/p>\n<p>Casimir Jagiello, DirecteurSportif du HafiaFC : <strong>\u00ab On va \u00e0 Dakar pour jouer la finale&#8230;\u00bb<\/strong><\/p>\n<p>Le contenu du match de mon \u00e9quipe n&rsquo;\u00e9tait pas mauvais. Seulement que nous avons rat\u00e9 des occasions. Et j&rsquo;ai ce regret. Mais ce n&rsquo;est pas mauvais parce que, c&rsquo;est des jeunes, et ils ont vraiment voulu gagner (&#8230;). On va \u00e0 Dakar pour jouer la finale l\u00e0-bas, et je sais que \u00e7a ne vas pas \u00eatre facile, mais je suis confiant que nous pouvons gagner \u00e0 Dakar&#8230;<\/p>\n<p><a href=\"https:\/\/i0.wp.com\/oeilsportif.info\/wp-content\/uploads\/2023\/08\/Screenshot_20230821_120234_Gallery.jpg?ssl=1\"><img data-recalc-dims=\"1\" loading=\"lazy\" decoding=\"async\" class=\"alignnone size-full wp-image-3366\" src=\"https:\/\/i0.wp.com\/oeilsportif.info\/wp-content\/uploads\/2023\/08\/Screenshot_20230821_120234_Gallery.jpg?resize=696%2C935&#038;ssl=1\" alt=\"\" width=\"696\" height=\"935\" srcset=\"https:\/\/i0.wp.com\/oeilsportif.info\/wp-content\/uploads\/2023\/08\/Screenshot_20230821_120234_Gallery.jpg?w=735&amp;ssl=1 735w, https:\/\/i0.wp.com\/oeilsportif.info\/wp-content\/uploads\/2023\/08\/Screenshot_20230821_120234_Gallery.jpg?resize=223%2C300&amp;ssl=1 223w, https:\/\/i0.wp.com\/oeilsportif.info\/wp-content\/uploads\/2023\/08\/Screenshot_20230821_120234_Gallery.jpg?resize=696%2C935&amp;ssl=1 696w, https:\/\/i0.wp.com\/oeilsportif.info\/wp-content\/uploads\/2023\/08\/Screenshot_20230821_120234_Gallery.jpg?resize=313%2C420&amp;ssl=1 313w\" sizes=\"auto, (max-width: 696px) 100vw, 696px\" \/><\/a><\/p>\n<p>Bassouar\u00e9, le coach du G\u00e9n\u00e9ration Foot : \u00ab <strong>Je suis satisfait du r\u00e9sultat&#8230;\u00bb<\/strong><\/p>\n<p>A la premi\u00e8re mi-temps, nous avons eu beaucoup d&rsquo;occasions, mais nous n&rsquo;avons pas pu les r\u00e9aliser. Ensuite nous avons une \u00e9quipe jeune. Mais quand tu viens chez le Hafia FC, et que tu retournes avec un match nul, forc\u00e9ment tu es satisfait. L\u2019autre match (le retour), \u00e7a ce sera \u00e0 Dakar. On verra comment on va l\u2019aborder (&#8230; ).<\/p>\n<p>Le vainqueur du match Hafia-G\u00e9n\u00e9ration Foot sera oppos\u00e9 au deuxi\u00e8me tour au Wydad Athletic Club de Casablanca du Maroc, finaliste malheureux de la derni\u00e8re \u00e9dition.<\/p>\n<p><strong>Mohamed Tawel Camara<\/strong><\/p>\n","protected":false},"excerpt":{"rendered":"<p>Le Hafia Football Club du Pr\u00e9sident KPC et celle de l\u2019\u00e9quipe s\u00e9n\u00e9galaise de G\u00e9n\u00e9ration Foot, ont fait un match nul vierge \u00e0 Conakry, ce dimanche, \u00e0 l&rsquo;occasion du match aller du premier tour pr\u00e9liminaire de la Ligue des Champions de la Conf\u00e9d\u00e9ration Africaine de Football (CAF). Apr\u00e8s le match, Casimir Jagiello, Directeur Sportif du Hafia [&hellip;]<\/p>\n","protected":false},"author":2,"featured_media":3365,"comment_status":"closed","ping_status":"open","sticky":false,"template":"","format":"standard","meta":{"_jetpack_memberships_contains_paid_content":false,"footnotes":"","jetpack_publicize_message":"","jetpack_publicize_feature_enabled":true,"jetpack_social_post_already_shared":true,"jetpack_social_options":{"image_generator_settings":{"template":"highway","default_image_id":0,"font":"","enabled":false},"version":2}},"categories":[10,5],"tags":[],"class_list":{"0":"post-3364","1":"post","2":"type-post","3":"status-publish","4":"format-standard","5":"has-post-thumbnail","7":"category-actualite","8":"category-football"},"yoast_head":"<!-- This site is optimized with the Yoast SEO plugin v27.5 - https:\/\/yoast.com\/product\/yoast-seo-wordpress\/ -->\n<title>LDC-CAF : Casimir Jagiello, Directeur Sportif du Hafia FC , On va \u00e0 Dakar pour la finale, Bassouar\u00e9, entra\u00eeneur de G\u00e9n\u00e9ration Foot satisfait du r\u00e9sultat nul de Conakry - le regard du sportif<\/title>\n<meta name=\"robots\" content=\"index, follow, max-snippet:-1, max-image-preview:large, max-video-preview:-1\" \/>\n<link rel=\"canonical\" href=\"https:\/\/oeilsportif.info\/index.php\/ldc-caf-casimir-jagiello-directeur-sportif-du-hafia-fc-on-va-a-dakar-pour-la-finale-bassouare-entraineur-de-generation-foot-satisfait-du-resultat-nul-de-conakry\/\" \/>\n<meta property=\"og:locale\" content=\"fr_FR\" \/>\n<meta property=\"og:type\" content=\"article\" \/>\n<meta property=\"og:title\" content=\"LDC-CAF : Casimir Jagiello, Directeur Sportif du Hafia FC , On va \u00e0 Dakar pour la finale, Bassouar\u00e9, entra\u00eeneur de G\u00e9n\u00e9ration Foot satisfait du r\u00e9sultat nul de Conakry - le regard du sportif\" \/>\n<meta property=\"og:description\" content=\"Le Hafia Football Club du Pr\u00e9sident KPC et celle de l\u2019\u00e9quipe s\u00e9n\u00e9galaise de G\u00e9n\u00e9ration Foot, ont fait un match nul vierge \u00e0 Conakry, ce dimanche, \u00e0 l&rsquo;occasion du match aller du premier tour pr\u00e9liminaire de la Ligue des Champions de la Conf\u00e9d\u00e9ration Africaine de Football (CAF). Apr\u00e8s le match, Casimir Jagiello, Directeur Sportif du Hafia [&hellip;]\" \/>\n<meta property=\"og:url\" content=\"https:\/\/oeilsportif.info\/index.php\/ldc-caf-casimir-jagiello-directeur-sportif-du-hafia-fc-on-va-a-dakar-pour-la-finale-bassouare-entraineur-de-generation-foot-satisfait-du-resultat-nul-de-conakry\/\" \/>\n<meta property=\"og:site_name\" content=\"le regard du sportif\" \/>\n<meta property=\"article:published_time\" content=\"2023-08-21T14:28:46+00:00\" \/>\n<meta property=\"og:image\" content=\"https:\/\/oeilsportif.info\/wp-content\/uploads\/2023\/08\/Screenshot_20230821_120158_Gallery.jpg\" \/>\n\t<meta property=\"og:image:width\" content=\"1080\" \/>\n\t<meta property=\"og:image:height\" content=\"1159\" \/>\n\t<meta property=\"og:image:type\" content=\"image\/jpeg\" \/>\n<meta name=\"author\" content=\"L&#039;Equipe de la R\u00e9daction\" \/>\n<meta name=\"twitter:label1\" content=\"\u00c9crit par\" \/>\n\t<meta name=\"twitter:data1\" content=\"L&#039;Equipe de la R\u00e9daction\" \/>\n\t<meta name=\"twitter:label2\" content=\"Dur\u00e9e de lecture estim\u00e9e\" \/>\n\t<meta name=\"twitter:data2\" content=\"2 minutes\" \/>\n<script type=\"application\/ld+json\" class=\"yoast-schema-graph\">{\"@context\":\"https:\\\/\\\/schema.org\",\"@graph\":[{\"@type\":\"Article\",\"@id\":\"https:\\\/\\\/oeilsportif.info\\\/index.php\\\/ldc-caf-casimir-jagiello-directeur-sportif-du-hafia-fc-on-va-a-dakar-pour-la-finale-bassouare-entraineur-de-generation-foot-satisfait-du-resultat-nul-de-conakry\\\/#article\",\"isPartOf\":{\"@id\":\"https:\\\/\\\/oeilsportif.info\\\/index.php\\\/ldc-caf-casimir-jagiello-directeur-sportif-du-hafia-fc-on-va-a-dakar-pour-la-finale-bassouare-entraineur-de-generation-foot-satisfait-du-resultat-nul-de-conakry\\\/\"},\"author\":{\"name\":\"L'Equipe de la R\u00e9daction\",\"@id\":\"https:\\\/\\\/oeilsportif.info\\\/#\\\/schema\\\/person\\\/cfbded294aa6095f7d96608d7905e9a1\"},\"headline\":\"LDC-CAF : Casimir Jagiello, Directeur Sportif du Hafia FC , On va \u00e0 Dakar pour la finale, Bassouar\u00e9, entra\u00eeneur de G\u00e9n\u00e9ration Foot satisfait du r\u00e9sultat nul de Conakry\",\"datePublished\":\"2023-08-21T14:28:46+00:00\",\"mainEntityOfPage\":{\"@id\":\"https:\\\/\\\/oeilsportif.info\\\/index.php\\\/ldc-caf-casimir-jagiello-directeur-sportif-du-hafia-fc-on-va-a-dakar-pour-la-finale-bassouare-entraineur-de-generation-foot-satisfait-du-resultat-nul-de-conakry\\\/\"},\"wordCount\":340,\"image\":{\"@id\":\"https:\\\/\\\/oeilsportif.info\\\/index.php\\\/ldc-caf-casimir-jagiello-directeur-sportif-du-hafia-fc-on-va-a-dakar-pour-la-finale-bassouare-entraineur-de-generation-foot-satisfait-du-resultat-nul-de-conakry\\\/#primaryimage\"},\"thumbnailUrl\":\"https:\\\/\\\/i0.wp.com\\\/oeilsportif.info\\\/wp-content\\\/uploads\\\/2023\\\/08\\\/Screenshot_20230821_120158_Gallery.jpg?fit=1080%2C1159&ssl=1\",\"articleSection\":[\"Actualit\u00e9\",\"Football\"],\"inLanguage\":\"fr-FR\"},{\"@type\":\"WebPage\",\"@id\":\"https:\\\/\\\/oeilsportif.info\\\/index.php\\\/ldc-caf-casimir-jagiello-directeur-sportif-du-hafia-fc-on-va-a-dakar-pour-la-finale-bassouare-entraineur-de-generation-foot-satisfait-du-resultat-nul-de-conakry\\\/\",\"url\":\"https:\\\/\\\/oeilsportif.info\\\/index.php\\\/ldc-caf-casimir-jagiello-directeur-sportif-du-hafia-fc-on-va-a-dakar-pour-la-finale-bassouare-entraineur-de-generation-foot-satisfait-du-resultat-nul-de-conakry\\\/\",\"name\":\"LDC-CAF : Casimir Jagiello, Directeur Sportif du Hafia FC , On va \u00e0 Dakar pour la finale, Bassouar\u00e9, entra\u00eeneur de G\u00e9n\u00e9ration Foot satisfait du r\u00e9sultat nul de Conakry - le regard du sportif\",\"isPartOf\":{\"@id\":\"https:\\\/\\\/oeilsportif.info\\\/#website\"},\"primaryImageOfPage\":{\"@id\":\"https:\\\/\\\/oeilsportif.info\\\/index.php\\\/ldc-caf-casimir-jagiello-directeur-sportif-du-hafia-fc-on-va-a-dakar-pour-la-finale-bassouare-entraineur-de-generation-foot-satisfait-du-resultat-nul-de-conakry\\\/#primaryimage\"},\"image\":{\"@id\":\"https:\\\/\\\/oeilsportif.info\\\/index.php\\\/ldc-caf-casimir-jagiello-directeur-sportif-du-hafia-fc-on-va-a-dakar-pour-la-finale-bassouare-entraineur-de-generation-foot-satisfait-du-resultat-nul-de-conakry\\\/#primaryimage\"},\"thumbnailUrl\":\"https:\\\/\\\/i0.wp.com\\\/oeilsportif.info\\\/wp-content\\\/uploads\\\/2023\\\/08\\\/Screenshot_20230821_120158_Gallery.jpg?fit=1080%2C1159&ssl=1\",\"datePublished\":\"2023-08-21T14:28:46+00:00\",\"author\":{\"@id\":\"https:\\\/\\\/oeilsportif.info\\\/#\\\/schema\\\/person\\\/cfbded294aa6095f7d96608d7905e9a1\"},\"inLanguage\":\"fr-FR\",\"potentialAction\":[{\"@type\":\"ReadAction\",\"target\":[\"https:\\\/\\\/oeilsportif.info\\\/index.php\\\/ldc-caf-casimir-jagiello-directeur-sportif-du-hafia-fc-on-va-a-dakar-pour-la-finale-bassouare-entraineur-de-generation-foot-satisfait-du-resultat-nul-de-conakry\\\/\"]}]},{\"@type\":\"ImageObject\",\"inLanguage\":\"fr-FR\",\"@id\":\"https:\\\/\\\/oeilsportif.info\\\/index.php\\\/ldc-caf-casimir-jagiello-directeur-sportif-du-hafia-fc-on-va-a-dakar-pour-la-finale-bassouare-entraineur-de-generation-foot-satisfait-du-resultat-nul-de-conakry\\\/#primaryimage\",\"url\":\"https:\\\/\\\/i0.wp.com\\\/oeilsportif.info\\\/wp-content\\\/uploads\\\/2023\\\/08\\\/Screenshot_20230821_120158_Gallery.jpg?fit=1080%2C1159&ssl=1\",\"contentUrl\":\"https:\\\/\\\/i0.wp.com\\\/oeilsportif.info\\\/wp-content\\\/uploads\\\/2023\\\/08\\\/Screenshot_20230821_120158_Gallery.jpg?fit=1080%2C1159&ssl=1\",\"width\":1080,\"height\":1159},{\"@type\":\"WebSite\",\"@id\":\"https:\\\/\\\/oeilsportif.info\\\/#website\",\"url\":\"https:\\\/\\\/oeilsportif.info\\\/\",\"name\":\"le regard du sportif\",\"description\":\"\",\"potentialAction\":[{\"@type\":\"SearchAction\",\"target\":{\"@type\":\"EntryPoint\",\"urlTemplate\":\"https:\\\/\\\/oeilsportif.info\\\/?s={search_term_string}\"},\"query-input\":{\"@type\":\"PropertyValueSpecification\",\"valueRequired\":true,\"valueName\":\"search_term_string\"}}],\"inLanguage\":\"fr-FR\"},{\"@type\":\"Person\",\"@id\":\"https:\\\/\\\/oeilsportif.info\\\/#\\\/schema\\\/person\\\/cfbded294aa6095f7d96608d7905e9a1\",\"name\":\"L'Equipe de la R\u00e9daction\",\"image\":{\"@type\":\"ImageObject\",\"inLanguage\":\"fr-FR\",\"@id\":\"https:\\\/\\\/oeilsportif.info\\\/wp-content\\\/uploads\\\/2025\\\/07\\\/cropped-cropped-logo-os-96x96.jpeg\",\"url\":\"https:\\\/\\\/oeilsportif.info\\\/wp-content\\\/uploads\\\/2025\\\/07\\\/cropped-cropped-logo-os-96x96.jpeg\",\"contentUrl\":\"https:\\\/\\\/oeilsportif.info\\\/wp-content\\\/uploads\\\/2025\\\/07\\\/cropped-cropped-logo-os-96x96.jpeg\",\"caption\":\"L'Equipe de la R\u00e9daction\"},\"url\":\"https:\\\/\\\/oeilsportif.info\\\/index.php\\\/author\\\/tawel\\\/\"}]}<\/script>\n<!-- \/ Yoast SEO plugin. -->","yoast_head_json":{"title":"LDC-CAF : Casimir Jagiello, Directeur Sportif du Hafia FC , On va \u00e0 Dakar pour la finale, Bassouar\u00e9, entra\u00eeneur de G\u00e9n\u00e9ration Foot satisfait du r\u00e9sultat nul de Conakry - le regard du sportif","robots":{"index":"index","follow":"follow","max-snippet":"max-snippet:-1","max-image-preview":"max-image-preview:large","max-video-preview":"max-video-preview:-1"},"canonical":"https:\/\/oeilsportif.info\/index.php\/ldc-caf-casimir-jagiello-directeur-sportif-du-hafia-fc-on-va-a-dakar-pour-la-finale-bassouare-entraineur-de-generation-foot-satisfait-du-resultat-nul-de-conakry\/","og_locale":"fr_FR","og_type":"article","og_title":"LDC-CAF : Casimir Jagiello, Directeur Sportif du Hafia FC , On va \u00e0 Dakar pour la finale, Bassouar\u00e9, entra\u00eeneur de G\u00e9n\u00e9ration Foot satisfait du r\u00e9sultat nul de Conakry - le regard du sportif","og_description":"Le Hafia Football Club du Pr\u00e9sident KPC et celle de l\u2019\u00e9quipe s\u00e9n\u00e9galaise de G\u00e9n\u00e9ration Foot, ont fait un match nul vierge \u00e0 Conakry, ce dimanche, \u00e0 l&rsquo;occasion du match aller du premier tour pr\u00e9liminaire de la Ligue des Champions de la Conf\u00e9d\u00e9ration Africaine de Football (CAF). Apr\u00e8s le match, Casimir Jagiello, Directeur Sportif du Hafia [&hellip;]","og_url":"https:\/\/oeilsportif.info\/index.php\/ldc-caf-casimir-jagiello-directeur-sportif-du-hafia-fc-on-va-a-dakar-pour-la-finale-bassouare-entraineur-de-generation-foot-satisfait-du-resultat-nul-de-conakry\/","og_site_name":"le regard du sportif","article_published_time":"2023-08-21T14:28:46+00:00","og_image":[{"width":1080,"height":1159,"url":"https:\/\/oeilsportif.info\/wp-content\/uploads\/2023\/08\/Screenshot_20230821_120158_Gallery.jpg","type":"image\/jpeg"}],"author":"L'Equipe de la R\u00e9daction","twitter_misc":{"\u00c9crit par":"L'Equipe de la R\u00e9daction","Dur\u00e9e de lecture estim\u00e9e":"2 minutes"},"schema":{"@context":"https:\/\/schema.org","@graph":[{"@type":"Article","@id":"https:\/\/oeilsportif.info\/index.php\/ldc-caf-casimir-jagiello-directeur-sportif-du-hafia-fc-on-va-a-dakar-pour-la-finale-bassouare-entraineur-de-generation-foot-satisfait-du-resultat-nul-de-conakry\/#article","isPartOf":{"@id":"https:\/\/oeilsportif.info\/index.php\/ldc-caf-casimir-jagiello-directeur-sportif-du-hafia-fc-on-va-a-dakar-pour-la-finale-bassouare-entraineur-de-generation-foot-satisfait-du-resultat-nul-de-conakry\/"},"author":{"name":"L'Equipe de la R\u00e9daction","@id":"https:\/\/oeilsportif.info\/#\/schema\/person\/cfbded294aa6095f7d96608d7905e9a1"},"headline":"LDC-CAF : Casimir Jagiello, Directeur Sportif du Hafia FC , On va \u00e0 Dakar pour la finale, Bassouar\u00e9, entra\u00eeneur de G\u00e9n\u00e9ration Foot satisfait du r\u00e9sultat nul de Conakry","datePublished":"2023-08-21T14:28:46+00:00","mainEntityOfPage":{"@id":"https:\/\/oeilsportif.info\/index.php\/ldc-caf-casimir-jagiello-directeur-sportif-du-hafia-fc-on-va-a-dakar-pour-la-finale-bassouare-entraineur-de-generation-foot-satisfait-du-resultat-nul-de-conakry\/"},"wordCount":340,"image":{"@id":"https:\/\/oeilsportif.info\/index.php\/ldc-caf-casimir-jagiello-directeur-sportif-du-hafia-fc-on-va-a-dakar-pour-la-finale-bassouare-entraineur-de-generation-foot-satisfait-du-resultat-nul-de-conakry\/#primaryimage"},"thumbnailUrl":"https:\/\/i0.wp.com\/oeilsportif.info\/wp-content\/uploads\/2023\/08\/Screenshot_20230821_120158_Gallery.jpg?fit=1080%2C1159&ssl=1","articleSection":["Actualit\u00e9","Football"],"inLanguage":"fr-FR"},{"@type":"WebPage","@id":"https:\/\/oeilsportif.info\/index.php\/ldc-caf-casimir-jagiello-directeur-sportif-du-hafia-fc-on-va-a-dakar-pour-la-finale-bassouare-entraineur-de-generation-foot-satisfait-du-resultat-nul-de-conakry\/","url":"https:\/\/oeilsportif.info\/index.php\/ldc-caf-casimir-jagiello-directeur-sportif-du-hafia-fc-on-va-a-dakar-pour-la-finale-bassouare-entraineur-de-generation-foot-satisfait-du-resultat-nul-de-conakry\/","name":"LDC-CAF : Casimir Jagiello, Directeur Sportif du Hafia FC , On va \u00e0 Dakar pour la finale, Bassouar\u00e9, entra\u00eeneur de G\u00e9n\u00e9ration Foot satisfait du r\u00e9sultat nul de Conakry - le regard du sportif","isPartOf":{"@id":"https:\/\/oeilsportif.info\/#website"},"primaryImageOfPage":{"@id":"https:\/\/oeilsportif.info\/index.php\/ldc-caf-casimir-jagiello-directeur-sportif-du-hafia-fc-on-va-a-dakar-pour-la-finale-bassouare-entraineur-de-generation-foot-satisfait-du-resultat-nul-de-conakry\/#primaryimage"},"image":{"@id":"https:\/\/oeilsportif.info\/index.php\/ldc-caf-casimir-jagiello-directeur-sportif-du-hafia-fc-on-va-a-dakar-pour-la-finale-bassouare-entraineur-de-generation-foot-satisfait-du-resultat-nul-de-conakry\/#primaryimage"},"thumbnailUrl":"https:\/\/i0.wp.com\/oeilsportif.info\/wp-content\/uploads\/2023\/08\/Screenshot_20230821_120158_Gallery.jpg?fit=1080%2C1159&ssl=1","datePublished":"2023-08-21T14:28:46+00:00","author":{"@id":"https:\/\/oeilsportif.info\/#\/schema\/person\/cfbded294aa6095f7d96608d7905e9a1"},"inLanguage":"fr-FR","potentialAction":[{"@type":"ReadAction","target":["https:\/\/oeilsportif.info\/index.php\/ldc-caf-casimir-jagiello-directeur-sportif-du-hafia-fc-on-va-a-dakar-pour-la-finale-bassouare-entraineur-de-generation-foot-satisfait-du-resultat-nul-de-conakry\/"]}]},{"@type":"ImageObject","inLanguage":"fr-FR","@id":"https:\/\/oeilsportif.info\/index.php\/ldc-caf-casimir-jagiello-directeur-sportif-du-hafia-fc-on-va-a-dakar-pour-la-finale-bassouare-entraineur-de-generation-foot-satisfait-du-resultat-nul-de-conakry\/#primaryimage","url":"https:\/\/i0.wp.com\/oeilsportif.info\/wp-content\/uploads\/2023\/08\/Screenshot_20230821_120158_Gallery.jpg?fit=1080%2C1159&ssl=1","contentUrl":"https:\/\/i0.wp.com\/oeilsportif.info\/wp-content\/uploads\/2023\/08\/Screenshot_20230821_120158_Gallery.jpg?fit=1080%2C1159&ssl=1","width":1080,"height":1159},{"@type":"WebSite","@id":"https:\/\/oeilsportif.info\/#website","url":"https:\/\/oeilsportif.info\/","name":"le regard du sportif","description":"","potentialAction":[{"@type":"SearchAction","target":{"@type":"EntryPoint","urlTemplate":"https:\/\/oeilsportif.info\/?s={search_term_string}"},"query-input":{"@type":"PropertyValueSpecification","valueRequired":true,"valueName":"search_term_string"}}],"inLanguage":"fr-FR"},{"@type":"Person","@id":"https:\/\/oeilsportif.info\/#\/schema\/person\/cfbded294aa6095f7d96608d7905e9a1","name":"L'Equipe de la R\u00e9daction","image":{"@type":"ImageObject","inLanguage":"fr-FR","@id":"https:\/\/oeilsportif.info\/wp-content\/uploads\/2025\/07\/cropped-cropped-logo-os-96x96.jpeg","url":"https:\/\/oeilsportif.info\/wp-content\/uploads\/2025\/07\/cropped-cropped-logo-os-96x96.jpeg","contentUrl":"https:\/\/oeilsportif.info\/wp-content\/uploads\/2025\/07\/cropped-cropped-logo-os-96x96.jpeg","caption":"L'Equipe de la R\u00e9daction"},"url":"https:\/\/oeilsportif.info\/index.php\/author\/tawel\/"}]}},"jetpack_publicize_connections":[],"jetpack_featured_media_url":"https:\/\/i0.wp.com\/oeilsportif.info\/wp-content\/uploads\/2023\/08\/Screenshot_20230821_120158_Gallery.jpg?fit=1080%2C1159&ssl=1","jetpack-related-posts":[],"jetpack_sharing_enabled":true,"jetpack_likes_enabled":true,"jetpack_shortlink":"https:\/\/wp.me\/pgFE77-Sg","_links":{"self":[{"href":"https:\/\/oeilsportif.info\/index.php\/wp-json\/wp\/v2\/posts\/3364","targetHints":{"allow":["GET"]}}],"collection":[{"href":"https:\/\/oeilsportif.info\/index.php\/wp-json\/wp\/v2\/posts"}],"about":[{"href":"https:\/\/oeilsportif.info\/index.php\/wp-json\/wp\/v2\/types\/post"}],"author":[{"embeddable":true,"href":"https:\/\/oeilsportif.info\/index.php\/wp-json\/wp\/v2\/users\/2"}],"replies":[{"embeddable":true,"href":"https:\/\/oeilsportif.info\/index.php\/wp-json\/wp\/v2\/comments?post=3364"}],"version-history":[{"count":0,"href":"https:\/\/oeilsportif.info\/index.php\/wp-json\/wp\/v2\/posts\/3364\/revisions"}],"wp:featuredmedia":[{"embeddable":true,"href":"https:\/\/oeilsportif.info\/index.php\/wp-json\/wp\/v2\/media\/3365"}],"wp:attachment":[{"href":"https:\/\/oeilsportif.info\/index.php\/wp-json\/wp\/v2\/media?parent=3364"}],"wp:term":[{"taxonomy":"category","embeddable":true,"href":"https:\/\/oeilsportif.info\/index.php\/wp-json\/wp\/v2\/categories?post=3364"},{"taxonomy":"post_tag","embeddable":true,"href":"https:\/\/oeilsportif.info\/index.php\/wp-json\/wp\/v2\/tags?post=3364"}],"curies":[{"name":"wp","href":"https:\/\/api.w.org\/{rel}","templated":true}]}}