{"id":3361,"date":"2023-08-21T08:06:22","date_gmt":"2023-08-21T08:06:22","guid":{"rendered":"https:\/\/oeilsportif.info\/index.php\/?p=3361"},"modified":"2023-08-21T08:06:22","modified_gmt":"2023-08-21T08:06:22","slug":"a-sidney-la-presidente-madame-mariama-diallo-sy-participe-a-la-convention-sur-le-football-feminin","status":"publish","type":"post","link":"https:\/\/oeilsportif.info\/index.php\/a-sidney-la-presidente-madame-mariama-diallo-sy-participe-a-la-convention-sur-le-football-feminin\/","title":{"rendered":"A SIDNEY, LA PR\u00c9SIDENTE MADAME MARIAMA DIALLO SY PARTICIPE \u00c0 LA CONVENTION SUR LE FOOTBALL F\u00c9MININ"},"content":{"rendered":"<p><strong>La Pr\u00e9sidente du Comit\u00e9 de Normalisation de la F\u00e9d\u00e9ration Guin\u00e9enne de Football s\u00e9journe actuellement en Australie. Elle a particip\u00e9 ce jeudi \u00e0 la convention sur le football f\u00e9minin, organis\u00e9e par la FIFA.<\/strong><\/p>\n<p>Le monde du football a les yeux riv\u00e9s sur l\u2019Australie et la Nouvelle-Z\u00e9lande qui abritent la 9<sup>e<\/sup>\u00a0\u00e9dition de la coupe du monde f\u00e9minine de football. A quelques jours de la finale qui oppose l\u2019Espagne \u00e0 l\u2019Angleterre, la FIFA en partenariat avec les Nations Unies, a r\u00e9uni plusieurs responsables en marge d\u2019une convention sur le football f\u00e9minin.<\/p>\n<p>La Pr\u00e9sidente Madame Mariama Diallo Sy a particip\u00e9 \u00e0 cette session ax\u00e9e sur le d\u00e9veloppement et la promotion du leadership et l\u2019autonomisation des femmes dans le monde. \u00c9galement membre de l\u2019African Women Leaders Network (AWLIN) dont elle est la pr\u00e9sidente du chapitre Guin\u00e9e, la patronne du CONOR-FGF a \u00e9t\u00e9 honor\u00e9e de se retrouver entour\u00e9e des patrons du football mondial dont la secr\u00e9taire g\u00e9n\u00e9rale de la FIFA, Fatma Samoura, pour discuter des questions essentielles li\u00e9es au genre. Ce, \u00e0 l\u2019heure o\u00f9 le football f\u00e9minin conna\u00eet un envol remarquable marqu\u00e9 par le succ\u00e8s de l\u2019\u00e9dition australo-n\u00e9oz\u00e9landaise de la coupe du monde f\u00e9minine.<\/p>\n<p>Madame Mariama Diallo Sy assistera aux deux derniers matchs du tournoi mondial. La Su\u00e8de affronte samedi 19 ao\u00fbt 2023 l\u2019Australie en match pour la troisi\u00e8me place et l\u2019Espagne sera oppos\u00e9e \u00e0 l\u2019Angleterre \u00e0 l\u2019occasion de la finale le dimanche 20 ao\u00fbt 2023 au Stadium Australia.<\/p>\n<p><img data-recalc-dims=\"1\" loading=\"lazy\" decoding=\"async\" class=\"aligncenter size-full wp-image-7354\" src=\"https:\/\/i0.wp.com\/www.feguifoot.com\/wp-content\/uploads\/2023\/08\/733ea633-99bf-45a6-9621-7ba17305239a-2.jpg?resize=696%2C504&#038;ssl=1\" alt=\"\" width=\"696\" height=\"504\" \/><\/p>\n<p><img data-recalc-dims=\"1\" loading=\"lazy\" decoding=\"async\" class=\"aligncenter size-full wp-image-7355\" src=\"https:\/\/i0.wp.com\/www.feguifoot.com\/wp-content\/uploads\/2023\/08\/f91d26aa-aa40-4337-8660-4b7409b00adc.jpg?resize=696%2C522&#038;ssl=1\" alt=\"\" width=\"696\" height=\"522\" \/><\/p>\n<p><img data-recalc-dims=\"1\" loading=\"lazy\" decoding=\"async\" class=\"aligncenter size-full wp-image-7356\" src=\"https:\/\/i0.wp.com\/www.feguifoot.com\/wp-content\/uploads\/2023\/08\/1c40fe4f-d0a1-4ddd-a90f-5c5a16a5afa5.jpg?resize=696%2C740&#038;ssl=1\" alt=\"\" width=\"696\" height=\"740\" \/><\/p>\n<p>Source : F\u00e9guifoot<\/p>\n","protected":false},"excerpt":{"rendered":"<p>La Pr\u00e9sidente du Comit\u00e9 de Normalisation de la F\u00e9d\u00e9ration Guin\u00e9enne de Football s\u00e9journe actuellement en Australie. Elle a particip\u00e9 ce jeudi \u00e0 la convention sur le football f\u00e9minin, organis\u00e9e par la FIFA. Le monde du football a les yeux riv\u00e9s sur l\u2019Australie et la Nouvelle-Z\u00e9lande qui abritent la 9e\u00a0\u00e9dition de la coupe du monde f\u00e9minine [&hellip;]<\/p>\n","protected":false},"author":2,"featured_media":3362,"comment_status":"closed","ping_status":"open","sticky":false,"template":"","format":"standard","meta":{"_jetpack_memberships_contains_paid_content":false,"footnotes":"","jetpack_publicize_message":"","jetpack_publicize_feature_enabled":true,"jetpack_social_post_already_shared":true,"jetpack_social_options":{"image_generator_settings":{"template":"highway","default_image_id":0,"font":"","enabled":false},"version":2}},"categories":[10,5],"tags":[],"class_list":{"0":"post-3361","1":"post","2":"type-post","3":"status-publish","4":"format-standard","5":"has-post-thumbnail","7":"category-actualite","8":"category-football"},"yoast_head":"<!-- This site is optimized with the Yoast SEO plugin v27.5 - https:\/\/yoast.com\/product\/yoast-seo-wordpress\/ -->\n<title>A SIDNEY, LA PR\u00c9SIDENTE MADAME MARIAMA DIALLO SY PARTICIPE \u00c0 LA CONVENTION SUR LE FOOTBALL F\u00c9MININ - le regard du sportif<\/title>\n<meta name=\"robots\" content=\"index, follow, max-snippet:-1, max-image-preview:large, max-video-preview:-1\" \/>\n<link rel=\"canonical\" href=\"https:\/\/oeilsportif.info\/index.php\/a-sidney-la-presidente-madame-mariama-diallo-sy-participe-a-la-convention-sur-le-football-feminin\/\" \/>\n<meta property=\"og:locale\" content=\"fr_FR\" \/>\n<meta property=\"og:type\" content=\"article\" \/>\n<meta property=\"og:title\" content=\"A SIDNEY, LA PR\u00c9SIDENTE MADAME MARIAMA DIALLO SY PARTICIPE \u00c0 LA CONVENTION SUR LE FOOTBALL F\u00c9MININ - le regard du sportif\" \/>\n<meta property=\"og:description\" content=\"La Pr\u00e9sidente du Comit\u00e9 de Normalisation de la F\u00e9d\u00e9ration Guin\u00e9enne de Football s\u00e9journe actuellement en Australie. Elle a particip\u00e9 ce jeudi \u00e0 la convention sur le football f\u00e9minin, organis\u00e9e par la FIFA. Le monde du football a les yeux riv\u00e9s sur l\u2019Australie et la Nouvelle-Z\u00e9lande qui abritent la 9e\u00a0\u00e9dition de la coupe du monde f\u00e9minine [&hellip;]\" \/>\n<meta property=\"og:url\" content=\"https:\/\/oeilsportif.info\/index.php\/a-sidney-la-presidente-madame-mariama-diallo-sy-participe-a-la-convention-sur-le-football-feminin\/\" \/>\n<meta property=\"og:site_name\" content=\"le regard du sportif\" \/>\n<meta property=\"article:published_time\" content=\"2023-08-21T08:06:22+00:00\" \/>\n<meta property=\"og:image\" content=\"https:\/\/oeilsportif.info\/wp-content\/uploads\/2023\/08\/Screenshot_20230821_080425_Facebook.jpg\" \/>\n\t<meta property=\"og:image:width\" content=\"962\" \/>\n\t<meta property=\"og:image:height\" content=\"500\" \/>\n\t<meta property=\"og:image:type\" content=\"image\/jpeg\" \/>\n<meta name=\"author\" content=\"L&#039;Equipe de la R\u00e9daction\" \/>\n<meta name=\"twitter:label1\" content=\"\u00c9crit par\" \/>\n\t<meta name=\"twitter:data1\" content=\"L&#039;Equipe de la R\u00e9daction\" \/>\n\t<meta name=\"twitter:label2\" content=\"Dur\u00e9e de lecture estim\u00e9e\" \/>\n\t<meta name=\"twitter:data2\" content=\"2 minutes\" \/>\n<script type=\"application\/ld+json\" class=\"yoast-schema-graph\">{\"@context\":\"https:\\\/\\\/schema.org\",\"@graph\":[{\"@type\":\"Article\",\"@id\":\"https:\\\/\\\/oeilsportif.info\\\/index.php\\\/a-sidney-la-presidente-madame-mariama-diallo-sy-participe-a-la-convention-sur-le-football-feminin\\\/#article\",\"isPartOf\":{\"@id\":\"https:\\\/\\\/oeilsportif.info\\\/index.php\\\/a-sidney-la-presidente-madame-mariama-diallo-sy-participe-a-la-convention-sur-le-football-feminin\\\/\"},\"author\":{\"name\":\"L'Equipe de la R\u00e9daction\",\"@id\":\"https:\\\/\\\/oeilsportif.info\\\/#\\\/schema\\\/person\\\/cfbded294aa6095f7d96608d7905e9a1\"},\"headline\":\"A SIDNEY, LA PR\u00c9SIDENTE MADAME MARIAMA DIALLO SY PARTICIPE \u00c0 LA CONVENTION SUR LE FOOTBALL F\u00c9MININ\",\"datePublished\":\"2023-08-21T08:06:22+00:00\",\"mainEntityOfPage\":{\"@id\":\"https:\\\/\\\/oeilsportif.info\\\/index.php\\\/a-sidney-la-presidente-madame-mariama-diallo-sy-participe-a-la-convention-sur-le-football-feminin\\\/\"},\"wordCount\":290,\"image\":{\"@id\":\"https:\\\/\\\/oeilsportif.info\\\/index.php\\\/a-sidney-la-presidente-madame-mariama-diallo-sy-participe-a-la-convention-sur-le-football-feminin\\\/#primaryimage\"},\"thumbnailUrl\":\"https:\\\/\\\/i0.wp.com\\\/oeilsportif.info\\\/wp-content\\\/uploads\\\/2023\\\/08\\\/Screenshot_20230821_080425_Facebook.jpg?fit=962%2C500&ssl=1\",\"articleSection\":[\"Actualit\u00e9\",\"Football\"],\"inLanguage\":\"fr-FR\"},{\"@type\":\"WebPage\",\"@id\":\"https:\\\/\\\/oeilsportif.info\\\/index.php\\\/a-sidney-la-presidente-madame-mariama-diallo-sy-participe-a-la-convention-sur-le-football-feminin\\\/\",\"url\":\"https:\\\/\\\/oeilsportif.info\\\/index.php\\\/a-sidney-la-presidente-madame-mariama-diallo-sy-participe-a-la-convention-sur-le-football-feminin\\\/\",\"name\":\"A SIDNEY, LA PR\u00c9SIDENTE MADAME MARIAMA DIALLO SY PARTICIPE \u00c0 LA CONVENTION SUR LE FOOTBALL F\u00c9MININ - le regard du sportif\",\"isPartOf\":{\"@id\":\"https:\\\/\\\/oeilsportif.info\\\/#website\"},\"primaryImageOfPage\":{\"@id\":\"https:\\\/\\\/oeilsportif.info\\\/index.php\\\/a-sidney-la-presidente-madame-mariama-diallo-sy-participe-a-la-convention-sur-le-football-feminin\\\/#primaryimage\"},\"image\":{\"@id\":\"https:\\\/\\\/oeilsportif.info\\\/index.php\\\/a-sidney-la-presidente-madame-mariama-diallo-sy-participe-a-la-convention-sur-le-football-feminin\\\/#primaryimage\"},\"thumbnailUrl\":\"https:\\\/\\\/i0.wp.com\\\/oeilsportif.info\\\/wp-content\\\/uploads\\\/2023\\\/08\\\/Screenshot_20230821_080425_Facebook.jpg?fit=962%2C500&ssl=1\",\"datePublished\":\"2023-08-21T08:06:22+00:00\",\"author\":{\"@id\":\"https:\\\/\\\/oeilsportif.info\\\/#\\\/schema\\\/person\\\/cfbded294aa6095f7d96608d7905e9a1\"},\"inLanguage\":\"fr-FR\",\"potentialAction\":[{\"@type\":\"ReadAction\",\"target\":[\"https:\\\/\\\/oeilsportif.info\\\/index.php\\\/a-sidney-la-presidente-madame-mariama-diallo-sy-participe-a-la-convention-sur-le-football-feminin\\\/\"]}]},{\"@type\":\"ImageObject\",\"inLanguage\":\"fr-FR\",\"@id\":\"https:\\\/\\\/oeilsportif.info\\\/index.php\\\/a-sidney-la-presidente-madame-mariama-diallo-sy-participe-a-la-convention-sur-le-football-feminin\\\/#primaryimage\",\"url\":\"https:\\\/\\\/i0.wp.com\\\/oeilsportif.info\\\/wp-content\\\/uploads\\\/2023\\\/08\\\/Screenshot_20230821_080425_Facebook.jpg?fit=962%2C500&ssl=1\",\"contentUrl\":\"https:\\\/\\\/i0.wp.com\\\/oeilsportif.info\\\/wp-content\\\/uploads\\\/2023\\\/08\\\/Screenshot_20230821_080425_Facebook.jpg?fit=962%2C500&ssl=1\",\"width\":962,\"height\":500},{\"@type\":\"WebSite\",\"@id\":\"https:\\\/\\\/oeilsportif.info\\\/#website\",\"url\":\"https:\\\/\\\/oeilsportif.info\\\/\",\"name\":\"le regard du sportif\",\"description\":\"\",\"potentialAction\":[{\"@type\":\"SearchAction\",\"target\":{\"@type\":\"EntryPoint\",\"urlTemplate\":\"https:\\\/\\\/oeilsportif.info\\\/?s={search_term_string}\"},\"query-input\":{\"@type\":\"PropertyValueSpecification\",\"valueRequired\":true,\"valueName\":\"search_term_string\"}}],\"inLanguage\":\"fr-FR\"},{\"@type\":\"Person\",\"@id\":\"https:\\\/\\\/oeilsportif.info\\\/#\\\/schema\\\/person\\\/cfbded294aa6095f7d96608d7905e9a1\",\"name\":\"L'Equipe de la R\u00e9daction\",\"image\":{\"@type\":\"ImageObject\",\"inLanguage\":\"fr-FR\",\"@id\":\"https:\\\/\\\/oeilsportif.info\\\/wp-content\\\/uploads\\\/2025\\\/07\\\/cropped-cropped-logo-os-96x96.jpeg\",\"url\":\"https:\\\/\\\/oeilsportif.info\\\/wp-content\\\/uploads\\\/2025\\\/07\\\/cropped-cropped-logo-os-96x96.jpeg\",\"contentUrl\":\"https:\\\/\\\/oeilsportif.info\\\/wp-content\\\/uploads\\\/2025\\\/07\\\/cropped-cropped-logo-os-96x96.jpeg\",\"caption\":\"L'Equipe de la R\u00e9daction\"},\"url\":\"https:\\\/\\\/oeilsportif.info\\\/index.php\\\/author\\\/tawel\\\/\"}]}<\/script>\n<!-- \/ Yoast SEO plugin. -->","yoast_head_json":{"title":"A SIDNEY, LA PR\u00c9SIDENTE MADAME MARIAMA DIALLO SY PARTICIPE \u00c0 LA CONVENTION SUR LE FOOTBALL F\u00c9MININ - le regard du sportif","robots":{"index":"index","follow":"follow","max-snippet":"max-snippet:-1","max-image-preview":"max-image-preview:large","max-video-preview":"max-video-preview:-1"},"canonical":"https:\/\/oeilsportif.info\/index.php\/a-sidney-la-presidente-madame-mariama-diallo-sy-participe-a-la-convention-sur-le-football-feminin\/","og_locale":"fr_FR","og_type":"article","og_title":"A SIDNEY, LA PR\u00c9SIDENTE MADAME MARIAMA DIALLO SY PARTICIPE \u00c0 LA CONVENTION SUR LE FOOTBALL F\u00c9MININ - le regard du sportif","og_description":"La Pr\u00e9sidente du Comit\u00e9 de Normalisation de la F\u00e9d\u00e9ration Guin\u00e9enne de Football s\u00e9journe actuellement en Australie. Elle a particip\u00e9 ce jeudi \u00e0 la convention sur le football f\u00e9minin, organis\u00e9e par la FIFA. Le monde du football a les yeux riv\u00e9s sur l\u2019Australie et la Nouvelle-Z\u00e9lande qui abritent la 9e\u00a0\u00e9dition de la coupe du monde f\u00e9minine [&hellip;]","og_url":"https:\/\/oeilsportif.info\/index.php\/a-sidney-la-presidente-madame-mariama-diallo-sy-participe-a-la-convention-sur-le-football-feminin\/","og_site_name":"le regard du sportif","article_published_time":"2023-08-21T08:06:22+00:00","og_image":[{"width":962,"height":500,"url":"https:\/\/oeilsportif.info\/wp-content\/uploads\/2023\/08\/Screenshot_20230821_080425_Facebook.jpg","type":"image\/jpeg"}],"author":"L'Equipe de la R\u00e9daction","twitter_misc":{"\u00c9crit par":"L'Equipe de la R\u00e9daction","Dur\u00e9e de lecture estim\u00e9e":"2 minutes"},"schema":{"@context":"https:\/\/schema.org","@graph":[{"@type":"Article","@id":"https:\/\/oeilsportif.info\/index.php\/a-sidney-la-presidente-madame-mariama-diallo-sy-participe-a-la-convention-sur-le-football-feminin\/#article","isPartOf":{"@id":"https:\/\/oeilsportif.info\/index.php\/a-sidney-la-presidente-madame-mariama-diallo-sy-participe-a-la-convention-sur-le-football-feminin\/"},"author":{"name":"L'Equipe de la R\u00e9daction","@id":"https:\/\/oeilsportif.info\/#\/schema\/person\/cfbded294aa6095f7d96608d7905e9a1"},"headline":"A SIDNEY, LA PR\u00c9SIDENTE MADAME MARIAMA DIALLO SY PARTICIPE \u00c0 LA CONVENTION SUR LE FOOTBALL F\u00c9MININ","datePublished":"2023-08-21T08:06:22+00:00","mainEntityOfPage":{"@id":"https:\/\/oeilsportif.info\/index.php\/a-sidney-la-presidente-madame-mariama-diallo-sy-participe-a-la-convention-sur-le-football-feminin\/"},"wordCount":290,"image":{"@id":"https:\/\/oeilsportif.info\/index.php\/a-sidney-la-presidente-madame-mariama-diallo-sy-participe-a-la-convention-sur-le-football-feminin\/#primaryimage"},"thumbnailUrl":"https:\/\/i0.wp.com\/oeilsportif.info\/wp-content\/uploads\/2023\/08\/Screenshot_20230821_080425_Facebook.jpg?fit=962%2C500&ssl=1","articleSection":["Actualit\u00e9","Football"],"inLanguage":"fr-FR"},{"@type":"WebPage","@id":"https:\/\/oeilsportif.info\/index.php\/a-sidney-la-presidente-madame-mariama-diallo-sy-participe-a-la-convention-sur-le-football-feminin\/","url":"https:\/\/oeilsportif.info\/index.php\/a-sidney-la-presidente-madame-mariama-diallo-sy-participe-a-la-convention-sur-le-football-feminin\/","name":"A SIDNEY, LA PR\u00c9SIDENTE MADAME MARIAMA DIALLO SY PARTICIPE \u00c0 LA CONVENTION SUR LE FOOTBALL F\u00c9MININ - le regard du sportif","isPartOf":{"@id":"https:\/\/oeilsportif.info\/#website"},"primaryImageOfPage":{"@id":"https:\/\/oeilsportif.info\/index.php\/a-sidney-la-presidente-madame-mariama-diallo-sy-participe-a-la-convention-sur-le-football-feminin\/#primaryimage"},"image":{"@id":"https:\/\/oeilsportif.info\/index.php\/a-sidney-la-presidente-madame-mariama-diallo-sy-participe-a-la-convention-sur-le-football-feminin\/#primaryimage"},"thumbnailUrl":"https:\/\/i0.wp.com\/oeilsportif.info\/wp-content\/uploads\/2023\/08\/Screenshot_20230821_080425_Facebook.jpg?fit=962%2C500&ssl=1","datePublished":"2023-08-21T08:06:22+00:00","author":{"@id":"https:\/\/oeilsportif.info\/#\/schema\/person\/cfbded294aa6095f7d96608d7905e9a1"},"inLanguage":"fr-FR","potentialAction":[{"@type":"ReadAction","target":["https:\/\/oeilsportif.info\/index.php\/a-sidney-la-presidente-madame-mariama-diallo-sy-participe-a-la-convention-sur-le-football-feminin\/"]}]},{"@type":"ImageObject","inLanguage":"fr-FR","@id":"https:\/\/oeilsportif.info\/index.php\/a-sidney-la-presidente-madame-mariama-diallo-sy-participe-a-la-convention-sur-le-football-feminin\/#primaryimage","url":"https:\/\/i0.wp.com\/oeilsportif.info\/wp-content\/uploads\/2023\/08\/Screenshot_20230821_080425_Facebook.jpg?fit=962%2C500&ssl=1","contentUrl":"https:\/\/i0.wp.com\/oeilsportif.info\/wp-content\/uploads\/2023\/08\/Screenshot_20230821_080425_Facebook.jpg?fit=962%2C500&ssl=1","width":962,"height":500},{"@type":"WebSite","@id":"https:\/\/oeilsportif.info\/#website","url":"https:\/\/oeilsportif.info\/","name":"le regard du sportif","description":"","potentialAction":[{"@type":"SearchAction","target":{"@type":"EntryPoint","urlTemplate":"https:\/\/oeilsportif.info\/?s={search_term_string}"},"query-input":{"@type":"PropertyValueSpecification","valueRequired":true,"valueName":"search_term_string"}}],"inLanguage":"fr-FR"},{"@type":"Person","@id":"https:\/\/oeilsportif.info\/#\/schema\/person\/cfbded294aa6095f7d96608d7905e9a1","name":"L'Equipe de la R\u00e9daction","image":{"@type":"ImageObject","inLanguage":"fr-FR","@id":"https:\/\/oeilsportif.info\/wp-content\/uploads\/2025\/07\/cropped-cropped-logo-os-96x96.jpeg","url":"https:\/\/oeilsportif.info\/wp-content\/uploads\/2025\/07\/cropped-cropped-logo-os-96x96.jpeg","contentUrl":"https:\/\/oeilsportif.info\/wp-content\/uploads\/2025\/07\/cropped-cropped-logo-os-96x96.jpeg","caption":"L'Equipe de la R\u00e9daction"},"url":"https:\/\/oeilsportif.info\/index.php\/author\/tawel\/"}]}},"jetpack_publicize_connections":[],"jetpack_featured_media_url":"https:\/\/i0.wp.com\/oeilsportif.info\/wp-content\/uploads\/2023\/08\/Screenshot_20230821_080425_Facebook.jpg?fit=962%2C500&ssl=1","jetpack-related-posts":[],"jetpack_sharing_enabled":true,"jetpack_likes_enabled":true,"jetpack_shortlink":"https:\/\/wp.me\/pgFE77-Sd","_links":{"self":[{"href":"https:\/\/oeilsportif.info\/index.php\/wp-json\/wp\/v2\/posts\/3361","targetHints":{"allow":["GET"]}}],"collection":[{"href":"https:\/\/oeilsportif.info\/index.php\/wp-json\/wp\/v2\/posts"}],"about":[{"href":"https:\/\/oeilsportif.info\/index.php\/wp-json\/wp\/v2\/types\/post"}],"author":[{"embeddable":true,"href":"https:\/\/oeilsportif.info\/index.php\/wp-json\/wp\/v2\/users\/2"}],"replies":[{"embeddable":true,"href":"https:\/\/oeilsportif.info\/index.php\/wp-json\/wp\/v2\/comments?post=3361"}],"version-history":[{"count":0,"href":"https:\/\/oeilsportif.info\/index.php\/wp-json\/wp\/v2\/posts\/3361\/revisions"}],"wp:featuredmedia":[{"embeddable":true,"href":"https:\/\/oeilsportif.info\/index.php\/wp-json\/wp\/v2\/media\/3362"}],"wp:attachment":[{"href":"https:\/\/oeilsportif.info\/index.php\/wp-json\/wp\/v2\/media?parent=3361"}],"wp:term":[{"taxonomy":"category","embeddable":true,"href":"https:\/\/oeilsportif.info\/index.php\/wp-json\/wp\/v2\/categories?post=3361"},{"taxonomy":"post_tag","embeddable":true,"href":"https:\/\/oeilsportif.info\/index.php\/wp-json\/wp\/v2\/tags?post=3361"}],"curies":[{"name":"wp","href":"https:\/\/api.w.org\/{rel}","templated":true}]}}