{"id":3350,"date":"2023-08-18T21:21:55","date_gmt":"2023-08-18T21:21:55","guid":{"rendered":"https:\/\/oeilsportif.info\/index.php\/?p=3350"},"modified":"2023-08-18T23:10:07","modified_gmt":"2023-08-18T23:10:07","slug":"hadia-fc-signe-son-retour-en-ligue-des-champions","status":"publish","type":"post","link":"https:\/\/oeilsportif.info\/index.php\/hadia-fc-signe-son-retour-en-ligue-des-champions\/","title":{"rendered":"Hafia FC signe son retour en Ligue des champions"},"content":{"rendered":"<p>Ligue 1 Guicopres: Hafia FC va retrouver la plus prestigieuse des comp\u00e9tions africaines apr\u00e8s cinq ann\u00e9es d\u2019absence. Et le club veut y briller.<\/p>\n<p>Il y a un an, Hafia sortait d\u2019une nouvelle d\u00e9ception avec une septi\u00e8me place en championnat. Personne ne s\u2019attendait donc \u00e0 voir les verts et blanc lutter pour le titre. Et pourtant, durant des jours, les hommes de Casimir sont rest\u00e9s \u00e0 la deuxi\u00e8me place de la Ligue 1, avant de conclure sa saison avec le troph\u00e9e de champion de Guin\u00e9e<\/p>\n<p>Tous derni\u00e8res le Hafia ce dimanche 20 Ao\u00fbt 2023 au stade G\u00e9n\u00e9ral LANSANA CONT\u00c9 face \u00e0 la G\u00e9n\u00e9ration Foot du S\u00e9n\u00e9gal<\/p>\n<p>Mohamed Lamine Sylla<\/p>\n","protected":false},"excerpt":{"rendered":"<p>Ligue 1 Guicopres: Hafia FC va retrouver la plus prestigieuse des comp\u00e9tions africaines apr\u00e8s cinq ann\u00e9es d\u2019absence. Et le club veut y briller. Il y a un an, Hafia sortait d\u2019une nouvelle d\u00e9ception avec une septi\u00e8me place en championnat. Personne ne s\u2019attendait donc \u00e0 voir les verts et blanc lutter pour le titre. Et pourtant, [&hellip;]<\/p>\n","protected":false},"author":2,"featured_media":3351,"comment_status":"closed","ping_status":"open","sticky":false,"template":"","format":"standard","meta":{"_jetpack_memberships_contains_paid_content":false,"footnotes":"","jetpack_publicize_message":"","jetpack_publicize_feature_enabled":true,"jetpack_social_post_already_shared":true,"jetpack_social_options":{"image_generator_settings":{"template":"highway","default_image_id":0,"font":"","enabled":false},"version":2}},"categories":[10,5],"tags":[],"class_list":{"0":"post-3350","1":"post","2":"type-post","3":"status-publish","4":"format-standard","5":"has-post-thumbnail","7":"category-actualite","8":"category-football"},"yoast_head":"<!-- This site is optimized with the Yoast SEO plugin v27.5 - https:\/\/yoast.com\/product\/yoast-seo-wordpress\/ -->\n<title>Hafia FC signe son retour en Ligue des champions - le regard du sportif<\/title>\n<meta name=\"robots\" content=\"index, follow, max-snippet:-1, max-image-preview:large, max-video-preview:-1\" \/>\n<link rel=\"canonical\" href=\"https:\/\/oeilsportif.info\/index.php\/hadia-fc-signe-son-retour-en-ligue-des-champions\/\" \/>\n<meta property=\"og:locale\" content=\"fr_FR\" \/>\n<meta property=\"og:type\" content=\"article\" \/>\n<meta property=\"og:title\" content=\"Hafia FC signe son retour en Ligue des champions - le regard du sportif\" \/>\n<meta property=\"og:description\" content=\"Ligue 1 Guicopres: Hafia FC va retrouver la plus prestigieuse des comp\u00e9tions africaines apr\u00e8s cinq ann\u00e9es d\u2019absence. Et le club veut y briller. Il y a un an, Hafia sortait d\u2019une nouvelle d\u00e9ception avec une septi\u00e8me place en championnat. Personne ne s\u2019attendait donc \u00e0 voir les verts et blanc lutter pour le titre. Et pourtant, [&hellip;]\" \/>\n<meta property=\"og:url\" content=\"https:\/\/oeilsportif.info\/index.php\/hadia-fc-signe-son-retour-en-ligue-des-champions\/\" \/>\n<meta property=\"og:site_name\" content=\"le regard du sportif\" \/>\n<meta property=\"article:published_time\" content=\"2023-08-18T21:21:55+00:00\" \/>\n<meta property=\"article:modified_time\" content=\"2023-08-18T23:10:07+00:00\" \/>\n<meta property=\"og:image\" content=\"https:\/\/oeilsportif.info\/wp-content\/uploads\/2023\/08\/FB_IMG_1692393651453.jpg\" \/>\n\t<meta property=\"og:image:width\" content=\"720\" \/>\n\t<meta property=\"og:image:height\" content=\"720\" \/>\n\t<meta property=\"og:image:type\" content=\"image\/jpeg\" \/>\n<meta name=\"author\" content=\"L&#039;Equipe de la R\u00e9daction\" \/>\n<meta name=\"twitter:label1\" content=\"\u00c9crit par\" \/>\n\t<meta name=\"twitter:data1\" content=\"L&#039;Equipe de la R\u00e9daction\" \/>\n\t<meta name=\"twitter:label2\" content=\"Dur\u00e9e de lecture estim\u00e9e\" \/>\n\t<meta name=\"twitter:data2\" content=\"1 minute\" \/>\n<script type=\"application\/ld+json\" class=\"yoast-schema-graph\">{\"@context\":\"https:\\\/\\\/schema.org\",\"@graph\":[{\"@type\":\"Article\",\"@id\":\"https:\\\/\\\/oeilsportif.info\\\/index.php\\\/hadia-fc-signe-son-retour-en-ligue-des-champions\\\/#article\",\"isPartOf\":{\"@id\":\"https:\\\/\\\/oeilsportif.info\\\/index.php\\\/hadia-fc-signe-son-retour-en-ligue-des-champions\\\/\"},\"author\":{\"name\":\"L'Equipe de la R\u00e9daction\",\"@id\":\"https:\\\/\\\/oeilsportif.info\\\/#\\\/schema\\\/person\\\/cfbded294aa6095f7d96608d7905e9a1\"},\"headline\":\"Hafia FC signe son retour en Ligue des champions\",\"datePublished\":\"2023-08-18T21:21:55+00:00\",\"dateModified\":\"2023-08-18T23:10:07+00:00\",\"mainEntityOfPage\":{\"@id\":\"https:\\\/\\\/oeilsportif.info\\\/index.php\\\/hadia-fc-signe-son-retour-en-ligue-des-champions\\\/\"},\"wordCount\":130,\"image\":{\"@id\":\"https:\\\/\\\/oeilsportif.info\\\/index.php\\\/hadia-fc-signe-son-retour-en-ligue-des-champions\\\/#primaryimage\"},\"thumbnailUrl\":\"https:\\\/\\\/i0.wp.com\\\/oeilsportif.info\\\/wp-content\\\/uploads\\\/2023\\\/08\\\/FB_IMG_1692393651453.jpg?fit=720%2C720&ssl=1\",\"articleSection\":[\"Actualit\u00e9\",\"Football\"],\"inLanguage\":\"fr-FR\"},{\"@type\":\"WebPage\",\"@id\":\"https:\\\/\\\/oeilsportif.info\\\/index.php\\\/hadia-fc-signe-son-retour-en-ligue-des-champions\\\/\",\"url\":\"https:\\\/\\\/oeilsportif.info\\\/index.php\\\/hadia-fc-signe-son-retour-en-ligue-des-champions\\\/\",\"name\":\"Hafia FC signe son retour en Ligue des champions - le regard du sportif\",\"isPartOf\":{\"@id\":\"https:\\\/\\\/oeilsportif.info\\\/#website\"},\"primaryImageOfPage\":{\"@id\":\"https:\\\/\\\/oeilsportif.info\\\/index.php\\\/hadia-fc-signe-son-retour-en-ligue-des-champions\\\/#primaryimage\"},\"image\":{\"@id\":\"https:\\\/\\\/oeilsportif.info\\\/index.php\\\/hadia-fc-signe-son-retour-en-ligue-des-champions\\\/#primaryimage\"},\"thumbnailUrl\":\"https:\\\/\\\/i0.wp.com\\\/oeilsportif.info\\\/wp-content\\\/uploads\\\/2023\\\/08\\\/FB_IMG_1692393651453.jpg?fit=720%2C720&ssl=1\",\"datePublished\":\"2023-08-18T21:21:55+00:00\",\"dateModified\":\"2023-08-18T23:10:07+00:00\",\"author\":{\"@id\":\"https:\\\/\\\/oeilsportif.info\\\/#\\\/schema\\\/person\\\/cfbded294aa6095f7d96608d7905e9a1\"},\"inLanguage\":\"fr-FR\",\"potentialAction\":[{\"@type\":\"ReadAction\",\"target\":[\"https:\\\/\\\/oeilsportif.info\\\/index.php\\\/hadia-fc-signe-son-retour-en-ligue-des-champions\\\/\"]}]},{\"@type\":\"ImageObject\",\"inLanguage\":\"fr-FR\",\"@id\":\"https:\\\/\\\/oeilsportif.info\\\/index.php\\\/hadia-fc-signe-son-retour-en-ligue-des-champions\\\/#primaryimage\",\"url\":\"https:\\\/\\\/i0.wp.com\\\/oeilsportif.info\\\/wp-content\\\/uploads\\\/2023\\\/08\\\/FB_IMG_1692393651453.jpg?fit=720%2C720&ssl=1\",\"contentUrl\":\"https:\\\/\\\/i0.wp.com\\\/oeilsportif.info\\\/wp-content\\\/uploads\\\/2023\\\/08\\\/FB_IMG_1692393651453.jpg?fit=720%2C720&ssl=1\",\"width\":720,\"height\":720},{\"@type\":\"WebSite\",\"@id\":\"https:\\\/\\\/oeilsportif.info\\\/#website\",\"url\":\"https:\\\/\\\/oeilsportif.info\\\/\",\"name\":\"le regard du sportif\",\"description\":\"\",\"potentialAction\":[{\"@type\":\"SearchAction\",\"target\":{\"@type\":\"EntryPoint\",\"urlTemplate\":\"https:\\\/\\\/oeilsportif.info\\\/?s={search_term_string}\"},\"query-input\":{\"@type\":\"PropertyValueSpecification\",\"valueRequired\":true,\"valueName\":\"search_term_string\"}}],\"inLanguage\":\"fr-FR\"},{\"@type\":\"Person\",\"@id\":\"https:\\\/\\\/oeilsportif.info\\\/#\\\/schema\\\/person\\\/cfbded294aa6095f7d96608d7905e9a1\",\"name\":\"L'Equipe de la R\u00e9daction\",\"image\":{\"@type\":\"ImageObject\",\"inLanguage\":\"fr-FR\",\"@id\":\"https:\\\/\\\/oeilsportif.info\\\/wp-content\\\/uploads\\\/2025\\\/07\\\/cropped-cropped-logo-os-96x96.jpeg\",\"url\":\"https:\\\/\\\/oeilsportif.info\\\/wp-content\\\/uploads\\\/2025\\\/07\\\/cropped-cropped-logo-os-96x96.jpeg\",\"contentUrl\":\"https:\\\/\\\/oeilsportif.info\\\/wp-content\\\/uploads\\\/2025\\\/07\\\/cropped-cropped-logo-os-96x96.jpeg\",\"caption\":\"L'Equipe de la R\u00e9daction\"},\"url\":\"https:\\\/\\\/oeilsportif.info\\\/index.php\\\/author\\\/tawel\\\/\"}]}<\/script>\n<!-- \/ Yoast SEO plugin. -->","yoast_head_json":{"title":"Hafia FC signe son retour en Ligue des champions - le regard du sportif","robots":{"index":"index","follow":"follow","max-snippet":"max-snippet:-1","max-image-preview":"max-image-preview:large","max-video-preview":"max-video-preview:-1"},"canonical":"https:\/\/oeilsportif.info\/index.php\/hadia-fc-signe-son-retour-en-ligue-des-champions\/","og_locale":"fr_FR","og_type":"article","og_title":"Hafia FC signe son retour en Ligue des champions - le regard du sportif","og_description":"Ligue 1 Guicopres: Hafia FC va retrouver la plus prestigieuse des comp\u00e9tions africaines apr\u00e8s cinq ann\u00e9es d\u2019absence. Et le club veut y briller. Il y a un an, Hafia sortait d\u2019une nouvelle d\u00e9ception avec une septi\u00e8me place en championnat. Personne ne s\u2019attendait donc \u00e0 voir les verts et blanc lutter pour le titre. Et pourtant, [&hellip;]","og_url":"https:\/\/oeilsportif.info\/index.php\/hadia-fc-signe-son-retour-en-ligue-des-champions\/","og_site_name":"le regard du sportif","article_published_time":"2023-08-18T21:21:55+00:00","article_modified_time":"2023-08-18T23:10:07+00:00","og_image":[{"width":720,"height":720,"url":"https:\/\/oeilsportif.info\/wp-content\/uploads\/2023\/08\/FB_IMG_1692393651453.jpg","type":"image\/jpeg"}],"author":"L'Equipe de la R\u00e9daction","twitter_misc":{"\u00c9crit par":"L'Equipe de la R\u00e9daction","Dur\u00e9e de lecture estim\u00e9e":"1 minute"},"schema":{"@context":"https:\/\/schema.org","@graph":[{"@type":"Article","@id":"https:\/\/oeilsportif.info\/index.php\/hadia-fc-signe-son-retour-en-ligue-des-champions\/#article","isPartOf":{"@id":"https:\/\/oeilsportif.info\/index.php\/hadia-fc-signe-son-retour-en-ligue-des-champions\/"},"author":{"name":"L'Equipe de la R\u00e9daction","@id":"https:\/\/oeilsportif.info\/#\/schema\/person\/cfbded294aa6095f7d96608d7905e9a1"},"headline":"Hafia FC signe son retour en Ligue des champions","datePublished":"2023-08-18T21:21:55+00:00","dateModified":"2023-08-18T23:10:07+00:00","mainEntityOfPage":{"@id":"https:\/\/oeilsportif.info\/index.php\/hadia-fc-signe-son-retour-en-ligue-des-champions\/"},"wordCount":130,"image":{"@id":"https:\/\/oeilsportif.info\/index.php\/hadia-fc-signe-son-retour-en-ligue-des-champions\/#primaryimage"},"thumbnailUrl":"https:\/\/i0.wp.com\/oeilsportif.info\/wp-content\/uploads\/2023\/08\/FB_IMG_1692393651453.jpg?fit=720%2C720&ssl=1","articleSection":["Actualit\u00e9","Football"],"inLanguage":"fr-FR"},{"@type":"WebPage","@id":"https:\/\/oeilsportif.info\/index.php\/hadia-fc-signe-son-retour-en-ligue-des-champions\/","url":"https:\/\/oeilsportif.info\/index.php\/hadia-fc-signe-son-retour-en-ligue-des-champions\/","name":"Hafia FC signe son retour en Ligue des champions - le regard du sportif","isPartOf":{"@id":"https:\/\/oeilsportif.info\/#website"},"primaryImageOfPage":{"@id":"https:\/\/oeilsportif.info\/index.php\/hadia-fc-signe-son-retour-en-ligue-des-champions\/#primaryimage"},"image":{"@id":"https:\/\/oeilsportif.info\/index.php\/hadia-fc-signe-son-retour-en-ligue-des-champions\/#primaryimage"},"thumbnailUrl":"https:\/\/i0.wp.com\/oeilsportif.info\/wp-content\/uploads\/2023\/08\/FB_IMG_1692393651453.jpg?fit=720%2C720&ssl=1","datePublished":"2023-08-18T21:21:55+00:00","dateModified":"2023-08-18T23:10:07+00:00","author":{"@id":"https:\/\/oeilsportif.info\/#\/schema\/person\/cfbded294aa6095f7d96608d7905e9a1"},"inLanguage":"fr-FR","potentialAction":[{"@type":"ReadAction","target":["https:\/\/oeilsportif.info\/index.php\/hadia-fc-signe-son-retour-en-ligue-des-champions\/"]}]},{"@type":"ImageObject","inLanguage":"fr-FR","@id":"https:\/\/oeilsportif.info\/index.php\/hadia-fc-signe-son-retour-en-ligue-des-champions\/#primaryimage","url":"https:\/\/i0.wp.com\/oeilsportif.info\/wp-content\/uploads\/2023\/08\/FB_IMG_1692393651453.jpg?fit=720%2C720&ssl=1","contentUrl":"https:\/\/i0.wp.com\/oeilsportif.info\/wp-content\/uploads\/2023\/08\/FB_IMG_1692393651453.jpg?fit=720%2C720&ssl=1","width":720,"height":720},{"@type":"WebSite","@id":"https:\/\/oeilsportif.info\/#website","url":"https:\/\/oeilsportif.info\/","name":"le regard du sportif","description":"","potentialAction":[{"@type":"SearchAction","target":{"@type":"EntryPoint","urlTemplate":"https:\/\/oeilsportif.info\/?s={search_term_string}"},"query-input":{"@type":"PropertyValueSpecification","valueRequired":true,"valueName":"search_term_string"}}],"inLanguage":"fr-FR"},{"@type":"Person","@id":"https:\/\/oeilsportif.info\/#\/schema\/person\/cfbded294aa6095f7d96608d7905e9a1","name":"L'Equipe de la R\u00e9daction","image":{"@type":"ImageObject","inLanguage":"fr-FR","@id":"https:\/\/oeilsportif.info\/wp-content\/uploads\/2025\/07\/cropped-cropped-logo-os-96x96.jpeg","url":"https:\/\/oeilsportif.info\/wp-content\/uploads\/2025\/07\/cropped-cropped-logo-os-96x96.jpeg","contentUrl":"https:\/\/oeilsportif.info\/wp-content\/uploads\/2025\/07\/cropped-cropped-logo-os-96x96.jpeg","caption":"L'Equipe de la R\u00e9daction"},"url":"https:\/\/oeilsportif.info\/index.php\/author\/tawel\/"}]}},"jetpack_publicize_connections":[],"jetpack_featured_media_url":"https:\/\/i0.wp.com\/oeilsportif.info\/wp-content\/uploads\/2023\/08\/FB_IMG_1692393651453.jpg?fit=720%2C720&ssl=1","jetpack-related-posts":[],"jetpack_sharing_enabled":true,"jetpack_likes_enabled":true,"jetpack_shortlink":"https:\/\/wp.me\/pgFE77-S2","_links":{"self":[{"href":"https:\/\/oeilsportif.info\/index.php\/wp-json\/wp\/v2\/posts\/3350","targetHints":{"allow":["GET"]}}],"collection":[{"href":"https:\/\/oeilsportif.info\/index.php\/wp-json\/wp\/v2\/posts"}],"about":[{"href":"https:\/\/oeilsportif.info\/index.php\/wp-json\/wp\/v2\/types\/post"}],"author":[{"embeddable":true,"href":"https:\/\/oeilsportif.info\/index.php\/wp-json\/wp\/v2\/users\/2"}],"replies":[{"embeddable":true,"href":"https:\/\/oeilsportif.info\/index.php\/wp-json\/wp\/v2\/comments?post=3350"}],"version-history":[{"count":0,"href":"https:\/\/oeilsportif.info\/index.php\/wp-json\/wp\/v2\/posts\/3350\/revisions"}],"wp:featuredmedia":[{"embeddable":true,"href":"https:\/\/oeilsportif.info\/index.php\/wp-json\/wp\/v2\/media\/3351"}],"wp:attachment":[{"href":"https:\/\/oeilsportif.info\/index.php\/wp-json\/wp\/v2\/media?parent=3350"}],"wp:term":[{"taxonomy":"category","embeddable":true,"href":"https:\/\/oeilsportif.info\/index.php\/wp-json\/wp\/v2\/categories?post=3350"},{"taxonomy":"post_tag","embeddable":true,"href":"https:\/\/oeilsportif.info\/index.php\/wp-json\/wp\/v2\/tags?post=3350"}],"curies":[{"name":"wp","href":"https:\/\/api.w.org\/{rel}","templated":true}]}}