{"id":3326,"date":"2023-08-04T17:59:36","date_gmt":"2023-08-04T17:59:36","guid":{"rendered":"https:\/\/oeilsportif.info\/index.php\/?p=3326"},"modified":"2023-08-04T17:59:36","modified_gmt":"2023-08-04T17:59:36","slug":"benjamin-le-reste-en-interview-sur-son-projet-ses-ambitions-et-son-objectif-avec-le-wakriya-ac","status":"publish","type":"post","link":"https:\/\/oeilsportif.info\/index.php\/benjamin-le-reste-en-interview-sur-son-projet-ses-ambitions-et-son-objectif-avec-le-wakriya-ac\/","title":{"rendered":"Benjamin Le Reste en interview sur son projet, ses ambitions et son objectif avec le Wakriya AC\u00a0"},"content":{"rendered":"<p><strong>Vous venez de signer au Wakriya, quel est votre premier sentiment ?<\/strong><\/p>\n<p>BENJAMIN LE RESTE : je suis tr\u00e8s content de revenir au club, c&rsquo;\u00e9tait une promesse qu&rsquo;on s&rsquo;est faite, le pr\u00e9sident Docteur Mikailou Sampou et moi, et aujourd&rsquo;hui cette promesse a \u00e9t\u00e9 tenue. Je suis tr\u00e8s content de revenir et l&rsquo;accueil de la direction du Wakriya a \u00e9t\u00e9 tr\u00e8s bon. J&rsquo;ai h\u00e2te de commencer le travail<\/p>\n<p><strong>Il ya d\u00e9j\u00e0 eu une premi\u00e8re prise de contact avec le staff technique et la direction, cette rencontre s&rsquo;est bien pass\u00e9e on imagine ?<\/strong><\/p>\n<p>BENJAMIN LE RESTE : Tr\u00e8s bonne rencontre. Tout le monde se sent concern\u00e9 dans le projet du Wakriya. Tout le monde a envie de progresser et de faire mieux que la saison derni\u00e8re, d&rsquo;un point de vu r\u00e9sultat. C&rsquo;est d\u00e9j\u00e0 rassurant et en interne, chacun va encore redoubler d&rsquo;effort pour aller loin la saison \u00e0 venir.<\/p>\n<p><strong>Quels sont les objectifs qui vous ont \u00e9t\u00e9 assign\u00e9s par la direction du Wakriya AC ?<\/strong><\/p>\n<p>BENJAMIN LE RESTE : Il faut avoir d&rsquo;abord une \u00e9quipe promotionnelle, comp\u00e9titive, conqu\u00e9rante, capable d&rsquo;aller chercher les r\u00e9sultats et ramener le club \u00e0 sa place d&rsquo;antan. Aujourd&rsquo;hui c&rsquo;est une grande chance pour moi de pouvoir diriger le Wakriya qui est un club qui fait son chemin. Travailler avec le Wakriya va nous permettre d&rsquo;\u00e9voluer en termes de performances et de r\u00e9sultats. La premi\u00e8re exp\u00e9rience avec ce club a \u00e9t\u00e9 un succ\u00e8s, j&rsquo;avais quitt\u00e9 le sol guin\u00e9en en haut du championnat. \u00c7a m&rsquo;a vraiment donn\u00e9 envie de revenir ici, et j&rsquo;esp\u00e8re qu&rsquo;on jouera les premiers r\u00f4les sur tous les tableaux possibles.<\/p>\n<p><strong>La saison derni\u00e8re a \u00e9t\u00e9 tr\u00e8s mauvaise pour le club qui a termin\u00e9 9e, vous \u00eates d\u00e9j\u00e0 conscient que la t\u00e2che ne sera pas facile ?<\/strong><\/p>\n<p>Biensur, et moi j&rsquo;aime bien ce genre de challenge, et c&rsquo;est ce qui donne envie de s&rsquo;am\u00e9liorer. Ensemble avec tout le monde, on va essayer de bien travailler pour atteindre nos objectifs..<\/p>\n<p><strong>Vous serez aussi impliqu\u00e9 dans la formation des jeunes du Wakriya notamment ?<\/strong><\/p>\n<p>Effectivement, au-del\u00e0 du terrain, il y a aussi la formation qu&rsquo;on partagera ensemble avec les jeunes, et \u00e9ventuellement cr\u00e9er une \u00e9quipe de moins 15 ans. D\u00e9j\u00e0 l&rsquo;\u00e9quipe r\u00e9serve du Wakriya, on aura un \u0153il tr\u00e8s attentif sur eux. J&rsquo;ai vu cette \u00e9quipe, ce sont des jeunes qui \u00e9mergent et qui pour certains, sont pr\u00eats \u00e0 rejoindre l&rsquo;\u00e9quipe premi\u00e8re. Au-del\u00e0 de la formation, il faudrait nouer des partenariats en Europe pour permettre aux joueurs de r\u00e9aliser leurs r\u00eaves de rejoindre l&rsquo;Europe.<\/p>\n<p><strong>Avez-vous un mot \u00e0 lendroit des supporters du Wakriya qui \u00e9taient un peu d\u00e9\u00e7us la saison derni\u00e8re du parcours du club ?<\/strong><\/p>\n<p>On va essayer de rendre heureux nos nombreux supporters, surtout on aura besoin d&rsquo;eux \u00e0 chaque match. Leur apport va beaucoup nous aider. J&rsquo;esp\u00e8re qu&rsquo;ils seront contents du travail qu&rsquo;on va faire ici.<\/p>\n<p><strong>Vous avez suivi le parcours du Wakriya la saison derni\u00e8re, quels sont selon vous les axes d&rsquo;am\u00e9lioration ?<\/strong><\/p>\n<p>Depuis mon d\u00e9part j&rsquo;essaie toujours de suivre les matches du championnat et ceux du Wakriya AC. Il y a des avanc\u00e9es et des points sur lesquels il faudrait s&rsquo;y mettre pour nous amener aux r\u00e9sultats. J&rsquo;en ai d\u00e9j\u00e0 \u00e9voqu\u00e9 avec mon staff technique qui a fait un bon travail la saison derni\u00e8re, on a d\u00e9j\u00e0 list\u00e9 les points sur lesquels on va travailler. La reprise ce sera le 16 ao\u00fbt.<\/p>\n<p><strong>Pour ceux qui ne connaissent pas Benjamin Le Reste, un mot pour eux ?<\/strong><\/p>\n<p>Je suis un \u00e9ducateur qui a fait plus de 10 ans de travail dans plusieurs clubs. J&rsquo;ai tr\u00e8s peu jou\u00e9 au foot \u00e0 cause d&rsquo;une blessure. En France je suis pass\u00e9 par diff\u00e9rents clubs, un parcours qui me permet aujourd&rsquo;hui de grandir et d&rsquo;\u00e9voluer. J&rsquo;ai fait deux tr\u00e8s belles saisons en France, en coupe notamment, on a jou\u00e9 les huiti\u00e8mes de finale. J&rsquo;avais des sollicitations d&rsquo;autres clubs professionnel mais le projet du Wakriya m&rsquo;a attir\u00e9 et retenu mon attention. Ce n&rsquo;est pas une histoire d&rsquo;argent.<\/p>\n<p>Source : Cellule m\u00e9dia Wakriya AC de Bok\u00e9<\/p>\n","protected":false},"excerpt":{"rendered":"<p>Vous venez de signer au Wakriya, quel est votre premier sentiment ? BENJAMIN LE RESTE : je suis tr\u00e8s content de revenir au club, c&rsquo;\u00e9tait une promesse qu&rsquo;on s&rsquo;est faite, le pr\u00e9sident Docteur Mikailou Sampou et moi, et aujourd&rsquo;hui cette promesse a \u00e9t\u00e9 tenue. Je suis tr\u00e8s content de revenir et l&rsquo;accueil de la direction [&hellip;]<\/p>\n","protected":false},"author":2,"featured_media":3327,"comment_status":"closed","ping_status":"open","sticky":false,"template":"","format":"standard","meta":{"_jetpack_memberships_contains_paid_content":false,"footnotes":"","jetpack_publicize_message":"","jetpack_publicize_feature_enabled":true,"jetpack_social_post_already_shared":true,"jetpack_social_options":{"image_generator_settings":{"template":"highway","default_image_id":0,"font":"","enabled":false},"version":2}},"categories":[10,5],"tags":[],"class_list":{"0":"post-3326","1":"post","2":"type-post","3":"status-publish","4":"format-standard","5":"has-post-thumbnail","7":"category-actualite","8":"category-football"},"yoast_head":"<!-- This site is optimized with the Yoast SEO plugin v27.5 - https:\/\/yoast.com\/product\/yoast-seo-wordpress\/ -->\n<title>Benjamin Le Reste en interview sur son projet, ses ambitions et son objectif avec le Wakriya AC\u00a0 - le regard du sportif<\/title>\n<meta name=\"robots\" content=\"index, follow, max-snippet:-1, max-image-preview:large, max-video-preview:-1\" \/>\n<link rel=\"canonical\" href=\"https:\/\/oeilsportif.info\/index.php\/benjamin-le-reste-en-interview-sur-son-projet-ses-ambitions-et-son-objectif-avec-le-wakriya-ac\/\" \/>\n<meta property=\"og:locale\" content=\"fr_FR\" \/>\n<meta property=\"og:type\" content=\"article\" \/>\n<meta property=\"og:title\" content=\"Benjamin Le Reste en interview sur son projet, ses ambitions et son objectif avec le Wakriya AC\u00a0 - le regard du sportif\" \/>\n<meta property=\"og:description\" content=\"Vous venez de signer au Wakriya, quel est votre premier sentiment ? BENJAMIN LE RESTE : je suis tr\u00e8s content de revenir au club, c&rsquo;\u00e9tait une promesse qu&rsquo;on s&rsquo;est faite, le pr\u00e9sident Docteur Mikailou Sampou et moi, et aujourd&rsquo;hui cette promesse a \u00e9t\u00e9 tenue. Je suis tr\u00e8s content de revenir et l&rsquo;accueil de la direction [&hellip;]\" \/>\n<meta property=\"og:url\" content=\"https:\/\/oeilsportif.info\/index.php\/benjamin-le-reste-en-interview-sur-son-projet-ses-ambitions-et-son-objectif-avec-le-wakriya-ac\/\" \/>\n<meta property=\"og:site_name\" content=\"le regard du sportif\" \/>\n<meta property=\"article:published_time\" content=\"2023-08-04T17:59:36+00:00\" \/>\n<meta property=\"og:image\" content=\"https:\/\/oeilsportif.info\/wp-content\/uploads\/2023\/08\/FB_IMG_1691171786122.jpg\" \/>\n\t<meta property=\"og:image:width\" content=\"639\" \/>\n\t<meta property=\"og:image:height\" content=\"454\" \/>\n\t<meta property=\"og:image:type\" content=\"image\/jpeg\" \/>\n<meta name=\"author\" content=\"L&#039;Equipe de la R\u00e9daction\" \/>\n<meta name=\"twitter:label1\" content=\"\u00c9crit par\" \/>\n\t<meta name=\"twitter:data1\" content=\"L&#039;Equipe de la R\u00e9daction\" \/>\n\t<meta name=\"twitter:label2\" content=\"Dur\u00e9e de lecture estim\u00e9e\" \/>\n\t<meta name=\"twitter:data2\" content=\"4 minutes\" \/>\n<script type=\"application\/ld+json\" class=\"yoast-schema-graph\">{\"@context\":\"https:\\\/\\\/schema.org\",\"@graph\":[{\"@type\":\"Article\",\"@id\":\"https:\\\/\\\/oeilsportif.info\\\/index.php\\\/benjamin-le-reste-en-interview-sur-son-projet-ses-ambitions-et-son-objectif-avec-le-wakriya-ac\\\/#article\",\"isPartOf\":{\"@id\":\"https:\\\/\\\/oeilsportif.info\\\/index.php\\\/benjamin-le-reste-en-interview-sur-son-projet-ses-ambitions-et-son-objectif-avec-le-wakriya-ac\\\/\"},\"author\":{\"name\":\"L'Equipe de la R\u00e9daction\",\"@id\":\"https:\\\/\\\/oeilsportif.info\\\/#\\\/schema\\\/person\\\/cfbded294aa6095f7d96608d7905e9a1\"},\"headline\":\"Benjamin Le Reste en interview sur son projet, ses ambitions et son objectif avec le Wakriya AC\u00a0\",\"datePublished\":\"2023-08-04T17:59:36+00:00\",\"mainEntityOfPage\":{\"@id\":\"https:\\\/\\\/oeilsportif.info\\\/index.php\\\/benjamin-le-reste-en-interview-sur-son-projet-ses-ambitions-et-son-objectif-avec-le-wakriya-ac\\\/\"},\"wordCount\":759,\"image\":{\"@id\":\"https:\\\/\\\/oeilsportif.info\\\/index.php\\\/benjamin-le-reste-en-interview-sur-son-projet-ses-ambitions-et-son-objectif-avec-le-wakriya-ac\\\/#primaryimage\"},\"thumbnailUrl\":\"https:\\\/\\\/i0.wp.com\\\/oeilsportif.info\\\/wp-content\\\/uploads\\\/2023\\\/08\\\/FB_IMG_1691171786122.jpg?fit=639%2C454&ssl=1\",\"articleSection\":[\"Actualit\u00e9\",\"Football\"],\"inLanguage\":\"fr-FR\"},{\"@type\":\"WebPage\",\"@id\":\"https:\\\/\\\/oeilsportif.info\\\/index.php\\\/benjamin-le-reste-en-interview-sur-son-projet-ses-ambitions-et-son-objectif-avec-le-wakriya-ac\\\/\",\"url\":\"https:\\\/\\\/oeilsportif.info\\\/index.php\\\/benjamin-le-reste-en-interview-sur-son-projet-ses-ambitions-et-son-objectif-avec-le-wakriya-ac\\\/\",\"name\":\"Benjamin Le Reste en interview sur son projet, ses ambitions et son objectif avec le Wakriya AC\u00a0 - le regard du sportif\",\"isPartOf\":{\"@id\":\"https:\\\/\\\/oeilsportif.info\\\/#website\"},\"primaryImageOfPage\":{\"@id\":\"https:\\\/\\\/oeilsportif.info\\\/index.php\\\/benjamin-le-reste-en-interview-sur-son-projet-ses-ambitions-et-son-objectif-avec-le-wakriya-ac\\\/#primaryimage\"},\"image\":{\"@id\":\"https:\\\/\\\/oeilsportif.info\\\/index.php\\\/benjamin-le-reste-en-interview-sur-son-projet-ses-ambitions-et-son-objectif-avec-le-wakriya-ac\\\/#primaryimage\"},\"thumbnailUrl\":\"https:\\\/\\\/i0.wp.com\\\/oeilsportif.info\\\/wp-content\\\/uploads\\\/2023\\\/08\\\/FB_IMG_1691171786122.jpg?fit=639%2C454&ssl=1\",\"datePublished\":\"2023-08-04T17:59:36+00:00\",\"author\":{\"@id\":\"https:\\\/\\\/oeilsportif.info\\\/#\\\/schema\\\/person\\\/cfbded294aa6095f7d96608d7905e9a1\"},\"inLanguage\":\"fr-FR\",\"potentialAction\":[{\"@type\":\"ReadAction\",\"target\":[\"https:\\\/\\\/oeilsportif.info\\\/index.php\\\/benjamin-le-reste-en-interview-sur-son-projet-ses-ambitions-et-son-objectif-avec-le-wakriya-ac\\\/\"]}]},{\"@type\":\"ImageObject\",\"inLanguage\":\"fr-FR\",\"@id\":\"https:\\\/\\\/oeilsportif.info\\\/index.php\\\/benjamin-le-reste-en-interview-sur-son-projet-ses-ambitions-et-son-objectif-avec-le-wakriya-ac\\\/#primaryimage\",\"url\":\"https:\\\/\\\/i0.wp.com\\\/oeilsportif.info\\\/wp-content\\\/uploads\\\/2023\\\/08\\\/FB_IMG_1691171786122.jpg?fit=639%2C454&ssl=1\",\"contentUrl\":\"https:\\\/\\\/i0.wp.com\\\/oeilsportif.info\\\/wp-content\\\/uploads\\\/2023\\\/08\\\/FB_IMG_1691171786122.jpg?fit=639%2C454&ssl=1\",\"width\":639,\"height\":454},{\"@type\":\"WebSite\",\"@id\":\"https:\\\/\\\/oeilsportif.info\\\/#website\",\"url\":\"https:\\\/\\\/oeilsportif.info\\\/\",\"name\":\"le regard du sportif\",\"description\":\"\",\"potentialAction\":[{\"@type\":\"SearchAction\",\"target\":{\"@type\":\"EntryPoint\",\"urlTemplate\":\"https:\\\/\\\/oeilsportif.info\\\/?s={search_term_string}\"},\"query-input\":{\"@type\":\"PropertyValueSpecification\",\"valueRequired\":true,\"valueName\":\"search_term_string\"}}],\"inLanguage\":\"fr-FR\"},{\"@type\":\"Person\",\"@id\":\"https:\\\/\\\/oeilsportif.info\\\/#\\\/schema\\\/person\\\/cfbded294aa6095f7d96608d7905e9a1\",\"name\":\"L'Equipe de la R\u00e9daction\",\"image\":{\"@type\":\"ImageObject\",\"inLanguage\":\"fr-FR\",\"@id\":\"https:\\\/\\\/oeilsportif.info\\\/wp-content\\\/uploads\\\/2025\\\/07\\\/cropped-cropped-logo-os-96x96.jpeg\",\"url\":\"https:\\\/\\\/oeilsportif.info\\\/wp-content\\\/uploads\\\/2025\\\/07\\\/cropped-cropped-logo-os-96x96.jpeg\",\"contentUrl\":\"https:\\\/\\\/oeilsportif.info\\\/wp-content\\\/uploads\\\/2025\\\/07\\\/cropped-cropped-logo-os-96x96.jpeg\",\"caption\":\"L'Equipe de la R\u00e9daction\"},\"url\":\"https:\\\/\\\/oeilsportif.info\\\/index.php\\\/author\\\/tawel\\\/\"}]}<\/script>\n<!-- \/ Yoast SEO plugin. -->","yoast_head_json":{"title":"Benjamin Le Reste en interview sur son projet, ses ambitions et son objectif avec le Wakriya AC\u00a0 - le regard du sportif","robots":{"index":"index","follow":"follow","max-snippet":"max-snippet:-1","max-image-preview":"max-image-preview:large","max-video-preview":"max-video-preview:-1"},"canonical":"https:\/\/oeilsportif.info\/index.php\/benjamin-le-reste-en-interview-sur-son-projet-ses-ambitions-et-son-objectif-avec-le-wakriya-ac\/","og_locale":"fr_FR","og_type":"article","og_title":"Benjamin Le Reste en interview sur son projet, ses ambitions et son objectif avec le Wakriya AC\u00a0 - le regard du sportif","og_description":"Vous venez de signer au Wakriya, quel est votre premier sentiment ? BENJAMIN LE RESTE : je suis tr\u00e8s content de revenir au club, c&rsquo;\u00e9tait une promesse qu&rsquo;on s&rsquo;est faite, le pr\u00e9sident Docteur Mikailou Sampou et moi, et aujourd&rsquo;hui cette promesse a \u00e9t\u00e9 tenue. Je suis tr\u00e8s content de revenir et l&rsquo;accueil de la direction [&hellip;]","og_url":"https:\/\/oeilsportif.info\/index.php\/benjamin-le-reste-en-interview-sur-son-projet-ses-ambitions-et-son-objectif-avec-le-wakriya-ac\/","og_site_name":"le regard du sportif","article_published_time":"2023-08-04T17:59:36+00:00","og_image":[{"width":639,"height":454,"url":"https:\/\/oeilsportif.info\/wp-content\/uploads\/2023\/08\/FB_IMG_1691171786122.jpg","type":"image\/jpeg"}],"author":"L'Equipe de la R\u00e9daction","twitter_misc":{"\u00c9crit par":"L'Equipe de la R\u00e9daction","Dur\u00e9e de lecture estim\u00e9e":"4 minutes"},"schema":{"@context":"https:\/\/schema.org","@graph":[{"@type":"Article","@id":"https:\/\/oeilsportif.info\/index.php\/benjamin-le-reste-en-interview-sur-son-projet-ses-ambitions-et-son-objectif-avec-le-wakriya-ac\/#article","isPartOf":{"@id":"https:\/\/oeilsportif.info\/index.php\/benjamin-le-reste-en-interview-sur-son-projet-ses-ambitions-et-son-objectif-avec-le-wakriya-ac\/"},"author":{"name":"L'Equipe de la R\u00e9daction","@id":"https:\/\/oeilsportif.info\/#\/schema\/person\/cfbded294aa6095f7d96608d7905e9a1"},"headline":"Benjamin Le Reste en interview sur son projet, ses ambitions et son objectif avec le Wakriya AC\u00a0","datePublished":"2023-08-04T17:59:36+00:00","mainEntityOfPage":{"@id":"https:\/\/oeilsportif.info\/index.php\/benjamin-le-reste-en-interview-sur-son-projet-ses-ambitions-et-son-objectif-avec-le-wakriya-ac\/"},"wordCount":759,"image":{"@id":"https:\/\/oeilsportif.info\/index.php\/benjamin-le-reste-en-interview-sur-son-projet-ses-ambitions-et-son-objectif-avec-le-wakriya-ac\/#primaryimage"},"thumbnailUrl":"https:\/\/i0.wp.com\/oeilsportif.info\/wp-content\/uploads\/2023\/08\/FB_IMG_1691171786122.jpg?fit=639%2C454&ssl=1","articleSection":["Actualit\u00e9","Football"],"inLanguage":"fr-FR"},{"@type":"WebPage","@id":"https:\/\/oeilsportif.info\/index.php\/benjamin-le-reste-en-interview-sur-son-projet-ses-ambitions-et-son-objectif-avec-le-wakriya-ac\/","url":"https:\/\/oeilsportif.info\/index.php\/benjamin-le-reste-en-interview-sur-son-projet-ses-ambitions-et-son-objectif-avec-le-wakriya-ac\/","name":"Benjamin Le Reste en interview sur son projet, ses ambitions et son objectif avec le Wakriya AC\u00a0 - le regard du sportif","isPartOf":{"@id":"https:\/\/oeilsportif.info\/#website"},"primaryImageOfPage":{"@id":"https:\/\/oeilsportif.info\/index.php\/benjamin-le-reste-en-interview-sur-son-projet-ses-ambitions-et-son-objectif-avec-le-wakriya-ac\/#primaryimage"},"image":{"@id":"https:\/\/oeilsportif.info\/index.php\/benjamin-le-reste-en-interview-sur-son-projet-ses-ambitions-et-son-objectif-avec-le-wakriya-ac\/#primaryimage"},"thumbnailUrl":"https:\/\/i0.wp.com\/oeilsportif.info\/wp-content\/uploads\/2023\/08\/FB_IMG_1691171786122.jpg?fit=639%2C454&ssl=1","datePublished":"2023-08-04T17:59:36+00:00","author":{"@id":"https:\/\/oeilsportif.info\/#\/schema\/person\/cfbded294aa6095f7d96608d7905e9a1"},"inLanguage":"fr-FR","potentialAction":[{"@type":"ReadAction","target":["https:\/\/oeilsportif.info\/index.php\/benjamin-le-reste-en-interview-sur-son-projet-ses-ambitions-et-son-objectif-avec-le-wakriya-ac\/"]}]},{"@type":"ImageObject","inLanguage":"fr-FR","@id":"https:\/\/oeilsportif.info\/index.php\/benjamin-le-reste-en-interview-sur-son-projet-ses-ambitions-et-son-objectif-avec-le-wakriya-ac\/#primaryimage","url":"https:\/\/i0.wp.com\/oeilsportif.info\/wp-content\/uploads\/2023\/08\/FB_IMG_1691171786122.jpg?fit=639%2C454&ssl=1","contentUrl":"https:\/\/i0.wp.com\/oeilsportif.info\/wp-content\/uploads\/2023\/08\/FB_IMG_1691171786122.jpg?fit=639%2C454&ssl=1","width":639,"height":454},{"@type":"WebSite","@id":"https:\/\/oeilsportif.info\/#website","url":"https:\/\/oeilsportif.info\/","name":"le regard du sportif","description":"","potentialAction":[{"@type":"SearchAction","target":{"@type":"EntryPoint","urlTemplate":"https:\/\/oeilsportif.info\/?s={search_term_string}"},"query-input":{"@type":"PropertyValueSpecification","valueRequired":true,"valueName":"search_term_string"}}],"inLanguage":"fr-FR"},{"@type":"Person","@id":"https:\/\/oeilsportif.info\/#\/schema\/person\/cfbded294aa6095f7d96608d7905e9a1","name":"L'Equipe de la R\u00e9daction","image":{"@type":"ImageObject","inLanguage":"fr-FR","@id":"https:\/\/oeilsportif.info\/wp-content\/uploads\/2025\/07\/cropped-cropped-logo-os-96x96.jpeg","url":"https:\/\/oeilsportif.info\/wp-content\/uploads\/2025\/07\/cropped-cropped-logo-os-96x96.jpeg","contentUrl":"https:\/\/oeilsportif.info\/wp-content\/uploads\/2025\/07\/cropped-cropped-logo-os-96x96.jpeg","caption":"L'Equipe de la R\u00e9daction"},"url":"https:\/\/oeilsportif.info\/index.php\/author\/tawel\/"}]}},"jetpack_publicize_connections":[],"jetpack_featured_media_url":"https:\/\/i0.wp.com\/oeilsportif.info\/wp-content\/uploads\/2023\/08\/FB_IMG_1691171786122.jpg?fit=639%2C454&ssl=1","jetpack-related-posts":[],"jetpack_sharing_enabled":true,"jetpack_likes_enabled":true,"jetpack_shortlink":"https:\/\/wp.me\/pgFE77-RE","_links":{"self":[{"href":"https:\/\/oeilsportif.info\/index.php\/wp-json\/wp\/v2\/posts\/3326","targetHints":{"allow":["GET"]}}],"collection":[{"href":"https:\/\/oeilsportif.info\/index.php\/wp-json\/wp\/v2\/posts"}],"about":[{"href":"https:\/\/oeilsportif.info\/index.php\/wp-json\/wp\/v2\/types\/post"}],"author":[{"embeddable":true,"href":"https:\/\/oeilsportif.info\/index.php\/wp-json\/wp\/v2\/users\/2"}],"replies":[{"embeddable":true,"href":"https:\/\/oeilsportif.info\/index.php\/wp-json\/wp\/v2\/comments?post=3326"}],"version-history":[{"count":0,"href":"https:\/\/oeilsportif.info\/index.php\/wp-json\/wp\/v2\/posts\/3326\/revisions"}],"wp:featuredmedia":[{"embeddable":true,"href":"https:\/\/oeilsportif.info\/index.php\/wp-json\/wp\/v2\/media\/3327"}],"wp:attachment":[{"href":"https:\/\/oeilsportif.info\/index.php\/wp-json\/wp\/v2\/media?parent=3326"}],"wp:term":[{"taxonomy":"category","embeddable":true,"href":"https:\/\/oeilsportif.info\/index.php\/wp-json\/wp\/v2\/categories?post=3326"},{"taxonomy":"post_tag","embeddable":true,"href":"https:\/\/oeilsportif.info\/index.php\/wp-json\/wp\/v2\/tags?post=3326"}],"curies":[{"name":"wp","href":"https:\/\/api.w.org\/{rel}","templated":true}]}}