{"id":3307,"date":"2023-07-26T20:47:00","date_gmt":"2023-07-26T20:47:00","guid":{"rendered":"https:\/\/oeilsportif.info\/index.php\/?p=3307"},"modified":"2023-07-26T20:47:00","modified_gmt":"2023-07-26T20:47:00","slug":"feguifoot-apres-ladoption-des-nouveaux-statuts-le-cdfg-appelle-a-une-union-des-membres-statutaires","status":"publish","type":"post","link":"https:\/\/oeilsportif.info\/index.php\/feguifoot-apres-ladoption-des-nouveaux-statuts-le-cdfg-appelle-a-une-union-des-membres-statutaires\/","title":{"rendered":"Feguifoot : apr\u00e8s l\u2019adoption des nouveaux statuts, le CDFG appelle \u00e0 une union des membres statutaires"},"content":{"rendered":"<p>Apr\u00e8s l\u2019adoption \u00e0 l\u2019unanimit\u00e9 des statuts r\u00e9vis\u00e9s de la F\u00e9d\u00e9ration Guin\u00e9enne de Football par les membres statutaires, les coalitions autrefois oppos\u00e9es cherchent \u00e0 se retrouver \u00ab pour mettre un terme \u00e0 leurs diff\u00e9rends \u00bb.<br \/>\nEn tout cas, le Collectif pour la D\u00e9fense du Football Cuin\u00e9en (CDFG) fait le premier pas \u00e0 travers une main tendue au G47.<br \/>\nDans un communiqu\u00e9 dat\u00e9 de ce mardi 25 juillet 2023 dont guin\u00e9enews.org d\u00e9tient une copie, le Collectif invite l\u2019autre camp \u00e0 \u00ab une synergie d\u2019actions \u00bb afin que \u00bb nous transcendions d\u00e9finitivement nos diff\u00e9rends bas\u00e9s certes sur notre volont\u00e9 commune de progr\u00e8s du football de notre pays, en disloquant nos deux blocs antagonistes (G47\/Collectif des Clubs) \u00bb.<br \/>\nPoursuivant, le collectif esp\u00e8re \u00bb que le G73 impliquant tous les membres statutaires s\u2019unissent pour choisir, dans une d\u00e9marche consensuelle et concert\u00e9e, une liste unique d\u2019hommes et femmes capables de promouvoir et d\u00e9velopper le football guin\u00e9en dans toutes ses composantes. \u00bb<br \/>\nIl reste \u00e0 savoir si le G47 r\u00e9pondra favorablement \u00e0 cette main tendue.<\/p>\n<p><strong>www.guineenews.org<\/strong><\/p>\n","protected":false},"excerpt":{"rendered":"<p>Apr\u00e8s l\u2019adoption \u00e0 l\u2019unanimit\u00e9 des statuts r\u00e9vis\u00e9s de la F\u00e9d\u00e9ration Guin\u00e9enne de Football par les membres statutaires, les coalitions autrefois oppos\u00e9es cherchent \u00e0 se retrouver \u00ab pour mettre un terme \u00e0 leurs diff\u00e9rends \u00bb. En tout cas, le Collectif pour la D\u00e9fense du Football Cuin\u00e9en (CDFG) fait le premier pas \u00e0 travers une main tendue [&hellip;]<\/p>\n","protected":false},"author":2,"featured_media":3308,"comment_status":"closed","ping_status":"open","sticky":false,"template":"","format":"standard","meta":{"_jetpack_memberships_contains_paid_content":false,"footnotes":"","jetpack_publicize_message":"","jetpack_publicize_feature_enabled":true,"jetpack_social_post_already_shared":true,"jetpack_social_options":{"image_generator_settings":{"template":"highway","default_image_id":0,"font":"","enabled":false},"version":2}},"categories":[10,5],"tags":[],"class_list":{"0":"post-3307","1":"post","2":"type-post","3":"status-publish","4":"format-standard","5":"has-post-thumbnail","7":"category-actualite","8":"category-football"},"yoast_head":"<!-- This site is optimized with the Yoast SEO plugin v27.4 - https:\/\/yoast.com\/product\/yoast-seo-wordpress\/ -->\n<title>Feguifoot : apr\u00e8s l\u2019adoption des nouveaux statuts, le CDFG appelle \u00e0 une union des membres statutaires - le regard du sportif<\/title>\n<meta name=\"robots\" content=\"index, follow, max-snippet:-1, max-image-preview:large, max-video-preview:-1\" \/>\n<link rel=\"canonical\" href=\"https:\/\/oeilsportif.info\/index.php\/feguifoot-apres-ladoption-des-nouveaux-statuts-le-cdfg-appelle-a-une-union-des-membres-statutaires\/\" \/>\n<meta property=\"og:locale\" content=\"fr_FR\" \/>\n<meta property=\"og:type\" content=\"article\" \/>\n<meta property=\"og:title\" content=\"Feguifoot : apr\u00e8s l\u2019adoption des nouveaux statuts, le CDFG appelle \u00e0 une union des membres statutaires - le regard du sportif\" \/>\n<meta property=\"og:description\" content=\"Apr\u00e8s l\u2019adoption \u00e0 l\u2019unanimit\u00e9 des statuts r\u00e9vis\u00e9s de la F\u00e9d\u00e9ration Guin\u00e9enne de Football par les membres statutaires, les coalitions autrefois oppos\u00e9es cherchent \u00e0 se retrouver \u00ab pour mettre un terme \u00e0 leurs diff\u00e9rends \u00bb. En tout cas, le Collectif pour la D\u00e9fense du Football Cuin\u00e9en (CDFG) fait le premier pas \u00e0 travers une main tendue [&hellip;]\" \/>\n<meta property=\"og:url\" content=\"https:\/\/oeilsportif.info\/index.php\/feguifoot-apres-ladoption-des-nouveaux-statuts-le-cdfg-appelle-a-une-union-des-membres-statutaires\/\" \/>\n<meta property=\"og:site_name\" content=\"le regard du sportif\" \/>\n<meta property=\"article:published_time\" content=\"2023-07-26T20:47:00+00:00\" \/>\n<meta property=\"og:image\" content=\"https:\/\/oeilsportif.info\/wp-content\/uploads\/2023\/07\/COLLECTIF.jpg\" \/>\n\t<meta property=\"og:image:width\" content=\"1164\" \/>\n\t<meta property=\"og:image:height\" content=\"878\" \/>\n\t<meta property=\"og:image:type\" content=\"image\/jpeg\" \/>\n<meta name=\"author\" content=\"L&#039;Equipe de la R\u00e9daction\" \/>\n<meta name=\"twitter:label1\" content=\"\u00c9crit par\" \/>\n\t<meta name=\"twitter:data1\" content=\"L&#039;Equipe de la R\u00e9daction\" \/>\n\t<meta name=\"twitter:label2\" content=\"Dur\u00e9e de lecture estim\u00e9e\" \/>\n\t<meta name=\"twitter:data2\" content=\"1 minute\" \/>\n<script type=\"application\/ld+json\" class=\"yoast-schema-graph\">{\"@context\":\"https:\\\/\\\/schema.org\",\"@graph\":[{\"@type\":\"Article\",\"@id\":\"https:\\\/\\\/oeilsportif.info\\\/index.php\\\/feguifoot-apres-ladoption-des-nouveaux-statuts-le-cdfg-appelle-a-une-union-des-membres-statutaires\\\/#article\",\"isPartOf\":{\"@id\":\"https:\\\/\\\/oeilsportif.info\\\/index.php\\\/feguifoot-apres-ladoption-des-nouveaux-statuts-le-cdfg-appelle-a-une-union-des-membres-statutaires\\\/\"},\"author\":{\"name\":\"L'Equipe de la R\u00e9daction\",\"@id\":\"https:\\\/\\\/oeilsportif.info\\\/#\\\/schema\\\/person\\\/cfbded294aa6095f7d96608d7905e9a1\"},\"headline\":\"Feguifoot : apr\u00e8s l\u2019adoption des nouveaux statuts, le CDFG appelle \u00e0 une union des membres statutaires\",\"datePublished\":\"2023-07-26T20:47:00+00:00\",\"mainEntityOfPage\":{\"@id\":\"https:\\\/\\\/oeilsportif.info\\\/index.php\\\/feguifoot-apres-ladoption-des-nouveaux-statuts-le-cdfg-appelle-a-une-union-des-membres-statutaires\\\/\"},\"wordCount\":200,\"image\":{\"@id\":\"https:\\\/\\\/oeilsportif.info\\\/index.php\\\/feguifoot-apres-ladoption-des-nouveaux-statuts-le-cdfg-appelle-a-une-union-des-membres-statutaires\\\/#primaryimage\"},\"thumbnailUrl\":\"https:\\\/\\\/i0.wp.com\\\/oeilsportif.info\\\/wp-content\\\/uploads\\\/2023\\\/07\\\/COLLECTIF.jpg?fit=1164%2C878&ssl=1\",\"articleSection\":[\"Actualit\u00e9\",\"Football\"],\"inLanguage\":\"fr-FR\"},{\"@type\":\"WebPage\",\"@id\":\"https:\\\/\\\/oeilsportif.info\\\/index.php\\\/feguifoot-apres-ladoption-des-nouveaux-statuts-le-cdfg-appelle-a-une-union-des-membres-statutaires\\\/\",\"url\":\"https:\\\/\\\/oeilsportif.info\\\/index.php\\\/feguifoot-apres-ladoption-des-nouveaux-statuts-le-cdfg-appelle-a-une-union-des-membres-statutaires\\\/\",\"name\":\"Feguifoot : apr\u00e8s l\u2019adoption des nouveaux statuts, le CDFG appelle \u00e0 une union des membres statutaires - le regard du sportif\",\"isPartOf\":{\"@id\":\"https:\\\/\\\/oeilsportif.info\\\/#website\"},\"primaryImageOfPage\":{\"@id\":\"https:\\\/\\\/oeilsportif.info\\\/index.php\\\/feguifoot-apres-ladoption-des-nouveaux-statuts-le-cdfg-appelle-a-une-union-des-membres-statutaires\\\/#primaryimage\"},\"image\":{\"@id\":\"https:\\\/\\\/oeilsportif.info\\\/index.php\\\/feguifoot-apres-ladoption-des-nouveaux-statuts-le-cdfg-appelle-a-une-union-des-membres-statutaires\\\/#primaryimage\"},\"thumbnailUrl\":\"https:\\\/\\\/i0.wp.com\\\/oeilsportif.info\\\/wp-content\\\/uploads\\\/2023\\\/07\\\/COLLECTIF.jpg?fit=1164%2C878&ssl=1\",\"datePublished\":\"2023-07-26T20:47:00+00:00\",\"author\":{\"@id\":\"https:\\\/\\\/oeilsportif.info\\\/#\\\/schema\\\/person\\\/cfbded294aa6095f7d96608d7905e9a1\"},\"inLanguage\":\"fr-FR\",\"potentialAction\":[{\"@type\":\"ReadAction\",\"target\":[\"https:\\\/\\\/oeilsportif.info\\\/index.php\\\/feguifoot-apres-ladoption-des-nouveaux-statuts-le-cdfg-appelle-a-une-union-des-membres-statutaires\\\/\"]}]},{\"@type\":\"ImageObject\",\"inLanguage\":\"fr-FR\",\"@id\":\"https:\\\/\\\/oeilsportif.info\\\/index.php\\\/feguifoot-apres-ladoption-des-nouveaux-statuts-le-cdfg-appelle-a-une-union-des-membres-statutaires\\\/#primaryimage\",\"url\":\"https:\\\/\\\/i0.wp.com\\\/oeilsportif.info\\\/wp-content\\\/uploads\\\/2023\\\/07\\\/COLLECTIF.jpg?fit=1164%2C878&ssl=1\",\"contentUrl\":\"https:\\\/\\\/i0.wp.com\\\/oeilsportif.info\\\/wp-content\\\/uploads\\\/2023\\\/07\\\/COLLECTIF.jpg?fit=1164%2C878&ssl=1\",\"width\":1164,\"height\":878},{\"@type\":\"WebSite\",\"@id\":\"https:\\\/\\\/oeilsportif.info\\\/#website\",\"url\":\"https:\\\/\\\/oeilsportif.info\\\/\",\"name\":\"le regard du sportif\",\"description\":\"\",\"potentialAction\":[{\"@type\":\"SearchAction\",\"target\":{\"@type\":\"EntryPoint\",\"urlTemplate\":\"https:\\\/\\\/oeilsportif.info\\\/?s={search_term_string}\"},\"query-input\":{\"@type\":\"PropertyValueSpecification\",\"valueRequired\":true,\"valueName\":\"search_term_string\"}}],\"inLanguage\":\"fr-FR\"},{\"@type\":\"Person\",\"@id\":\"https:\\\/\\\/oeilsportif.info\\\/#\\\/schema\\\/person\\\/cfbded294aa6095f7d96608d7905e9a1\",\"name\":\"L'Equipe de la R\u00e9daction\",\"image\":{\"@type\":\"ImageObject\",\"inLanguage\":\"fr-FR\",\"@id\":\"https:\\\/\\\/oeilsportif.info\\\/wp-content\\\/uploads\\\/2025\\\/07\\\/cropped-cropped-logo-os-96x96.jpeg\",\"url\":\"https:\\\/\\\/oeilsportif.info\\\/wp-content\\\/uploads\\\/2025\\\/07\\\/cropped-cropped-logo-os-96x96.jpeg\",\"contentUrl\":\"https:\\\/\\\/oeilsportif.info\\\/wp-content\\\/uploads\\\/2025\\\/07\\\/cropped-cropped-logo-os-96x96.jpeg\",\"caption\":\"L'Equipe de la R\u00e9daction\"},\"url\":\"https:\\\/\\\/oeilsportif.info\\\/index.php\\\/author\\\/tawel\\\/\"}]}<\/script>\n<!-- \/ Yoast SEO plugin. -->","yoast_head_json":{"title":"Feguifoot : apr\u00e8s l\u2019adoption des nouveaux statuts, le CDFG appelle \u00e0 une union des membres statutaires - le regard du sportif","robots":{"index":"index","follow":"follow","max-snippet":"max-snippet:-1","max-image-preview":"max-image-preview:large","max-video-preview":"max-video-preview:-1"},"canonical":"https:\/\/oeilsportif.info\/index.php\/feguifoot-apres-ladoption-des-nouveaux-statuts-le-cdfg-appelle-a-une-union-des-membres-statutaires\/","og_locale":"fr_FR","og_type":"article","og_title":"Feguifoot : apr\u00e8s l\u2019adoption des nouveaux statuts, le CDFG appelle \u00e0 une union des membres statutaires - le regard du sportif","og_description":"Apr\u00e8s l\u2019adoption \u00e0 l\u2019unanimit\u00e9 des statuts r\u00e9vis\u00e9s de la F\u00e9d\u00e9ration Guin\u00e9enne de Football par les membres statutaires, les coalitions autrefois oppos\u00e9es cherchent \u00e0 se retrouver \u00ab pour mettre un terme \u00e0 leurs diff\u00e9rends \u00bb. En tout cas, le Collectif pour la D\u00e9fense du Football Cuin\u00e9en (CDFG) fait le premier pas \u00e0 travers une main tendue [&hellip;]","og_url":"https:\/\/oeilsportif.info\/index.php\/feguifoot-apres-ladoption-des-nouveaux-statuts-le-cdfg-appelle-a-une-union-des-membres-statutaires\/","og_site_name":"le regard du sportif","article_published_time":"2023-07-26T20:47:00+00:00","og_image":[{"width":1164,"height":878,"url":"https:\/\/oeilsportif.info\/wp-content\/uploads\/2023\/07\/COLLECTIF.jpg","type":"image\/jpeg"}],"author":"L'Equipe de la R\u00e9daction","twitter_misc":{"\u00c9crit par":"L'Equipe de la R\u00e9daction","Dur\u00e9e de lecture estim\u00e9e":"1 minute"},"schema":{"@context":"https:\/\/schema.org","@graph":[{"@type":"Article","@id":"https:\/\/oeilsportif.info\/index.php\/feguifoot-apres-ladoption-des-nouveaux-statuts-le-cdfg-appelle-a-une-union-des-membres-statutaires\/#article","isPartOf":{"@id":"https:\/\/oeilsportif.info\/index.php\/feguifoot-apres-ladoption-des-nouveaux-statuts-le-cdfg-appelle-a-une-union-des-membres-statutaires\/"},"author":{"name":"L'Equipe de la R\u00e9daction","@id":"https:\/\/oeilsportif.info\/#\/schema\/person\/cfbded294aa6095f7d96608d7905e9a1"},"headline":"Feguifoot : apr\u00e8s l\u2019adoption des nouveaux statuts, le CDFG appelle \u00e0 une union des membres statutaires","datePublished":"2023-07-26T20:47:00+00:00","mainEntityOfPage":{"@id":"https:\/\/oeilsportif.info\/index.php\/feguifoot-apres-ladoption-des-nouveaux-statuts-le-cdfg-appelle-a-une-union-des-membres-statutaires\/"},"wordCount":200,"image":{"@id":"https:\/\/oeilsportif.info\/index.php\/feguifoot-apres-ladoption-des-nouveaux-statuts-le-cdfg-appelle-a-une-union-des-membres-statutaires\/#primaryimage"},"thumbnailUrl":"https:\/\/i0.wp.com\/oeilsportif.info\/wp-content\/uploads\/2023\/07\/COLLECTIF.jpg?fit=1164%2C878&ssl=1","articleSection":["Actualit\u00e9","Football"],"inLanguage":"fr-FR"},{"@type":"WebPage","@id":"https:\/\/oeilsportif.info\/index.php\/feguifoot-apres-ladoption-des-nouveaux-statuts-le-cdfg-appelle-a-une-union-des-membres-statutaires\/","url":"https:\/\/oeilsportif.info\/index.php\/feguifoot-apres-ladoption-des-nouveaux-statuts-le-cdfg-appelle-a-une-union-des-membres-statutaires\/","name":"Feguifoot : apr\u00e8s l\u2019adoption des nouveaux statuts, le CDFG appelle \u00e0 une union des membres statutaires - le regard du sportif","isPartOf":{"@id":"https:\/\/oeilsportif.info\/#website"},"primaryImageOfPage":{"@id":"https:\/\/oeilsportif.info\/index.php\/feguifoot-apres-ladoption-des-nouveaux-statuts-le-cdfg-appelle-a-une-union-des-membres-statutaires\/#primaryimage"},"image":{"@id":"https:\/\/oeilsportif.info\/index.php\/feguifoot-apres-ladoption-des-nouveaux-statuts-le-cdfg-appelle-a-une-union-des-membres-statutaires\/#primaryimage"},"thumbnailUrl":"https:\/\/i0.wp.com\/oeilsportif.info\/wp-content\/uploads\/2023\/07\/COLLECTIF.jpg?fit=1164%2C878&ssl=1","datePublished":"2023-07-26T20:47:00+00:00","author":{"@id":"https:\/\/oeilsportif.info\/#\/schema\/person\/cfbded294aa6095f7d96608d7905e9a1"},"inLanguage":"fr-FR","potentialAction":[{"@type":"ReadAction","target":["https:\/\/oeilsportif.info\/index.php\/feguifoot-apres-ladoption-des-nouveaux-statuts-le-cdfg-appelle-a-une-union-des-membres-statutaires\/"]}]},{"@type":"ImageObject","inLanguage":"fr-FR","@id":"https:\/\/oeilsportif.info\/index.php\/feguifoot-apres-ladoption-des-nouveaux-statuts-le-cdfg-appelle-a-une-union-des-membres-statutaires\/#primaryimage","url":"https:\/\/i0.wp.com\/oeilsportif.info\/wp-content\/uploads\/2023\/07\/COLLECTIF.jpg?fit=1164%2C878&ssl=1","contentUrl":"https:\/\/i0.wp.com\/oeilsportif.info\/wp-content\/uploads\/2023\/07\/COLLECTIF.jpg?fit=1164%2C878&ssl=1","width":1164,"height":878},{"@type":"WebSite","@id":"https:\/\/oeilsportif.info\/#website","url":"https:\/\/oeilsportif.info\/","name":"le regard du sportif","description":"","potentialAction":[{"@type":"SearchAction","target":{"@type":"EntryPoint","urlTemplate":"https:\/\/oeilsportif.info\/?s={search_term_string}"},"query-input":{"@type":"PropertyValueSpecification","valueRequired":true,"valueName":"search_term_string"}}],"inLanguage":"fr-FR"},{"@type":"Person","@id":"https:\/\/oeilsportif.info\/#\/schema\/person\/cfbded294aa6095f7d96608d7905e9a1","name":"L'Equipe de la R\u00e9daction","image":{"@type":"ImageObject","inLanguage":"fr-FR","@id":"https:\/\/oeilsportif.info\/wp-content\/uploads\/2025\/07\/cropped-cropped-logo-os-96x96.jpeg","url":"https:\/\/oeilsportif.info\/wp-content\/uploads\/2025\/07\/cropped-cropped-logo-os-96x96.jpeg","contentUrl":"https:\/\/oeilsportif.info\/wp-content\/uploads\/2025\/07\/cropped-cropped-logo-os-96x96.jpeg","caption":"L'Equipe de la R\u00e9daction"},"url":"https:\/\/oeilsportif.info\/index.php\/author\/tawel\/"}]}},"jetpack_publicize_connections":[],"jetpack_featured_media_url":"https:\/\/i0.wp.com\/oeilsportif.info\/wp-content\/uploads\/2023\/07\/COLLECTIF.jpg?fit=1164%2C878&ssl=1","jetpack-related-posts":[],"jetpack_sharing_enabled":true,"jetpack_likes_enabled":true,"jetpack_shortlink":"https:\/\/wp.me\/pgFE77-Rl","_links":{"self":[{"href":"https:\/\/oeilsportif.info\/index.php\/wp-json\/wp\/v2\/posts\/3307","targetHints":{"allow":["GET"]}}],"collection":[{"href":"https:\/\/oeilsportif.info\/index.php\/wp-json\/wp\/v2\/posts"}],"about":[{"href":"https:\/\/oeilsportif.info\/index.php\/wp-json\/wp\/v2\/types\/post"}],"author":[{"embeddable":true,"href":"https:\/\/oeilsportif.info\/index.php\/wp-json\/wp\/v2\/users\/2"}],"replies":[{"embeddable":true,"href":"https:\/\/oeilsportif.info\/index.php\/wp-json\/wp\/v2\/comments?post=3307"}],"version-history":[{"count":0,"href":"https:\/\/oeilsportif.info\/index.php\/wp-json\/wp\/v2\/posts\/3307\/revisions"}],"wp:featuredmedia":[{"embeddable":true,"href":"https:\/\/oeilsportif.info\/index.php\/wp-json\/wp\/v2\/media\/3308"}],"wp:attachment":[{"href":"https:\/\/oeilsportif.info\/index.php\/wp-json\/wp\/v2\/media?parent=3307"}],"wp:term":[{"taxonomy":"category","embeddable":true,"href":"https:\/\/oeilsportif.info\/index.php\/wp-json\/wp\/v2\/categories?post=3307"},{"taxonomy":"post_tag","embeddable":true,"href":"https:\/\/oeilsportif.info\/index.php\/wp-json\/wp\/v2\/tags?post=3307"}],"curies":[{"name":"wp","href":"https:\/\/api.w.org\/{rel}","templated":true}]}}