{"id":3300,"date":"2023-07-26T20:14:55","date_gmt":"2023-07-26T20:14:55","guid":{"rendered":"https:\/\/oeilsportif.info\/index.php\/?p=3300"},"modified":"2023-07-26T20:14:55","modified_gmt":"2023-07-26T20:14:55","slug":"transfert-abdoulaye-bangoura-sory-est-desormais-vert-blanc","status":"publish","type":"post","link":"https:\/\/oeilsportif.info\/index.php\/transfert-abdoulaye-bangoura-sory-est-desormais-vert-blanc\/","title":{"rendered":"Transfert : Abdoulaye Bangoura \u00a0\u00bb S\u00f6ry \u00a0\u00bb est d\u00e9sormais vert-blanc !"},"content":{"rendered":"<p>C&rsquo;\u00e9tait dans les tuyaux. C&rsquo;est d\u00e9sormais officiel. Abdoulaye Bangoura S\u00f6ry, s&rsquo;est engag\u00e9 avec l&rsquo;\u00e9quipe du pr\u00e9sident Kerfalla Camara KPC pour une dur\u00e9e de deux saisons.<\/p>\n<p>Pass\u00e9 par la Flamme Olympique et le Wakriya Athl\u00e9tique de Bok\u00e9, S\u00f6ry aura la lourde t\u00e2che de hisser haut, le drapeau du premier triple champion d&rsquo;Afrique des clubs. Et le joueur nous a confi\u00e9: <strong>&lt;&lt; Je suis s\u00e9duit par le projet du Hafia FC. Et je me battrai pour participer activement au rayonnement de ce grand club africain&#8230;&gt;&gt;<\/strong><\/p>\n<p><strong>S\u00e9kouna Camara<\/strong><\/p>\n","protected":false},"excerpt":{"rendered":"<p>C&rsquo;\u00e9tait dans les tuyaux. C&rsquo;est d\u00e9sormais officiel. Abdoulaye Bangoura S\u00f6ry, s&rsquo;est engag\u00e9 avec l&rsquo;\u00e9quipe du pr\u00e9sident Kerfalla Camara KPC pour une dur\u00e9e de deux saisons. Pass\u00e9 par la Flamme Olympique et le Wakriya Athl\u00e9tique de Bok\u00e9, S\u00f6ry aura la lourde t\u00e2che de hisser haut, le drapeau du premier triple champion d&rsquo;Afrique des clubs. Et le [&hellip;]<\/p>\n","protected":false},"author":2,"featured_media":3301,"comment_status":"closed","ping_status":"open","sticky":false,"template":"","format":"standard","meta":{"_jetpack_memberships_contains_paid_content":false,"footnotes":"","jetpack_publicize_message":"","jetpack_publicize_feature_enabled":true,"jetpack_social_post_already_shared":true,"jetpack_social_options":{"image_generator_settings":{"template":"highway","default_image_id":0,"font":"","enabled":false},"version":2}},"categories":[10,5],"tags":[],"class_list":{"0":"post-3300","1":"post","2":"type-post","3":"status-publish","4":"format-standard","5":"has-post-thumbnail","7":"category-actualite","8":"category-football"},"yoast_head":"<!-- This site is optimized with the Yoast SEO plugin v27.4 - https:\/\/yoast.com\/product\/yoast-seo-wordpress\/ -->\n<title>Transfert : Abdoulaye Bangoura &quot; S\u00f6ry &quot; est d\u00e9sormais vert-blanc ! - le regard du sportif<\/title>\n<meta name=\"robots\" content=\"index, follow, max-snippet:-1, max-image-preview:large, max-video-preview:-1\" \/>\n<link rel=\"canonical\" href=\"https:\/\/oeilsportif.info\/index.php\/transfert-abdoulaye-bangoura-sory-est-desormais-vert-blanc\/\" \/>\n<meta property=\"og:locale\" content=\"fr_FR\" \/>\n<meta property=\"og:type\" content=\"article\" \/>\n<meta property=\"og:title\" content=\"Transfert : Abdoulaye Bangoura &quot; S\u00f6ry &quot; est d\u00e9sormais vert-blanc ! - le regard du sportif\" \/>\n<meta property=\"og:description\" content=\"C&rsquo;\u00e9tait dans les tuyaux. C&rsquo;est d\u00e9sormais officiel. Abdoulaye Bangoura S\u00f6ry, s&rsquo;est engag\u00e9 avec l&rsquo;\u00e9quipe du pr\u00e9sident Kerfalla Camara KPC pour une dur\u00e9e de deux saisons. Pass\u00e9 par la Flamme Olympique et le Wakriya Athl\u00e9tique de Bok\u00e9, S\u00f6ry aura la lourde t\u00e2che de hisser haut, le drapeau du premier triple champion d&rsquo;Afrique des clubs. Et le [&hellip;]\" \/>\n<meta property=\"og:url\" content=\"https:\/\/oeilsportif.info\/index.php\/transfert-abdoulaye-bangoura-sory-est-desormais-vert-blanc\/\" \/>\n<meta property=\"og:site_name\" content=\"le regard du sportif\" \/>\n<meta property=\"article:published_time\" content=\"2023-07-26T20:14:55+00:00\" \/>\n<meta property=\"og:image\" content=\"https:\/\/oeilsportif.info\/wp-content\/uploads\/2023\/07\/received_952853162679189.jpeg\" \/>\n\t<meta property=\"og:image:width\" content=\"693\" \/>\n\t<meta property=\"og:image:height\" content=\"796\" \/>\n\t<meta property=\"og:image:type\" content=\"image\/jpeg\" \/>\n<meta name=\"author\" content=\"L&#039;Equipe de la R\u00e9daction\" \/>\n<meta name=\"twitter:label1\" content=\"\u00c9crit par\" \/>\n\t<meta name=\"twitter:data1\" content=\"L&#039;Equipe de la R\u00e9daction\" \/>\n\t<meta name=\"twitter:label2\" content=\"Dur\u00e9e de lecture estim\u00e9e\" \/>\n\t<meta name=\"twitter:data2\" content=\"1 minute\" \/>\n<script type=\"application\/ld+json\" class=\"yoast-schema-graph\">{\"@context\":\"https:\\\/\\\/schema.org\",\"@graph\":[{\"@type\":\"Article\",\"@id\":\"https:\\\/\\\/oeilsportif.info\\\/index.php\\\/transfert-abdoulaye-bangoura-sory-est-desormais-vert-blanc\\\/#article\",\"isPartOf\":{\"@id\":\"https:\\\/\\\/oeilsportif.info\\\/index.php\\\/transfert-abdoulaye-bangoura-sory-est-desormais-vert-blanc\\\/\"},\"author\":{\"name\":\"L'Equipe de la R\u00e9daction\",\"@id\":\"https:\\\/\\\/oeilsportif.info\\\/#\\\/schema\\\/person\\\/cfbded294aa6095f7d96608d7905e9a1\"},\"headline\":\"Transfert : Abdoulaye Bangoura \u00a0\u00bb S\u00f6ry \u00a0\u00bb est d\u00e9sormais vert-blanc !\",\"datePublished\":\"2023-07-26T20:14:55+00:00\",\"mainEntityOfPage\":{\"@id\":\"https:\\\/\\\/oeilsportif.info\\\/index.php\\\/transfert-abdoulaye-bangoura-sory-est-desormais-vert-blanc\\\/\"},\"wordCount\":111,\"image\":{\"@id\":\"https:\\\/\\\/oeilsportif.info\\\/index.php\\\/transfert-abdoulaye-bangoura-sory-est-desormais-vert-blanc\\\/#primaryimage\"},\"thumbnailUrl\":\"https:\\\/\\\/i0.wp.com\\\/oeilsportif.info\\\/wp-content\\\/uploads\\\/2023\\\/07\\\/received_952853162679189.jpeg?fit=693%2C796&ssl=1\",\"articleSection\":[\"Actualit\u00e9\",\"Football\"],\"inLanguage\":\"fr-FR\"},{\"@type\":\"WebPage\",\"@id\":\"https:\\\/\\\/oeilsportif.info\\\/index.php\\\/transfert-abdoulaye-bangoura-sory-est-desormais-vert-blanc\\\/\",\"url\":\"https:\\\/\\\/oeilsportif.info\\\/index.php\\\/transfert-abdoulaye-bangoura-sory-est-desormais-vert-blanc\\\/\",\"name\":\"Transfert : Abdoulaye Bangoura \\\" S\u00f6ry \\\" est d\u00e9sormais vert-blanc ! - le regard du sportif\",\"isPartOf\":{\"@id\":\"https:\\\/\\\/oeilsportif.info\\\/#website\"},\"primaryImageOfPage\":{\"@id\":\"https:\\\/\\\/oeilsportif.info\\\/index.php\\\/transfert-abdoulaye-bangoura-sory-est-desormais-vert-blanc\\\/#primaryimage\"},\"image\":{\"@id\":\"https:\\\/\\\/oeilsportif.info\\\/index.php\\\/transfert-abdoulaye-bangoura-sory-est-desormais-vert-blanc\\\/#primaryimage\"},\"thumbnailUrl\":\"https:\\\/\\\/i0.wp.com\\\/oeilsportif.info\\\/wp-content\\\/uploads\\\/2023\\\/07\\\/received_952853162679189.jpeg?fit=693%2C796&ssl=1\",\"datePublished\":\"2023-07-26T20:14:55+00:00\",\"author\":{\"@id\":\"https:\\\/\\\/oeilsportif.info\\\/#\\\/schema\\\/person\\\/cfbded294aa6095f7d96608d7905e9a1\"},\"inLanguage\":\"fr-FR\",\"potentialAction\":[{\"@type\":\"ReadAction\",\"target\":[\"https:\\\/\\\/oeilsportif.info\\\/index.php\\\/transfert-abdoulaye-bangoura-sory-est-desormais-vert-blanc\\\/\"]}]},{\"@type\":\"ImageObject\",\"inLanguage\":\"fr-FR\",\"@id\":\"https:\\\/\\\/oeilsportif.info\\\/index.php\\\/transfert-abdoulaye-bangoura-sory-est-desormais-vert-blanc\\\/#primaryimage\",\"url\":\"https:\\\/\\\/i0.wp.com\\\/oeilsportif.info\\\/wp-content\\\/uploads\\\/2023\\\/07\\\/received_952853162679189.jpeg?fit=693%2C796&ssl=1\",\"contentUrl\":\"https:\\\/\\\/i0.wp.com\\\/oeilsportif.info\\\/wp-content\\\/uploads\\\/2023\\\/07\\\/received_952853162679189.jpeg?fit=693%2C796&ssl=1\",\"width\":693,\"height\":796},{\"@type\":\"WebSite\",\"@id\":\"https:\\\/\\\/oeilsportif.info\\\/#website\",\"url\":\"https:\\\/\\\/oeilsportif.info\\\/\",\"name\":\"le regard du sportif\",\"description\":\"\",\"potentialAction\":[{\"@type\":\"SearchAction\",\"target\":{\"@type\":\"EntryPoint\",\"urlTemplate\":\"https:\\\/\\\/oeilsportif.info\\\/?s={search_term_string}\"},\"query-input\":{\"@type\":\"PropertyValueSpecification\",\"valueRequired\":true,\"valueName\":\"search_term_string\"}}],\"inLanguage\":\"fr-FR\"},{\"@type\":\"Person\",\"@id\":\"https:\\\/\\\/oeilsportif.info\\\/#\\\/schema\\\/person\\\/cfbded294aa6095f7d96608d7905e9a1\",\"name\":\"L'Equipe de la R\u00e9daction\",\"image\":{\"@type\":\"ImageObject\",\"inLanguage\":\"fr-FR\",\"@id\":\"https:\\\/\\\/oeilsportif.info\\\/wp-content\\\/uploads\\\/2025\\\/07\\\/cropped-cropped-logo-os-96x96.jpeg\",\"url\":\"https:\\\/\\\/oeilsportif.info\\\/wp-content\\\/uploads\\\/2025\\\/07\\\/cropped-cropped-logo-os-96x96.jpeg\",\"contentUrl\":\"https:\\\/\\\/oeilsportif.info\\\/wp-content\\\/uploads\\\/2025\\\/07\\\/cropped-cropped-logo-os-96x96.jpeg\",\"caption\":\"L'Equipe de la R\u00e9daction\"},\"url\":\"https:\\\/\\\/oeilsportif.info\\\/index.php\\\/author\\\/tawel\\\/\"}]}<\/script>\n<!-- \/ Yoast SEO plugin. -->","yoast_head_json":{"title":"Transfert : Abdoulaye Bangoura \" S\u00f6ry \" est d\u00e9sormais vert-blanc ! - le regard du sportif","robots":{"index":"index","follow":"follow","max-snippet":"max-snippet:-1","max-image-preview":"max-image-preview:large","max-video-preview":"max-video-preview:-1"},"canonical":"https:\/\/oeilsportif.info\/index.php\/transfert-abdoulaye-bangoura-sory-est-desormais-vert-blanc\/","og_locale":"fr_FR","og_type":"article","og_title":"Transfert : Abdoulaye Bangoura \" S\u00f6ry \" est d\u00e9sormais vert-blanc ! - le regard du sportif","og_description":"C&rsquo;\u00e9tait dans les tuyaux. C&rsquo;est d\u00e9sormais officiel. Abdoulaye Bangoura S\u00f6ry, s&rsquo;est engag\u00e9 avec l&rsquo;\u00e9quipe du pr\u00e9sident Kerfalla Camara KPC pour une dur\u00e9e de deux saisons. Pass\u00e9 par la Flamme Olympique et le Wakriya Athl\u00e9tique de Bok\u00e9, S\u00f6ry aura la lourde t\u00e2che de hisser haut, le drapeau du premier triple champion d&rsquo;Afrique des clubs. Et le [&hellip;]","og_url":"https:\/\/oeilsportif.info\/index.php\/transfert-abdoulaye-bangoura-sory-est-desormais-vert-blanc\/","og_site_name":"le regard du sportif","article_published_time":"2023-07-26T20:14:55+00:00","og_image":[{"width":693,"height":796,"url":"https:\/\/oeilsportif.info\/wp-content\/uploads\/2023\/07\/received_952853162679189.jpeg","type":"image\/jpeg"}],"author":"L'Equipe de la R\u00e9daction","twitter_misc":{"\u00c9crit par":"L'Equipe de la R\u00e9daction","Dur\u00e9e de lecture estim\u00e9e":"1 minute"},"schema":{"@context":"https:\/\/schema.org","@graph":[{"@type":"Article","@id":"https:\/\/oeilsportif.info\/index.php\/transfert-abdoulaye-bangoura-sory-est-desormais-vert-blanc\/#article","isPartOf":{"@id":"https:\/\/oeilsportif.info\/index.php\/transfert-abdoulaye-bangoura-sory-est-desormais-vert-blanc\/"},"author":{"name":"L'Equipe de la R\u00e9daction","@id":"https:\/\/oeilsportif.info\/#\/schema\/person\/cfbded294aa6095f7d96608d7905e9a1"},"headline":"Transfert : Abdoulaye Bangoura \u00a0\u00bb S\u00f6ry \u00a0\u00bb est d\u00e9sormais vert-blanc !","datePublished":"2023-07-26T20:14:55+00:00","mainEntityOfPage":{"@id":"https:\/\/oeilsportif.info\/index.php\/transfert-abdoulaye-bangoura-sory-est-desormais-vert-blanc\/"},"wordCount":111,"image":{"@id":"https:\/\/oeilsportif.info\/index.php\/transfert-abdoulaye-bangoura-sory-est-desormais-vert-blanc\/#primaryimage"},"thumbnailUrl":"https:\/\/i0.wp.com\/oeilsportif.info\/wp-content\/uploads\/2023\/07\/received_952853162679189.jpeg?fit=693%2C796&ssl=1","articleSection":["Actualit\u00e9","Football"],"inLanguage":"fr-FR"},{"@type":"WebPage","@id":"https:\/\/oeilsportif.info\/index.php\/transfert-abdoulaye-bangoura-sory-est-desormais-vert-blanc\/","url":"https:\/\/oeilsportif.info\/index.php\/transfert-abdoulaye-bangoura-sory-est-desormais-vert-blanc\/","name":"Transfert : Abdoulaye Bangoura \" S\u00f6ry \" est d\u00e9sormais vert-blanc ! - le regard du sportif","isPartOf":{"@id":"https:\/\/oeilsportif.info\/#website"},"primaryImageOfPage":{"@id":"https:\/\/oeilsportif.info\/index.php\/transfert-abdoulaye-bangoura-sory-est-desormais-vert-blanc\/#primaryimage"},"image":{"@id":"https:\/\/oeilsportif.info\/index.php\/transfert-abdoulaye-bangoura-sory-est-desormais-vert-blanc\/#primaryimage"},"thumbnailUrl":"https:\/\/i0.wp.com\/oeilsportif.info\/wp-content\/uploads\/2023\/07\/received_952853162679189.jpeg?fit=693%2C796&ssl=1","datePublished":"2023-07-26T20:14:55+00:00","author":{"@id":"https:\/\/oeilsportif.info\/#\/schema\/person\/cfbded294aa6095f7d96608d7905e9a1"},"inLanguage":"fr-FR","potentialAction":[{"@type":"ReadAction","target":["https:\/\/oeilsportif.info\/index.php\/transfert-abdoulaye-bangoura-sory-est-desormais-vert-blanc\/"]}]},{"@type":"ImageObject","inLanguage":"fr-FR","@id":"https:\/\/oeilsportif.info\/index.php\/transfert-abdoulaye-bangoura-sory-est-desormais-vert-blanc\/#primaryimage","url":"https:\/\/i0.wp.com\/oeilsportif.info\/wp-content\/uploads\/2023\/07\/received_952853162679189.jpeg?fit=693%2C796&ssl=1","contentUrl":"https:\/\/i0.wp.com\/oeilsportif.info\/wp-content\/uploads\/2023\/07\/received_952853162679189.jpeg?fit=693%2C796&ssl=1","width":693,"height":796},{"@type":"WebSite","@id":"https:\/\/oeilsportif.info\/#website","url":"https:\/\/oeilsportif.info\/","name":"le regard du sportif","description":"","potentialAction":[{"@type":"SearchAction","target":{"@type":"EntryPoint","urlTemplate":"https:\/\/oeilsportif.info\/?s={search_term_string}"},"query-input":{"@type":"PropertyValueSpecification","valueRequired":true,"valueName":"search_term_string"}}],"inLanguage":"fr-FR"},{"@type":"Person","@id":"https:\/\/oeilsportif.info\/#\/schema\/person\/cfbded294aa6095f7d96608d7905e9a1","name":"L'Equipe de la R\u00e9daction","image":{"@type":"ImageObject","inLanguage":"fr-FR","@id":"https:\/\/oeilsportif.info\/wp-content\/uploads\/2025\/07\/cropped-cropped-logo-os-96x96.jpeg","url":"https:\/\/oeilsportif.info\/wp-content\/uploads\/2025\/07\/cropped-cropped-logo-os-96x96.jpeg","contentUrl":"https:\/\/oeilsportif.info\/wp-content\/uploads\/2025\/07\/cropped-cropped-logo-os-96x96.jpeg","caption":"L'Equipe de la R\u00e9daction"},"url":"https:\/\/oeilsportif.info\/index.php\/author\/tawel\/"}]}},"jetpack_publicize_connections":[],"jetpack_featured_media_url":"https:\/\/i0.wp.com\/oeilsportif.info\/wp-content\/uploads\/2023\/07\/received_952853162679189.jpeg?fit=693%2C796&ssl=1","jetpack-related-posts":[],"jetpack_sharing_enabled":true,"jetpack_likes_enabled":true,"jetpack_shortlink":"https:\/\/wp.me\/pgFE77-Re","_links":{"self":[{"href":"https:\/\/oeilsportif.info\/index.php\/wp-json\/wp\/v2\/posts\/3300","targetHints":{"allow":["GET"]}}],"collection":[{"href":"https:\/\/oeilsportif.info\/index.php\/wp-json\/wp\/v2\/posts"}],"about":[{"href":"https:\/\/oeilsportif.info\/index.php\/wp-json\/wp\/v2\/types\/post"}],"author":[{"embeddable":true,"href":"https:\/\/oeilsportif.info\/index.php\/wp-json\/wp\/v2\/users\/2"}],"replies":[{"embeddable":true,"href":"https:\/\/oeilsportif.info\/index.php\/wp-json\/wp\/v2\/comments?post=3300"}],"version-history":[{"count":0,"href":"https:\/\/oeilsportif.info\/index.php\/wp-json\/wp\/v2\/posts\/3300\/revisions"}],"wp:featuredmedia":[{"embeddable":true,"href":"https:\/\/oeilsportif.info\/index.php\/wp-json\/wp\/v2\/media\/3301"}],"wp:attachment":[{"href":"https:\/\/oeilsportif.info\/index.php\/wp-json\/wp\/v2\/media?parent=3300"}],"wp:term":[{"taxonomy":"category","embeddable":true,"href":"https:\/\/oeilsportif.info\/index.php\/wp-json\/wp\/v2\/categories?post=3300"},{"taxonomy":"post_tag","embeddable":true,"href":"https:\/\/oeilsportif.info\/index.php\/wp-json\/wp\/v2\/tags?post=3300"}],"curies":[{"name":"wp","href":"https:\/\/api.w.org\/{rel}","templated":true}]}}