{"id":3077,"date":"2023-06-15T22:32:45","date_gmt":"2023-06-15T22:32:45","guid":{"rendered":"https:\/\/oeilsportif.info\/index.php\/?p=3077"},"modified":"2023-06-15T22:32:45","modified_gmt":"2023-06-15T22:32:45","slug":"handisport-les-titres-nationaux-se-disputeront-en-anjou","status":"publish","type":"post","link":"https:\/\/oeilsportif.info\/index.php\/handisport-les-titres-nationaux-se-disputeront-en-anjou\/","title":{"rendered":"HANDISPORT : Les titres nationaux se disputeront en Anjou"},"content":{"rendered":"<p><strong>Les Championnats de France de cyclisme sur route handisport prendront leurs quartiers les 9, 10 et 11 juin prochains \u00e0 Thorign\u00e9 d\u2019Anjou (Maine-et-loire).<\/strong><\/p>\n<p>C\u2019est le rendez-vous national tr\u00e8s attendu des amateurs de cyclisme handisport.<\/p>\n<p>Organis\u00e9 sous l\u2019\u00e9gide de la commission sportive cyclisme de la F\u00e9d\u00e9ration Fran\u00e7aise Handisport, la Mairie de Thorign\u00e9 d\u2019Anjou et l\u2019association Handisport 2023, le Championnat de France posera ses valises en Anjou pour la premi\u00e8re fois. Si en 2018, le village a d\u00e9j\u00e0 accueilli la finale de Coupe de France de paracyclisme, c\u2019est un \u00e9v\u00e8nement d\u2019une plus grande envergure qui se tiendra ce week-end avec pr\u00e8s de 150 cyclistes qui batailleront pour monter sur le podium et esp\u00e9rer porter le maillot bleu, blanc, rouge de champion.ne de France.<\/p>\n<p>Au programme, un contre la montre par \u00e9quipe le vendredi, une course en ligne le samedi et un contre la montre individuel le dimanche pour clore la comp\u00e9tition.<\/p>\n<p>\u00c9tape obligatoire dans le chemin de s\u00e9lection pour les Championnats du Monde de Glasgow (3-13 ao\u00fbt), la date a \u00e9t\u00e9 coch\u00e9e dans les calendriers depuis longtemps par l\u2019ensemble des athl\u00e8tes. Les m\u00e9daill\u00e9s des derniers Jeux Paralympiques de Tokyo seront de la partie.<\/p>\n","protected":false},"excerpt":{"rendered":"<p>Les Championnats de France de cyclisme sur route handisport prendront leurs quartiers les 9, 10 et 11 juin prochains \u00e0 Thorign\u00e9 d\u2019Anjou (Maine-et-loire). C\u2019est le rendez-vous national tr\u00e8s attendu des amateurs de cyclisme handisport. Organis\u00e9 sous l\u2019\u00e9gide de la commission sportive cyclisme de la F\u00e9d\u00e9ration Fran\u00e7aise Handisport, la Mairie de Thorign\u00e9 d\u2019Anjou et l\u2019association Handisport [&hellip;]<\/p>\n","protected":false},"author":2,"featured_media":3078,"comment_status":"closed","ping_status":"open","sticky":false,"template":"","format":"standard","meta":{"_jetpack_memberships_contains_paid_content":false,"footnotes":"","jetpack_publicize_message":"","jetpack_publicize_feature_enabled":true,"jetpack_social_post_already_shared":true,"jetpack_social_options":{"image_generator_settings":{"template":"highway","default_image_id":0,"font":"","enabled":false},"version":2}},"categories":[9],"tags":[],"class_list":{"0":"post-3077","1":"post","2":"type-post","3":"status-publish","4":"format-standard","5":"has-post-thumbnail","7":"category-handisport"},"yoast_head":"<!-- This site is optimized with the Yoast SEO plugin v27.4 - https:\/\/yoast.com\/product\/yoast-seo-wordpress\/ -->\n<title>HANDISPORT : Les titres nationaux se disputeront en Anjou - le regard du sportif<\/title>\n<meta name=\"robots\" content=\"index, follow, max-snippet:-1, max-image-preview:large, max-video-preview:-1\" \/>\n<link rel=\"canonical\" href=\"https:\/\/oeilsportif.info\/index.php\/handisport-les-titres-nationaux-se-disputeront-en-anjou\/\" \/>\n<meta property=\"og:locale\" content=\"fr_FR\" \/>\n<meta property=\"og:type\" content=\"article\" \/>\n<meta property=\"og:title\" content=\"HANDISPORT : Les titres nationaux se disputeront en Anjou - le regard du sportif\" \/>\n<meta property=\"og:description\" content=\"Les Championnats de France de cyclisme sur route handisport prendront leurs quartiers les 9, 10 et 11 juin prochains \u00e0 Thorign\u00e9 d\u2019Anjou (Maine-et-loire). C\u2019est le rendez-vous national tr\u00e8s attendu des amateurs de cyclisme handisport. Organis\u00e9 sous l\u2019\u00e9gide de la commission sportive cyclisme de la F\u00e9d\u00e9ration Fran\u00e7aise Handisport, la Mairie de Thorign\u00e9 d\u2019Anjou et l\u2019association Handisport [&hellip;]\" \/>\n<meta property=\"og:url\" content=\"https:\/\/oeilsportif.info\/index.php\/handisport-les-titres-nationaux-se-disputeront-en-anjou\/\" \/>\n<meta property=\"og:site_name\" content=\"le regard du sportif\" \/>\n<meta property=\"article:published_time\" content=\"2023-06-15T22:32:45+00:00\" \/>\n<meta property=\"og:image\" content=\"https:\/\/oeilsportif.info\/wp-content\/uploads\/2023\/06\/Icon_Sputnik_6640320.HR_.en_-1140x760-1.jpg\" \/>\n\t<meta property=\"og:image:width\" content=\"1140\" \/>\n\t<meta property=\"og:image:height\" content=\"760\" \/>\n\t<meta property=\"og:image:type\" content=\"image\/jpeg\" \/>\n<meta name=\"author\" content=\"L&#039;Equipe de la R\u00e9daction\" \/>\n<meta name=\"twitter:label1\" content=\"\u00c9crit par\" \/>\n\t<meta name=\"twitter:data1\" content=\"L&#039;Equipe de la R\u00e9daction\" \/>\n\t<meta name=\"twitter:label2\" content=\"Dur\u00e9e de lecture estim\u00e9e\" \/>\n\t<meta name=\"twitter:data2\" content=\"1 minute\" \/>\n<script type=\"application\/ld+json\" class=\"yoast-schema-graph\">{\"@context\":\"https:\\\/\\\/schema.org\",\"@graph\":[{\"@type\":\"Article\",\"@id\":\"https:\\\/\\\/oeilsportif.info\\\/index.php\\\/handisport-les-titres-nationaux-se-disputeront-en-anjou\\\/#article\",\"isPartOf\":{\"@id\":\"https:\\\/\\\/oeilsportif.info\\\/index.php\\\/handisport-les-titres-nationaux-se-disputeront-en-anjou\\\/\"},\"author\":{\"name\":\"L'Equipe de la R\u00e9daction\",\"@id\":\"https:\\\/\\\/oeilsportif.info\\\/#\\\/schema\\\/person\\\/cfbded294aa6095f7d96608d7905e9a1\"},\"headline\":\"HANDISPORT : Les titres nationaux se disputeront en Anjou\",\"datePublished\":\"2023-06-15T22:32:45+00:00\",\"mainEntityOfPage\":{\"@id\":\"https:\\\/\\\/oeilsportif.info\\\/index.php\\\/handisport-les-titres-nationaux-se-disputeront-en-anjou\\\/\"},\"wordCount\":217,\"image\":{\"@id\":\"https:\\\/\\\/oeilsportif.info\\\/index.php\\\/handisport-les-titres-nationaux-se-disputeront-en-anjou\\\/#primaryimage\"},\"thumbnailUrl\":\"https:\\\/\\\/i0.wp.com\\\/oeilsportif.info\\\/wp-content\\\/uploads\\\/2023\\\/06\\\/Icon_Sputnik_6640320.HR_.en_-1140x760-1.jpg?fit=1140%2C760&ssl=1\",\"articleSection\":[\"Handisport\"],\"inLanguage\":\"fr-FR\"},{\"@type\":\"WebPage\",\"@id\":\"https:\\\/\\\/oeilsportif.info\\\/index.php\\\/handisport-les-titres-nationaux-se-disputeront-en-anjou\\\/\",\"url\":\"https:\\\/\\\/oeilsportif.info\\\/index.php\\\/handisport-les-titres-nationaux-se-disputeront-en-anjou\\\/\",\"name\":\"HANDISPORT : Les titres nationaux se disputeront en Anjou - le regard du sportif\",\"isPartOf\":{\"@id\":\"https:\\\/\\\/oeilsportif.info\\\/#website\"},\"primaryImageOfPage\":{\"@id\":\"https:\\\/\\\/oeilsportif.info\\\/index.php\\\/handisport-les-titres-nationaux-se-disputeront-en-anjou\\\/#primaryimage\"},\"image\":{\"@id\":\"https:\\\/\\\/oeilsportif.info\\\/index.php\\\/handisport-les-titres-nationaux-se-disputeront-en-anjou\\\/#primaryimage\"},\"thumbnailUrl\":\"https:\\\/\\\/i0.wp.com\\\/oeilsportif.info\\\/wp-content\\\/uploads\\\/2023\\\/06\\\/Icon_Sputnik_6640320.HR_.en_-1140x760-1.jpg?fit=1140%2C760&ssl=1\",\"datePublished\":\"2023-06-15T22:32:45+00:00\",\"author\":{\"@id\":\"https:\\\/\\\/oeilsportif.info\\\/#\\\/schema\\\/person\\\/cfbded294aa6095f7d96608d7905e9a1\"},\"inLanguage\":\"fr-FR\",\"potentialAction\":[{\"@type\":\"ReadAction\",\"target\":[\"https:\\\/\\\/oeilsportif.info\\\/index.php\\\/handisport-les-titres-nationaux-se-disputeront-en-anjou\\\/\"]}]},{\"@type\":\"ImageObject\",\"inLanguage\":\"fr-FR\",\"@id\":\"https:\\\/\\\/oeilsportif.info\\\/index.php\\\/handisport-les-titres-nationaux-se-disputeront-en-anjou\\\/#primaryimage\",\"url\":\"https:\\\/\\\/i0.wp.com\\\/oeilsportif.info\\\/wp-content\\\/uploads\\\/2023\\\/06\\\/Icon_Sputnik_6640320.HR_.en_-1140x760-1.jpg?fit=1140%2C760&ssl=1\",\"contentUrl\":\"https:\\\/\\\/i0.wp.com\\\/oeilsportif.info\\\/wp-content\\\/uploads\\\/2023\\\/06\\\/Icon_Sputnik_6640320.HR_.en_-1140x760-1.jpg?fit=1140%2C760&ssl=1\",\"width\":1140,\"height\":760,\"caption\":\"6640320 02.09.2021 France's Alexandre Leaute, left, cycles during the men's C1-3 cycling road race at the Tokyo 2020 Paralympic Games at Fuji International Speedway, in Tokyo, Japan. Pavel Bednyakov \\\/ Sputnik Photo by Icon Sport\"},{\"@type\":\"WebSite\",\"@id\":\"https:\\\/\\\/oeilsportif.info\\\/#website\",\"url\":\"https:\\\/\\\/oeilsportif.info\\\/\",\"name\":\"le regard du sportif\",\"description\":\"\",\"potentialAction\":[{\"@type\":\"SearchAction\",\"target\":{\"@type\":\"EntryPoint\",\"urlTemplate\":\"https:\\\/\\\/oeilsportif.info\\\/?s={search_term_string}\"},\"query-input\":{\"@type\":\"PropertyValueSpecification\",\"valueRequired\":true,\"valueName\":\"search_term_string\"}}],\"inLanguage\":\"fr-FR\"},{\"@type\":\"Person\",\"@id\":\"https:\\\/\\\/oeilsportif.info\\\/#\\\/schema\\\/person\\\/cfbded294aa6095f7d96608d7905e9a1\",\"name\":\"L'Equipe de la R\u00e9daction\",\"image\":{\"@type\":\"ImageObject\",\"inLanguage\":\"fr-FR\",\"@id\":\"https:\\\/\\\/oeilsportif.info\\\/wp-content\\\/uploads\\\/2025\\\/07\\\/cropped-cropped-logo-os-96x96.jpeg\",\"url\":\"https:\\\/\\\/oeilsportif.info\\\/wp-content\\\/uploads\\\/2025\\\/07\\\/cropped-cropped-logo-os-96x96.jpeg\",\"contentUrl\":\"https:\\\/\\\/oeilsportif.info\\\/wp-content\\\/uploads\\\/2025\\\/07\\\/cropped-cropped-logo-os-96x96.jpeg\",\"caption\":\"L'Equipe de la R\u00e9daction\"},\"url\":\"https:\\\/\\\/oeilsportif.info\\\/index.php\\\/author\\\/tawel\\\/\"}]}<\/script>\n<!-- \/ Yoast SEO plugin. -->","yoast_head_json":{"title":"HANDISPORT : Les titres nationaux se disputeront en Anjou - le regard du sportif","robots":{"index":"index","follow":"follow","max-snippet":"max-snippet:-1","max-image-preview":"max-image-preview:large","max-video-preview":"max-video-preview:-1"},"canonical":"https:\/\/oeilsportif.info\/index.php\/handisport-les-titres-nationaux-se-disputeront-en-anjou\/","og_locale":"fr_FR","og_type":"article","og_title":"HANDISPORT : Les titres nationaux se disputeront en Anjou - le regard du sportif","og_description":"Les Championnats de France de cyclisme sur route handisport prendront leurs quartiers les 9, 10 et 11 juin prochains \u00e0 Thorign\u00e9 d\u2019Anjou (Maine-et-loire). C\u2019est le rendez-vous national tr\u00e8s attendu des amateurs de cyclisme handisport. Organis\u00e9 sous l\u2019\u00e9gide de la commission sportive cyclisme de la F\u00e9d\u00e9ration Fran\u00e7aise Handisport, la Mairie de Thorign\u00e9 d\u2019Anjou et l\u2019association Handisport [&hellip;]","og_url":"https:\/\/oeilsportif.info\/index.php\/handisport-les-titres-nationaux-se-disputeront-en-anjou\/","og_site_name":"le regard du sportif","article_published_time":"2023-06-15T22:32:45+00:00","og_image":[{"width":1140,"height":760,"url":"https:\/\/oeilsportif.info\/wp-content\/uploads\/2023\/06\/Icon_Sputnik_6640320.HR_.en_-1140x760-1.jpg","type":"image\/jpeg"}],"author":"L'Equipe de la R\u00e9daction","twitter_misc":{"\u00c9crit par":"L'Equipe de la R\u00e9daction","Dur\u00e9e de lecture estim\u00e9e":"1 minute"},"schema":{"@context":"https:\/\/schema.org","@graph":[{"@type":"Article","@id":"https:\/\/oeilsportif.info\/index.php\/handisport-les-titres-nationaux-se-disputeront-en-anjou\/#article","isPartOf":{"@id":"https:\/\/oeilsportif.info\/index.php\/handisport-les-titres-nationaux-se-disputeront-en-anjou\/"},"author":{"name":"L'Equipe de la R\u00e9daction","@id":"https:\/\/oeilsportif.info\/#\/schema\/person\/cfbded294aa6095f7d96608d7905e9a1"},"headline":"HANDISPORT : Les titres nationaux se disputeront en Anjou","datePublished":"2023-06-15T22:32:45+00:00","mainEntityOfPage":{"@id":"https:\/\/oeilsportif.info\/index.php\/handisport-les-titres-nationaux-se-disputeront-en-anjou\/"},"wordCount":217,"image":{"@id":"https:\/\/oeilsportif.info\/index.php\/handisport-les-titres-nationaux-se-disputeront-en-anjou\/#primaryimage"},"thumbnailUrl":"https:\/\/i0.wp.com\/oeilsportif.info\/wp-content\/uploads\/2023\/06\/Icon_Sputnik_6640320.HR_.en_-1140x760-1.jpg?fit=1140%2C760&ssl=1","articleSection":["Handisport"],"inLanguage":"fr-FR"},{"@type":"WebPage","@id":"https:\/\/oeilsportif.info\/index.php\/handisport-les-titres-nationaux-se-disputeront-en-anjou\/","url":"https:\/\/oeilsportif.info\/index.php\/handisport-les-titres-nationaux-se-disputeront-en-anjou\/","name":"HANDISPORT : Les titres nationaux se disputeront en Anjou - le regard du sportif","isPartOf":{"@id":"https:\/\/oeilsportif.info\/#website"},"primaryImageOfPage":{"@id":"https:\/\/oeilsportif.info\/index.php\/handisport-les-titres-nationaux-se-disputeront-en-anjou\/#primaryimage"},"image":{"@id":"https:\/\/oeilsportif.info\/index.php\/handisport-les-titres-nationaux-se-disputeront-en-anjou\/#primaryimage"},"thumbnailUrl":"https:\/\/i0.wp.com\/oeilsportif.info\/wp-content\/uploads\/2023\/06\/Icon_Sputnik_6640320.HR_.en_-1140x760-1.jpg?fit=1140%2C760&ssl=1","datePublished":"2023-06-15T22:32:45+00:00","author":{"@id":"https:\/\/oeilsportif.info\/#\/schema\/person\/cfbded294aa6095f7d96608d7905e9a1"},"inLanguage":"fr-FR","potentialAction":[{"@type":"ReadAction","target":["https:\/\/oeilsportif.info\/index.php\/handisport-les-titres-nationaux-se-disputeront-en-anjou\/"]}]},{"@type":"ImageObject","inLanguage":"fr-FR","@id":"https:\/\/oeilsportif.info\/index.php\/handisport-les-titres-nationaux-se-disputeront-en-anjou\/#primaryimage","url":"https:\/\/i0.wp.com\/oeilsportif.info\/wp-content\/uploads\/2023\/06\/Icon_Sputnik_6640320.HR_.en_-1140x760-1.jpg?fit=1140%2C760&ssl=1","contentUrl":"https:\/\/i0.wp.com\/oeilsportif.info\/wp-content\/uploads\/2023\/06\/Icon_Sputnik_6640320.HR_.en_-1140x760-1.jpg?fit=1140%2C760&ssl=1","width":1140,"height":760,"caption":"6640320 02.09.2021 France's Alexandre Leaute, left, cycles during the men's C1-3 cycling road race at the Tokyo 2020 Paralympic Games at Fuji International Speedway, in Tokyo, Japan. Pavel Bednyakov \/ Sputnik Photo by Icon Sport"},{"@type":"WebSite","@id":"https:\/\/oeilsportif.info\/#website","url":"https:\/\/oeilsportif.info\/","name":"le regard du sportif","description":"","potentialAction":[{"@type":"SearchAction","target":{"@type":"EntryPoint","urlTemplate":"https:\/\/oeilsportif.info\/?s={search_term_string}"},"query-input":{"@type":"PropertyValueSpecification","valueRequired":true,"valueName":"search_term_string"}}],"inLanguage":"fr-FR"},{"@type":"Person","@id":"https:\/\/oeilsportif.info\/#\/schema\/person\/cfbded294aa6095f7d96608d7905e9a1","name":"L'Equipe de la R\u00e9daction","image":{"@type":"ImageObject","inLanguage":"fr-FR","@id":"https:\/\/oeilsportif.info\/wp-content\/uploads\/2025\/07\/cropped-cropped-logo-os-96x96.jpeg","url":"https:\/\/oeilsportif.info\/wp-content\/uploads\/2025\/07\/cropped-cropped-logo-os-96x96.jpeg","contentUrl":"https:\/\/oeilsportif.info\/wp-content\/uploads\/2025\/07\/cropped-cropped-logo-os-96x96.jpeg","caption":"L'Equipe de la R\u00e9daction"},"url":"https:\/\/oeilsportif.info\/index.php\/author\/tawel\/"}]}},"jetpack_publicize_connections":[],"jetpack_featured_media_url":"https:\/\/i0.wp.com\/oeilsportif.info\/wp-content\/uploads\/2023\/06\/Icon_Sputnik_6640320.HR_.en_-1140x760-1.jpg?fit=1140%2C760&ssl=1","jetpack-related-posts":[],"jetpack_sharing_enabled":true,"jetpack_likes_enabled":true,"jetpack_shortlink":"https:\/\/wp.me\/pgFE77-ND","_links":{"self":[{"href":"https:\/\/oeilsportif.info\/index.php\/wp-json\/wp\/v2\/posts\/3077","targetHints":{"allow":["GET"]}}],"collection":[{"href":"https:\/\/oeilsportif.info\/index.php\/wp-json\/wp\/v2\/posts"}],"about":[{"href":"https:\/\/oeilsportif.info\/index.php\/wp-json\/wp\/v2\/types\/post"}],"author":[{"embeddable":true,"href":"https:\/\/oeilsportif.info\/index.php\/wp-json\/wp\/v2\/users\/2"}],"replies":[{"embeddable":true,"href":"https:\/\/oeilsportif.info\/index.php\/wp-json\/wp\/v2\/comments?post=3077"}],"version-history":[{"count":0,"href":"https:\/\/oeilsportif.info\/index.php\/wp-json\/wp\/v2\/posts\/3077\/revisions"}],"wp:featuredmedia":[{"embeddable":true,"href":"https:\/\/oeilsportif.info\/index.php\/wp-json\/wp\/v2\/media\/3078"}],"wp:attachment":[{"href":"https:\/\/oeilsportif.info\/index.php\/wp-json\/wp\/v2\/media?parent=3077"}],"wp:term":[{"taxonomy":"category","embeddable":true,"href":"https:\/\/oeilsportif.info\/index.php\/wp-json\/wp\/v2\/categories?post=3077"},{"taxonomy":"post_tag","embeddable":true,"href":"https:\/\/oeilsportif.info\/index.php\/wp-json\/wp\/v2\/tags?post=3077"}],"curies":[{"name":"wp","href":"https:\/\/api.w.org\/{rel}","templated":true}]}}