{"id":3073,"date":"2023-06-15T22:15:08","date_gmt":"2023-06-15T22:15:08","guid":{"rendered":"https:\/\/oeilsportif.info\/index.php\/?p=3073"},"modified":"2023-06-15T22:15:08","modified_gmt":"2023-06-15T22:15:08","slug":"amical-le-bresil-face-a-la-guinee-pour-combattre-le-racisme-le-groupe-guicopres-visible","status":"publish","type":"post","link":"https:\/\/oeilsportif.info\/index.php\/amical-le-bresil-face-a-la-guinee-pour-combattre-le-racisme-le-groupe-guicopres-visible\/","title":{"rendered":"Amical\/Le Br\u00e9sil face \u00e0 la Guin\u00e9e pour combattre le racisme, le Groupe Guicopres visible."},"content":{"rendered":"<p><strong>La Guin\u00e9e et le Br\u00e9sil vont s&rsquo;affronter le samedi 17 juin \u00e0 Barcelone, dans le cadre d&rsquo;un match amical international.<\/strong><\/p>\n<p>Cette rencontre veut marquer le coup dans le cadre de la lutte contre le racisme en soutien \u00e0 sa star Br\u00e9silienne, Vinicius Junior, victime tout r\u00e9cemment des nouvelles insultes racistes prof\u00e9r\u00e9es par des supporters espagnols \u00e0 son \u00e9gard. Pour ce match historique pour la Guin\u00e9e, le Groupe Guicopres, l&rsquo;entreprise leader de BTP en Guin\u00e9e et en Afrique sera le sponsor du Syli National de Guin\u00e9e.<\/p>\n<p>Le PDG du Groupe Guicopres, Mr Kerfalla Camara KPC qui a toujours contribu\u00e9 au d\u00e9veloppement de sa nation \u00e0 travers plusieurs secteurs d&rsquo;activit\u00e9s b\u00e9n\u00e9ficie d\u2019un coup m\u00e9diatique historique pour toutes les entreprises guin\u00e9ennes \u00e0 l&rsquo;international.<br \/>\nA noter que c\u2019est une premi\u00e8re fois que la Guin\u00e9e joue un match officiel contre le Br\u00e9sil.<\/p>\n<p>Bonne chance aux deux \u00e9quipes nationales !<\/p>\n<p><strong>Mohamed Tawel Camara<\/strong><\/p>\n","protected":false},"excerpt":{"rendered":"<p>La Guin\u00e9e et le Br\u00e9sil vont s&rsquo;affronter le samedi 17 juin \u00e0 Barcelone, dans le cadre d&rsquo;un match amical international. Cette rencontre veut marquer le coup dans le cadre de la lutte contre le racisme en soutien \u00e0 sa star Br\u00e9silienne, Vinicius Junior, victime tout r\u00e9cemment des nouvelles insultes racistes prof\u00e9r\u00e9es par des supporters espagnols [&hellip;]<\/p>\n","protected":false},"author":2,"featured_media":3074,"comment_status":"closed","ping_status":"open","sticky":false,"template":"","format":"standard","meta":{"_jetpack_memberships_contains_paid_content":false,"footnotes":"","jetpack_publicize_message":"","jetpack_publicize_feature_enabled":true,"jetpack_social_post_already_shared":true,"jetpack_social_options":{"image_generator_settings":{"template":"highway","default_image_id":0,"font":"","enabled":false},"version":2}},"categories":[10,5,1],"tags":[],"class_list":{"0":"post-3073","1":"post","2":"type-post","3":"status-publish","4":"format-standard","5":"has-post-thumbnail","7":"category-actualite","8":"category-football","9":"category-non-classe"},"yoast_head":"<!-- This site is optimized with the Yoast SEO plugin v27.4 - https:\/\/yoast.com\/product\/yoast-seo-wordpress\/ -->\n<title>Amical\/Le Br\u00e9sil face \u00e0 la Guin\u00e9e pour combattre le racisme, le Groupe Guicopres visible. - le regard du sportif<\/title>\n<meta name=\"robots\" content=\"index, follow, max-snippet:-1, max-image-preview:large, max-video-preview:-1\" \/>\n<link rel=\"canonical\" href=\"https:\/\/oeilsportif.info\/index.php\/amical-le-bresil-face-a-la-guinee-pour-combattre-le-racisme-le-groupe-guicopres-visible\/\" \/>\n<meta property=\"og:locale\" content=\"fr_FR\" \/>\n<meta property=\"og:type\" content=\"article\" \/>\n<meta property=\"og:title\" content=\"Amical\/Le Br\u00e9sil face \u00e0 la Guin\u00e9e pour combattre le racisme, le Groupe Guicopres visible. - le regard du sportif\" \/>\n<meta property=\"og:description\" content=\"La Guin\u00e9e et le Br\u00e9sil vont s&rsquo;affronter le samedi 17 juin \u00e0 Barcelone, dans le cadre d&rsquo;un match amical international. Cette rencontre veut marquer le coup dans le cadre de la lutte contre le racisme en soutien \u00e0 sa star Br\u00e9silienne, Vinicius Junior, victime tout r\u00e9cemment des nouvelles insultes racistes prof\u00e9r\u00e9es par des supporters espagnols [&hellip;]\" \/>\n<meta property=\"og:url\" content=\"https:\/\/oeilsportif.info\/index.php\/amical-le-bresil-face-a-la-guinee-pour-combattre-le-racisme-le-groupe-guicopres-visible\/\" \/>\n<meta property=\"og:site_name\" content=\"le regard du sportif\" \/>\n<meta property=\"article:published_time\" content=\"2023-06-15T22:15:08+00:00\" \/>\n<meta property=\"og:image\" content=\"https:\/\/oeilsportif.info\/wp-content\/uploads\/2023\/06\/FB_IMG_1686867163630.jpg\" \/>\n\t<meta property=\"og:image:width\" content=\"937\" \/>\n\t<meta property=\"og:image:height\" content=\"938\" \/>\n\t<meta property=\"og:image:type\" content=\"image\/jpeg\" \/>\n<meta name=\"author\" content=\"L&#039;Equipe de la R\u00e9daction\" \/>\n<meta name=\"twitter:label1\" content=\"\u00c9crit par\" \/>\n\t<meta name=\"twitter:data1\" content=\"L&#039;Equipe de la R\u00e9daction\" \/>\n\t<meta name=\"twitter:label2\" content=\"Dur\u00e9e de lecture estim\u00e9e\" \/>\n\t<meta name=\"twitter:data2\" content=\"1 minute\" \/>\n<script type=\"application\/ld+json\" class=\"yoast-schema-graph\">{\"@context\":\"https:\\\/\\\/schema.org\",\"@graph\":[{\"@type\":\"Article\",\"@id\":\"https:\\\/\\\/oeilsportif.info\\\/index.php\\\/amical-le-bresil-face-a-la-guinee-pour-combattre-le-racisme-le-groupe-guicopres-visible\\\/#article\",\"isPartOf\":{\"@id\":\"https:\\\/\\\/oeilsportif.info\\\/index.php\\\/amical-le-bresil-face-a-la-guinee-pour-combattre-le-racisme-le-groupe-guicopres-visible\\\/\"},\"author\":{\"name\":\"L'Equipe de la R\u00e9daction\",\"@id\":\"https:\\\/\\\/oeilsportif.info\\\/#\\\/schema\\\/person\\\/cfbded294aa6095f7d96608d7905e9a1\"},\"headline\":\"Amical\\\/Le Br\u00e9sil face \u00e0 la Guin\u00e9e pour combattre le racisme, le Groupe Guicopres visible.\",\"datePublished\":\"2023-06-15T22:15:08+00:00\",\"mainEntityOfPage\":{\"@id\":\"https:\\\/\\\/oeilsportif.info\\\/index.php\\\/amical-le-bresil-face-a-la-guinee-pour-combattre-le-racisme-le-groupe-guicopres-visible\\\/\"},\"wordCount\":181,\"image\":{\"@id\":\"https:\\\/\\\/oeilsportif.info\\\/index.php\\\/amical-le-bresil-face-a-la-guinee-pour-combattre-le-racisme-le-groupe-guicopres-visible\\\/#primaryimage\"},\"thumbnailUrl\":\"https:\\\/\\\/i0.wp.com\\\/oeilsportif.info\\\/wp-content\\\/uploads\\\/2023\\\/06\\\/FB_IMG_1686867163630.jpg?fit=937%2C938&ssl=1\",\"articleSection\":[\"Actualit\u00e9\",\"Football\"],\"inLanguage\":\"fr-FR\"},{\"@type\":\"WebPage\",\"@id\":\"https:\\\/\\\/oeilsportif.info\\\/index.php\\\/amical-le-bresil-face-a-la-guinee-pour-combattre-le-racisme-le-groupe-guicopres-visible\\\/\",\"url\":\"https:\\\/\\\/oeilsportif.info\\\/index.php\\\/amical-le-bresil-face-a-la-guinee-pour-combattre-le-racisme-le-groupe-guicopres-visible\\\/\",\"name\":\"Amical\\\/Le Br\u00e9sil face \u00e0 la Guin\u00e9e pour combattre le racisme, le Groupe Guicopres visible. - le regard du sportif\",\"isPartOf\":{\"@id\":\"https:\\\/\\\/oeilsportif.info\\\/#website\"},\"primaryImageOfPage\":{\"@id\":\"https:\\\/\\\/oeilsportif.info\\\/index.php\\\/amical-le-bresil-face-a-la-guinee-pour-combattre-le-racisme-le-groupe-guicopres-visible\\\/#primaryimage\"},\"image\":{\"@id\":\"https:\\\/\\\/oeilsportif.info\\\/index.php\\\/amical-le-bresil-face-a-la-guinee-pour-combattre-le-racisme-le-groupe-guicopres-visible\\\/#primaryimage\"},\"thumbnailUrl\":\"https:\\\/\\\/i0.wp.com\\\/oeilsportif.info\\\/wp-content\\\/uploads\\\/2023\\\/06\\\/FB_IMG_1686867163630.jpg?fit=937%2C938&ssl=1\",\"datePublished\":\"2023-06-15T22:15:08+00:00\",\"author\":{\"@id\":\"https:\\\/\\\/oeilsportif.info\\\/#\\\/schema\\\/person\\\/cfbded294aa6095f7d96608d7905e9a1\"},\"inLanguage\":\"fr-FR\",\"potentialAction\":[{\"@type\":\"ReadAction\",\"target\":[\"https:\\\/\\\/oeilsportif.info\\\/index.php\\\/amical-le-bresil-face-a-la-guinee-pour-combattre-le-racisme-le-groupe-guicopres-visible\\\/\"]}]},{\"@type\":\"ImageObject\",\"inLanguage\":\"fr-FR\",\"@id\":\"https:\\\/\\\/oeilsportif.info\\\/index.php\\\/amical-le-bresil-face-a-la-guinee-pour-combattre-le-racisme-le-groupe-guicopres-visible\\\/#primaryimage\",\"url\":\"https:\\\/\\\/i0.wp.com\\\/oeilsportif.info\\\/wp-content\\\/uploads\\\/2023\\\/06\\\/FB_IMG_1686867163630.jpg?fit=937%2C938&ssl=1\",\"contentUrl\":\"https:\\\/\\\/i0.wp.com\\\/oeilsportif.info\\\/wp-content\\\/uploads\\\/2023\\\/06\\\/FB_IMG_1686867163630.jpg?fit=937%2C938&ssl=1\",\"width\":937,\"height\":938},{\"@type\":\"WebSite\",\"@id\":\"https:\\\/\\\/oeilsportif.info\\\/#website\",\"url\":\"https:\\\/\\\/oeilsportif.info\\\/\",\"name\":\"le regard du sportif\",\"description\":\"\",\"potentialAction\":[{\"@type\":\"SearchAction\",\"target\":{\"@type\":\"EntryPoint\",\"urlTemplate\":\"https:\\\/\\\/oeilsportif.info\\\/?s={search_term_string}\"},\"query-input\":{\"@type\":\"PropertyValueSpecification\",\"valueRequired\":true,\"valueName\":\"search_term_string\"}}],\"inLanguage\":\"fr-FR\"},{\"@type\":\"Person\",\"@id\":\"https:\\\/\\\/oeilsportif.info\\\/#\\\/schema\\\/person\\\/cfbded294aa6095f7d96608d7905e9a1\",\"name\":\"L'Equipe de la R\u00e9daction\",\"image\":{\"@type\":\"ImageObject\",\"inLanguage\":\"fr-FR\",\"@id\":\"https:\\\/\\\/oeilsportif.info\\\/wp-content\\\/uploads\\\/2025\\\/07\\\/cropped-cropped-logo-os-96x96.jpeg\",\"url\":\"https:\\\/\\\/oeilsportif.info\\\/wp-content\\\/uploads\\\/2025\\\/07\\\/cropped-cropped-logo-os-96x96.jpeg\",\"contentUrl\":\"https:\\\/\\\/oeilsportif.info\\\/wp-content\\\/uploads\\\/2025\\\/07\\\/cropped-cropped-logo-os-96x96.jpeg\",\"caption\":\"L'Equipe de la R\u00e9daction\"},\"url\":\"https:\\\/\\\/oeilsportif.info\\\/index.php\\\/author\\\/tawel\\\/\"}]}<\/script>\n<!-- \/ Yoast SEO plugin. -->","yoast_head_json":{"title":"Amical\/Le Br\u00e9sil face \u00e0 la Guin\u00e9e pour combattre le racisme, le Groupe Guicopres visible. - le regard du sportif","robots":{"index":"index","follow":"follow","max-snippet":"max-snippet:-1","max-image-preview":"max-image-preview:large","max-video-preview":"max-video-preview:-1"},"canonical":"https:\/\/oeilsportif.info\/index.php\/amical-le-bresil-face-a-la-guinee-pour-combattre-le-racisme-le-groupe-guicopres-visible\/","og_locale":"fr_FR","og_type":"article","og_title":"Amical\/Le Br\u00e9sil face \u00e0 la Guin\u00e9e pour combattre le racisme, le Groupe Guicopres visible. - le regard du sportif","og_description":"La Guin\u00e9e et le Br\u00e9sil vont s&rsquo;affronter le samedi 17 juin \u00e0 Barcelone, dans le cadre d&rsquo;un match amical international. Cette rencontre veut marquer le coup dans le cadre de la lutte contre le racisme en soutien \u00e0 sa star Br\u00e9silienne, Vinicius Junior, victime tout r\u00e9cemment des nouvelles insultes racistes prof\u00e9r\u00e9es par des supporters espagnols [&hellip;]","og_url":"https:\/\/oeilsportif.info\/index.php\/amical-le-bresil-face-a-la-guinee-pour-combattre-le-racisme-le-groupe-guicopres-visible\/","og_site_name":"le regard du sportif","article_published_time":"2023-06-15T22:15:08+00:00","og_image":[{"width":937,"height":938,"url":"https:\/\/oeilsportif.info\/wp-content\/uploads\/2023\/06\/FB_IMG_1686867163630.jpg","type":"image\/jpeg"}],"author":"L'Equipe de la R\u00e9daction","twitter_misc":{"\u00c9crit par":"L'Equipe de la R\u00e9daction","Dur\u00e9e de lecture estim\u00e9e":"1 minute"},"schema":{"@context":"https:\/\/schema.org","@graph":[{"@type":"Article","@id":"https:\/\/oeilsportif.info\/index.php\/amical-le-bresil-face-a-la-guinee-pour-combattre-le-racisme-le-groupe-guicopres-visible\/#article","isPartOf":{"@id":"https:\/\/oeilsportif.info\/index.php\/amical-le-bresil-face-a-la-guinee-pour-combattre-le-racisme-le-groupe-guicopres-visible\/"},"author":{"name":"L'Equipe de la R\u00e9daction","@id":"https:\/\/oeilsportif.info\/#\/schema\/person\/cfbded294aa6095f7d96608d7905e9a1"},"headline":"Amical\/Le Br\u00e9sil face \u00e0 la Guin\u00e9e pour combattre le racisme, le Groupe Guicopres visible.","datePublished":"2023-06-15T22:15:08+00:00","mainEntityOfPage":{"@id":"https:\/\/oeilsportif.info\/index.php\/amical-le-bresil-face-a-la-guinee-pour-combattre-le-racisme-le-groupe-guicopres-visible\/"},"wordCount":181,"image":{"@id":"https:\/\/oeilsportif.info\/index.php\/amical-le-bresil-face-a-la-guinee-pour-combattre-le-racisme-le-groupe-guicopres-visible\/#primaryimage"},"thumbnailUrl":"https:\/\/i0.wp.com\/oeilsportif.info\/wp-content\/uploads\/2023\/06\/FB_IMG_1686867163630.jpg?fit=937%2C938&ssl=1","articleSection":["Actualit\u00e9","Football"],"inLanguage":"fr-FR"},{"@type":"WebPage","@id":"https:\/\/oeilsportif.info\/index.php\/amical-le-bresil-face-a-la-guinee-pour-combattre-le-racisme-le-groupe-guicopres-visible\/","url":"https:\/\/oeilsportif.info\/index.php\/amical-le-bresil-face-a-la-guinee-pour-combattre-le-racisme-le-groupe-guicopres-visible\/","name":"Amical\/Le Br\u00e9sil face \u00e0 la Guin\u00e9e pour combattre le racisme, le Groupe Guicopres visible. - le regard du sportif","isPartOf":{"@id":"https:\/\/oeilsportif.info\/#website"},"primaryImageOfPage":{"@id":"https:\/\/oeilsportif.info\/index.php\/amical-le-bresil-face-a-la-guinee-pour-combattre-le-racisme-le-groupe-guicopres-visible\/#primaryimage"},"image":{"@id":"https:\/\/oeilsportif.info\/index.php\/amical-le-bresil-face-a-la-guinee-pour-combattre-le-racisme-le-groupe-guicopres-visible\/#primaryimage"},"thumbnailUrl":"https:\/\/i0.wp.com\/oeilsportif.info\/wp-content\/uploads\/2023\/06\/FB_IMG_1686867163630.jpg?fit=937%2C938&ssl=1","datePublished":"2023-06-15T22:15:08+00:00","author":{"@id":"https:\/\/oeilsportif.info\/#\/schema\/person\/cfbded294aa6095f7d96608d7905e9a1"},"inLanguage":"fr-FR","potentialAction":[{"@type":"ReadAction","target":["https:\/\/oeilsportif.info\/index.php\/amical-le-bresil-face-a-la-guinee-pour-combattre-le-racisme-le-groupe-guicopres-visible\/"]}]},{"@type":"ImageObject","inLanguage":"fr-FR","@id":"https:\/\/oeilsportif.info\/index.php\/amical-le-bresil-face-a-la-guinee-pour-combattre-le-racisme-le-groupe-guicopres-visible\/#primaryimage","url":"https:\/\/i0.wp.com\/oeilsportif.info\/wp-content\/uploads\/2023\/06\/FB_IMG_1686867163630.jpg?fit=937%2C938&ssl=1","contentUrl":"https:\/\/i0.wp.com\/oeilsportif.info\/wp-content\/uploads\/2023\/06\/FB_IMG_1686867163630.jpg?fit=937%2C938&ssl=1","width":937,"height":938},{"@type":"WebSite","@id":"https:\/\/oeilsportif.info\/#website","url":"https:\/\/oeilsportif.info\/","name":"le regard du sportif","description":"","potentialAction":[{"@type":"SearchAction","target":{"@type":"EntryPoint","urlTemplate":"https:\/\/oeilsportif.info\/?s={search_term_string}"},"query-input":{"@type":"PropertyValueSpecification","valueRequired":true,"valueName":"search_term_string"}}],"inLanguage":"fr-FR"},{"@type":"Person","@id":"https:\/\/oeilsportif.info\/#\/schema\/person\/cfbded294aa6095f7d96608d7905e9a1","name":"L'Equipe de la R\u00e9daction","image":{"@type":"ImageObject","inLanguage":"fr-FR","@id":"https:\/\/oeilsportif.info\/wp-content\/uploads\/2025\/07\/cropped-cropped-logo-os-96x96.jpeg","url":"https:\/\/oeilsportif.info\/wp-content\/uploads\/2025\/07\/cropped-cropped-logo-os-96x96.jpeg","contentUrl":"https:\/\/oeilsportif.info\/wp-content\/uploads\/2025\/07\/cropped-cropped-logo-os-96x96.jpeg","caption":"L'Equipe de la R\u00e9daction"},"url":"https:\/\/oeilsportif.info\/index.php\/author\/tawel\/"}]}},"jetpack_publicize_connections":[],"jetpack_featured_media_url":"https:\/\/i0.wp.com\/oeilsportif.info\/wp-content\/uploads\/2023\/06\/FB_IMG_1686867163630.jpg?fit=937%2C938&ssl=1","jetpack-related-posts":[],"jetpack_sharing_enabled":true,"jetpack_likes_enabled":true,"jetpack_shortlink":"https:\/\/wp.me\/pgFE77-Nz","_links":{"self":[{"href":"https:\/\/oeilsportif.info\/index.php\/wp-json\/wp\/v2\/posts\/3073","targetHints":{"allow":["GET"]}}],"collection":[{"href":"https:\/\/oeilsportif.info\/index.php\/wp-json\/wp\/v2\/posts"}],"about":[{"href":"https:\/\/oeilsportif.info\/index.php\/wp-json\/wp\/v2\/types\/post"}],"author":[{"embeddable":true,"href":"https:\/\/oeilsportif.info\/index.php\/wp-json\/wp\/v2\/users\/2"}],"replies":[{"embeddable":true,"href":"https:\/\/oeilsportif.info\/index.php\/wp-json\/wp\/v2\/comments?post=3073"}],"version-history":[{"count":0,"href":"https:\/\/oeilsportif.info\/index.php\/wp-json\/wp\/v2\/posts\/3073\/revisions"}],"wp:featuredmedia":[{"embeddable":true,"href":"https:\/\/oeilsportif.info\/index.php\/wp-json\/wp\/v2\/media\/3074"}],"wp:attachment":[{"href":"https:\/\/oeilsportif.info\/index.php\/wp-json\/wp\/v2\/media?parent=3073"}],"wp:term":[{"taxonomy":"category","embeddable":true,"href":"https:\/\/oeilsportif.info\/index.php\/wp-json\/wp\/v2\/categories?post=3073"},{"taxonomy":"post_tag","embeddable":true,"href":"https:\/\/oeilsportif.info\/index.php\/wp-json\/wp\/v2\/tags?post=3073"}],"curies":[{"name":"wp","href":"https:\/\/api.w.org\/{rel}","templated":true}]}}