{"id":3035,"date":"2023-06-01T19:57:30","date_gmt":"2023-06-01T19:57:30","guid":{"rendered":"https:\/\/oeilsportif.info\/index.php\/?p=3035"},"modified":"2023-06-01T19:57:30","modified_gmt":"2023-06-01T19:57:30","slug":"communique-de-la-federation-guineenne-de-handball-sur-le-retrait-de-lequipe-nationale-masculine-u21","status":"publish","type":"post","link":"https:\/\/oeilsportif.info\/index.php\/communique-de-la-federation-guineenne-de-handball-sur-le-retrait-de-lequipe-nationale-masculine-u21\/","title":{"rendered":"Communiqu\u00e9 de la F\u00e9d\u00e9ration Guin\u00e9enne de Handball sur le retrait de l\u2019\u00e9quipe nationale masculine U21 :"},"content":{"rendered":"<p><strong>A la suite du malheureux incident survenu 72h apr\u00e8s la brillante prestation de notre \u00e9quipe nationale masculine junior au Challenge Trophy Intercontinental qui s&rsquo;est d\u00e9roul\u00e9 en R\u00e9publique de Costa-Rica, huit (8) athl\u00e8tes guin\u00e9ens ont pris la fuite pour une destination inconnue malgr\u00e9 le retrait de leurs passeports.<\/strong><\/p>\n<p>Ce triste incident a malheureusement terni l&rsquo;image de notre f\u00e9d\u00e9ration mais aussi celle de notre cher pays.<br \/>\nAu vu de toutes les informations re\u00e7ues tant de la F\u00e9d\u00e9ration Internationale Handball (IHF) que la Conf\u00e9d\u00e9ration Africaine de Handball (CAHB), il ressort qu&rsquo;aucune de ces instances ne garantit la demande de visas des handballeurs guin\u00e9ens retenus pour prendre part \u00e0 la prochaine Coupe du Monde Juniors &#8211; IHF pr\u00e9vue courant juin en Allemagne et en Gr\u00e8ce.<\/p>\n<p>Pour \u00e9viter toute autre surprise d\u00e9sagr\u00e9able avec la probabilit\u00e9 certaine de r\u00e9cidive de ce malheureux incident du Costa-Rica par d&rsquo;autres sportif et toutes tracasseries de derni\u00e8res heures pour l\u2019obtention du visa Schengen, la F\u00e9d\u00e9ration Guin\u00e9enne de Handball (FGHB) \u00e9largie aux membres du conseil s&rsquo;est r\u00e9unie pour d\u00e9battre ce sujet mis \u00e0 l&rsquo;ordre du jour.<\/p>\n<p>Apr\u00e8s analyse de tous les param\u00e8tres li\u00e9s \u00e0 la situation relative \u00e0 notre participation \u00e0 cette comp\u00e9tition, le conseil de la F\u00e9d\u00e9ration Guin\u00e9enne de Handball (FGHB) a d\u00e9cid\u00e9 du retrait de la Guin\u00e9e \u00e0 cette Coupe du Monde pour \u00e9viter toutes surprises d\u00e9sagr\u00e9ables.<\/p>\n<p>Log\u00e9e dans le groupe F en compagnie de la Su\u00e8de, la Slov\u00e9nie et le Bahre\u00efn, la Guin\u00e9e est finalement remplac\u00e9e par le Groenland.<\/p>\n<p>Minist\u00e8re de la Jeunesse et des Sports<br \/>\nInternational Handball Federation &#8211; IHF<br \/>\nConf\u00e9d\u00e9ration Africaine de Handball<br \/>\nPr\u00e9sidence de la R\u00e9publique de Guin\u00e9e<\/p>\n<p><a href=\"https:\/\/i0.wp.com\/oeilsportif.info\/wp-content\/uploads\/2023\/06\/FB_IMG_1685649310610.jpg?ssl=1\"><img data-recalc-dims=\"1\" loading=\"lazy\" decoding=\"async\" class=\"alignnone size-full wp-image-3036\" src=\"https:\/\/i0.wp.com\/oeilsportif.info\/wp-content\/uploads\/2023\/06\/FB_IMG_1685649310610.jpg?resize=696%2C929&#038;ssl=1\" alt=\"\" width=\"696\" height=\"929\" srcset=\"https:\/\/i0.wp.com\/oeilsportif.info\/wp-content\/uploads\/2023\/06\/FB_IMG_1685649310610.jpg?w=1080&amp;ssl=1 1080w, https:\/\/i0.wp.com\/oeilsportif.info\/wp-content\/uploads\/2023\/06\/FB_IMG_1685649310610.jpg?resize=225%2C300&amp;ssl=1 225w, https:\/\/i0.wp.com\/oeilsportif.info\/wp-content\/uploads\/2023\/06\/FB_IMG_1685649310610.jpg?resize=767%2C1024&amp;ssl=1 767w, https:\/\/i0.wp.com\/oeilsportif.info\/wp-content\/uploads\/2023\/06\/FB_IMG_1685649310610.jpg?resize=768%2C1025&amp;ssl=1 768w, https:\/\/i0.wp.com\/oeilsportif.info\/wp-content\/uploads\/2023\/06\/FB_IMG_1685649310610.jpg?resize=696%2C929&amp;ssl=1 696w, https:\/\/i0.wp.com\/oeilsportif.info\/wp-content\/uploads\/2023\/06\/FB_IMG_1685649310610.jpg?resize=1068%2C1426&amp;ssl=1 1068w, https:\/\/i0.wp.com\/oeilsportif.info\/wp-content\/uploads\/2023\/06\/FB_IMG_1685649310610.jpg?resize=315%2C420&amp;ssl=1 315w\" sizes=\"auto, (max-width: 696px) 100vw, 696px\" \/><\/a><\/p>\n<p>Source : FEGUIHAND<\/p>\n","protected":false},"excerpt":{"rendered":"<p>A la suite du malheureux incident survenu 72h apr\u00e8s la brillante prestation de notre \u00e9quipe nationale masculine junior au Challenge Trophy Intercontinental qui s&rsquo;est d\u00e9roul\u00e9 en R\u00e9publique de Costa-Rica, huit (8) athl\u00e8tes guin\u00e9ens ont pris la fuite pour une destination inconnue malgr\u00e9 le retrait de leurs passeports. Ce triste incident a malheureusement terni l&rsquo;image de [&hellip;]<\/p>\n","protected":false},"author":2,"featured_media":3037,"comment_status":"closed","ping_status":"open","sticky":false,"template":"","format":"standard","meta":{"_jetpack_memberships_contains_paid_content":false,"footnotes":"","jetpack_publicize_message":"","jetpack_publicize_feature_enabled":true,"jetpack_social_post_already_shared":true,"jetpack_social_options":{"image_generator_settings":{"template":"highway","default_image_id":0,"font":"","enabled":false},"version":2}},"categories":[10,6],"tags":[],"class_list":{"0":"post-3035","1":"post","2":"type-post","3":"status-publish","4":"format-standard","5":"has-post-thumbnail","7":"category-actualite","8":"category-handball"},"yoast_head":"<!-- This site is optimized with the Yoast SEO plugin v27.4 - https:\/\/yoast.com\/product\/yoast-seo-wordpress\/ -->\n<title>Communiqu\u00e9 de la F\u00e9d\u00e9ration Guin\u00e9enne de Handball sur le retrait de l\u2019\u00e9quipe nationale masculine U21 : - le regard du sportif<\/title>\n<meta name=\"robots\" content=\"index, follow, max-snippet:-1, max-image-preview:large, max-video-preview:-1\" \/>\n<link rel=\"canonical\" href=\"https:\/\/oeilsportif.info\/index.php\/communique-de-la-federation-guineenne-de-handball-sur-le-retrait-de-lequipe-nationale-masculine-u21\/\" \/>\n<meta property=\"og:locale\" content=\"fr_FR\" \/>\n<meta property=\"og:type\" content=\"article\" \/>\n<meta property=\"og:title\" content=\"Communiqu\u00e9 de la F\u00e9d\u00e9ration Guin\u00e9enne de Handball sur le retrait de l\u2019\u00e9quipe nationale masculine U21 : - le regard du sportif\" \/>\n<meta property=\"og:description\" content=\"A la suite du malheureux incident survenu 72h apr\u00e8s la brillante prestation de notre \u00e9quipe nationale masculine junior au Challenge Trophy Intercontinental qui s&rsquo;est d\u00e9roul\u00e9 en R\u00e9publique de Costa-Rica, huit (8) athl\u00e8tes guin\u00e9ens ont pris la fuite pour une destination inconnue malgr\u00e9 le retrait de leurs passeports. Ce triste incident a malheureusement terni l&rsquo;image de [&hellip;]\" \/>\n<meta property=\"og:url\" content=\"https:\/\/oeilsportif.info\/index.php\/communique-de-la-federation-guineenne-de-handball-sur-le-retrait-de-lequipe-nationale-masculine-u21\/\" \/>\n<meta property=\"og:site_name\" content=\"le regard du sportif\" \/>\n<meta property=\"article:published_time\" content=\"2023-06-01T19:57:30+00:00\" \/>\n<meta property=\"og:image\" content=\"https:\/\/oeilsportif.info\/wp-content\/uploads\/2023\/06\/FB_IMG_1685649321746.jpg\" \/>\n\t<meta property=\"og:image:width\" content=\"767\" \/>\n\t<meta property=\"og:image:height\" content=\"604\" \/>\n\t<meta property=\"og:image:type\" content=\"image\/jpeg\" \/>\n<meta name=\"author\" content=\"L&#039;Equipe de la R\u00e9daction\" \/>\n<meta name=\"twitter:label1\" content=\"\u00c9crit par\" \/>\n\t<meta name=\"twitter:data1\" content=\"L&#039;Equipe de la R\u00e9daction\" \/>\n\t<meta name=\"twitter:label2\" content=\"Dur\u00e9e de lecture estim\u00e9e\" \/>\n\t<meta name=\"twitter:data2\" content=\"2 minutes\" \/>\n<script type=\"application\/ld+json\" class=\"yoast-schema-graph\">{\"@context\":\"https:\\\/\\\/schema.org\",\"@graph\":[{\"@type\":\"Article\",\"@id\":\"https:\\\/\\\/oeilsportif.info\\\/index.php\\\/communique-de-la-federation-guineenne-de-handball-sur-le-retrait-de-lequipe-nationale-masculine-u21\\\/#article\",\"isPartOf\":{\"@id\":\"https:\\\/\\\/oeilsportif.info\\\/index.php\\\/communique-de-la-federation-guineenne-de-handball-sur-le-retrait-de-lequipe-nationale-masculine-u21\\\/\"},\"author\":{\"name\":\"L'Equipe de la R\u00e9daction\",\"@id\":\"https:\\\/\\\/oeilsportif.info\\\/#\\\/schema\\\/person\\\/cfbded294aa6095f7d96608d7905e9a1\"},\"headline\":\"Communiqu\u00e9 de la F\u00e9d\u00e9ration Guin\u00e9enne de Handball sur le retrait de l\u2019\u00e9quipe nationale masculine U21 :\",\"datePublished\":\"2023-06-01T19:57:30+00:00\",\"mainEntityOfPage\":{\"@id\":\"https:\\\/\\\/oeilsportif.info\\\/index.php\\\/communique-de-la-federation-guineenne-de-handball-sur-le-retrait-de-lequipe-nationale-masculine-u21\\\/\"},\"wordCount\":331,\"image\":{\"@id\":\"https:\\\/\\\/oeilsportif.info\\\/index.php\\\/communique-de-la-federation-guineenne-de-handball-sur-le-retrait-de-lequipe-nationale-masculine-u21\\\/#primaryimage\"},\"thumbnailUrl\":\"https:\\\/\\\/i0.wp.com\\\/oeilsportif.info\\\/wp-content\\\/uploads\\\/2023\\\/06\\\/FB_IMG_1685649321746.jpg?fit=767%2C604&ssl=1\",\"articleSection\":[\"Actualit\u00e9\",\"Handball\"],\"inLanguage\":\"fr-FR\"},{\"@type\":\"WebPage\",\"@id\":\"https:\\\/\\\/oeilsportif.info\\\/index.php\\\/communique-de-la-federation-guineenne-de-handball-sur-le-retrait-de-lequipe-nationale-masculine-u21\\\/\",\"url\":\"https:\\\/\\\/oeilsportif.info\\\/index.php\\\/communique-de-la-federation-guineenne-de-handball-sur-le-retrait-de-lequipe-nationale-masculine-u21\\\/\",\"name\":\"Communiqu\u00e9 de la F\u00e9d\u00e9ration Guin\u00e9enne de Handball sur le retrait de l\u2019\u00e9quipe nationale masculine U21 : - le regard du sportif\",\"isPartOf\":{\"@id\":\"https:\\\/\\\/oeilsportif.info\\\/#website\"},\"primaryImageOfPage\":{\"@id\":\"https:\\\/\\\/oeilsportif.info\\\/index.php\\\/communique-de-la-federation-guineenne-de-handball-sur-le-retrait-de-lequipe-nationale-masculine-u21\\\/#primaryimage\"},\"image\":{\"@id\":\"https:\\\/\\\/oeilsportif.info\\\/index.php\\\/communique-de-la-federation-guineenne-de-handball-sur-le-retrait-de-lequipe-nationale-masculine-u21\\\/#primaryimage\"},\"thumbnailUrl\":\"https:\\\/\\\/i0.wp.com\\\/oeilsportif.info\\\/wp-content\\\/uploads\\\/2023\\\/06\\\/FB_IMG_1685649321746.jpg?fit=767%2C604&ssl=1\",\"datePublished\":\"2023-06-01T19:57:30+00:00\",\"author\":{\"@id\":\"https:\\\/\\\/oeilsportif.info\\\/#\\\/schema\\\/person\\\/cfbded294aa6095f7d96608d7905e9a1\"},\"inLanguage\":\"fr-FR\",\"potentialAction\":[{\"@type\":\"ReadAction\",\"target\":[\"https:\\\/\\\/oeilsportif.info\\\/index.php\\\/communique-de-la-federation-guineenne-de-handball-sur-le-retrait-de-lequipe-nationale-masculine-u21\\\/\"]}]},{\"@type\":\"ImageObject\",\"inLanguage\":\"fr-FR\",\"@id\":\"https:\\\/\\\/oeilsportif.info\\\/index.php\\\/communique-de-la-federation-guineenne-de-handball-sur-le-retrait-de-lequipe-nationale-masculine-u21\\\/#primaryimage\",\"url\":\"https:\\\/\\\/i0.wp.com\\\/oeilsportif.info\\\/wp-content\\\/uploads\\\/2023\\\/06\\\/FB_IMG_1685649321746.jpg?fit=767%2C604&ssl=1\",\"contentUrl\":\"https:\\\/\\\/i0.wp.com\\\/oeilsportif.info\\\/wp-content\\\/uploads\\\/2023\\\/06\\\/FB_IMG_1685649321746.jpg?fit=767%2C604&ssl=1\",\"width\":767,\"height\":604},{\"@type\":\"WebSite\",\"@id\":\"https:\\\/\\\/oeilsportif.info\\\/#website\",\"url\":\"https:\\\/\\\/oeilsportif.info\\\/\",\"name\":\"le regard du sportif\",\"description\":\"\",\"potentialAction\":[{\"@type\":\"SearchAction\",\"target\":{\"@type\":\"EntryPoint\",\"urlTemplate\":\"https:\\\/\\\/oeilsportif.info\\\/?s={search_term_string}\"},\"query-input\":{\"@type\":\"PropertyValueSpecification\",\"valueRequired\":true,\"valueName\":\"search_term_string\"}}],\"inLanguage\":\"fr-FR\"},{\"@type\":\"Person\",\"@id\":\"https:\\\/\\\/oeilsportif.info\\\/#\\\/schema\\\/person\\\/cfbded294aa6095f7d96608d7905e9a1\",\"name\":\"L'Equipe de la R\u00e9daction\",\"image\":{\"@type\":\"ImageObject\",\"inLanguage\":\"fr-FR\",\"@id\":\"https:\\\/\\\/oeilsportif.info\\\/wp-content\\\/uploads\\\/2025\\\/07\\\/cropped-cropped-logo-os-96x96.jpeg\",\"url\":\"https:\\\/\\\/oeilsportif.info\\\/wp-content\\\/uploads\\\/2025\\\/07\\\/cropped-cropped-logo-os-96x96.jpeg\",\"contentUrl\":\"https:\\\/\\\/oeilsportif.info\\\/wp-content\\\/uploads\\\/2025\\\/07\\\/cropped-cropped-logo-os-96x96.jpeg\",\"caption\":\"L'Equipe de la R\u00e9daction\"},\"url\":\"https:\\\/\\\/oeilsportif.info\\\/index.php\\\/author\\\/tawel\\\/\"}]}<\/script>\n<!-- \/ Yoast SEO plugin. -->","yoast_head_json":{"title":"Communiqu\u00e9 de la F\u00e9d\u00e9ration Guin\u00e9enne de Handball sur le retrait de l\u2019\u00e9quipe nationale masculine U21 : - le regard du sportif","robots":{"index":"index","follow":"follow","max-snippet":"max-snippet:-1","max-image-preview":"max-image-preview:large","max-video-preview":"max-video-preview:-1"},"canonical":"https:\/\/oeilsportif.info\/index.php\/communique-de-la-federation-guineenne-de-handball-sur-le-retrait-de-lequipe-nationale-masculine-u21\/","og_locale":"fr_FR","og_type":"article","og_title":"Communiqu\u00e9 de la F\u00e9d\u00e9ration Guin\u00e9enne de Handball sur le retrait de l\u2019\u00e9quipe nationale masculine U21 : - le regard du sportif","og_description":"A la suite du malheureux incident survenu 72h apr\u00e8s la brillante prestation de notre \u00e9quipe nationale masculine junior au Challenge Trophy Intercontinental qui s&rsquo;est d\u00e9roul\u00e9 en R\u00e9publique de Costa-Rica, huit (8) athl\u00e8tes guin\u00e9ens ont pris la fuite pour une destination inconnue malgr\u00e9 le retrait de leurs passeports. Ce triste incident a malheureusement terni l&rsquo;image de [&hellip;]","og_url":"https:\/\/oeilsportif.info\/index.php\/communique-de-la-federation-guineenne-de-handball-sur-le-retrait-de-lequipe-nationale-masculine-u21\/","og_site_name":"le regard du sportif","article_published_time":"2023-06-01T19:57:30+00:00","og_image":[{"width":767,"height":604,"url":"https:\/\/oeilsportif.info\/wp-content\/uploads\/2023\/06\/FB_IMG_1685649321746.jpg","type":"image\/jpeg"}],"author":"L'Equipe de la R\u00e9daction","twitter_misc":{"\u00c9crit par":"L'Equipe de la R\u00e9daction","Dur\u00e9e de lecture estim\u00e9e":"2 minutes"},"schema":{"@context":"https:\/\/schema.org","@graph":[{"@type":"Article","@id":"https:\/\/oeilsportif.info\/index.php\/communique-de-la-federation-guineenne-de-handball-sur-le-retrait-de-lequipe-nationale-masculine-u21\/#article","isPartOf":{"@id":"https:\/\/oeilsportif.info\/index.php\/communique-de-la-federation-guineenne-de-handball-sur-le-retrait-de-lequipe-nationale-masculine-u21\/"},"author":{"name":"L'Equipe de la R\u00e9daction","@id":"https:\/\/oeilsportif.info\/#\/schema\/person\/cfbded294aa6095f7d96608d7905e9a1"},"headline":"Communiqu\u00e9 de la F\u00e9d\u00e9ration Guin\u00e9enne de Handball sur le retrait de l\u2019\u00e9quipe nationale masculine U21 :","datePublished":"2023-06-01T19:57:30+00:00","mainEntityOfPage":{"@id":"https:\/\/oeilsportif.info\/index.php\/communique-de-la-federation-guineenne-de-handball-sur-le-retrait-de-lequipe-nationale-masculine-u21\/"},"wordCount":331,"image":{"@id":"https:\/\/oeilsportif.info\/index.php\/communique-de-la-federation-guineenne-de-handball-sur-le-retrait-de-lequipe-nationale-masculine-u21\/#primaryimage"},"thumbnailUrl":"https:\/\/i0.wp.com\/oeilsportif.info\/wp-content\/uploads\/2023\/06\/FB_IMG_1685649321746.jpg?fit=767%2C604&ssl=1","articleSection":["Actualit\u00e9","Handball"],"inLanguage":"fr-FR"},{"@type":"WebPage","@id":"https:\/\/oeilsportif.info\/index.php\/communique-de-la-federation-guineenne-de-handball-sur-le-retrait-de-lequipe-nationale-masculine-u21\/","url":"https:\/\/oeilsportif.info\/index.php\/communique-de-la-federation-guineenne-de-handball-sur-le-retrait-de-lequipe-nationale-masculine-u21\/","name":"Communiqu\u00e9 de la F\u00e9d\u00e9ration Guin\u00e9enne de Handball sur le retrait de l\u2019\u00e9quipe nationale masculine U21 : - le regard du sportif","isPartOf":{"@id":"https:\/\/oeilsportif.info\/#website"},"primaryImageOfPage":{"@id":"https:\/\/oeilsportif.info\/index.php\/communique-de-la-federation-guineenne-de-handball-sur-le-retrait-de-lequipe-nationale-masculine-u21\/#primaryimage"},"image":{"@id":"https:\/\/oeilsportif.info\/index.php\/communique-de-la-federation-guineenne-de-handball-sur-le-retrait-de-lequipe-nationale-masculine-u21\/#primaryimage"},"thumbnailUrl":"https:\/\/i0.wp.com\/oeilsportif.info\/wp-content\/uploads\/2023\/06\/FB_IMG_1685649321746.jpg?fit=767%2C604&ssl=1","datePublished":"2023-06-01T19:57:30+00:00","author":{"@id":"https:\/\/oeilsportif.info\/#\/schema\/person\/cfbded294aa6095f7d96608d7905e9a1"},"inLanguage":"fr-FR","potentialAction":[{"@type":"ReadAction","target":["https:\/\/oeilsportif.info\/index.php\/communique-de-la-federation-guineenne-de-handball-sur-le-retrait-de-lequipe-nationale-masculine-u21\/"]}]},{"@type":"ImageObject","inLanguage":"fr-FR","@id":"https:\/\/oeilsportif.info\/index.php\/communique-de-la-federation-guineenne-de-handball-sur-le-retrait-de-lequipe-nationale-masculine-u21\/#primaryimage","url":"https:\/\/i0.wp.com\/oeilsportif.info\/wp-content\/uploads\/2023\/06\/FB_IMG_1685649321746.jpg?fit=767%2C604&ssl=1","contentUrl":"https:\/\/i0.wp.com\/oeilsportif.info\/wp-content\/uploads\/2023\/06\/FB_IMG_1685649321746.jpg?fit=767%2C604&ssl=1","width":767,"height":604},{"@type":"WebSite","@id":"https:\/\/oeilsportif.info\/#website","url":"https:\/\/oeilsportif.info\/","name":"le regard du sportif","description":"","potentialAction":[{"@type":"SearchAction","target":{"@type":"EntryPoint","urlTemplate":"https:\/\/oeilsportif.info\/?s={search_term_string}"},"query-input":{"@type":"PropertyValueSpecification","valueRequired":true,"valueName":"search_term_string"}}],"inLanguage":"fr-FR"},{"@type":"Person","@id":"https:\/\/oeilsportif.info\/#\/schema\/person\/cfbded294aa6095f7d96608d7905e9a1","name":"L'Equipe de la R\u00e9daction","image":{"@type":"ImageObject","inLanguage":"fr-FR","@id":"https:\/\/oeilsportif.info\/wp-content\/uploads\/2025\/07\/cropped-cropped-logo-os-96x96.jpeg","url":"https:\/\/oeilsportif.info\/wp-content\/uploads\/2025\/07\/cropped-cropped-logo-os-96x96.jpeg","contentUrl":"https:\/\/oeilsportif.info\/wp-content\/uploads\/2025\/07\/cropped-cropped-logo-os-96x96.jpeg","caption":"L'Equipe de la R\u00e9daction"},"url":"https:\/\/oeilsportif.info\/index.php\/author\/tawel\/"}]}},"jetpack_publicize_connections":[],"jetpack_featured_media_url":"https:\/\/i0.wp.com\/oeilsportif.info\/wp-content\/uploads\/2023\/06\/FB_IMG_1685649321746.jpg?fit=767%2C604&ssl=1","jetpack-related-posts":[],"jetpack_sharing_enabled":true,"jetpack_likes_enabled":true,"jetpack_shortlink":"https:\/\/wp.me\/pgFE77-MX","_links":{"self":[{"href":"https:\/\/oeilsportif.info\/index.php\/wp-json\/wp\/v2\/posts\/3035","targetHints":{"allow":["GET"]}}],"collection":[{"href":"https:\/\/oeilsportif.info\/index.php\/wp-json\/wp\/v2\/posts"}],"about":[{"href":"https:\/\/oeilsportif.info\/index.php\/wp-json\/wp\/v2\/types\/post"}],"author":[{"embeddable":true,"href":"https:\/\/oeilsportif.info\/index.php\/wp-json\/wp\/v2\/users\/2"}],"replies":[{"embeddable":true,"href":"https:\/\/oeilsportif.info\/index.php\/wp-json\/wp\/v2\/comments?post=3035"}],"version-history":[{"count":0,"href":"https:\/\/oeilsportif.info\/index.php\/wp-json\/wp\/v2\/posts\/3035\/revisions"}],"wp:featuredmedia":[{"embeddable":true,"href":"https:\/\/oeilsportif.info\/index.php\/wp-json\/wp\/v2\/media\/3037"}],"wp:attachment":[{"href":"https:\/\/oeilsportif.info\/index.php\/wp-json\/wp\/v2\/media?parent=3035"}],"wp:term":[{"taxonomy":"category","embeddable":true,"href":"https:\/\/oeilsportif.info\/index.php\/wp-json\/wp\/v2\/categories?post=3035"},{"taxonomy":"post_tag","embeddable":true,"href":"https:\/\/oeilsportif.info\/index.php\/wp-json\/wp\/v2\/tags?post=3035"}],"curies":[{"name":"wp","href":"https:\/\/api.w.org\/{rel}","templated":true}]}}