{"id":2979,"date":"2023-05-07T12:46:22","date_gmt":"2023-05-07T12:46:22","guid":{"rendered":"https:\/\/oeilsportif.info\/index.php\/?p=2979"},"modified":"2023-05-07T12:46:22","modified_gmt":"2023-05-07T12:46:22","slug":"feguifoot-le-collectif-pour-la-defense-du-football-guineen-sinsurge-contre-les-propositions-du-g47","status":"publish","type":"post","link":"https:\/\/oeilsportif.info\/index.php\/feguifoot-le-collectif-pour-la-defense-du-football-guineen-sinsurge-contre-les-propositions-du-g47\/","title":{"rendered":"Feguifoot : le collectif pour la d\u00e9fense du football guin\u00e9en s\u2019insurge contre les propositions du G47"},"content":{"rendered":"<p>Les oppositions continuent avec le G47 et le collectif pour la d\u00e9fense du football guin\u00e9en (CDFG) tous membres statutaires de la f\u00e9d\u00e9ration guin\u00e9enne de football. Si le G47 d\u00e9sapprouve la prorogation du mandat du CONOR, le Collectif pour la d\u00e9fense du football guin\u00e9en (CDFG) se montre plut\u00f4t favorable, et balaie d\u2019un revers de main les propositions du camp adverse.<\/p>\n<p>Dans une d\u00e9claration rendue publique ce samedi 6 mai 2023 dont Guineenews d\u00e9tient une copie, le collectif de la d\u00e9fense du football guin\u00e9en (CDFG) a \u00ab cat\u00e9goriquement rejet\u00e9 \u00bb les propositions du G47. Selon le CDFG, \u00ab cet appel lanc\u00e9 par le G47 ne permet pas au football guin\u00e9en de revenir \u00e0 ses v\u00e9ritables acteurs et animateurs mais plut\u00f4t favorise l\u2019isolement de notre association nationale et \u00e9ventuellement, avec le risque de sanctions disciplinaires de la Guin\u00e9e\u00bb .Des sanctions qui auront pour cons\u00e9quences \u00ab l\u2019\u00e9limination de la s\u00e9lection A de la Coupe d\u2019Afrique des Nations C\u00f4te d\u2019Ivoire 2024 et les moins de 23 ans au Maroc \u00bb .<\/p>\n<p>Poursuivant, le collectif marque son soutien au comit\u00e9 de normalisation (Conor) en place afin \u00ab de mettre les bouch\u00e9es doubles et entreprendre toutes les initiatives permettant d\u2019achever le processus de normalisation dans les d\u00e9lais indiqu\u00e9s par la FIFA \u00bb.<\/p>\n<p><strong>Guineenews<\/strong><\/p>\n","protected":false},"excerpt":{"rendered":"<p>Les oppositions continuent avec le G47 et le collectif pour la d\u00e9fense du football guin\u00e9en (CDFG) tous membres statutaires de la f\u00e9d\u00e9ration guin\u00e9enne de football. Si le G47 d\u00e9sapprouve la prorogation du mandat du CONOR, le Collectif pour la d\u00e9fense du football guin\u00e9en (CDFG) se montre plut\u00f4t favorable, et balaie d\u2019un revers de main les [&hellip;]<\/p>\n","protected":false},"author":2,"featured_media":2980,"comment_status":"closed","ping_status":"open","sticky":false,"template":"","format":"standard","meta":{"_jetpack_memberships_contains_paid_content":false,"footnotes":"","jetpack_publicize_message":"","jetpack_publicize_feature_enabled":true,"jetpack_social_post_already_shared":true,"jetpack_social_options":{"image_generator_settings":{"template":"highway","default_image_id":0,"font":"","enabled":false},"version":2}},"categories":[10,5],"tags":[],"class_list":{"0":"post-2979","1":"post","2":"type-post","3":"status-publish","4":"format-standard","5":"has-post-thumbnail","7":"category-actualite","8":"category-football"},"yoast_head":"<!-- This site is optimized with the Yoast SEO plugin v27.5 - https:\/\/yoast.com\/product\/yoast-seo-wordpress\/ -->\n<title>Feguifoot : le collectif pour la d\u00e9fense du football guin\u00e9en s\u2019insurge contre les propositions du G47 - le regard du sportif<\/title>\n<meta name=\"robots\" content=\"index, follow, max-snippet:-1, max-image-preview:large, max-video-preview:-1\" \/>\n<link rel=\"canonical\" href=\"https:\/\/oeilsportif.info\/index.php\/feguifoot-le-collectif-pour-la-defense-du-football-guineen-sinsurge-contre-les-propositions-du-g47\/\" \/>\n<meta property=\"og:locale\" content=\"fr_FR\" \/>\n<meta property=\"og:type\" content=\"article\" \/>\n<meta property=\"og:title\" content=\"Feguifoot : le collectif pour la d\u00e9fense du football guin\u00e9en s\u2019insurge contre les propositions du G47 - le regard du sportif\" \/>\n<meta property=\"og:description\" content=\"Les oppositions continuent avec le G47 et le collectif pour la d\u00e9fense du football guin\u00e9en (CDFG) tous membres statutaires de la f\u00e9d\u00e9ration guin\u00e9enne de football. Si le G47 d\u00e9sapprouve la prorogation du mandat du CONOR, le Collectif pour la d\u00e9fense du football guin\u00e9en (CDFG) se montre plut\u00f4t favorable, et balaie d\u2019un revers de main les [&hellip;]\" \/>\n<meta property=\"og:url\" content=\"https:\/\/oeilsportif.info\/index.php\/feguifoot-le-collectif-pour-la-defense-du-football-guineen-sinsurge-contre-les-propositions-du-g47\/\" \/>\n<meta property=\"og:site_name\" content=\"le regard du sportif\" \/>\n<meta property=\"article:published_time\" content=\"2023-05-07T12:46:22+00:00\" \/>\n<meta property=\"og:image\" content=\"https:\/\/oeilsportif.info\/wp-content\/uploads\/2023\/05\/FB_IMG_1683463493984.jpg\" \/>\n\t<meta property=\"og:image:width\" content=\"960\" \/>\n\t<meta property=\"og:image:height\" content=\"724\" \/>\n\t<meta property=\"og:image:type\" content=\"image\/jpeg\" \/>\n<meta name=\"author\" content=\"L&#039;Equipe de la R\u00e9daction\" \/>\n<meta name=\"twitter:label1\" content=\"\u00c9crit par\" \/>\n\t<meta name=\"twitter:data1\" content=\"L&#039;Equipe de la R\u00e9daction\" \/>\n\t<meta name=\"twitter:label2\" content=\"Dur\u00e9e de lecture estim\u00e9e\" \/>\n\t<meta name=\"twitter:data2\" content=\"2 minutes\" \/>\n<script type=\"application\/ld+json\" class=\"yoast-schema-graph\">{\"@context\":\"https:\\\/\\\/schema.org\",\"@graph\":[{\"@type\":\"Article\",\"@id\":\"https:\\\/\\\/oeilsportif.info\\\/index.php\\\/feguifoot-le-collectif-pour-la-defense-du-football-guineen-sinsurge-contre-les-propositions-du-g47\\\/#article\",\"isPartOf\":{\"@id\":\"https:\\\/\\\/oeilsportif.info\\\/index.php\\\/feguifoot-le-collectif-pour-la-defense-du-football-guineen-sinsurge-contre-les-propositions-du-g47\\\/\"},\"author\":{\"name\":\"L'Equipe de la R\u00e9daction\",\"@id\":\"https:\\\/\\\/oeilsportif.info\\\/#\\\/schema\\\/person\\\/cfbded294aa6095f7d96608d7905e9a1\"},\"headline\":\"Feguifoot : le collectif pour la d\u00e9fense du football guin\u00e9en s\u2019insurge contre les propositions du G47\",\"datePublished\":\"2023-05-07T12:46:22+00:00\",\"mainEntityOfPage\":{\"@id\":\"https:\\\/\\\/oeilsportif.info\\\/index.php\\\/feguifoot-le-collectif-pour-la-defense-du-football-guineen-sinsurge-contre-les-propositions-du-g47\\\/\"},\"wordCount\":241,\"image\":{\"@id\":\"https:\\\/\\\/oeilsportif.info\\\/index.php\\\/feguifoot-le-collectif-pour-la-defense-du-football-guineen-sinsurge-contre-les-propositions-du-g47\\\/#primaryimage\"},\"thumbnailUrl\":\"https:\\\/\\\/i0.wp.com\\\/oeilsportif.info\\\/wp-content\\\/uploads\\\/2023\\\/05\\\/FB_IMG_1683463493984.jpg?fit=960%2C724&ssl=1\",\"articleSection\":[\"Actualit\u00e9\",\"Football\"],\"inLanguage\":\"fr-FR\"},{\"@type\":\"WebPage\",\"@id\":\"https:\\\/\\\/oeilsportif.info\\\/index.php\\\/feguifoot-le-collectif-pour-la-defense-du-football-guineen-sinsurge-contre-les-propositions-du-g47\\\/\",\"url\":\"https:\\\/\\\/oeilsportif.info\\\/index.php\\\/feguifoot-le-collectif-pour-la-defense-du-football-guineen-sinsurge-contre-les-propositions-du-g47\\\/\",\"name\":\"Feguifoot : le collectif pour la d\u00e9fense du football guin\u00e9en s\u2019insurge contre les propositions du G47 - le regard du sportif\",\"isPartOf\":{\"@id\":\"https:\\\/\\\/oeilsportif.info\\\/#website\"},\"primaryImageOfPage\":{\"@id\":\"https:\\\/\\\/oeilsportif.info\\\/index.php\\\/feguifoot-le-collectif-pour-la-defense-du-football-guineen-sinsurge-contre-les-propositions-du-g47\\\/#primaryimage\"},\"image\":{\"@id\":\"https:\\\/\\\/oeilsportif.info\\\/index.php\\\/feguifoot-le-collectif-pour-la-defense-du-football-guineen-sinsurge-contre-les-propositions-du-g47\\\/#primaryimage\"},\"thumbnailUrl\":\"https:\\\/\\\/i0.wp.com\\\/oeilsportif.info\\\/wp-content\\\/uploads\\\/2023\\\/05\\\/FB_IMG_1683463493984.jpg?fit=960%2C724&ssl=1\",\"datePublished\":\"2023-05-07T12:46:22+00:00\",\"author\":{\"@id\":\"https:\\\/\\\/oeilsportif.info\\\/#\\\/schema\\\/person\\\/cfbded294aa6095f7d96608d7905e9a1\"},\"inLanguage\":\"fr-FR\",\"potentialAction\":[{\"@type\":\"ReadAction\",\"target\":[\"https:\\\/\\\/oeilsportif.info\\\/index.php\\\/feguifoot-le-collectif-pour-la-defense-du-football-guineen-sinsurge-contre-les-propositions-du-g47\\\/\"]}]},{\"@type\":\"ImageObject\",\"inLanguage\":\"fr-FR\",\"@id\":\"https:\\\/\\\/oeilsportif.info\\\/index.php\\\/feguifoot-le-collectif-pour-la-defense-du-football-guineen-sinsurge-contre-les-propositions-du-g47\\\/#primaryimage\",\"url\":\"https:\\\/\\\/i0.wp.com\\\/oeilsportif.info\\\/wp-content\\\/uploads\\\/2023\\\/05\\\/FB_IMG_1683463493984.jpg?fit=960%2C724&ssl=1\",\"contentUrl\":\"https:\\\/\\\/i0.wp.com\\\/oeilsportif.info\\\/wp-content\\\/uploads\\\/2023\\\/05\\\/FB_IMG_1683463493984.jpg?fit=960%2C724&ssl=1\",\"width\":960,\"height\":724},{\"@type\":\"WebSite\",\"@id\":\"https:\\\/\\\/oeilsportif.info\\\/#website\",\"url\":\"https:\\\/\\\/oeilsportif.info\\\/\",\"name\":\"le regard du sportif\",\"description\":\"\",\"potentialAction\":[{\"@type\":\"SearchAction\",\"target\":{\"@type\":\"EntryPoint\",\"urlTemplate\":\"https:\\\/\\\/oeilsportif.info\\\/?s={search_term_string}\"},\"query-input\":{\"@type\":\"PropertyValueSpecification\",\"valueRequired\":true,\"valueName\":\"search_term_string\"}}],\"inLanguage\":\"fr-FR\"},{\"@type\":\"Person\",\"@id\":\"https:\\\/\\\/oeilsportif.info\\\/#\\\/schema\\\/person\\\/cfbded294aa6095f7d96608d7905e9a1\",\"name\":\"L'Equipe de la R\u00e9daction\",\"image\":{\"@type\":\"ImageObject\",\"inLanguage\":\"fr-FR\",\"@id\":\"https:\\\/\\\/oeilsportif.info\\\/wp-content\\\/uploads\\\/2025\\\/07\\\/cropped-cropped-logo-os-96x96.jpeg\",\"url\":\"https:\\\/\\\/oeilsportif.info\\\/wp-content\\\/uploads\\\/2025\\\/07\\\/cropped-cropped-logo-os-96x96.jpeg\",\"contentUrl\":\"https:\\\/\\\/oeilsportif.info\\\/wp-content\\\/uploads\\\/2025\\\/07\\\/cropped-cropped-logo-os-96x96.jpeg\",\"caption\":\"L'Equipe de la R\u00e9daction\"},\"url\":\"https:\\\/\\\/oeilsportif.info\\\/index.php\\\/author\\\/tawel\\\/\"}]}<\/script>\n<!-- \/ Yoast SEO plugin. -->","yoast_head_json":{"title":"Feguifoot : le collectif pour la d\u00e9fense du football guin\u00e9en s\u2019insurge contre les propositions du G47 - le regard du sportif","robots":{"index":"index","follow":"follow","max-snippet":"max-snippet:-1","max-image-preview":"max-image-preview:large","max-video-preview":"max-video-preview:-1"},"canonical":"https:\/\/oeilsportif.info\/index.php\/feguifoot-le-collectif-pour-la-defense-du-football-guineen-sinsurge-contre-les-propositions-du-g47\/","og_locale":"fr_FR","og_type":"article","og_title":"Feguifoot : le collectif pour la d\u00e9fense du football guin\u00e9en s\u2019insurge contre les propositions du G47 - le regard du sportif","og_description":"Les oppositions continuent avec le G47 et le collectif pour la d\u00e9fense du football guin\u00e9en (CDFG) tous membres statutaires de la f\u00e9d\u00e9ration guin\u00e9enne de football. Si le G47 d\u00e9sapprouve la prorogation du mandat du CONOR, le Collectif pour la d\u00e9fense du football guin\u00e9en (CDFG) se montre plut\u00f4t favorable, et balaie d\u2019un revers de main les [&hellip;]","og_url":"https:\/\/oeilsportif.info\/index.php\/feguifoot-le-collectif-pour-la-defense-du-football-guineen-sinsurge-contre-les-propositions-du-g47\/","og_site_name":"le regard du sportif","article_published_time":"2023-05-07T12:46:22+00:00","og_image":[{"width":960,"height":724,"url":"https:\/\/oeilsportif.info\/wp-content\/uploads\/2023\/05\/FB_IMG_1683463493984.jpg","type":"image\/jpeg"}],"author":"L'Equipe de la R\u00e9daction","twitter_misc":{"\u00c9crit par":"L'Equipe de la R\u00e9daction","Dur\u00e9e de lecture estim\u00e9e":"2 minutes"},"schema":{"@context":"https:\/\/schema.org","@graph":[{"@type":"Article","@id":"https:\/\/oeilsportif.info\/index.php\/feguifoot-le-collectif-pour-la-defense-du-football-guineen-sinsurge-contre-les-propositions-du-g47\/#article","isPartOf":{"@id":"https:\/\/oeilsportif.info\/index.php\/feguifoot-le-collectif-pour-la-defense-du-football-guineen-sinsurge-contre-les-propositions-du-g47\/"},"author":{"name":"L'Equipe de la R\u00e9daction","@id":"https:\/\/oeilsportif.info\/#\/schema\/person\/cfbded294aa6095f7d96608d7905e9a1"},"headline":"Feguifoot : le collectif pour la d\u00e9fense du football guin\u00e9en s\u2019insurge contre les propositions du G47","datePublished":"2023-05-07T12:46:22+00:00","mainEntityOfPage":{"@id":"https:\/\/oeilsportif.info\/index.php\/feguifoot-le-collectif-pour-la-defense-du-football-guineen-sinsurge-contre-les-propositions-du-g47\/"},"wordCount":241,"image":{"@id":"https:\/\/oeilsportif.info\/index.php\/feguifoot-le-collectif-pour-la-defense-du-football-guineen-sinsurge-contre-les-propositions-du-g47\/#primaryimage"},"thumbnailUrl":"https:\/\/i0.wp.com\/oeilsportif.info\/wp-content\/uploads\/2023\/05\/FB_IMG_1683463493984.jpg?fit=960%2C724&ssl=1","articleSection":["Actualit\u00e9","Football"],"inLanguage":"fr-FR"},{"@type":"WebPage","@id":"https:\/\/oeilsportif.info\/index.php\/feguifoot-le-collectif-pour-la-defense-du-football-guineen-sinsurge-contre-les-propositions-du-g47\/","url":"https:\/\/oeilsportif.info\/index.php\/feguifoot-le-collectif-pour-la-defense-du-football-guineen-sinsurge-contre-les-propositions-du-g47\/","name":"Feguifoot : le collectif pour la d\u00e9fense du football guin\u00e9en s\u2019insurge contre les propositions du G47 - le regard du sportif","isPartOf":{"@id":"https:\/\/oeilsportif.info\/#website"},"primaryImageOfPage":{"@id":"https:\/\/oeilsportif.info\/index.php\/feguifoot-le-collectif-pour-la-defense-du-football-guineen-sinsurge-contre-les-propositions-du-g47\/#primaryimage"},"image":{"@id":"https:\/\/oeilsportif.info\/index.php\/feguifoot-le-collectif-pour-la-defense-du-football-guineen-sinsurge-contre-les-propositions-du-g47\/#primaryimage"},"thumbnailUrl":"https:\/\/i0.wp.com\/oeilsportif.info\/wp-content\/uploads\/2023\/05\/FB_IMG_1683463493984.jpg?fit=960%2C724&ssl=1","datePublished":"2023-05-07T12:46:22+00:00","author":{"@id":"https:\/\/oeilsportif.info\/#\/schema\/person\/cfbded294aa6095f7d96608d7905e9a1"},"inLanguage":"fr-FR","potentialAction":[{"@type":"ReadAction","target":["https:\/\/oeilsportif.info\/index.php\/feguifoot-le-collectif-pour-la-defense-du-football-guineen-sinsurge-contre-les-propositions-du-g47\/"]}]},{"@type":"ImageObject","inLanguage":"fr-FR","@id":"https:\/\/oeilsportif.info\/index.php\/feguifoot-le-collectif-pour-la-defense-du-football-guineen-sinsurge-contre-les-propositions-du-g47\/#primaryimage","url":"https:\/\/i0.wp.com\/oeilsportif.info\/wp-content\/uploads\/2023\/05\/FB_IMG_1683463493984.jpg?fit=960%2C724&ssl=1","contentUrl":"https:\/\/i0.wp.com\/oeilsportif.info\/wp-content\/uploads\/2023\/05\/FB_IMG_1683463493984.jpg?fit=960%2C724&ssl=1","width":960,"height":724},{"@type":"WebSite","@id":"https:\/\/oeilsportif.info\/#website","url":"https:\/\/oeilsportif.info\/","name":"le regard du sportif","description":"","potentialAction":[{"@type":"SearchAction","target":{"@type":"EntryPoint","urlTemplate":"https:\/\/oeilsportif.info\/?s={search_term_string}"},"query-input":{"@type":"PropertyValueSpecification","valueRequired":true,"valueName":"search_term_string"}}],"inLanguage":"fr-FR"},{"@type":"Person","@id":"https:\/\/oeilsportif.info\/#\/schema\/person\/cfbded294aa6095f7d96608d7905e9a1","name":"L'Equipe de la R\u00e9daction","image":{"@type":"ImageObject","inLanguage":"fr-FR","@id":"https:\/\/oeilsportif.info\/wp-content\/uploads\/2025\/07\/cropped-cropped-logo-os-96x96.jpeg","url":"https:\/\/oeilsportif.info\/wp-content\/uploads\/2025\/07\/cropped-cropped-logo-os-96x96.jpeg","contentUrl":"https:\/\/oeilsportif.info\/wp-content\/uploads\/2025\/07\/cropped-cropped-logo-os-96x96.jpeg","caption":"L'Equipe de la R\u00e9daction"},"url":"https:\/\/oeilsportif.info\/index.php\/author\/tawel\/"}]}},"jetpack_publicize_connections":[],"jetpack_featured_media_url":"https:\/\/i0.wp.com\/oeilsportif.info\/wp-content\/uploads\/2023\/05\/FB_IMG_1683463493984.jpg?fit=960%2C724&ssl=1","jetpack-related-posts":[],"jetpack_sharing_enabled":true,"jetpack_likes_enabled":true,"jetpack_shortlink":"https:\/\/wp.me\/pgFE77-M3","_links":{"self":[{"href":"https:\/\/oeilsportif.info\/index.php\/wp-json\/wp\/v2\/posts\/2979","targetHints":{"allow":["GET"]}}],"collection":[{"href":"https:\/\/oeilsportif.info\/index.php\/wp-json\/wp\/v2\/posts"}],"about":[{"href":"https:\/\/oeilsportif.info\/index.php\/wp-json\/wp\/v2\/types\/post"}],"author":[{"embeddable":true,"href":"https:\/\/oeilsportif.info\/index.php\/wp-json\/wp\/v2\/users\/2"}],"replies":[{"embeddable":true,"href":"https:\/\/oeilsportif.info\/index.php\/wp-json\/wp\/v2\/comments?post=2979"}],"version-history":[{"count":0,"href":"https:\/\/oeilsportif.info\/index.php\/wp-json\/wp\/v2\/posts\/2979\/revisions"}],"wp:featuredmedia":[{"embeddable":true,"href":"https:\/\/oeilsportif.info\/index.php\/wp-json\/wp\/v2\/media\/2980"}],"wp:attachment":[{"href":"https:\/\/oeilsportif.info\/index.php\/wp-json\/wp\/v2\/media?parent=2979"}],"wp:term":[{"taxonomy":"category","embeddable":true,"href":"https:\/\/oeilsportif.info\/index.php\/wp-json\/wp\/v2\/categories?post=2979"},{"taxonomy":"post_tag","embeddable":true,"href":"https:\/\/oeilsportif.info\/index.php\/wp-json\/wp\/v2\/tags?post=2979"}],"curies":[{"name":"wp","href":"https:\/\/api.w.org\/{rel}","templated":true}]}}