{"id":2973,"date":"2023-05-06T19:50:43","date_gmt":"2023-05-06T19:50:43","guid":{"rendered":"https:\/\/oeilsportif.info\/index.php\/?p=2973"},"modified":"2023-05-06T19:50:43","modified_gmt":"2023-05-06T19:50:43","slug":"lucien-guilao-president-du-comite-provisoire-de-la-lgfp-l-a-ligue-va-se-positionner-en-federateur","status":"publish","type":"post","link":"https:\/\/oeilsportif.info\/index.php\/lucien-guilao-president-du-comite-provisoire-de-la-lgfp-l-a-ligue-va-se-positionner-en-federateur\/","title":{"rendered":"Lucien Guilao Pr\u00e9sident du Comit\u00e9 Provisoire de la LGFP \u00ab L a ligue va se positionner en f\u00e9d\u00e9rateur \u00bb"},"content":{"rendered":"<p>La ligue va se positionner en f\u00e9d\u00e9rateur Ce vendredi 05 mai 2023 au si\u00e8ge de la LGFP, le pr\u00e9sident de l\u2019instance dirigeante des clubs de L1 et de ligue 2 a anim\u00e9 un point de presse. L\u2019objectif, faire un bilan \u00e0 mi-parcours du championnat national de Lgue 1 Guicopres, Ligue 2, et l\u2019organisation de la coupe de la Ligue Lonagui. Apr\u00e8s avoir rappel\u00e9 les conditions de la mise en place du bureau provisoire de la LGFP et la mission qui l\u2019incombe, il a donn\u00e9 quelques indications en terme de co\u00fbt financier pour l\u2019organisation du championnat et les subventions d\u00e9j\u00e0 re\u00e7ues par les clubs de L1 et L2.<\/p>\n<p>Tr\u00e8s pr\u00e9occup\u00e9 par la crise qui secoue le football guin\u00e9en \u00e0 travers la mise en place du Conor le pr\u00e9sident de la LGFP a dit : \u00ab <strong>La crise au sein de notre football ne nous aide pas \u00e0 avancer. La Ligue travaille pour les clubs qui sont concern\u00e9s de cette situation. Nous (LGFP nlr), allons nous positionner en f\u00e9d\u00e9rateur, rassembleur pour amener les acteurs \u00e0 un consensus pour qu\u2019on sorte de cette situation (\u2026) \u00bb<\/strong><\/p>\n","protected":false},"excerpt":{"rendered":"<p>La ligue va se positionner en f\u00e9d\u00e9rateur Ce vendredi 05 mai 2023 au si\u00e8ge de la LGFP, le pr\u00e9sident de l\u2019instance dirigeante des clubs de L1 et de ligue 2 a anim\u00e9 un point de presse. L\u2019objectif, faire un bilan \u00e0 mi-parcours du championnat national de Lgue 1 Guicopres, Ligue 2, et l\u2019organisation de la [&hellip;]<\/p>\n","protected":false},"author":2,"featured_media":2974,"comment_status":"closed","ping_status":"open","sticky":false,"template":"","format":"standard","meta":{"_jetpack_memberships_contains_paid_content":false,"footnotes":"","jetpack_publicize_message":"","jetpack_publicize_feature_enabled":true,"jetpack_social_post_already_shared":true,"jetpack_social_options":{"image_generator_settings":{"template":"highway","default_image_id":0,"font":"","enabled":false},"version":2}},"categories":[5],"tags":[],"class_list":{"0":"post-2973","1":"post","2":"type-post","3":"status-publish","4":"format-standard","5":"has-post-thumbnail","7":"category-football"},"yoast_head":"<!-- This site is optimized with the Yoast SEO plugin v27.5 - https:\/\/yoast.com\/product\/yoast-seo-wordpress\/ -->\n<title>Lucien Guilao Pr\u00e9sident du Comit\u00e9 Provisoire de la LGFP \u00ab L a ligue va se positionner en f\u00e9d\u00e9rateur \u00bb - le regard du sportif<\/title>\n<meta name=\"robots\" content=\"index, follow, max-snippet:-1, max-image-preview:large, max-video-preview:-1\" \/>\n<link rel=\"canonical\" href=\"https:\/\/oeilsportif.info\/index.php\/lucien-guilao-president-du-comite-provisoire-de-la-lgfp-l-a-ligue-va-se-positionner-en-federateur\/\" \/>\n<meta property=\"og:locale\" content=\"fr_FR\" \/>\n<meta property=\"og:type\" content=\"article\" \/>\n<meta property=\"og:title\" content=\"Lucien Guilao Pr\u00e9sident du Comit\u00e9 Provisoire de la LGFP \u00ab L a ligue va se positionner en f\u00e9d\u00e9rateur \u00bb - le regard du sportif\" \/>\n<meta property=\"og:description\" content=\"La ligue va se positionner en f\u00e9d\u00e9rateur Ce vendredi 05 mai 2023 au si\u00e8ge de la LGFP, le pr\u00e9sident de l\u2019instance dirigeante des clubs de L1 et de ligue 2 a anim\u00e9 un point de presse. L\u2019objectif, faire un bilan \u00e0 mi-parcours du championnat national de Lgue 1 Guicopres, Ligue 2, et l\u2019organisation de la [&hellip;]\" \/>\n<meta property=\"og:url\" content=\"https:\/\/oeilsportif.info\/index.php\/lucien-guilao-president-du-comite-provisoire-de-la-lgfp-l-a-ligue-va-se-positionner-en-federateur\/\" \/>\n<meta property=\"og:site_name\" content=\"le regard du sportif\" \/>\n<meta property=\"article:published_time\" content=\"2023-05-06T19:50:43+00:00\" \/>\n<meta property=\"og:image\" content=\"https:\/\/oeilsportif.info\/wp-content\/uploads\/2023\/05\/FB_IMG_1683402511293.jpg\" \/>\n\t<meta property=\"og:image:width\" content=\"1080\" \/>\n\t<meta property=\"og:image:height\" content=\"810\" \/>\n\t<meta property=\"og:image:type\" content=\"image\/jpeg\" \/>\n<meta name=\"author\" content=\"L&#039;Equipe de la R\u00e9daction\" \/>\n<meta name=\"twitter:label1\" content=\"\u00c9crit par\" \/>\n\t<meta name=\"twitter:data1\" content=\"L&#039;Equipe de la R\u00e9daction\" \/>\n\t<meta name=\"twitter:label2\" content=\"Dur\u00e9e de lecture estim\u00e9e\" \/>\n\t<meta name=\"twitter:data2\" content=\"1 minute\" \/>\n<script type=\"application\/ld+json\" class=\"yoast-schema-graph\">{\"@context\":\"https:\\\/\\\/schema.org\",\"@graph\":[{\"@type\":\"Article\",\"@id\":\"https:\\\/\\\/oeilsportif.info\\\/index.php\\\/lucien-guilao-president-du-comite-provisoire-de-la-lgfp-l-a-ligue-va-se-positionner-en-federateur\\\/#article\",\"isPartOf\":{\"@id\":\"https:\\\/\\\/oeilsportif.info\\\/index.php\\\/lucien-guilao-president-du-comite-provisoire-de-la-lgfp-l-a-ligue-va-se-positionner-en-federateur\\\/\"},\"author\":{\"name\":\"L'Equipe de la R\u00e9daction\",\"@id\":\"https:\\\/\\\/oeilsportif.info\\\/#\\\/schema\\\/person\\\/cfbded294aa6095f7d96608d7905e9a1\"},\"headline\":\"Lucien Guilao Pr\u00e9sident du Comit\u00e9 Provisoire de la LGFP \u00ab L a ligue va se positionner en f\u00e9d\u00e9rateur \u00bb\",\"datePublished\":\"2023-05-06T19:50:43+00:00\",\"mainEntityOfPage\":{\"@id\":\"https:\\\/\\\/oeilsportif.info\\\/index.php\\\/lucien-guilao-president-du-comite-provisoire-de-la-lgfp-l-a-ligue-va-se-positionner-en-federateur\\\/\"},\"wordCount\":211,\"image\":{\"@id\":\"https:\\\/\\\/oeilsportif.info\\\/index.php\\\/lucien-guilao-president-du-comite-provisoire-de-la-lgfp-l-a-ligue-va-se-positionner-en-federateur\\\/#primaryimage\"},\"thumbnailUrl\":\"https:\\\/\\\/i0.wp.com\\\/oeilsportif.info\\\/wp-content\\\/uploads\\\/2023\\\/05\\\/FB_IMG_1683402511293.jpg?fit=1080%2C810&ssl=1\",\"articleSection\":[\"Football\"],\"inLanguage\":\"fr-FR\"},{\"@type\":\"WebPage\",\"@id\":\"https:\\\/\\\/oeilsportif.info\\\/index.php\\\/lucien-guilao-president-du-comite-provisoire-de-la-lgfp-l-a-ligue-va-se-positionner-en-federateur\\\/\",\"url\":\"https:\\\/\\\/oeilsportif.info\\\/index.php\\\/lucien-guilao-president-du-comite-provisoire-de-la-lgfp-l-a-ligue-va-se-positionner-en-federateur\\\/\",\"name\":\"Lucien Guilao Pr\u00e9sident du Comit\u00e9 Provisoire de la LGFP \u00ab L a ligue va se positionner en f\u00e9d\u00e9rateur \u00bb - le regard du sportif\",\"isPartOf\":{\"@id\":\"https:\\\/\\\/oeilsportif.info\\\/#website\"},\"primaryImageOfPage\":{\"@id\":\"https:\\\/\\\/oeilsportif.info\\\/index.php\\\/lucien-guilao-president-du-comite-provisoire-de-la-lgfp-l-a-ligue-va-se-positionner-en-federateur\\\/#primaryimage\"},\"image\":{\"@id\":\"https:\\\/\\\/oeilsportif.info\\\/index.php\\\/lucien-guilao-president-du-comite-provisoire-de-la-lgfp-l-a-ligue-va-se-positionner-en-federateur\\\/#primaryimage\"},\"thumbnailUrl\":\"https:\\\/\\\/i0.wp.com\\\/oeilsportif.info\\\/wp-content\\\/uploads\\\/2023\\\/05\\\/FB_IMG_1683402511293.jpg?fit=1080%2C810&ssl=1\",\"datePublished\":\"2023-05-06T19:50:43+00:00\",\"author\":{\"@id\":\"https:\\\/\\\/oeilsportif.info\\\/#\\\/schema\\\/person\\\/cfbded294aa6095f7d96608d7905e9a1\"},\"inLanguage\":\"fr-FR\",\"potentialAction\":[{\"@type\":\"ReadAction\",\"target\":[\"https:\\\/\\\/oeilsportif.info\\\/index.php\\\/lucien-guilao-president-du-comite-provisoire-de-la-lgfp-l-a-ligue-va-se-positionner-en-federateur\\\/\"]}]},{\"@type\":\"ImageObject\",\"inLanguage\":\"fr-FR\",\"@id\":\"https:\\\/\\\/oeilsportif.info\\\/index.php\\\/lucien-guilao-president-du-comite-provisoire-de-la-lgfp-l-a-ligue-va-se-positionner-en-federateur\\\/#primaryimage\",\"url\":\"https:\\\/\\\/i0.wp.com\\\/oeilsportif.info\\\/wp-content\\\/uploads\\\/2023\\\/05\\\/FB_IMG_1683402511293.jpg?fit=1080%2C810&ssl=1\",\"contentUrl\":\"https:\\\/\\\/i0.wp.com\\\/oeilsportif.info\\\/wp-content\\\/uploads\\\/2023\\\/05\\\/FB_IMG_1683402511293.jpg?fit=1080%2C810&ssl=1\",\"width\":1080,\"height\":810},{\"@type\":\"WebSite\",\"@id\":\"https:\\\/\\\/oeilsportif.info\\\/#website\",\"url\":\"https:\\\/\\\/oeilsportif.info\\\/\",\"name\":\"le regard du sportif\",\"description\":\"\",\"potentialAction\":[{\"@type\":\"SearchAction\",\"target\":{\"@type\":\"EntryPoint\",\"urlTemplate\":\"https:\\\/\\\/oeilsportif.info\\\/?s={search_term_string}\"},\"query-input\":{\"@type\":\"PropertyValueSpecification\",\"valueRequired\":true,\"valueName\":\"search_term_string\"}}],\"inLanguage\":\"fr-FR\"},{\"@type\":\"Person\",\"@id\":\"https:\\\/\\\/oeilsportif.info\\\/#\\\/schema\\\/person\\\/cfbded294aa6095f7d96608d7905e9a1\",\"name\":\"L'Equipe de la R\u00e9daction\",\"image\":{\"@type\":\"ImageObject\",\"inLanguage\":\"fr-FR\",\"@id\":\"https:\\\/\\\/oeilsportif.info\\\/wp-content\\\/uploads\\\/2025\\\/07\\\/cropped-cropped-logo-os-96x96.jpeg\",\"url\":\"https:\\\/\\\/oeilsportif.info\\\/wp-content\\\/uploads\\\/2025\\\/07\\\/cropped-cropped-logo-os-96x96.jpeg\",\"contentUrl\":\"https:\\\/\\\/oeilsportif.info\\\/wp-content\\\/uploads\\\/2025\\\/07\\\/cropped-cropped-logo-os-96x96.jpeg\",\"caption\":\"L'Equipe de la R\u00e9daction\"},\"url\":\"https:\\\/\\\/oeilsportif.info\\\/index.php\\\/author\\\/tawel\\\/\"}]}<\/script>\n<!-- \/ Yoast SEO plugin. -->","yoast_head_json":{"title":"Lucien Guilao Pr\u00e9sident du Comit\u00e9 Provisoire de la LGFP \u00ab L a ligue va se positionner en f\u00e9d\u00e9rateur \u00bb - le regard du sportif","robots":{"index":"index","follow":"follow","max-snippet":"max-snippet:-1","max-image-preview":"max-image-preview:large","max-video-preview":"max-video-preview:-1"},"canonical":"https:\/\/oeilsportif.info\/index.php\/lucien-guilao-president-du-comite-provisoire-de-la-lgfp-l-a-ligue-va-se-positionner-en-federateur\/","og_locale":"fr_FR","og_type":"article","og_title":"Lucien Guilao Pr\u00e9sident du Comit\u00e9 Provisoire de la LGFP \u00ab L a ligue va se positionner en f\u00e9d\u00e9rateur \u00bb - le regard du sportif","og_description":"La ligue va se positionner en f\u00e9d\u00e9rateur Ce vendredi 05 mai 2023 au si\u00e8ge de la LGFP, le pr\u00e9sident de l\u2019instance dirigeante des clubs de L1 et de ligue 2 a anim\u00e9 un point de presse. L\u2019objectif, faire un bilan \u00e0 mi-parcours du championnat national de Lgue 1 Guicopres, Ligue 2, et l\u2019organisation de la [&hellip;]","og_url":"https:\/\/oeilsportif.info\/index.php\/lucien-guilao-president-du-comite-provisoire-de-la-lgfp-l-a-ligue-va-se-positionner-en-federateur\/","og_site_name":"le regard du sportif","article_published_time":"2023-05-06T19:50:43+00:00","og_image":[{"width":1080,"height":810,"url":"https:\/\/oeilsportif.info\/wp-content\/uploads\/2023\/05\/FB_IMG_1683402511293.jpg","type":"image\/jpeg"}],"author":"L'Equipe de la R\u00e9daction","twitter_misc":{"\u00c9crit par":"L'Equipe de la R\u00e9daction","Dur\u00e9e de lecture estim\u00e9e":"1 minute"},"schema":{"@context":"https:\/\/schema.org","@graph":[{"@type":"Article","@id":"https:\/\/oeilsportif.info\/index.php\/lucien-guilao-president-du-comite-provisoire-de-la-lgfp-l-a-ligue-va-se-positionner-en-federateur\/#article","isPartOf":{"@id":"https:\/\/oeilsportif.info\/index.php\/lucien-guilao-president-du-comite-provisoire-de-la-lgfp-l-a-ligue-va-se-positionner-en-federateur\/"},"author":{"name":"L'Equipe de la R\u00e9daction","@id":"https:\/\/oeilsportif.info\/#\/schema\/person\/cfbded294aa6095f7d96608d7905e9a1"},"headline":"Lucien Guilao Pr\u00e9sident du Comit\u00e9 Provisoire de la LGFP \u00ab L a ligue va se positionner en f\u00e9d\u00e9rateur \u00bb","datePublished":"2023-05-06T19:50:43+00:00","mainEntityOfPage":{"@id":"https:\/\/oeilsportif.info\/index.php\/lucien-guilao-president-du-comite-provisoire-de-la-lgfp-l-a-ligue-va-se-positionner-en-federateur\/"},"wordCount":211,"image":{"@id":"https:\/\/oeilsportif.info\/index.php\/lucien-guilao-president-du-comite-provisoire-de-la-lgfp-l-a-ligue-va-se-positionner-en-federateur\/#primaryimage"},"thumbnailUrl":"https:\/\/i0.wp.com\/oeilsportif.info\/wp-content\/uploads\/2023\/05\/FB_IMG_1683402511293.jpg?fit=1080%2C810&ssl=1","articleSection":["Football"],"inLanguage":"fr-FR"},{"@type":"WebPage","@id":"https:\/\/oeilsportif.info\/index.php\/lucien-guilao-president-du-comite-provisoire-de-la-lgfp-l-a-ligue-va-se-positionner-en-federateur\/","url":"https:\/\/oeilsportif.info\/index.php\/lucien-guilao-president-du-comite-provisoire-de-la-lgfp-l-a-ligue-va-se-positionner-en-federateur\/","name":"Lucien Guilao Pr\u00e9sident du Comit\u00e9 Provisoire de la LGFP \u00ab L a ligue va se positionner en f\u00e9d\u00e9rateur \u00bb - le regard du sportif","isPartOf":{"@id":"https:\/\/oeilsportif.info\/#website"},"primaryImageOfPage":{"@id":"https:\/\/oeilsportif.info\/index.php\/lucien-guilao-president-du-comite-provisoire-de-la-lgfp-l-a-ligue-va-se-positionner-en-federateur\/#primaryimage"},"image":{"@id":"https:\/\/oeilsportif.info\/index.php\/lucien-guilao-president-du-comite-provisoire-de-la-lgfp-l-a-ligue-va-se-positionner-en-federateur\/#primaryimage"},"thumbnailUrl":"https:\/\/i0.wp.com\/oeilsportif.info\/wp-content\/uploads\/2023\/05\/FB_IMG_1683402511293.jpg?fit=1080%2C810&ssl=1","datePublished":"2023-05-06T19:50:43+00:00","author":{"@id":"https:\/\/oeilsportif.info\/#\/schema\/person\/cfbded294aa6095f7d96608d7905e9a1"},"inLanguage":"fr-FR","potentialAction":[{"@type":"ReadAction","target":["https:\/\/oeilsportif.info\/index.php\/lucien-guilao-president-du-comite-provisoire-de-la-lgfp-l-a-ligue-va-se-positionner-en-federateur\/"]}]},{"@type":"ImageObject","inLanguage":"fr-FR","@id":"https:\/\/oeilsportif.info\/index.php\/lucien-guilao-president-du-comite-provisoire-de-la-lgfp-l-a-ligue-va-se-positionner-en-federateur\/#primaryimage","url":"https:\/\/i0.wp.com\/oeilsportif.info\/wp-content\/uploads\/2023\/05\/FB_IMG_1683402511293.jpg?fit=1080%2C810&ssl=1","contentUrl":"https:\/\/i0.wp.com\/oeilsportif.info\/wp-content\/uploads\/2023\/05\/FB_IMG_1683402511293.jpg?fit=1080%2C810&ssl=1","width":1080,"height":810},{"@type":"WebSite","@id":"https:\/\/oeilsportif.info\/#website","url":"https:\/\/oeilsportif.info\/","name":"le regard du sportif","description":"","potentialAction":[{"@type":"SearchAction","target":{"@type":"EntryPoint","urlTemplate":"https:\/\/oeilsportif.info\/?s={search_term_string}"},"query-input":{"@type":"PropertyValueSpecification","valueRequired":true,"valueName":"search_term_string"}}],"inLanguage":"fr-FR"},{"@type":"Person","@id":"https:\/\/oeilsportif.info\/#\/schema\/person\/cfbded294aa6095f7d96608d7905e9a1","name":"L'Equipe de la R\u00e9daction","image":{"@type":"ImageObject","inLanguage":"fr-FR","@id":"https:\/\/oeilsportif.info\/wp-content\/uploads\/2025\/07\/cropped-cropped-logo-os-96x96.jpeg","url":"https:\/\/oeilsportif.info\/wp-content\/uploads\/2025\/07\/cropped-cropped-logo-os-96x96.jpeg","contentUrl":"https:\/\/oeilsportif.info\/wp-content\/uploads\/2025\/07\/cropped-cropped-logo-os-96x96.jpeg","caption":"L'Equipe de la R\u00e9daction"},"url":"https:\/\/oeilsportif.info\/index.php\/author\/tawel\/"}]}},"jetpack_publicize_connections":[],"jetpack_featured_media_url":"https:\/\/i0.wp.com\/oeilsportif.info\/wp-content\/uploads\/2023\/05\/FB_IMG_1683402511293.jpg?fit=1080%2C810&ssl=1","jetpack-related-posts":[],"jetpack_sharing_enabled":true,"jetpack_likes_enabled":true,"jetpack_shortlink":"https:\/\/wp.me\/pgFE77-LX","_links":{"self":[{"href":"https:\/\/oeilsportif.info\/index.php\/wp-json\/wp\/v2\/posts\/2973","targetHints":{"allow":["GET"]}}],"collection":[{"href":"https:\/\/oeilsportif.info\/index.php\/wp-json\/wp\/v2\/posts"}],"about":[{"href":"https:\/\/oeilsportif.info\/index.php\/wp-json\/wp\/v2\/types\/post"}],"author":[{"embeddable":true,"href":"https:\/\/oeilsportif.info\/index.php\/wp-json\/wp\/v2\/users\/2"}],"replies":[{"embeddable":true,"href":"https:\/\/oeilsportif.info\/index.php\/wp-json\/wp\/v2\/comments?post=2973"}],"version-history":[{"count":0,"href":"https:\/\/oeilsportif.info\/index.php\/wp-json\/wp\/v2\/posts\/2973\/revisions"}],"wp:featuredmedia":[{"embeddable":true,"href":"https:\/\/oeilsportif.info\/index.php\/wp-json\/wp\/v2\/media\/2974"}],"wp:attachment":[{"href":"https:\/\/oeilsportif.info\/index.php\/wp-json\/wp\/v2\/media?parent=2973"}],"wp:term":[{"taxonomy":"category","embeddable":true,"href":"https:\/\/oeilsportif.info\/index.php\/wp-json\/wp\/v2\/categories?post=2973"},{"taxonomy":"post_tag","embeddable":true,"href":"https:\/\/oeilsportif.info\/index.php\/wp-json\/wp\/v2\/tags?post=2973"}],"curies":[{"name":"wp","href":"https:\/\/api.w.org\/{rel}","templated":true}]}}