{"id":2961,"date":"2023-04-27T17:27:37","date_gmt":"2023-04-27T17:27:37","guid":{"rendered":"https:\/\/oeilsportif.info\/index.php\/?p=2961"},"modified":"2023-04-27T17:27:37","modified_gmt":"2023-04-27T17:27:37","slug":"football-exclusif-le-guineen-aboubacar-sampil-dit-bouba-nomme-membre-de-la-commission-marketing-et-communication-de-lufoa","status":"publish","type":"post","link":"https:\/\/oeilsportif.info\/index.php\/football-exclusif-le-guineen-aboubacar-sampil-dit-bouba-nomme-membre-de-la-commission-marketing-et-communication-de-lufoa\/","title":{"rendered":"FOOTBALL\/EXCLUSIF \u2013 Le Guin\u00e9en Aboubacar Sampil dit \u201cBouba\u201d nomm\u00e9 membre de la Commission Marketing et Communication de l\u2019UFOA-"},"content":{"rendered":"<div class=\"td-pb-row\">\n<div class=\"td-pb-span12\">\n<div class=\"td-post-header\">\n<header class=\"td-post-title\">\n<h1 class=\"entry-title\"><\/h1>\n<div class=\"td-module-meta-info\"><\/div>\n<\/header>\n<div class=\"td-post-sharing-top\">\n<div id=\"td_social_sharing_article_top\" class=\"td-post-sharing td-ps-border td-ps-border-grey td-ps-rounded td-ps-padding td-ps-icon-color td-post-sharing-style18 \">\n<div class=\"td-post-sharing-visible\">\n<div class=\"td-social-but-icon\"><\/div>\n<div class=\"td-social-but-text\"><\/div>\n<\/div>\n<div class=\"td-social-sharing-hidden\">\n<div class=\"td-social-but-icon\"><\/div>\n<\/div>\n<\/div>\n<\/div>\n<\/div>\n<\/div>\n<\/div>\n<div class=\"td-pb-row\">\n<div class=\"td-pb-span8 td-main-content\" role=\"main\">\n<div class=\"td-ss-main-content\">\n<div class=\"td-post-content tagdiv-type\">\n<div class=\"td-post-featured-image\"><\/div>\n<div class=\"td-a-rec td-a-rec-id-content_top  tdi_15 td_block_template_12\">\n<div class=\"td-visible-phone\"><\/div>\n<\/div>\n<p>L\u2019homme d\u2019affaires, patron de l\u2019Association sportive de Kaloum (AS Kaloum), Aboubacar Sampil, plus connu sous le nom de \u201cBouba Sampil\u201d, a \u00e9t\u00e9 nomm\u00e9 le 25 avril 2023 comme membre de la Commission Marketing et Communication de l\u2019Union des F\u00e9d\u00e9rations Ouest Africaine-A, confirme un courrier vu par lindependant.org.<\/p>\n<div class=\"jeg_ad jeg_ad_article jnews_content_inline_ads \">\n<div class=\"ads-wrapper align-right \"><\/div>\n<\/div>\n<p>L\u2019homme reconnu pour sa comp\u00e9tence, notamment dans les domaines financier et minier et sa connaissance profonde des milieux du football est donc parti pour un nouveau challenge.<\/p>\n<p>Ci dessous la lettre de l\u2019UFOA-A<\/p>\n<p><strong><img loading=\"lazy\" decoding=\"async\" class=\"alignnone wp-image-3085 jetpack-lazy-image jetpack-lazy-image--handled\" src=\"https:\/\/i0.wp.com\/www.lindependant.org\/wp-content\/uploads\/2023\/04\/A-Lettre-UFOA-A-Sampil-212x300.jpg?resize=303%2C429&amp;ssl=1\" alt=\"\" width=\"303\" height=\"429\" data-pin-no-hover=\"true\" data-recalc-dims=\"1\" data-lazy-loaded=\"1\" \/><\/strong><\/p>\n<p><strong>Alpha Amadou Diallo<\/strong><\/p>\n<p><strong>Sources: www.lindependant.org<\/strong><\/p>\n<div class=\"fb-background-color\">\n<div class=\"fb-comments\" data-href=\"https:\/\/podiumagazine.com\/2023\/04\/27\/football-exclusif-le-guineen-aboubacar-sampil-dit-bouba-nomme-membre-de-la-commission-marketing-et-communication-de-lufoa-a\/\" data-numposts=\"10\" data-lazy=\"true\" data-colorscheme=\"light\" data-order-by=\"social\" data-mobile=\"true\"><\/div>\n<\/div>\n<div class=\"sharedaddy sd-sharing-enabled\"><\/div>\n<\/div>\n<\/div>\n<\/div>\n<\/div>\n","protected":false},"excerpt":{"rendered":"<p>L\u2019homme d\u2019affaires, patron de l\u2019Association sportive de Kaloum (AS Kaloum), Aboubacar Sampil, plus connu sous le nom de \u201cBouba Sampil\u201d, a \u00e9t\u00e9 nomm\u00e9 le 25 avril 2023 comme membre de la Commission Marketing et Communication de l\u2019Union des F\u00e9d\u00e9rations Ouest Africaine-A, confirme un courrier vu par lindependant.org. L\u2019homme reconnu pour sa comp\u00e9tence, notamment dans les [&hellip;]<\/p>\n","protected":false},"author":2,"featured_media":2962,"comment_status":"closed","ping_status":"open","sticky":false,"template":"","format":"standard","meta":{"_jetpack_memberships_contains_paid_content":false,"footnotes":"","jetpack_publicize_message":"","jetpack_publicize_feature_enabled":true,"jetpack_social_post_already_shared":true,"jetpack_social_options":{"image_generator_settings":{"template":"highway","default_image_id":0,"font":"","enabled":false},"version":2}},"categories":[10,5],"tags":[],"class_list":{"0":"post-2961","1":"post","2":"type-post","3":"status-publish","4":"format-standard","5":"has-post-thumbnail","7":"category-actualite","8":"category-football"},"yoast_head":"<!-- This site is optimized with the Yoast SEO plugin v27.5 - https:\/\/yoast.com\/product\/yoast-seo-wordpress\/ -->\n<title>FOOTBALL\/EXCLUSIF \u2013 Le Guin\u00e9en Aboubacar Sampil dit \u201cBouba\u201d nomm\u00e9 membre de la Commission Marketing et Communication de l\u2019UFOA- le regard du sportif<\/title>\n<meta name=\"robots\" content=\"index, follow, max-snippet:-1, max-image-preview:large, max-video-preview:-1\" \/>\n<link rel=\"canonical\" href=\"https:\/\/oeilsportif.info\/index.php\/football-exclusif-le-guineen-aboubacar-sampil-dit-bouba-nomme-membre-de-la-commission-marketing-et-communication-de-lufoa\/\" \/>\n<meta property=\"og:locale\" content=\"fr_FR\" \/>\n<meta property=\"og:type\" content=\"article\" \/>\n<meta property=\"og:title\" content=\"FOOTBALL\/EXCLUSIF \u2013 Le Guin\u00e9en Aboubacar Sampil dit \u201cBouba\u201d nomm\u00e9 membre de la Commission Marketing et Communication de l\u2019UFOA- le regard du sportif\" \/>\n<meta property=\"og:description\" content=\"L\u2019homme d\u2019affaires, patron de l\u2019Association sportive de Kaloum (AS Kaloum), Aboubacar Sampil, plus connu sous le nom de \u201cBouba Sampil\u201d, a \u00e9t\u00e9 nomm\u00e9 le 25 avril 2023 comme membre de la Commission Marketing et Communication de l\u2019Union des F\u00e9d\u00e9rations Ouest Africaine-A, confirme un courrier vu par lindependant.org. L\u2019homme reconnu pour sa comp\u00e9tence, notamment dans les [&hellip;]\" \/>\n<meta property=\"og:url\" content=\"https:\/\/oeilsportif.info\/index.php\/football-exclusif-le-guineen-aboubacar-sampil-dit-bouba-nomme-membre-de-la-commission-marketing-et-communication-de-lufoa\/\" \/>\n<meta property=\"og:site_name\" content=\"le regard du sportif\" \/>\n<meta property=\"article:published_time\" content=\"2023-04-27T17:27:37+00:00\" \/>\n<meta property=\"og:image\" content=\"https:\/\/oeilsportif.info\/wp-content\/uploads\/2023\/04\/FB_IMG_1682616426996.jpg\" \/>\n\t<meta property=\"og:image:width\" content=\"240\" \/>\n\t<meta property=\"og:image:height\" content=\"210\" \/>\n\t<meta property=\"og:image:type\" content=\"image\/jpeg\" \/>\n<meta name=\"author\" content=\"L&#039;Equipe de la R\u00e9daction\" \/>\n<meta name=\"twitter:label1\" content=\"\u00c9crit par\" \/>\n\t<meta name=\"twitter:data1\" content=\"L&#039;Equipe de la R\u00e9daction\" \/>\n\t<meta name=\"twitter:label2\" content=\"Dur\u00e9e de lecture estim\u00e9e\" \/>\n\t<meta name=\"twitter:data2\" content=\"1 minute\" \/>\n<script type=\"application\/ld+json\" class=\"yoast-schema-graph\">{\"@context\":\"https:\\\/\\\/schema.org\",\"@graph\":[{\"@type\":\"Article\",\"@id\":\"https:\\\/\\\/oeilsportif.info\\\/index.php\\\/football-exclusif-le-guineen-aboubacar-sampil-dit-bouba-nomme-membre-de-la-commission-marketing-et-communication-de-lufoa\\\/#article\",\"isPartOf\":{\"@id\":\"https:\\\/\\\/oeilsportif.info\\\/index.php\\\/football-exclusif-le-guineen-aboubacar-sampil-dit-bouba-nomme-membre-de-la-commission-marketing-et-communication-de-lufoa\\\/\"},\"author\":{\"name\":\"L'Equipe de la R\u00e9daction\",\"@id\":\"https:\\\/\\\/oeilsportif.info\\\/#\\\/schema\\\/person\\\/cfbded294aa6095f7d96608d7905e9a1\"},\"headline\":\"FOOTBALL\\\/EXCLUSIF \u2013 Le Guin\u00e9en Aboubacar Sampil dit \u201cBouba\u201d nomm\u00e9 membre de la Commission Marketing et Communication de l\u2019UFOA-\",\"datePublished\":\"2023-04-27T17:27:37+00:00\",\"mainEntityOfPage\":{\"@id\":\"https:\\\/\\\/oeilsportif.info\\\/index.php\\\/football-exclusif-le-guineen-aboubacar-sampil-dit-bouba-nomme-membre-de-la-commission-marketing-et-communication-de-lufoa\\\/\"},\"wordCount\":115,\"image\":{\"@id\":\"https:\\\/\\\/oeilsportif.info\\\/index.php\\\/football-exclusif-le-guineen-aboubacar-sampil-dit-bouba-nomme-membre-de-la-commission-marketing-et-communication-de-lufoa\\\/#primaryimage\"},\"thumbnailUrl\":\"https:\\\/\\\/i0.wp.com\\\/oeilsportif.info\\\/wp-content\\\/uploads\\\/2023\\\/04\\\/FB_IMG_1682616426996.jpg?fit=240%2C210&ssl=1\",\"articleSection\":[\"Actualit\u00e9\",\"Football\"],\"inLanguage\":\"fr-FR\"},{\"@type\":\"WebPage\",\"@id\":\"https:\\\/\\\/oeilsportif.info\\\/index.php\\\/football-exclusif-le-guineen-aboubacar-sampil-dit-bouba-nomme-membre-de-la-commission-marketing-et-communication-de-lufoa\\\/\",\"url\":\"https:\\\/\\\/oeilsportif.info\\\/index.php\\\/football-exclusif-le-guineen-aboubacar-sampil-dit-bouba-nomme-membre-de-la-commission-marketing-et-communication-de-lufoa\\\/\",\"name\":\"FOOTBALL\\\/EXCLUSIF \u2013 Le Guin\u00e9en Aboubacar Sampil dit \u201cBouba\u201d nomm\u00e9 membre de la Commission Marketing et Communication de l\u2019UFOA- le regard du sportif\",\"isPartOf\":{\"@id\":\"https:\\\/\\\/oeilsportif.info\\\/#website\"},\"primaryImageOfPage\":{\"@id\":\"https:\\\/\\\/oeilsportif.info\\\/index.php\\\/football-exclusif-le-guineen-aboubacar-sampil-dit-bouba-nomme-membre-de-la-commission-marketing-et-communication-de-lufoa\\\/#primaryimage\"},\"image\":{\"@id\":\"https:\\\/\\\/oeilsportif.info\\\/index.php\\\/football-exclusif-le-guineen-aboubacar-sampil-dit-bouba-nomme-membre-de-la-commission-marketing-et-communication-de-lufoa\\\/#primaryimage\"},\"thumbnailUrl\":\"https:\\\/\\\/i0.wp.com\\\/oeilsportif.info\\\/wp-content\\\/uploads\\\/2023\\\/04\\\/FB_IMG_1682616426996.jpg?fit=240%2C210&ssl=1\",\"datePublished\":\"2023-04-27T17:27:37+00:00\",\"author\":{\"@id\":\"https:\\\/\\\/oeilsportif.info\\\/#\\\/schema\\\/person\\\/cfbded294aa6095f7d96608d7905e9a1\"},\"inLanguage\":\"fr-FR\",\"potentialAction\":[{\"@type\":\"ReadAction\",\"target\":[\"https:\\\/\\\/oeilsportif.info\\\/index.php\\\/football-exclusif-le-guineen-aboubacar-sampil-dit-bouba-nomme-membre-de-la-commission-marketing-et-communication-de-lufoa\\\/\"]}]},{\"@type\":\"ImageObject\",\"inLanguage\":\"fr-FR\",\"@id\":\"https:\\\/\\\/oeilsportif.info\\\/index.php\\\/football-exclusif-le-guineen-aboubacar-sampil-dit-bouba-nomme-membre-de-la-commission-marketing-et-communication-de-lufoa\\\/#primaryimage\",\"url\":\"https:\\\/\\\/i0.wp.com\\\/oeilsportif.info\\\/wp-content\\\/uploads\\\/2023\\\/04\\\/FB_IMG_1682616426996.jpg?fit=240%2C210&ssl=1\",\"contentUrl\":\"https:\\\/\\\/i0.wp.com\\\/oeilsportif.info\\\/wp-content\\\/uploads\\\/2023\\\/04\\\/FB_IMG_1682616426996.jpg?fit=240%2C210&ssl=1\",\"width\":240,\"height\":210},{\"@type\":\"WebSite\",\"@id\":\"https:\\\/\\\/oeilsportif.info\\\/#website\",\"url\":\"https:\\\/\\\/oeilsportif.info\\\/\",\"name\":\"le regard du sportif\",\"description\":\"\",\"potentialAction\":[{\"@type\":\"SearchAction\",\"target\":{\"@type\":\"EntryPoint\",\"urlTemplate\":\"https:\\\/\\\/oeilsportif.info\\\/?s={search_term_string}\"},\"query-input\":{\"@type\":\"PropertyValueSpecification\",\"valueRequired\":true,\"valueName\":\"search_term_string\"}}],\"inLanguage\":\"fr-FR\"},{\"@type\":\"Person\",\"@id\":\"https:\\\/\\\/oeilsportif.info\\\/#\\\/schema\\\/person\\\/cfbded294aa6095f7d96608d7905e9a1\",\"name\":\"L'Equipe de la R\u00e9daction\",\"image\":{\"@type\":\"ImageObject\",\"inLanguage\":\"fr-FR\",\"@id\":\"https:\\\/\\\/oeilsportif.info\\\/wp-content\\\/uploads\\\/2025\\\/07\\\/cropped-cropped-logo-os-96x96.jpeg\",\"url\":\"https:\\\/\\\/oeilsportif.info\\\/wp-content\\\/uploads\\\/2025\\\/07\\\/cropped-cropped-logo-os-96x96.jpeg\",\"contentUrl\":\"https:\\\/\\\/oeilsportif.info\\\/wp-content\\\/uploads\\\/2025\\\/07\\\/cropped-cropped-logo-os-96x96.jpeg\",\"caption\":\"L'Equipe de la R\u00e9daction\"},\"url\":\"https:\\\/\\\/oeilsportif.info\\\/index.php\\\/author\\\/tawel\\\/\"}]}<\/script>\n<!-- \/ Yoast SEO plugin. -->","yoast_head_json":{"title":"FOOTBALL\/EXCLUSIF \u2013 Le Guin\u00e9en Aboubacar Sampil dit \u201cBouba\u201d nomm\u00e9 membre de la Commission Marketing et Communication de l\u2019UFOA- le regard du sportif","robots":{"index":"index","follow":"follow","max-snippet":"max-snippet:-1","max-image-preview":"max-image-preview:large","max-video-preview":"max-video-preview:-1"},"canonical":"https:\/\/oeilsportif.info\/index.php\/football-exclusif-le-guineen-aboubacar-sampil-dit-bouba-nomme-membre-de-la-commission-marketing-et-communication-de-lufoa\/","og_locale":"fr_FR","og_type":"article","og_title":"FOOTBALL\/EXCLUSIF \u2013 Le Guin\u00e9en Aboubacar Sampil dit \u201cBouba\u201d nomm\u00e9 membre de la Commission Marketing et Communication de l\u2019UFOA- le regard du sportif","og_description":"L\u2019homme d\u2019affaires, patron de l\u2019Association sportive de Kaloum (AS Kaloum), Aboubacar Sampil, plus connu sous le nom de \u201cBouba Sampil\u201d, a \u00e9t\u00e9 nomm\u00e9 le 25 avril 2023 comme membre de la Commission Marketing et Communication de l\u2019Union des F\u00e9d\u00e9rations Ouest Africaine-A, confirme un courrier vu par lindependant.org. L\u2019homme reconnu pour sa comp\u00e9tence, notamment dans les [&hellip;]","og_url":"https:\/\/oeilsportif.info\/index.php\/football-exclusif-le-guineen-aboubacar-sampil-dit-bouba-nomme-membre-de-la-commission-marketing-et-communication-de-lufoa\/","og_site_name":"le regard du sportif","article_published_time":"2023-04-27T17:27:37+00:00","og_image":[{"width":240,"height":210,"url":"https:\/\/oeilsportif.info\/wp-content\/uploads\/2023\/04\/FB_IMG_1682616426996.jpg","type":"image\/jpeg"}],"author":"L'Equipe de la R\u00e9daction","twitter_misc":{"\u00c9crit par":"L'Equipe de la R\u00e9daction","Dur\u00e9e de lecture estim\u00e9e":"1 minute"},"schema":{"@context":"https:\/\/schema.org","@graph":[{"@type":"Article","@id":"https:\/\/oeilsportif.info\/index.php\/football-exclusif-le-guineen-aboubacar-sampil-dit-bouba-nomme-membre-de-la-commission-marketing-et-communication-de-lufoa\/#article","isPartOf":{"@id":"https:\/\/oeilsportif.info\/index.php\/football-exclusif-le-guineen-aboubacar-sampil-dit-bouba-nomme-membre-de-la-commission-marketing-et-communication-de-lufoa\/"},"author":{"name":"L'Equipe de la R\u00e9daction","@id":"https:\/\/oeilsportif.info\/#\/schema\/person\/cfbded294aa6095f7d96608d7905e9a1"},"headline":"FOOTBALL\/EXCLUSIF \u2013 Le Guin\u00e9en Aboubacar Sampil dit \u201cBouba\u201d nomm\u00e9 membre de la Commission Marketing et Communication de l\u2019UFOA-","datePublished":"2023-04-27T17:27:37+00:00","mainEntityOfPage":{"@id":"https:\/\/oeilsportif.info\/index.php\/football-exclusif-le-guineen-aboubacar-sampil-dit-bouba-nomme-membre-de-la-commission-marketing-et-communication-de-lufoa\/"},"wordCount":115,"image":{"@id":"https:\/\/oeilsportif.info\/index.php\/football-exclusif-le-guineen-aboubacar-sampil-dit-bouba-nomme-membre-de-la-commission-marketing-et-communication-de-lufoa\/#primaryimage"},"thumbnailUrl":"https:\/\/i0.wp.com\/oeilsportif.info\/wp-content\/uploads\/2023\/04\/FB_IMG_1682616426996.jpg?fit=240%2C210&ssl=1","articleSection":["Actualit\u00e9","Football"],"inLanguage":"fr-FR"},{"@type":"WebPage","@id":"https:\/\/oeilsportif.info\/index.php\/football-exclusif-le-guineen-aboubacar-sampil-dit-bouba-nomme-membre-de-la-commission-marketing-et-communication-de-lufoa\/","url":"https:\/\/oeilsportif.info\/index.php\/football-exclusif-le-guineen-aboubacar-sampil-dit-bouba-nomme-membre-de-la-commission-marketing-et-communication-de-lufoa\/","name":"FOOTBALL\/EXCLUSIF \u2013 Le Guin\u00e9en Aboubacar Sampil dit \u201cBouba\u201d nomm\u00e9 membre de la Commission Marketing et Communication de l\u2019UFOA- le regard du sportif","isPartOf":{"@id":"https:\/\/oeilsportif.info\/#website"},"primaryImageOfPage":{"@id":"https:\/\/oeilsportif.info\/index.php\/football-exclusif-le-guineen-aboubacar-sampil-dit-bouba-nomme-membre-de-la-commission-marketing-et-communication-de-lufoa\/#primaryimage"},"image":{"@id":"https:\/\/oeilsportif.info\/index.php\/football-exclusif-le-guineen-aboubacar-sampil-dit-bouba-nomme-membre-de-la-commission-marketing-et-communication-de-lufoa\/#primaryimage"},"thumbnailUrl":"https:\/\/i0.wp.com\/oeilsportif.info\/wp-content\/uploads\/2023\/04\/FB_IMG_1682616426996.jpg?fit=240%2C210&ssl=1","datePublished":"2023-04-27T17:27:37+00:00","author":{"@id":"https:\/\/oeilsportif.info\/#\/schema\/person\/cfbded294aa6095f7d96608d7905e9a1"},"inLanguage":"fr-FR","potentialAction":[{"@type":"ReadAction","target":["https:\/\/oeilsportif.info\/index.php\/football-exclusif-le-guineen-aboubacar-sampil-dit-bouba-nomme-membre-de-la-commission-marketing-et-communication-de-lufoa\/"]}]},{"@type":"ImageObject","inLanguage":"fr-FR","@id":"https:\/\/oeilsportif.info\/index.php\/football-exclusif-le-guineen-aboubacar-sampil-dit-bouba-nomme-membre-de-la-commission-marketing-et-communication-de-lufoa\/#primaryimage","url":"https:\/\/i0.wp.com\/oeilsportif.info\/wp-content\/uploads\/2023\/04\/FB_IMG_1682616426996.jpg?fit=240%2C210&ssl=1","contentUrl":"https:\/\/i0.wp.com\/oeilsportif.info\/wp-content\/uploads\/2023\/04\/FB_IMG_1682616426996.jpg?fit=240%2C210&ssl=1","width":240,"height":210},{"@type":"WebSite","@id":"https:\/\/oeilsportif.info\/#website","url":"https:\/\/oeilsportif.info\/","name":"le regard du sportif","description":"","potentialAction":[{"@type":"SearchAction","target":{"@type":"EntryPoint","urlTemplate":"https:\/\/oeilsportif.info\/?s={search_term_string}"},"query-input":{"@type":"PropertyValueSpecification","valueRequired":true,"valueName":"search_term_string"}}],"inLanguage":"fr-FR"},{"@type":"Person","@id":"https:\/\/oeilsportif.info\/#\/schema\/person\/cfbded294aa6095f7d96608d7905e9a1","name":"L'Equipe de la R\u00e9daction","image":{"@type":"ImageObject","inLanguage":"fr-FR","@id":"https:\/\/oeilsportif.info\/wp-content\/uploads\/2025\/07\/cropped-cropped-logo-os-96x96.jpeg","url":"https:\/\/oeilsportif.info\/wp-content\/uploads\/2025\/07\/cropped-cropped-logo-os-96x96.jpeg","contentUrl":"https:\/\/oeilsportif.info\/wp-content\/uploads\/2025\/07\/cropped-cropped-logo-os-96x96.jpeg","caption":"L'Equipe de la R\u00e9daction"},"url":"https:\/\/oeilsportif.info\/index.php\/author\/tawel\/"}]}},"jetpack_publicize_connections":[],"jetpack_featured_media_url":"https:\/\/i0.wp.com\/oeilsportif.info\/wp-content\/uploads\/2023\/04\/FB_IMG_1682616426996.jpg?fit=240%2C210&ssl=1","jetpack-related-posts":[],"jetpack_sharing_enabled":true,"jetpack_likes_enabled":true,"jetpack_shortlink":"https:\/\/wp.me\/pgFE77-LL","_links":{"self":[{"href":"https:\/\/oeilsportif.info\/index.php\/wp-json\/wp\/v2\/posts\/2961","targetHints":{"allow":["GET"]}}],"collection":[{"href":"https:\/\/oeilsportif.info\/index.php\/wp-json\/wp\/v2\/posts"}],"about":[{"href":"https:\/\/oeilsportif.info\/index.php\/wp-json\/wp\/v2\/types\/post"}],"author":[{"embeddable":true,"href":"https:\/\/oeilsportif.info\/index.php\/wp-json\/wp\/v2\/users\/2"}],"replies":[{"embeddable":true,"href":"https:\/\/oeilsportif.info\/index.php\/wp-json\/wp\/v2\/comments?post=2961"}],"version-history":[{"count":0,"href":"https:\/\/oeilsportif.info\/index.php\/wp-json\/wp\/v2\/posts\/2961\/revisions"}],"wp:featuredmedia":[{"embeddable":true,"href":"https:\/\/oeilsportif.info\/index.php\/wp-json\/wp\/v2\/media\/2962"}],"wp:attachment":[{"href":"https:\/\/oeilsportif.info\/index.php\/wp-json\/wp\/v2\/media?parent=2961"}],"wp:term":[{"taxonomy":"category","embeddable":true,"href":"https:\/\/oeilsportif.info\/index.php\/wp-json\/wp\/v2\/categories?post=2961"},{"taxonomy":"post_tag","embeddable":true,"href":"https:\/\/oeilsportif.info\/index.php\/wp-json\/wp\/v2\/tags?post=2961"}],"curies":[{"name":"wp","href":"https:\/\/api.w.org\/{rel}","templated":true}]}}