{"id":2939,"date":"2023-04-17T08:24:21","date_gmt":"2023-04-17T08:24:21","guid":{"rendered":"https:\/\/oeilsportif.info\/index.php\/?p=2939"},"modified":"2023-04-17T08:24:21","modified_gmt":"2023-04-17T08:24:21","slug":"licence-caf-d-mbemba-sylla-ben-et-ibrahima-sory-camara-recoivent-leur-diplome","status":"publish","type":"post","link":"https:\/\/oeilsportif.info\/index.php\/licence-caf-d-mbemba-sylla-ben-et-ibrahima-sory-camara-recoivent-leur-diplome\/","title":{"rendered":"Licence CAF D : MBemba Sylla \u00ab\u00a0Ben\u00a0\u00bb et Ibrahima Sory Camara re\u00e7oivent leur dipl\u00f4me !"},"content":{"rendered":"<p><strong>Le District Communal de Football de Matoto a organis\u00e9 sa premi\u00e8re c\u00e9r\u00e9monie de remise des dipl\u00f4mes de la licence CAF D au profit des candidats re\u00e7us aux examens d\u2019octobre 2023.<\/strong><\/p>\n<p>Cette c\u00e9r\u00e9monie a regroup\u00e9 la premi\u00e8re promotion des dipl\u00f4m\u00e9s rendue possible gr\u00e2ce \u00e0 la F\u00e9d\u00e9ration Guin\u00e9enne de Football, la Direction Technique National, la Ligue R\u00e9gionale de Football de Conakry et le Pr\u00e9sident du District Communal de Football de Matoto, Ibrahima Sory Diaby Veron , qui avec son \u00e9quipe ont facilit\u00e9 la formation aux candidats avec les nouvelles exigences de la CAF.<\/p>\n<p>Pour leur part, les entra\u00eeneurs fraichement dipl\u00f4m\u00e9s ont tous exprim\u00e9 leur joie et satisfaction de se voir d\u00e9cerner ce fameux s\u00e9same qui leur ouvrira certainement de nouvelles perspectives dans le domaine du coaching.<\/p>\n<p>\u00c0 cette occasion, les entra\u00eeneurs de l&rsquo;\u00e9quipe r\u00e9serve du Hafia FC, M&rsquo;Bemba Sylla, et Ibrahima Sory Camara ont tenu \u00e0 remercier le Pr\u00e9sident du Hafia FC, Monsieur Kerfalla Camara KPC, et le Bureau Ex\u00e9cutif du Hafia FC en particulier, pour les efforts engag\u00e9s pour leurs formations en licence D CAF.<\/p>\n<p>La l\u00e9gende continue&#8230;!!!<\/p>\n<p><strong>Mohamed Tawel Camara<\/strong><\/p>\n","protected":false},"excerpt":{"rendered":"<p>Le District Communal de Football de Matoto a organis\u00e9 sa premi\u00e8re c\u00e9r\u00e9monie de remise des dipl\u00f4mes de la licence CAF D au profit des candidats re\u00e7us aux examens d\u2019octobre 2023. Cette c\u00e9r\u00e9monie a regroup\u00e9 la premi\u00e8re promotion des dipl\u00f4m\u00e9s rendue possible gr\u00e2ce \u00e0 la F\u00e9d\u00e9ration Guin\u00e9enne de Football, la Direction Technique National, la Ligue R\u00e9gionale [&hellip;]<\/p>\n","protected":false},"author":2,"featured_media":2940,"comment_status":"closed","ping_status":"open","sticky":false,"template":"","format":"standard","meta":{"_jetpack_memberships_contains_paid_content":false,"footnotes":"","jetpack_publicize_message":"","jetpack_publicize_feature_enabled":true,"jetpack_social_post_already_shared":true,"jetpack_social_options":{"image_generator_settings":{"template":"highway","default_image_id":0,"font":"","enabled":false},"version":2}},"categories":[5],"tags":[],"class_list":{"0":"post-2939","1":"post","2":"type-post","3":"status-publish","4":"format-standard","5":"has-post-thumbnail","7":"category-football"},"yoast_head":"<!-- This site is optimized with the Yoast SEO plugin v27.5 - https:\/\/yoast.com\/product\/yoast-seo-wordpress\/ -->\n<title>Licence CAF D : MBemba Sylla &quot;Ben&quot; et Ibrahima Sory Camara re\u00e7oivent leur dipl\u00f4me ! - le regard du sportif<\/title>\n<meta name=\"robots\" content=\"index, follow, max-snippet:-1, max-image-preview:large, max-video-preview:-1\" \/>\n<link rel=\"canonical\" href=\"https:\/\/oeilsportif.info\/index.php\/licence-caf-d-mbemba-sylla-ben-et-ibrahima-sory-camara-recoivent-leur-diplome\/\" \/>\n<meta property=\"og:locale\" content=\"fr_FR\" \/>\n<meta property=\"og:type\" content=\"article\" \/>\n<meta property=\"og:title\" content=\"Licence CAF D : MBemba Sylla &quot;Ben&quot; et Ibrahima Sory Camara re\u00e7oivent leur dipl\u00f4me ! - le regard du sportif\" \/>\n<meta property=\"og:description\" content=\"Le District Communal de Football de Matoto a organis\u00e9 sa premi\u00e8re c\u00e9r\u00e9monie de remise des dipl\u00f4mes de la licence CAF D au profit des candidats re\u00e7us aux examens d\u2019octobre 2023. Cette c\u00e9r\u00e9monie a regroup\u00e9 la premi\u00e8re promotion des dipl\u00f4m\u00e9s rendue possible gr\u00e2ce \u00e0 la F\u00e9d\u00e9ration Guin\u00e9enne de Football, la Direction Technique National, la Ligue R\u00e9gionale [&hellip;]\" \/>\n<meta property=\"og:url\" content=\"https:\/\/oeilsportif.info\/index.php\/licence-caf-d-mbemba-sylla-ben-et-ibrahima-sory-camara-recoivent-leur-diplome\/\" \/>\n<meta property=\"og:site_name\" content=\"le regard du sportif\" \/>\n<meta property=\"article:published_time\" content=\"2023-04-17T08:24:21+00:00\" \/>\n<meta property=\"og:image\" content=\"https:\/\/oeilsportif.info\/wp-content\/uploads\/2023\/04\/FB_IMG_1681719734126.jpg\" \/>\n\t<meta property=\"og:image:width\" content=\"1020\" \/>\n\t<meta property=\"og:image:height\" content=\"765\" \/>\n\t<meta property=\"og:image:type\" content=\"image\/jpeg\" \/>\n<meta name=\"author\" content=\"L&#039;Equipe de la R\u00e9daction\" \/>\n<meta name=\"twitter:label1\" content=\"\u00c9crit par\" \/>\n\t<meta name=\"twitter:data1\" content=\"L&#039;Equipe de la R\u00e9daction\" \/>\n\t<meta name=\"twitter:label2\" content=\"Dur\u00e9e de lecture estim\u00e9e\" \/>\n\t<meta name=\"twitter:data2\" content=\"1 minute\" \/>\n<script type=\"application\/ld+json\" class=\"yoast-schema-graph\">{\"@context\":\"https:\\\/\\\/schema.org\",\"@graph\":[{\"@type\":\"Article\",\"@id\":\"https:\\\/\\\/oeilsportif.info\\\/index.php\\\/licence-caf-d-mbemba-sylla-ben-et-ibrahima-sory-camara-recoivent-leur-diplome\\\/#article\",\"isPartOf\":{\"@id\":\"https:\\\/\\\/oeilsportif.info\\\/index.php\\\/licence-caf-d-mbemba-sylla-ben-et-ibrahima-sory-camara-recoivent-leur-diplome\\\/\"},\"author\":{\"name\":\"L'Equipe de la R\u00e9daction\",\"@id\":\"https:\\\/\\\/oeilsportif.info\\\/#\\\/schema\\\/person\\\/cfbded294aa6095f7d96608d7905e9a1\"},\"headline\":\"Licence CAF D : MBemba Sylla \u00ab\u00a0Ben\u00a0\u00bb et Ibrahima Sory Camara re\u00e7oivent leur dipl\u00f4me !\",\"datePublished\":\"2023-04-17T08:24:21+00:00\",\"mainEntityOfPage\":{\"@id\":\"https:\\\/\\\/oeilsportif.info\\\/index.php\\\/licence-caf-d-mbemba-sylla-ben-et-ibrahima-sory-camara-recoivent-leur-diplome\\\/\"},\"wordCount\":220,\"image\":{\"@id\":\"https:\\\/\\\/oeilsportif.info\\\/index.php\\\/licence-caf-d-mbemba-sylla-ben-et-ibrahima-sory-camara-recoivent-leur-diplome\\\/#primaryimage\"},\"thumbnailUrl\":\"https:\\\/\\\/i0.wp.com\\\/oeilsportif.info\\\/wp-content\\\/uploads\\\/2023\\\/04\\\/FB_IMG_1681719734126.jpg?fit=1020%2C765&ssl=1\",\"articleSection\":[\"Football\"],\"inLanguage\":\"fr-FR\"},{\"@type\":\"WebPage\",\"@id\":\"https:\\\/\\\/oeilsportif.info\\\/index.php\\\/licence-caf-d-mbemba-sylla-ben-et-ibrahima-sory-camara-recoivent-leur-diplome\\\/\",\"url\":\"https:\\\/\\\/oeilsportif.info\\\/index.php\\\/licence-caf-d-mbemba-sylla-ben-et-ibrahima-sory-camara-recoivent-leur-diplome\\\/\",\"name\":\"Licence CAF D : MBemba Sylla \\\"Ben\\\" et Ibrahima Sory Camara re\u00e7oivent leur dipl\u00f4me ! - le regard du sportif\",\"isPartOf\":{\"@id\":\"https:\\\/\\\/oeilsportif.info\\\/#website\"},\"primaryImageOfPage\":{\"@id\":\"https:\\\/\\\/oeilsportif.info\\\/index.php\\\/licence-caf-d-mbemba-sylla-ben-et-ibrahima-sory-camara-recoivent-leur-diplome\\\/#primaryimage\"},\"image\":{\"@id\":\"https:\\\/\\\/oeilsportif.info\\\/index.php\\\/licence-caf-d-mbemba-sylla-ben-et-ibrahima-sory-camara-recoivent-leur-diplome\\\/#primaryimage\"},\"thumbnailUrl\":\"https:\\\/\\\/i0.wp.com\\\/oeilsportif.info\\\/wp-content\\\/uploads\\\/2023\\\/04\\\/FB_IMG_1681719734126.jpg?fit=1020%2C765&ssl=1\",\"datePublished\":\"2023-04-17T08:24:21+00:00\",\"author\":{\"@id\":\"https:\\\/\\\/oeilsportif.info\\\/#\\\/schema\\\/person\\\/cfbded294aa6095f7d96608d7905e9a1\"},\"inLanguage\":\"fr-FR\",\"potentialAction\":[{\"@type\":\"ReadAction\",\"target\":[\"https:\\\/\\\/oeilsportif.info\\\/index.php\\\/licence-caf-d-mbemba-sylla-ben-et-ibrahima-sory-camara-recoivent-leur-diplome\\\/\"]}]},{\"@type\":\"ImageObject\",\"inLanguage\":\"fr-FR\",\"@id\":\"https:\\\/\\\/oeilsportif.info\\\/index.php\\\/licence-caf-d-mbemba-sylla-ben-et-ibrahima-sory-camara-recoivent-leur-diplome\\\/#primaryimage\",\"url\":\"https:\\\/\\\/i0.wp.com\\\/oeilsportif.info\\\/wp-content\\\/uploads\\\/2023\\\/04\\\/FB_IMG_1681719734126.jpg?fit=1020%2C765&ssl=1\",\"contentUrl\":\"https:\\\/\\\/i0.wp.com\\\/oeilsportif.info\\\/wp-content\\\/uploads\\\/2023\\\/04\\\/FB_IMG_1681719734126.jpg?fit=1020%2C765&ssl=1\",\"width\":1020,\"height\":765},{\"@type\":\"WebSite\",\"@id\":\"https:\\\/\\\/oeilsportif.info\\\/#website\",\"url\":\"https:\\\/\\\/oeilsportif.info\\\/\",\"name\":\"le regard du sportif\",\"description\":\"\",\"potentialAction\":[{\"@type\":\"SearchAction\",\"target\":{\"@type\":\"EntryPoint\",\"urlTemplate\":\"https:\\\/\\\/oeilsportif.info\\\/?s={search_term_string}\"},\"query-input\":{\"@type\":\"PropertyValueSpecification\",\"valueRequired\":true,\"valueName\":\"search_term_string\"}}],\"inLanguage\":\"fr-FR\"},{\"@type\":\"Person\",\"@id\":\"https:\\\/\\\/oeilsportif.info\\\/#\\\/schema\\\/person\\\/cfbded294aa6095f7d96608d7905e9a1\",\"name\":\"L'Equipe de la R\u00e9daction\",\"image\":{\"@type\":\"ImageObject\",\"inLanguage\":\"fr-FR\",\"@id\":\"https:\\\/\\\/oeilsportif.info\\\/wp-content\\\/uploads\\\/2025\\\/07\\\/cropped-cropped-logo-os-96x96.jpeg\",\"url\":\"https:\\\/\\\/oeilsportif.info\\\/wp-content\\\/uploads\\\/2025\\\/07\\\/cropped-cropped-logo-os-96x96.jpeg\",\"contentUrl\":\"https:\\\/\\\/oeilsportif.info\\\/wp-content\\\/uploads\\\/2025\\\/07\\\/cropped-cropped-logo-os-96x96.jpeg\",\"caption\":\"L'Equipe de la R\u00e9daction\"},\"url\":\"https:\\\/\\\/oeilsportif.info\\\/index.php\\\/author\\\/tawel\\\/\"}]}<\/script>\n<!-- \/ Yoast SEO plugin. -->","yoast_head_json":{"title":"Licence CAF D : MBemba Sylla \"Ben\" et Ibrahima Sory Camara re\u00e7oivent leur dipl\u00f4me ! - le regard du sportif","robots":{"index":"index","follow":"follow","max-snippet":"max-snippet:-1","max-image-preview":"max-image-preview:large","max-video-preview":"max-video-preview:-1"},"canonical":"https:\/\/oeilsportif.info\/index.php\/licence-caf-d-mbemba-sylla-ben-et-ibrahima-sory-camara-recoivent-leur-diplome\/","og_locale":"fr_FR","og_type":"article","og_title":"Licence CAF D : MBemba Sylla \"Ben\" et Ibrahima Sory Camara re\u00e7oivent leur dipl\u00f4me ! - le regard du sportif","og_description":"Le District Communal de Football de Matoto a organis\u00e9 sa premi\u00e8re c\u00e9r\u00e9monie de remise des dipl\u00f4mes de la licence CAF D au profit des candidats re\u00e7us aux examens d\u2019octobre 2023. Cette c\u00e9r\u00e9monie a regroup\u00e9 la premi\u00e8re promotion des dipl\u00f4m\u00e9s rendue possible gr\u00e2ce \u00e0 la F\u00e9d\u00e9ration Guin\u00e9enne de Football, la Direction Technique National, la Ligue R\u00e9gionale [&hellip;]","og_url":"https:\/\/oeilsportif.info\/index.php\/licence-caf-d-mbemba-sylla-ben-et-ibrahima-sory-camara-recoivent-leur-diplome\/","og_site_name":"le regard du sportif","article_published_time":"2023-04-17T08:24:21+00:00","og_image":[{"width":1020,"height":765,"url":"https:\/\/oeilsportif.info\/wp-content\/uploads\/2023\/04\/FB_IMG_1681719734126.jpg","type":"image\/jpeg"}],"author":"L'Equipe de la R\u00e9daction","twitter_misc":{"\u00c9crit par":"L'Equipe de la R\u00e9daction","Dur\u00e9e de lecture estim\u00e9e":"1 minute"},"schema":{"@context":"https:\/\/schema.org","@graph":[{"@type":"Article","@id":"https:\/\/oeilsportif.info\/index.php\/licence-caf-d-mbemba-sylla-ben-et-ibrahima-sory-camara-recoivent-leur-diplome\/#article","isPartOf":{"@id":"https:\/\/oeilsportif.info\/index.php\/licence-caf-d-mbemba-sylla-ben-et-ibrahima-sory-camara-recoivent-leur-diplome\/"},"author":{"name":"L'Equipe de la R\u00e9daction","@id":"https:\/\/oeilsportif.info\/#\/schema\/person\/cfbded294aa6095f7d96608d7905e9a1"},"headline":"Licence CAF D : MBemba Sylla \u00ab\u00a0Ben\u00a0\u00bb et Ibrahima Sory Camara re\u00e7oivent leur dipl\u00f4me !","datePublished":"2023-04-17T08:24:21+00:00","mainEntityOfPage":{"@id":"https:\/\/oeilsportif.info\/index.php\/licence-caf-d-mbemba-sylla-ben-et-ibrahima-sory-camara-recoivent-leur-diplome\/"},"wordCount":220,"image":{"@id":"https:\/\/oeilsportif.info\/index.php\/licence-caf-d-mbemba-sylla-ben-et-ibrahima-sory-camara-recoivent-leur-diplome\/#primaryimage"},"thumbnailUrl":"https:\/\/i0.wp.com\/oeilsportif.info\/wp-content\/uploads\/2023\/04\/FB_IMG_1681719734126.jpg?fit=1020%2C765&ssl=1","articleSection":["Football"],"inLanguage":"fr-FR"},{"@type":"WebPage","@id":"https:\/\/oeilsportif.info\/index.php\/licence-caf-d-mbemba-sylla-ben-et-ibrahima-sory-camara-recoivent-leur-diplome\/","url":"https:\/\/oeilsportif.info\/index.php\/licence-caf-d-mbemba-sylla-ben-et-ibrahima-sory-camara-recoivent-leur-diplome\/","name":"Licence CAF D : MBemba Sylla \"Ben\" et Ibrahima Sory Camara re\u00e7oivent leur dipl\u00f4me ! - le regard du sportif","isPartOf":{"@id":"https:\/\/oeilsportif.info\/#website"},"primaryImageOfPage":{"@id":"https:\/\/oeilsportif.info\/index.php\/licence-caf-d-mbemba-sylla-ben-et-ibrahima-sory-camara-recoivent-leur-diplome\/#primaryimage"},"image":{"@id":"https:\/\/oeilsportif.info\/index.php\/licence-caf-d-mbemba-sylla-ben-et-ibrahima-sory-camara-recoivent-leur-diplome\/#primaryimage"},"thumbnailUrl":"https:\/\/i0.wp.com\/oeilsportif.info\/wp-content\/uploads\/2023\/04\/FB_IMG_1681719734126.jpg?fit=1020%2C765&ssl=1","datePublished":"2023-04-17T08:24:21+00:00","author":{"@id":"https:\/\/oeilsportif.info\/#\/schema\/person\/cfbded294aa6095f7d96608d7905e9a1"},"inLanguage":"fr-FR","potentialAction":[{"@type":"ReadAction","target":["https:\/\/oeilsportif.info\/index.php\/licence-caf-d-mbemba-sylla-ben-et-ibrahima-sory-camara-recoivent-leur-diplome\/"]}]},{"@type":"ImageObject","inLanguage":"fr-FR","@id":"https:\/\/oeilsportif.info\/index.php\/licence-caf-d-mbemba-sylla-ben-et-ibrahima-sory-camara-recoivent-leur-diplome\/#primaryimage","url":"https:\/\/i0.wp.com\/oeilsportif.info\/wp-content\/uploads\/2023\/04\/FB_IMG_1681719734126.jpg?fit=1020%2C765&ssl=1","contentUrl":"https:\/\/i0.wp.com\/oeilsportif.info\/wp-content\/uploads\/2023\/04\/FB_IMG_1681719734126.jpg?fit=1020%2C765&ssl=1","width":1020,"height":765},{"@type":"WebSite","@id":"https:\/\/oeilsportif.info\/#website","url":"https:\/\/oeilsportif.info\/","name":"le regard du sportif","description":"","potentialAction":[{"@type":"SearchAction","target":{"@type":"EntryPoint","urlTemplate":"https:\/\/oeilsportif.info\/?s={search_term_string}"},"query-input":{"@type":"PropertyValueSpecification","valueRequired":true,"valueName":"search_term_string"}}],"inLanguage":"fr-FR"},{"@type":"Person","@id":"https:\/\/oeilsportif.info\/#\/schema\/person\/cfbded294aa6095f7d96608d7905e9a1","name":"L'Equipe de la R\u00e9daction","image":{"@type":"ImageObject","inLanguage":"fr-FR","@id":"https:\/\/oeilsportif.info\/wp-content\/uploads\/2025\/07\/cropped-cropped-logo-os-96x96.jpeg","url":"https:\/\/oeilsportif.info\/wp-content\/uploads\/2025\/07\/cropped-cropped-logo-os-96x96.jpeg","contentUrl":"https:\/\/oeilsportif.info\/wp-content\/uploads\/2025\/07\/cropped-cropped-logo-os-96x96.jpeg","caption":"L'Equipe de la R\u00e9daction"},"url":"https:\/\/oeilsportif.info\/index.php\/author\/tawel\/"}]}},"jetpack_publicize_connections":[],"jetpack_featured_media_url":"https:\/\/i0.wp.com\/oeilsportif.info\/wp-content\/uploads\/2023\/04\/FB_IMG_1681719734126.jpg?fit=1020%2C765&ssl=1","jetpack-related-posts":[],"jetpack_sharing_enabled":true,"jetpack_likes_enabled":true,"jetpack_shortlink":"https:\/\/wp.me\/pgFE77-Lp","_links":{"self":[{"href":"https:\/\/oeilsportif.info\/index.php\/wp-json\/wp\/v2\/posts\/2939","targetHints":{"allow":["GET"]}}],"collection":[{"href":"https:\/\/oeilsportif.info\/index.php\/wp-json\/wp\/v2\/posts"}],"about":[{"href":"https:\/\/oeilsportif.info\/index.php\/wp-json\/wp\/v2\/types\/post"}],"author":[{"embeddable":true,"href":"https:\/\/oeilsportif.info\/index.php\/wp-json\/wp\/v2\/users\/2"}],"replies":[{"embeddable":true,"href":"https:\/\/oeilsportif.info\/index.php\/wp-json\/wp\/v2\/comments?post=2939"}],"version-history":[{"count":0,"href":"https:\/\/oeilsportif.info\/index.php\/wp-json\/wp\/v2\/posts\/2939\/revisions"}],"wp:featuredmedia":[{"embeddable":true,"href":"https:\/\/oeilsportif.info\/index.php\/wp-json\/wp\/v2\/media\/2940"}],"wp:attachment":[{"href":"https:\/\/oeilsportif.info\/index.php\/wp-json\/wp\/v2\/media?parent=2939"}],"wp:term":[{"taxonomy":"category","embeddable":true,"href":"https:\/\/oeilsportif.info\/index.php\/wp-json\/wp\/v2\/categories?post=2939"},{"taxonomy":"post_tag","embeddable":true,"href":"https:\/\/oeilsportif.info\/index.php\/wp-json\/wp\/v2\/tags?post=2939"}],"curies":[{"name":"wp","href":"https:\/\/api.w.org\/{rel}","templated":true}]}}