{"id":2903,"date":"2023-04-04T17:31:54","date_gmt":"2023-04-04T17:31:54","guid":{"rendered":"https:\/\/oeilsportif.info\/index.php\/?p=2903"},"modified":"2023-04-04T17:31:54","modified_gmt":"2023-04-04T17:31:54","slug":"kankan-le-president-du-milo-fc-sorel-doumbouya-aurait-refuse-le-stade-pour-le-hafia-fc","status":"publish","type":"post","link":"https:\/\/oeilsportif.info\/index.php\/kankan-le-president-du-milo-fc-sorel-doumbouya-aurait-refuse-le-stade-pour-le-hafia-fc\/","title":{"rendered":"Kankan : Le Pr\u00e9sident du Milo FC, Sorel Doumbouya aurait refus\u00e9 le stade pour le Hafia FC !"},"content":{"rendered":"<p>&nbsp;<\/p>\n<p>Selon notre source depuis Kankan, du le dimanche 2 au lundi 03 avril 2023 le Pr\u00e9sident du Hafia Football Club de Kankan,<br \/>\nSorel Doumbouya aurait instrumentalis\u00e9 les supporters pour envahir le stade M&rsquo;Balou Mady Diakit\u00e9 Glao de Kankan et pour emp\u00eacher l&rsquo;\u00e9quipe du Pr\u00e9sident Kerfalla Camara KPC de s&rsquo;entra\u00eener normalement.<br \/>\nIl aurait m\u00eame destitu\u00e9 le Directeur du stade M&rsquo;Balou Mady Diakit\u00e9 pour avoir laiss\u00e9 le Hafia rentr\u00e9 dans le stade. Il a fallu que le Hafia parte dans un village de Diankana soit \u00e0 20km de la ville de kankan pour s&rsquo;entra\u00eener sur une terre battue.<\/p>\n<p>Le m\u00eame Sorel aurait venu agresser verbalement la d\u00e9l\u00e9gation du Hafia FC dans son h\u00f4tel \u00e0 Kankan. Et ll aurait commis des Simbons \u00e0 venir menacer l&rsquo;\u00e9quipe du Hafia Football Club du Pr\u00e9sident KPC sans oublier les jets des cailloux qu ils aurait montr\u00e9 le chemin de la maison au Hafia au stade M&rsquo;Balou Mady Diakit\u00e9 Glao de Kankan.<\/p>\n<p>Voir les images ci-dessous <a href=\"https:\/\/i0.wp.com\/oeilsportif.info\/wp-content\/uploads\/2023\/04\/IMG-20230404-WA0011.jpg?ssl=1\"><img data-recalc-dims=\"1\" loading=\"lazy\" decoding=\"async\" class=\"alignnone size-full wp-image-2904\" src=\"https:\/\/i0.wp.com\/oeilsportif.info\/wp-content\/uploads\/2023\/04\/IMG-20230404-WA0011.jpg?resize=696%2C392&#038;ssl=1\" alt=\"\" width=\"696\" height=\"392\" srcset=\"https:\/\/i0.wp.com\/oeilsportif.info\/wp-content\/uploads\/2023\/04\/IMG-20230404-WA0011.jpg?w=1280&amp;ssl=1 1280w, https:\/\/i0.wp.com\/oeilsportif.info\/wp-content\/uploads\/2023\/04\/IMG-20230404-WA0011.jpg?resize=300%2C169&amp;ssl=1 300w, https:\/\/i0.wp.com\/oeilsportif.info\/wp-content\/uploads\/2023\/04\/IMG-20230404-WA0011.jpg?resize=1024%2C576&amp;ssl=1 1024w, https:\/\/i0.wp.com\/oeilsportif.info\/wp-content\/uploads\/2023\/04\/IMG-20230404-WA0011.jpg?resize=768%2C432&amp;ssl=1 768w, https:\/\/i0.wp.com\/oeilsportif.info\/wp-content\/uploads\/2023\/04\/IMG-20230404-WA0011.jpg?resize=696%2C392&amp;ssl=1 696w, https:\/\/i0.wp.com\/oeilsportif.info\/wp-content\/uploads\/2023\/04\/IMG-20230404-WA0011.jpg?resize=1068%2C601&amp;ssl=1 1068w, https:\/\/i0.wp.com\/oeilsportif.info\/wp-content\/uploads\/2023\/04\/IMG-20230404-WA0011.jpg?resize=747%2C420&amp;ssl=1 747w\" sizes=\"auto, (max-width: 696px) 100vw, 696px\" \/><\/a> <a href=\"https:\/\/i0.wp.com\/oeilsportif.info\/wp-content\/uploads\/2023\/04\/IMG-20230404-WA0012.jpg?ssl=1\"><img data-recalc-dims=\"1\" loading=\"lazy\" decoding=\"async\" class=\"alignnone size-full wp-image-2905\" src=\"https:\/\/i0.wp.com\/oeilsportif.info\/wp-content\/uploads\/2023\/04\/IMG-20230404-WA0012.jpg?resize=696%2C392&#038;ssl=1\" alt=\"\" width=\"696\" height=\"392\" srcset=\"https:\/\/i0.wp.com\/oeilsportif.info\/wp-content\/uploads\/2023\/04\/IMG-20230404-WA0012.jpg?w=1280&amp;ssl=1 1280w, https:\/\/i0.wp.com\/oeilsportif.info\/wp-content\/uploads\/2023\/04\/IMG-20230404-WA0012.jpg?resize=300%2C169&amp;ssl=1 300w, https:\/\/i0.wp.com\/oeilsportif.info\/wp-content\/uploads\/2023\/04\/IMG-20230404-WA0012.jpg?resize=1024%2C576&amp;ssl=1 1024w, https:\/\/i0.wp.com\/oeilsportif.info\/wp-content\/uploads\/2023\/04\/IMG-20230404-WA0012.jpg?resize=768%2C432&amp;ssl=1 768w, https:\/\/i0.wp.com\/oeilsportif.info\/wp-content\/uploads\/2023\/04\/IMG-20230404-WA0012.jpg?resize=696%2C392&amp;ssl=1 696w, https:\/\/i0.wp.com\/oeilsportif.info\/wp-content\/uploads\/2023\/04\/IMG-20230404-WA0012.jpg?resize=1068%2C601&amp;ssl=1 1068w, https:\/\/i0.wp.com\/oeilsportif.info\/wp-content\/uploads\/2023\/04\/IMG-20230404-WA0012.jpg?resize=747%2C420&amp;ssl=1 747w\" sizes=\"auto, (max-width: 696px) 100vw, 696px\" \/><\/a><\/p>\n<p>Affaire \u00e0 suivre&#8230;!!!<\/p>\n","protected":false},"excerpt":{"rendered":"<p>&nbsp; Selon notre source depuis Kankan, du le dimanche 2 au lundi 03 avril 2023 le Pr\u00e9sident du Hafia Football Club de Kankan, Sorel Doumbouya aurait instrumentalis\u00e9 les supporters pour envahir le stade M&rsquo;Balou Mady Diakit\u00e9 Glao de Kankan et pour emp\u00eacher l&rsquo;\u00e9quipe du Pr\u00e9sident Kerfalla Camara KPC de s&rsquo;entra\u00eener normalement. Il aurait m\u00eame destitu\u00e9 [&hellip;]<\/p>\n","protected":false},"author":2,"featured_media":2905,"comment_status":"closed","ping_status":"open","sticky":false,"template":"","format":"standard","meta":{"_jetpack_memberships_contains_paid_content":false,"footnotes":"","jetpack_publicize_message":"","jetpack_publicize_feature_enabled":true,"jetpack_social_post_already_shared":true,"jetpack_social_options":{"image_generator_settings":{"template":"highway","default_image_id":0,"font":"","enabled":false},"version":2}},"categories":[10,5],"tags":[],"class_list":{"0":"post-2903","1":"post","2":"type-post","3":"status-publish","4":"format-standard","5":"has-post-thumbnail","7":"category-actualite","8":"category-football"},"yoast_head":"<!-- This site is optimized with the Yoast SEO plugin v27.5 - https:\/\/yoast.com\/product\/yoast-seo-wordpress\/ -->\n<title>Kankan : Le Pr\u00e9sident du Milo FC, Sorel Doumbouya aurait refus\u00e9 le stade pour le Hafia FC ! - le regard du sportif<\/title>\n<meta name=\"robots\" content=\"index, follow, max-snippet:-1, max-image-preview:large, max-video-preview:-1\" \/>\n<link rel=\"canonical\" href=\"https:\/\/oeilsportif.info\/index.php\/kankan-le-president-du-milo-fc-sorel-doumbouya-aurait-refuse-le-stade-pour-le-hafia-fc\/\" \/>\n<meta property=\"og:locale\" content=\"fr_FR\" \/>\n<meta property=\"og:type\" content=\"article\" \/>\n<meta property=\"og:title\" content=\"Kankan : Le Pr\u00e9sident du Milo FC, Sorel Doumbouya aurait refus\u00e9 le stade pour le Hafia FC ! - le regard du sportif\" \/>\n<meta property=\"og:description\" content=\"&nbsp; Selon notre source depuis Kankan, du le dimanche 2 au lundi 03 avril 2023 le Pr\u00e9sident du Hafia Football Club de Kankan, Sorel Doumbouya aurait instrumentalis\u00e9 les supporters pour envahir le stade M&rsquo;Balou Mady Diakit\u00e9 Glao de Kankan et pour emp\u00eacher l&rsquo;\u00e9quipe du Pr\u00e9sident Kerfalla Camara KPC de s&rsquo;entra\u00eener normalement. Il aurait m\u00eame destitu\u00e9 [&hellip;]\" \/>\n<meta property=\"og:url\" content=\"https:\/\/oeilsportif.info\/index.php\/kankan-le-president-du-milo-fc-sorel-doumbouya-aurait-refuse-le-stade-pour-le-hafia-fc\/\" \/>\n<meta property=\"og:site_name\" content=\"le regard du sportif\" \/>\n<meta property=\"article:published_time\" content=\"2023-04-04T17:31:54+00:00\" \/>\n<meta property=\"og:image\" content=\"https:\/\/oeilsportif.info\/wp-content\/uploads\/2023\/04\/IMG-20230404-WA0012.jpg\" \/>\n\t<meta property=\"og:image:width\" content=\"1280\" \/>\n\t<meta property=\"og:image:height\" content=\"720\" \/>\n\t<meta property=\"og:image:type\" content=\"image\/jpeg\" \/>\n<meta name=\"author\" content=\"L&#039;Equipe de la R\u00e9daction\" \/>\n<meta name=\"twitter:label1\" content=\"\u00c9crit par\" \/>\n\t<meta name=\"twitter:data1\" content=\"L&#039;Equipe de la R\u00e9daction\" \/>\n\t<meta name=\"twitter:label2\" content=\"Dur\u00e9e de lecture estim\u00e9e\" \/>\n\t<meta name=\"twitter:data2\" content=\"2 minutes\" \/>\n<script type=\"application\/ld+json\" class=\"yoast-schema-graph\">{\"@context\":\"https:\\\/\\\/schema.org\",\"@graph\":[{\"@type\":\"Article\",\"@id\":\"https:\\\/\\\/oeilsportif.info\\\/index.php\\\/kankan-le-president-du-milo-fc-sorel-doumbouya-aurait-refuse-le-stade-pour-le-hafia-fc\\\/#article\",\"isPartOf\":{\"@id\":\"https:\\\/\\\/oeilsportif.info\\\/index.php\\\/kankan-le-president-du-milo-fc-sorel-doumbouya-aurait-refuse-le-stade-pour-le-hafia-fc\\\/\"},\"author\":{\"name\":\"L'Equipe de la R\u00e9daction\",\"@id\":\"https:\\\/\\\/oeilsportif.info\\\/#\\\/schema\\\/person\\\/cfbded294aa6095f7d96608d7905e9a1\"},\"headline\":\"Kankan : Le Pr\u00e9sident du Milo FC, Sorel Doumbouya aurait refus\u00e9 le stade pour le Hafia FC !\",\"datePublished\":\"2023-04-04T17:31:54+00:00\",\"mainEntityOfPage\":{\"@id\":\"https:\\\/\\\/oeilsportif.info\\\/index.php\\\/kankan-le-president-du-milo-fc-sorel-doumbouya-aurait-refuse-le-stade-pour-le-hafia-fc\\\/\"},\"wordCount\":191,\"image\":{\"@id\":\"https:\\\/\\\/oeilsportif.info\\\/index.php\\\/kankan-le-president-du-milo-fc-sorel-doumbouya-aurait-refuse-le-stade-pour-le-hafia-fc\\\/#primaryimage\"},\"thumbnailUrl\":\"https:\\\/\\\/i0.wp.com\\\/oeilsportif.info\\\/wp-content\\\/uploads\\\/2023\\\/04\\\/IMG-20230404-WA0012.jpg?fit=1280%2C720&ssl=1\",\"articleSection\":[\"Actualit\u00e9\",\"Football\"],\"inLanguage\":\"fr-FR\"},{\"@type\":\"WebPage\",\"@id\":\"https:\\\/\\\/oeilsportif.info\\\/index.php\\\/kankan-le-president-du-milo-fc-sorel-doumbouya-aurait-refuse-le-stade-pour-le-hafia-fc\\\/\",\"url\":\"https:\\\/\\\/oeilsportif.info\\\/index.php\\\/kankan-le-president-du-milo-fc-sorel-doumbouya-aurait-refuse-le-stade-pour-le-hafia-fc\\\/\",\"name\":\"Kankan : Le Pr\u00e9sident du Milo FC, Sorel Doumbouya aurait refus\u00e9 le stade pour le Hafia FC ! - le regard du sportif\",\"isPartOf\":{\"@id\":\"https:\\\/\\\/oeilsportif.info\\\/#website\"},\"primaryImageOfPage\":{\"@id\":\"https:\\\/\\\/oeilsportif.info\\\/index.php\\\/kankan-le-president-du-milo-fc-sorel-doumbouya-aurait-refuse-le-stade-pour-le-hafia-fc\\\/#primaryimage\"},\"image\":{\"@id\":\"https:\\\/\\\/oeilsportif.info\\\/index.php\\\/kankan-le-president-du-milo-fc-sorel-doumbouya-aurait-refuse-le-stade-pour-le-hafia-fc\\\/#primaryimage\"},\"thumbnailUrl\":\"https:\\\/\\\/i0.wp.com\\\/oeilsportif.info\\\/wp-content\\\/uploads\\\/2023\\\/04\\\/IMG-20230404-WA0012.jpg?fit=1280%2C720&ssl=1\",\"datePublished\":\"2023-04-04T17:31:54+00:00\",\"author\":{\"@id\":\"https:\\\/\\\/oeilsportif.info\\\/#\\\/schema\\\/person\\\/cfbded294aa6095f7d96608d7905e9a1\"},\"inLanguage\":\"fr-FR\",\"potentialAction\":[{\"@type\":\"ReadAction\",\"target\":[\"https:\\\/\\\/oeilsportif.info\\\/index.php\\\/kankan-le-president-du-milo-fc-sorel-doumbouya-aurait-refuse-le-stade-pour-le-hafia-fc\\\/\"]}]},{\"@type\":\"ImageObject\",\"inLanguage\":\"fr-FR\",\"@id\":\"https:\\\/\\\/oeilsportif.info\\\/index.php\\\/kankan-le-president-du-milo-fc-sorel-doumbouya-aurait-refuse-le-stade-pour-le-hafia-fc\\\/#primaryimage\",\"url\":\"https:\\\/\\\/i0.wp.com\\\/oeilsportif.info\\\/wp-content\\\/uploads\\\/2023\\\/04\\\/IMG-20230404-WA0012.jpg?fit=1280%2C720&ssl=1\",\"contentUrl\":\"https:\\\/\\\/i0.wp.com\\\/oeilsportif.info\\\/wp-content\\\/uploads\\\/2023\\\/04\\\/IMG-20230404-WA0012.jpg?fit=1280%2C720&ssl=1\",\"width\":1280,\"height\":720},{\"@type\":\"WebSite\",\"@id\":\"https:\\\/\\\/oeilsportif.info\\\/#website\",\"url\":\"https:\\\/\\\/oeilsportif.info\\\/\",\"name\":\"le regard du sportif\",\"description\":\"\",\"potentialAction\":[{\"@type\":\"SearchAction\",\"target\":{\"@type\":\"EntryPoint\",\"urlTemplate\":\"https:\\\/\\\/oeilsportif.info\\\/?s={search_term_string}\"},\"query-input\":{\"@type\":\"PropertyValueSpecification\",\"valueRequired\":true,\"valueName\":\"search_term_string\"}}],\"inLanguage\":\"fr-FR\"},{\"@type\":\"Person\",\"@id\":\"https:\\\/\\\/oeilsportif.info\\\/#\\\/schema\\\/person\\\/cfbded294aa6095f7d96608d7905e9a1\",\"name\":\"L'Equipe de la R\u00e9daction\",\"image\":{\"@type\":\"ImageObject\",\"inLanguage\":\"fr-FR\",\"@id\":\"https:\\\/\\\/oeilsportif.info\\\/wp-content\\\/uploads\\\/2025\\\/07\\\/cropped-cropped-logo-os-96x96.jpeg\",\"url\":\"https:\\\/\\\/oeilsportif.info\\\/wp-content\\\/uploads\\\/2025\\\/07\\\/cropped-cropped-logo-os-96x96.jpeg\",\"contentUrl\":\"https:\\\/\\\/oeilsportif.info\\\/wp-content\\\/uploads\\\/2025\\\/07\\\/cropped-cropped-logo-os-96x96.jpeg\",\"caption\":\"L'Equipe de la R\u00e9daction\"},\"url\":\"https:\\\/\\\/oeilsportif.info\\\/index.php\\\/author\\\/tawel\\\/\"}]}<\/script>\n<!-- \/ Yoast SEO plugin. -->","yoast_head_json":{"title":"Kankan : Le Pr\u00e9sident du Milo FC, Sorel Doumbouya aurait refus\u00e9 le stade pour le Hafia FC ! - le regard du sportif","robots":{"index":"index","follow":"follow","max-snippet":"max-snippet:-1","max-image-preview":"max-image-preview:large","max-video-preview":"max-video-preview:-1"},"canonical":"https:\/\/oeilsportif.info\/index.php\/kankan-le-president-du-milo-fc-sorel-doumbouya-aurait-refuse-le-stade-pour-le-hafia-fc\/","og_locale":"fr_FR","og_type":"article","og_title":"Kankan : Le Pr\u00e9sident du Milo FC, Sorel Doumbouya aurait refus\u00e9 le stade pour le Hafia FC ! - le regard du sportif","og_description":"&nbsp; Selon notre source depuis Kankan, du le dimanche 2 au lundi 03 avril 2023 le Pr\u00e9sident du Hafia Football Club de Kankan, Sorel Doumbouya aurait instrumentalis\u00e9 les supporters pour envahir le stade M&rsquo;Balou Mady Diakit\u00e9 Glao de Kankan et pour emp\u00eacher l&rsquo;\u00e9quipe du Pr\u00e9sident Kerfalla Camara KPC de s&rsquo;entra\u00eener normalement. Il aurait m\u00eame destitu\u00e9 [&hellip;]","og_url":"https:\/\/oeilsportif.info\/index.php\/kankan-le-president-du-milo-fc-sorel-doumbouya-aurait-refuse-le-stade-pour-le-hafia-fc\/","og_site_name":"le regard du sportif","article_published_time":"2023-04-04T17:31:54+00:00","og_image":[{"width":1280,"height":720,"url":"https:\/\/oeilsportif.info\/wp-content\/uploads\/2023\/04\/IMG-20230404-WA0012.jpg","type":"image\/jpeg"}],"author":"L'Equipe de la R\u00e9daction","twitter_misc":{"\u00c9crit par":"L'Equipe de la R\u00e9daction","Dur\u00e9e de lecture estim\u00e9e":"2 minutes"},"schema":{"@context":"https:\/\/schema.org","@graph":[{"@type":"Article","@id":"https:\/\/oeilsportif.info\/index.php\/kankan-le-president-du-milo-fc-sorel-doumbouya-aurait-refuse-le-stade-pour-le-hafia-fc\/#article","isPartOf":{"@id":"https:\/\/oeilsportif.info\/index.php\/kankan-le-president-du-milo-fc-sorel-doumbouya-aurait-refuse-le-stade-pour-le-hafia-fc\/"},"author":{"name":"L'Equipe de la R\u00e9daction","@id":"https:\/\/oeilsportif.info\/#\/schema\/person\/cfbded294aa6095f7d96608d7905e9a1"},"headline":"Kankan : Le Pr\u00e9sident du Milo FC, Sorel Doumbouya aurait refus\u00e9 le stade pour le Hafia FC !","datePublished":"2023-04-04T17:31:54+00:00","mainEntityOfPage":{"@id":"https:\/\/oeilsportif.info\/index.php\/kankan-le-president-du-milo-fc-sorel-doumbouya-aurait-refuse-le-stade-pour-le-hafia-fc\/"},"wordCount":191,"image":{"@id":"https:\/\/oeilsportif.info\/index.php\/kankan-le-president-du-milo-fc-sorel-doumbouya-aurait-refuse-le-stade-pour-le-hafia-fc\/#primaryimage"},"thumbnailUrl":"https:\/\/i0.wp.com\/oeilsportif.info\/wp-content\/uploads\/2023\/04\/IMG-20230404-WA0012.jpg?fit=1280%2C720&ssl=1","articleSection":["Actualit\u00e9","Football"],"inLanguage":"fr-FR"},{"@type":"WebPage","@id":"https:\/\/oeilsportif.info\/index.php\/kankan-le-president-du-milo-fc-sorel-doumbouya-aurait-refuse-le-stade-pour-le-hafia-fc\/","url":"https:\/\/oeilsportif.info\/index.php\/kankan-le-president-du-milo-fc-sorel-doumbouya-aurait-refuse-le-stade-pour-le-hafia-fc\/","name":"Kankan : Le Pr\u00e9sident du Milo FC, Sorel Doumbouya aurait refus\u00e9 le stade pour le Hafia FC ! - le regard du sportif","isPartOf":{"@id":"https:\/\/oeilsportif.info\/#website"},"primaryImageOfPage":{"@id":"https:\/\/oeilsportif.info\/index.php\/kankan-le-president-du-milo-fc-sorel-doumbouya-aurait-refuse-le-stade-pour-le-hafia-fc\/#primaryimage"},"image":{"@id":"https:\/\/oeilsportif.info\/index.php\/kankan-le-president-du-milo-fc-sorel-doumbouya-aurait-refuse-le-stade-pour-le-hafia-fc\/#primaryimage"},"thumbnailUrl":"https:\/\/i0.wp.com\/oeilsportif.info\/wp-content\/uploads\/2023\/04\/IMG-20230404-WA0012.jpg?fit=1280%2C720&ssl=1","datePublished":"2023-04-04T17:31:54+00:00","author":{"@id":"https:\/\/oeilsportif.info\/#\/schema\/person\/cfbded294aa6095f7d96608d7905e9a1"},"inLanguage":"fr-FR","potentialAction":[{"@type":"ReadAction","target":["https:\/\/oeilsportif.info\/index.php\/kankan-le-president-du-milo-fc-sorel-doumbouya-aurait-refuse-le-stade-pour-le-hafia-fc\/"]}]},{"@type":"ImageObject","inLanguage":"fr-FR","@id":"https:\/\/oeilsportif.info\/index.php\/kankan-le-president-du-milo-fc-sorel-doumbouya-aurait-refuse-le-stade-pour-le-hafia-fc\/#primaryimage","url":"https:\/\/i0.wp.com\/oeilsportif.info\/wp-content\/uploads\/2023\/04\/IMG-20230404-WA0012.jpg?fit=1280%2C720&ssl=1","contentUrl":"https:\/\/i0.wp.com\/oeilsportif.info\/wp-content\/uploads\/2023\/04\/IMG-20230404-WA0012.jpg?fit=1280%2C720&ssl=1","width":1280,"height":720},{"@type":"WebSite","@id":"https:\/\/oeilsportif.info\/#website","url":"https:\/\/oeilsportif.info\/","name":"le regard du sportif","description":"","potentialAction":[{"@type":"SearchAction","target":{"@type":"EntryPoint","urlTemplate":"https:\/\/oeilsportif.info\/?s={search_term_string}"},"query-input":{"@type":"PropertyValueSpecification","valueRequired":true,"valueName":"search_term_string"}}],"inLanguage":"fr-FR"},{"@type":"Person","@id":"https:\/\/oeilsportif.info\/#\/schema\/person\/cfbded294aa6095f7d96608d7905e9a1","name":"L'Equipe de la R\u00e9daction","image":{"@type":"ImageObject","inLanguage":"fr-FR","@id":"https:\/\/oeilsportif.info\/wp-content\/uploads\/2025\/07\/cropped-cropped-logo-os-96x96.jpeg","url":"https:\/\/oeilsportif.info\/wp-content\/uploads\/2025\/07\/cropped-cropped-logo-os-96x96.jpeg","contentUrl":"https:\/\/oeilsportif.info\/wp-content\/uploads\/2025\/07\/cropped-cropped-logo-os-96x96.jpeg","caption":"L'Equipe de la R\u00e9daction"},"url":"https:\/\/oeilsportif.info\/index.php\/author\/tawel\/"}]}},"jetpack_publicize_connections":[],"jetpack_featured_media_url":"https:\/\/i0.wp.com\/oeilsportif.info\/wp-content\/uploads\/2023\/04\/IMG-20230404-WA0012.jpg?fit=1280%2C720&ssl=1","jetpack-related-posts":[],"jetpack_sharing_enabled":true,"jetpack_likes_enabled":true,"jetpack_shortlink":"https:\/\/wp.me\/pgFE77-KP","_links":{"self":[{"href":"https:\/\/oeilsportif.info\/index.php\/wp-json\/wp\/v2\/posts\/2903","targetHints":{"allow":["GET"]}}],"collection":[{"href":"https:\/\/oeilsportif.info\/index.php\/wp-json\/wp\/v2\/posts"}],"about":[{"href":"https:\/\/oeilsportif.info\/index.php\/wp-json\/wp\/v2\/types\/post"}],"author":[{"embeddable":true,"href":"https:\/\/oeilsportif.info\/index.php\/wp-json\/wp\/v2\/users\/2"}],"replies":[{"embeddable":true,"href":"https:\/\/oeilsportif.info\/index.php\/wp-json\/wp\/v2\/comments?post=2903"}],"version-history":[{"count":0,"href":"https:\/\/oeilsportif.info\/index.php\/wp-json\/wp\/v2\/posts\/2903\/revisions"}],"wp:featuredmedia":[{"embeddable":true,"href":"https:\/\/oeilsportif.info\/index.php\/wp-json\/wp\/v2\/media\/2905"}],"wp:attachment":[{"href":"https:\/\/oeilsportif.info\/index.php\/wp-json\/wp\/v2\/media?parent=2903"}],"wp:term":[{"taxonomy":"category","embeddable":true,"href":"https:\/\/oeilsportif.info\/index.php\/wp-json\/wp\/v2\/categories?post=2903"},{"taxonomy":"post_tag","embeddable":true,"href":"https:\/\/oeilsportif.info\/index.php\/wp-json\/wp\/v2\/tags?post=2903"}],"curies":[{"name":"wp","href":"https:\/\/api.w.org\/{rel}","templated":true}]}}