{"id":2885,"date":"2023-03-31T09:55:45","date_gmt":"2023-03-31T09:55:45","guid":{"rendered":"https:\/\/oeilsportif.info\/index.php\/?p=2885"},"modified":"2023-03-31T09:55:45","modified_gmt":"2023-03-31T09:55:45","slug":"ligue-1-guicopres-j-18-le-hafia-fc-sest-entraine-normalement-ce-jeudi-a-kankan","status":"publish","type":"post","link":"https:\/\/oeilsportif.info\/index.php\/ligue-1-guicopres-j-18-le-hafia-fc-sest-entraine-normalement-ce-jeudi-a-kankan\/","title":{"rendered":"Ligue 1 Guicopres (J-18 ) : Le Hafia FC s&rsquo;est entra\u00een\u00e9 normalement ce jeudi \u00e0 Kankan !"},"content":{"rendered":"<p>&nbsp;<\/p>\n<p>Compos\u00e9e de 35 personnes dont 21 joueurs, la d\u00e9l\u00e9gation sportive du Hafia FC est arriv\u00e9e mercredi apr\u00e8s-midi \u00e0 Kankan dans le cadre de la 18e et 19e journ\u00e9e de la ligue 1 Guicopres contre l&rsquo;Ashanti le 1er avril et le Milo FC le 5 avril. Ce jeudi \u00e0 11H 30, l&rsquo;\u00e9quipe du pr\u00e9sident Kerfalla Camara KPC s&rsquo;est entra\u00een\u00e9e normalement au stade M\u2019Balou Mady Diakit\u00e9 de Kankan. L\u00e0, le staff a travaill\u00e9 sur plusieurs aspects tactiques et techniques mais a insist\u00e9 plus sur la finition.<\/p>\n<p>A part Mohamed Bangoura \u00ab\u00a0Cantona\u00a0\u00bb un peu souffrant, tous les joueurs pr\u00e9sents ont pris part \u00e0 la s\u00e9ance du jour.<\/p>\n<p><strong>Kankan S\u00e9kouna Camara<\/strong><\/p>\n","protected":false},"excerpt":{"rendered":"<p>&nbsp; Compos\u00e9e de 35 personnes dont 21 joueurs, la d\u00e9l\u00e9gation sportive du Hafia FC est arriv\u00e9e mercredi apr\u00e8s-midi \u00e0 Kankan dans le cadre de la 18e et 19e journ\u00e9e de la ligue 1 Guicopres contre l&rsquo;Ashanti le 1er avril et le Milo FC le 5 avril. Ce jeudi \u00e0 11H 30, l&rsquo;\u00e9quipe du pr\u00e9sident Kerfalla [&hellip;]<\/p>\n","protected":false},"author":2,"featured_media":2886,"comment_status":"closed","ping_status":"open","sticky":false,"template":"","format":"standard","meta":{"_jetpack_memberships_contains_paid_content":false,"footnotes":"","jetpack_publicize_message":"","jetpack_publicize_feature_enabled":true,"jetpack_social_post_already_shared":true,"jetpack_social_options":{"image_generator_settings":{"template":"highway","default_image_id":0,"font":"","enabled":false},"version":2}},"categories":[5],"tags":[],"class_list":{"0":"post-2885","1":"post","2":"type-post","3":"status-publish","4":"format-standard","5":"has-post-thumbnail","7":"category-football"},"yoast_head":"<!-- This site is optimized with the Yoast SEO plugin v27.5 - https:\/\/yoast.com\/product\/yoast-seo-wordpress\/ -->\n<title>Ligue 1 Guicopres (J-18 ) : Le Hafia FC s&#039;est entra\u00een\u00e9 normalement ce jeudi \u00e0 Kankan ! - le regard du sportif<\/title>\n<meta name=\"robots\" content=\"index, follow, max-snippet:-1, max-image-preview:large, max-video-preview:-1\" \/>\n<link rel=\"canonical\" href=\"https:\/\/oeilsportif.info\/index.php\/ligue-1-guicopres-j-18-le-hafia-fc-sest-entraine-normalement-ce-jeudi-a-kankan\/\" \/>\n<meta property=\"og:locale\" content=\"fr_FR\" \/>\n<meta property=\"og:type\" content=\"article\" \/>\n<meta property=\"og:title\" content=\"Ligue 1 Guicopres (J-18 ) : Le Hafia FC s&#039;est entra\u00een\u00e9 normalement ce jeudi \u00e0 Kankan ! - le regard du sportif\" \/>\n<meta property=\"og:description\" content=\"&nbsp; Compos\u00e9e de 35 personnes dont 21 joueurs, la d\u00e9l\u00e9gation sportive du Hafia FC est arriv\u00e9e mercredi apr\u00e8s-midi \u00e0 Kankan dans le cadre de la 18e et 19e journ\u00e9e de la ligue 1 Guicopres contre l&rsquo;Ashanti le 1er avril et le Milo FC le 5 avril. Ce jeudi \u00e0 11H 30, l&rsquo;\u00e9quipe du pr\u00e9sident Kerfalla [&hellip;]\" \/>\n<meta property=\"og:url\" content=\"https:\/\/oeilsportif.info\/index.php\/ligue-1-guicopres-j-18-le-hafia-fc-sest-entraine-normalement-ce-jeudi-a-kankan\/\" \/>\n<meta property=\"og:site_name\" content=\"le regard du sportif\" \/>\n<meta property=\"article:published_time\" content=\"2023-03-31T09:55:45+00:00\" \/>\n<meta property=\"og:image\" content=\"https:\/\/oeilsportif.info\/wp-content\/uploads\/2023\/03\/received_911709536736977.jpeg\" \/>\n\t<meta property=\"og:image:width\" content=\"2048\" \/>\n\t<meta property=\"og:image:height\" content=\"1152\" \/>\n\t<meta property=\"og:image:type\" content=\"image\/jpeg\" \/>\n<meta name=\"author\" content=\"L&#039;Equipe de la R\u00e9daction\" \/>\n<meta name=\"twitter:label1\" content=\"\u00c9crit par\" \/>\n\t<meta name=\"twitter:data1\" content=\"L&#039;Equipe de la R\u00e9daction\" \/>\n\t<meta name=\"twitter:label2\" content=\"Dur\u00e9e de lecture estim\u00e9e\" \/>\n\t<meta name=\"twitter:data2\" content=\"1 minute\" \/>\n<script type=\"application\/ld+json\" class=\"yoast-schema-graph\">{\"@context\":\"https:\\\/\\\/schema.org\",\"@graph\":[{\"@type\":\"Article\",\"@id\":\"https:\\\/\\\/oeilsportif.info\\\/index.php\\\/ligue-1-guicopres-j-18-le-hafia-fc-sest-entraine-normalement-ce-jeudi-a-kankan\\\/#article\",\"isPartOf\":{\"@id\":\"https:\\\/\\\/oeilsportif.info\\\/index.php\\\/ligue-1-guicopres-j-18-le-hafia-fc-sest-entraine-normalement-ce-jeudi-a-kankan\\\/\"},\"author\":{\"name\":\"L'Equipe de la R\u00e9daction\",\"@id\":\"https:\\\/\\\/oeilsportif.info\\\/#\\\/schema\\\/person\\\/cfbded294aa6095f7d96608d7905e9a1\"},\"headline\":\"Ligue 1 Guicopres (J-18 ) : Le Hafia FC s&rsquo;est entra\u00een\u00e9 normalement ce jeudi \u00e0 Kankan !\",\"datePublished\":\"2023-03-31T09:55:45+00:00\",\"mainEntityOfPage\":{\"@id\":\"https:\\\/\\\/oeilsportif.info\\\/index.php\\\/ligue-1-guicopres-j-18-le-hafia-fc-sest-entraine-normalement-ce-jeudi-a-kankan\\\/\"},\"wordCount\":130,\"image\":{\"@id\":\"https:\\\/\\\/oeilsportif.info\\\/index.php\\\/ligue-1-guicopres-j-18-le-hafia-fc-sest-entraine-normalement-ce-jeudi-a-kankan\\\/#primaryimage\"},\"thumbnailUrl\":\"https:\\\/\\\/i0.wp.com\\\/oeilsportif.info\\\/wp-content\\\/uploads\\\/2023\\\/03\\\/received_911709536736977.jpeg?fit=2048%2C1152&ssl=1\",\"articleSection\":[\"Football\"],\"inLanguage\":\"fr-FR\"},{\"@type\":\"WebPage\",\"@id\":\"https:\\\/\\\/oeilsportif.info\\\/index.php\\\/ligue-1-guicopres-j-18-le-hafia-fc-sest-entraine-normalement-ce-jeudi-a-kankan\\\/\",\"url\":\"https:\\\/\\\/oeilsportif.info\\\/index.php\\\/ligue-1-guicopres-j-18-le-hafia-fc-sest-entraine-normalement-ce-jeudi-a-kankan\\\/\",\"name\":\"Ligue 1 Guicopres (J-18 ) : Le Hafia FC s'est entra\u00een\u00e9 normalement ce jeudi \u00e0 Kankan ! - le regard du sportif\",\"isPartOf\":{\"@id\":\"https:\\\/\\\/oeilsportif.info\\\/#website\"},\"primaryImageOfPage\":{\"@id\":\"https:\\\/\\\/oeilsportif.info\\\/index.php\\\/ligue-1-guicopres-j-18-le-hafia-fc-sest-entraine-normalement-ce-jeudi-a-kankan\\\/#primaryimage\"},\"image\":{\"@id\":\"https:\\\/\\\/oeilsportif.info\\\/index.php\\\/ligue-1-guicopres-j-18-le-hafia-fc-sest-entraine-normalement-ce-jeudi-a-kankan\\\/#primaryimage\"},\"thumbnailUrl\":\"https:\\\/\\\/i0.wp.com\\\/oeilsportif.info\\\/wp-content\\\/uploads\\\/2023\\\/03\\\/received_911709536736977.jpeg?fit=2048%2C1152&ssl=1\",\"datePublished\":\"2023-03-31T09:55:45+00:00\",\"author\":{\"@id\":\"https:\\\/\\\/oeilsportif.info\\\/#\\\/schema\\\/person\\\/cfbded294aa6095f7d96608d7905e9a1\"},\"inLanguage\":\"fr-FR\",\"potentialAction\":[{\"@type\":\"ReadAction\",\"target\":[\"https:\\\/\\\/oeilsportif.info\\\/index.php\\\/ligue-1-guicopres-j-18-le-hafia-fc-sest-entraine-normalement-ce-jeudi-a-kankan\\\/\"]}]},{\"@type\":\"ImageObject\",\"inLanguage\":\"fr-FR\",\"@id\":\"https:\\\/\\\/oeilsportif.info\\\/index.php\\\/ligue-1-guicopres-j-18-le-hafia-fc-sest-entraine-normalement-ce-jeudi-a-kankan\\\/#primaryimage\",\"url\":\"https:\\\/\\\/i0.wp.com\\\/oeilsportif.info\\\/wp-content\\\/uploads\\\/2023\\\/03\\\/received_911709536736977.jpeg?fit=2048%2C1152&ssl=1\",\"contentUrl\":\"https:\\\/\\\/i0.wp.com\\\/oeilsportif.info\\\/wp-content\\\/uploads\\\/2023\\\/03\\\/received_911709536736977.jpeg?fit=2048%2C1152&ssl=1\",\"width\":2048,\"height\":1152},{\"@type\":\"WebSite\",\"@id\":\"https:\\\/\\\/oeilsportif.info\\\/#website\",\"url\":\"https:\\\/\\\/oeilsportif.info\\\/\",\"name\":\"le regard du sportif\",\"description\":\"\",\"potentialAction\":[{\"@type\":\"SearchAction\",\"target\":{\"@type\":\"EntryPoint\",\"urlTemplate\":\"https:\\\/\\\/oeilsportif.info\\\/?s={search_term_string}\"},\"query-input\":{\"@type\":\"PropertyValueSpecification\",\"valueRequired\":true,\"valueName\":\"search_term_string\"}}],\"inLanguage\":\"fr-FR\"},{\"@type\":\"Person\",\"@id\":\"https:\\\/\\\/oeilsportif.info\\\/#\\\/schema\\\/person\\\/cfbded294aa6095f7d96608d7905e9a1\",\"name\":\"L'Equipe de la R\u00e9daction\",\"image\":{\"@type\":\"ImageObject\",\"inLanguage\":\"fr-FR\",\"@id\":\"https:\\\/\\\/oeilsportif.info\\\/wp-content\\\/uploads\\\/2025\\\/07\\\/cropped-cropped-logo-os-96x96.jpeg\",\"url\":\"https:\\\/\\\/oeilsportif.info\\\/wp-content\\\/uploads\\\/2025\\\/07\\\/cropped-cropped-logo-os-96x96.jpeg\",\"contentUrl\":\"https:\\\/\\\/oeilsportif.info\\\/wp-content\\\/uploads\\\/2025\\\/07\\\/cropped-cropped-logo-os-96x96.jpeg\",\"caption\":\"L'Equipe de la R\u00e9daction\"},\"url\":\"https:\\\/\\\/oeilsportif.info\\\/index.php\\\/author\\\/tawel\\\/\"}]}<\/script>\n<!-- \/ Yoast SEO plugin. -->","yoast_head_json":{"title":"Ligue 1 Guicopres (J-18 ) : Le Hafia FC s'est entra\u00een\u00e9 normalement ce jeudi \u00e0 Kankan ! - le regard du sportif","robots":{"index":"index","follow":"follow","max-snippet":"max-snippet:-1","max-image-preview":"max-image-preview:large","max-video-preview":"max-video-preview:-1"},"canonical":"https:\/\/oeilsportif.info\/index.php\/ligue-1-guicopres-j-18-le-hafia-fc-sest-entraine-normalement-ce-jeudi-a-kankan\/","og_locale":"fr_FR","og_type":"article","og_title":"Ligue 1 Guicopres (J-18 ) : Le Hafia FC s'est entra\u00een\u00e9 normalement ce jeudi \u00e0 Kankan ! - le regard du sportif","og_description":"&nbsp; Compos\u00e9e de 35 personnes dont 21 joueurs, la d\u00e9l\u00e9gation sportive du Hafia FC est arriv\u00e9e mercredi apr\u00e8s-midi \u00e0 Kankan dans le cadre de la 18e et 19e journ\u00e9e de la ligue 1 Guicopres contre l&rsquo;Ashanti le 1er avril et le Milo FC le 5 avril. Ce jeudi \u00e0 11H 30, l&rsquo;\u00e9quipe du pr\u00e9sident Kerfalla [&hellip;]","og_url":"https:\/\/oeilsportif.info\/index.php\/ligue-1-guicopres-j-18-le-hafia-fc-sest-entraine-normalement-ce-jeudi-a-kankan\/","og_site_name":"le regard du sportif","article_published_time":"2023-03-31T09:55:45+00:00","og_image":[{"width":2048,"height":1152,"url":"https:\/\/oeilsportif.info\/wp-content\/uploads\/2023\/03\/received_911709536736977.jpeg","type":"image\/jpeg"}],"author":"L'Equipe de la R\u00e9daction","twitter_misc":{"\u00c9crit par":"L'Equipe de la R\u00e9daction","Dur\u00e9e de lecture estim\u00e9e":"1 minute"},"schema":{"@context":"https:\/\/schema.org","@graph":[{"@type":"Article","@id":"https:\/\/oeilsportif.info\/index.php\/ligue-1-guicopres-j-18-le-hafia-fc-sest-entraine-normalement-ce-jeudi-a-kankan\/#article","isPartOf":{"@id":"https:\/\/oeilsportif.info\/index.php\/ligue-1-guicopres-j-18-le-hafia-fc-sest-entraine-normalement-ce-jeudi-a-kankan\/"},"author":{"name":"L'Equipe de la R\u00e9daction","@id":"https:\/\/oeilsportif.info\/#\/schema\/person\/cfbded294aa6095f7d96608d7905e9a1"},"headline":"Ligue 1 Guicopres (J-18 ) : Le Hafia FC s&rsquo;est entra\u00een\u00e9 normalement ce jeudi \u00e0 Kankan !","datePublished":"2023-03-31T09:55:45+00:00","mainEntityOfPage":{"@id":"https:\/\/oeilsportif.info\/index.php\/ligue-1-guicopres-j-18-le-hafia-fc-sest-entraine-normalement-ce-jeudi-a-kankan\/"},"wordCount":130,"image":{"@id":"https:\/\/oeilsportif.info\/index.php\/ligue-1-guicopres-j-18-le-hafia-fc-sest-entraine-normalement-ce-jeudi-a-kankan\/#primaryimage"},"thumbnailUrl":"https:\/\/i0.wp.com\/oeilsportif.info\/wp-content\/uploads\/2023\/03\/received_911709536736977.jpeg?fit=2048%2C1152&ssl=1","articleSection":["Football"],"inLanguage":"fr-FR"},{"@type":"WebPage","@id":"https:\/\/oeilsportif.info\/index.php\/ligue-1-guicopres-j-18-le-hafia-fc-sest-entraine-normalement-ce-jeudi-a-kankan\/","url":"https:\/\/oeilsportif.info\/index.php\/ligue-1-guicopres-j-18-le-hafia-fc-sest-entraine-normalement-ce-jeudi-a-kankan\/","name":"Ligue 1 Guicopres (J-18 ) : Le Hafia FC s'est entra\u00een\u00e9 normalement ce jeudi \u00e0 Kankan ! - le regard du sportif","isPartOf":{"@id":"https:\/\/oeilsportif.info\/#website"},"primaryImageOfPage":{"@id":"https:\/\/oeilsportif.info\/index.php\/ligue-1-guicopres-j-18-le-hafia-fc-sest-entraine-normalement-ce-jeudi-a-kankan\/#primaryimage"},"image":{"@id":"https:\/\/oeilsportif.info\/index.php\/ligue-1-guicopres-j-18-le-hafia-fc-sest-entraine-normalement-ce-jeudi-a-kankan\/#primaryimage"},"thumbnailUrl":"https:\/\/i0.wp.com\/oeilsportif.info\/wp-content\/uploads\/2023\/03\/received_911709536736977.jpeg?fit=2048%2C1152&ssl=1","datePublished":"2023-03-31T09:55:45+00:00","author":{"@id":"https:\/\/oeilsportif.info\/#\/schema\/person\/cfbded294aa6095f7d96608d7905e9a1"},"inLanguage":"fr-FR","potentialAction":[{"@type":"ReadAction","target":["https:\/\/oeilsportif.info\/index.php\/ligue-1-guicopres-j-18-le-hafia-fc-sest-entraine-normalement-ce-jeudi-a-kankan\/"]}]},{"@type":"ImageObject","inLanguage":"fr-FR","@id":"https:\/\/oeilsportif.info\/index.php\/ligue-1-guicopres-j-18-le-hafia-fc-sest-entraine-normalement-ce-jeudi-a-kankan\/#primaryimage","url":"https:\/\/i0.wp.com\/oeilsportif.info\/wp-content\/uploads\/2023\/03\/received_911709536736977.jpeg?fit=2048%2C1152&ssl=1","contentUrl":"https:\/\/i0.wp.com\/oeilsportif.info\/wp-content\/uploads\/2023\/03\/received_911709536736977.jpeg?fit=2048%2C1152&ssl=1","width":2048,"height":1152},{"@type":"WebSite","@id":"https:\/\/oeilsportif.info\/#website","url":"https:\/\/oeilsportif.info\/","name":"le regard du sportif","description":"","potentialAction":[{"@type":"SearchAction","target":{"@type":"EntryPoint","urlTemplate":"https:\/\/oeilsportif.info\/?s={search_term_string}"},"query-input":{"@type":"PropertyValueSpecification","valueRequired":true,"valueName":"search_term_string"}}],"inLanguage":"fr-FR"},{"@type":"Person","@id":"https:\/\/oeilsportif.info\/#\/schema\/person\/cfbded294aa6095f7d96608d7905e9a1","name":"L'Equipe de la R\u00e9daction","image":{"@type":"ImageObject","inLanguage":"fr-FR","@id":"https:\/\/oeilsportif.info\/wp-content\/uploads\/2025\/07\/cropped-cropped-logo-os-96x96.jpeg","url":"https:\/\/oeilsportif.info\/wp-content\/uploads\/2025\/07\/cropped-cropped-logo-os-96x96.jpeg","contentUrl":"https:\/\/oeilsportif.info\/wp-content\/uploads\/2025\/07\/cropped-cropped-logo-os-96x96.jpeg","caption":"L'Equipe de la R\u00e9daction"},"url":"https:\/\/oeilsportif.info\/index.php\/author\/tawel\/"}]}},"jetpack_publicize_connections":[],"jetpack_featured_media_url":"https:\/\/i0.wp.com\/oeilsportif.info\/wp-content\/uploads\/2023\/03\/received_911709536736977.jpeg?fit=2048%2C1152&ssl=1","jetpack-related-posts":[],"jetpack_sharing_enabled":true,"jetpack_likes_enabled":true,"jetpack_shortlink":"https:\/\/wp.me\/pgFE77-Kx","_links":{"self":[{"href":"https:\/\/oeilsportif.info\/index.php\/wp-json\/wp\/v2\/posts\/2885","targetHints":{"allow":["GET"]}}],"collection":[{"href":"https:\/\/oeilsportif.info\/index.php\/wp-json\/wp\/v2\/posts"}],"about":[{"href":"https:\/\/oeilsportif.info\/index.php\/wp-json\/wp\/v2\/types\/post"}],"author":[{"embeddable":true,"href":"https:\/\/oeilsportif.info\/index.php\/wp-json\/wp\/v2\/users\/2"}],"replies":[{"embeddable":true,"href":"https:\/\/oeilsportif.info\/index.php\/wp-json\/wp\/v2\/comments?post=2885"}],"version-history":[{"count":0,"href":"https:\/\/oeilsportif.info\/index.php\/wp-json\/wp\/v2\/posts\/2885\/revisions"}],"wp:featuredmedia":[{"embeddable":true,"href":"https:\/\/oeilsportif.info\/index.php\/wp-json\/wp\/v2\/media\/2886"}],"wp:attachment":[{"href":"https:\/\/oeilsportif.info\/index.php\/wp-json\/wp\/v2\/media?parent=2885"}],"wp:term":[{"taxonomy":"category","embeddable":true,"href":"https:\/\/oeilsportif.info\/index.php\/wp-json\/wp\/v2\/categories?post=2885"},{"taxonomy":"post_tag","embeddable":true,"href":"https:\/\/oeilsportif.info\/index.php\/wp-json\/wp\/v2\/tags?post=2885"}],"curies":[{"name":"wp","href":"https:\/\/api.w.org\/{rel}","templated":true}]}}