{"id":2882,"date":"2023-03-30T18:57:15","date_gmt":"2023-03-30T18:57:15","guid":{"rendered":"https:\/\/oeilsportif.info\/index.php\/?p=2882"},"modified":"2023-03-30T18:57:15","modified_gmt":"2023-03-30T18:57:15","slug":"la-caf-confirme-les-dates-et-horaires-des-matches-de-la-coupe-dafrique-des-nations-totalenergies-cote-divoire-2023","status":"publish","type":"post","link":"https:\/\/oeilsportif.info\/index.php\/la-caf-confirme-les-dates-et-horaires-des-matches-de-la-coupe-dafrique-des-nations-totalenergies-cote-divoire-2023\/","title":{"rendered":"La CAF confirme les dates et horaires des matches de la Coupe d&rsquo;Afrique des Nations TotalEnergies C\u00f4te d&rsquo;Ivoire 2023"},"content":{"rendered":"<div class=\"d3-l-col__col-8\">\n<div class=\"oc-c-body-part oc-c-body-part--text\">\n<p><em>\u00a0Le coup d&rsquo;envoi de la plus grande comp\u00e9tition africaine sera donn\u00e9 le 13 janvier 2024<\/em><\/p>\n<\/div>\n<div class=\"oc-c-body-part oc-c-body-part--text\">\n<p><em>&#8211; La finale aura lieu le 11 f\u00e9vrier 2024<\/em><\/p>\n<\/div>\n<div class=\"oc-c-body-part oc-c-body-part--text\">\n<p><em>&#8211; Sur la base des premi\u00e8res estimations, la CAF pr\u00e9voit des audiences t\u00e9l\u00e9vis\u00e9es et des fr\u00e9quentations de stade record pour la CAN TotalEnergies 2023.<\/em><\/p>\n<\/div>\n<div class=\"oc-c-body-part oc-c-body-part--text\">\n<p><em>&#8211; Un int\u00e9r\u00eat sans pr\u00e9c\u00e9dent se dessine de la part des d\u00e9tenteurs de licences de droits m\u00e9dias mondiaux<\/em><\/p>\n<\/div>\n<div class=\"oc-c-body-part oc-c-body-part--text\">\n<p><em>&#8211; Six nations : L&rsquo;Alg\u00e9rie, le Maroc, l&rsquo;Afrique du Sud, la Tunisie, le Burkina Faso et le S\u00e9n\u00e9gal ont d\u00e9croch\u00e9 leur ticket pour la C\u00f4te d&rsquo;Ivoire le week-end dernier.<\/em><\/p>\n<\/div>\n<\/div>\n<div class=\"d3-l-col__col-8\">\n<div class=\"oc-c-body-part oc-c-body-part--text\">\n<p>Les dates officielles de la Coupe d&rsquo;Afrique des Nations TotalEnergies C\u00f4te d&rsquo;Ivoire 2023 ont \u00e9t\u00e9 confirm\u00e9es par la CAF. Le match d&rsquo;ouverture aura lieu le samedi 13 janvier 2024 au stade Alassane Ouattara d&rsquo;Ebimpe, \u00e0 Abidjan.<\/p>\n<\/div>\n<div class=\"oc-c-body-part oc-c-body-part--text\">\n<p>Le tournoi de quatre semaines, opposant les 24 meilleures nations d&rsquo;Afrique, s&rsquo;ach\u00e8vera officiellement le 11 f\u00e9vrier 2024.<\/p>\n<\/div>\n<div class=\"oc-c-body-part oc-c-body-part--text\">\n<p>Il s&rsquo;agira de la 34e \u00e9dition du tournoi, qui revient en C\u00f4te d&rsquo;Ivoire pour la deuxi\u00e8me fois apr\u00e8s 1984, o\u00f9 le Cameroun avait remport\u00e9 la comp\u00e9tition pour la premi\u00e8re fois.<\/p>\n<\/div>\n<div class=\"oc-c-body-part oc-c-body-part--text\">\n<p>Les \u00e9liminatoires de la CAN TotalEnergies 2023 approchent de leur terme, et la route vers la C\u00f4te d&rsquo;Ivoire se dessine peu \u00e0 peu. Le monde entier se pr\u00e9pare au plus grand spectacle de football d&rsquo;Afrique.<\/p>\n<\/div>\n<div class=\"oc-c-body-part oc-c-body-part--text\">\n<p>\u00c0 l&rsquo;issue de la quatri\u00e8me journ\u00e9e de qualification qui avait lieu le week-end dernier, six pays ont obtenu leur place pour le tournoi final, rejoignant ainsi le pays h\u00f4te, la C\u00f4te d&rsquo;Ivoire. Il s&rsquo;agit de l&rsquo;Alg\u00e9rie, du Maroc, de l&rsquo;Afrique du Sud, de la Tunisie, du Burkina Faso et du S\u00e9n\u00e9gal, champion d&rsquo;Afrique.<\/p>\n<\/div>\n<div class=\"oc-c-body-part oc-c-body-part--text\">\n<p>Le Secr\u00e9taire G\u00e9n\u00e9ral de la CAF, V\u00e9ron Mosengo-Omba, a \u00e9galement confirm\u00e9 que le tirage au sort officiel de la Coupe d&rsquo;Afrique des Nations TotalEnergies C\u00f4te d&rsquo;Ivoire 2023 aura lieu en septembre prochain. La date et le lieu seront confirm\u00e9s ult\u00e9rieurement.<\/p>\n<\/div>\n<div class=\"oc-c-body-part oc-c-body-part--text\">\n<p>Avec la croissance rapide de l&rsquo;int\u00e9r\u00eat mondial pour les comp\u00e9titions de la CAF enregistr\u00e9e au cours des derniers mois, la CAF pr\u00e9voit des audiences t\u00e9l\u00e9vis\u00e9es mondiales et des affluences record dans les stades pour l&rsquo;\u00e9dition de l&rsquo;ann\u00e9e prochaine de sa comp\u00e9tition phare \u2013 un \u00e9v\u00e8nement qui d\u00e9tient \u00e9galement le palmar\u00e8s de l&rsquo;\u00e9v\u00e9nement le plus important d&rsquo;Afrique.<\/p>\n<\/div>\n<div class=\"oc-c-body-part oc-c-body-part--text\">\n<p>Comme on a pu le constater lors des derni\u00e8res comp\u00e9titions, la CAF a fait des pas de g\u00e9ant pour am\u00e9liorer l&rsquo;exp\u00e9rience des t\u00e9l\u00e9spectateurs et des spectateurs dans les stades lors de ses comp\u00e9titions gr\u00e2ce \u00e0 l&rsquo;introduction d&rsquo;une technologie de diffusion de pointe et \u00e0 l&rsquo;engagement num\u00e9rique, ce qui permet d&rsquo;obtenir un produit de classe mondiale consomm\u00e9 en temps r\u00e9el \u00e0 l&rsquo;\u00e9chelle mondiale.<\/p>\n<\/div>\n<\/div>\n<div class=\"d3-l-col__col-8\">\n<div class=\"oc-c-body-part oc-c-body-part--text\">\n<p><strong>CAF &#8211; Direction de la Communication<\/strong><\/p>\n<\/div>\n<div class=\"oc-c-body-part oc-c-body-part--text\">\n<p><a href=\"mailto:communications@cafonline.com\">communications@cafonline.com8<\/a><\/p>\n<\/div>\n<\/div>\n","protected":false},"excerpt":{"rendered":"<p>\u00a0Le coup d&rsquo;envoi de la plus grande comp\u00e9tition africaine sera donn\u00e9 le 13 janvier 2024 &#8211; La finale aura lieu le 11 f\u00e9vrier 2024 &#8211; Sur la base des premi\u00e8res estimations, la CAF pr\u00e9voit des audiences t\u00e9l\u00e9vis\u00e9es et des fr\u00e9quentations de stade record pour la CAN TotalEnergies 2023. &#8211; Un int\u00e9r\u00eat sans pr\u00e9c\u00e9dent se dessine [&hellip;]<\/p>\n","protected":false},"author":2,"featured_media":2883,"comment_status":"closed","ping_status":"open","sticky":false,"template":"","format":"standard","meta":{"_jetpack_memberships_contains_paid_content":false,"footnotes":"","jetpack_publicize_message":"","jetpack_publicize_feature_enabled":true,"jetpack_social_post_already_shared":true,"jetpack_social_options":{"image_generator_settings":{"template":"highway","default_image_id":0,"font":"","enabled":false},"version":2}},"categories":[5],"tags":[],"class_list":{"0":"post-2882","1":"post","2":"type-post","3":"status-publish","4":"format-standard","5":"has-post-thumbnail","7":"category-football"},"yoast_head":"<!-- This site is optimized with the Yoast SEO plugin v27.5 - https:\/\/yoast.com\/product\/yoast-seo-wordpress\/ -->\n<title>La CAF confirme les dates et horaires des matches de la Coupe d&#039;Afrique des Nations TotalEnergies C\u00f4te d&#039;Ivoire 2023 - le regard du sportif<\/title>\n<meta name=\"robots\" content=\"index, follow, max-snippet:-1, max-image-preview:large, max-video-preview:-1\" \/>\n<link rel=\"canonical\" href=\"https:\/\/oeilsportif.info\/index.php\/la-caf-confirme-les-dates-et-horaires-des-matches-de-la-coupe-dafrique-des-nations-totalenergies-cote-divoire-2023\/\" \/>\n<meta property=\"og:locale\" content=\"fr_FR\" \/>\n<meta property=\"og:type\" content=\"article\" \/>\n<meta property=\"og:title\" content=\"La CAF confirme les dates et horaires des matches de la Coupe d&#039;Afrique des Nations TotalEnergies C\u00f4te d&#039;Ivoire 2023 - le regard du sportif\" \/>\n<meta property=\"og:description\" content=\"\u00a0Le coup d&rsquo;envoi de la plus grande comp\u00e9tition africaine sera donn\u00e9 le 13 janvier 2024 &#8211; La finale aura lieu le 11 f\u00e9vrier 2024 &#8211; Sur la base des premi\u00e8res estimations, la CAF pr\u00e9voit des audiences t\u00e9l\u00e9vis\u00e9es et des fr\u00e9quentations de stade record pour la CAN TotalEnergies 2023. &#8211; Un int\u00e9r\u00eat sans pr\u00e9c\u00e9dent se dessine [&hellip;]\" \/>\n<meta property=\"og:url\" content=\"https:\/\/oeilsportif.info\/index.php\/la-caf-confirme-les-dates-et-horaires-des-matches-de-la-coupe-dafrique-des-nations-totalenergies-cote-divoire-2023\/\" \/>\n<meta property=\"og:site_name\" content=\"le regard du sportif\" \/>\n<meta property=\"article:published_time\" content=\"2023-03-30T18:57:15+00:00\" \/>\n<meta property=\"og:image\" content=\"https:\/\/oeilsportif.info\/wp-content\/uploads\/2023\/03\/FB_IMG_1680202603724.jpg\" \/>\n\t<meta property=\"og:image:width\" content=\"500\" \/>\n\t<meta property=\"og:image:height\" content=\"500\" \/>\n\t<meta property=\"og:image:type\" content=\"image\/jpeg\" \/>\n<meta name=\"author\" content=\"L&#039;Equipe de la R\u00e9daction\" \/>\n<meta name=\"twitter:label1\" content=\"\u00c9crit par\" \/>\n\t<meta name=\"twitter:data1\" content=\"L&#039;Equipe de la R\u00e9daction\" \/>\n\t<meta name=\"twitter:label2\" content=\"Dur\u00e9e de lecture estim\u00e9e\" \/>\n\t<meta name=\"twitter:data2\" content=\"3 minutes\" \/>\n<script type=\"application\/ld+json\" class=\"yoast-schema-graph\">{\"@context\":\"https:\\\/\\\/schema.org\",\"@graph\":[{\"@type\":\"Article\",\"@id\":\"https:\\\/\\\/oeilsportif.info\\\/index.php\\\/la-caf-confirme-les-dates-et-horaires-des-matches-de-la-coupe-dafrique-des-nations-totalenergies-cote-divoire-2023\\\/#article\",\"isPartOf\":{\"@id\":\"https:\\\/\\\/oeilsportif.info\\\/index.php\\\/la-caf-confirme-les-dates-et-horaires-des-matches-de-la-coupe-dafrique-des-nations-totalenergies-cote-divoire-2023\\\/\"},\"author\":{\"name\":\"L'Equipe de la R\u00e9daction\",\"@id\":\"https:\\\/\\\/oeilsportif.info\\\/#\\\/schema\\\/person\\\/cfbded294aa6095f7d96608d7905e9a1\"},\"headline\":\"La CAF confirme les dates et horaires des matches de la Coupe d&rsquo;Afrique des Nations TotalEnergies C\u00f4te d&rsquo;Ivoire 2023\",\"datePublished\":\"2023-03-30T18:57:15+00:00\",\"mainEntityOfPage\":{\"@id\":\"https:\\\/\\\/oeilsportif.info\\\/index.php\\\/la-caf-confirme-les-dates-et-horaires-des-matches-de-la-coupe-dafrique-des-nations-totalenergies-cote-divoire-2023\\\/\"},\"wordCount\":534,\"image\":{\"@id\":\"https:\\\/\\\/oeilsportif.info\\\/index.php\\\/la-caf-confirme-les-dates-et-horaires-des-matches-de-la-coupe-dafrique-des-nations-totalenergies-cote-divoire-2023\\\/#primaryimage\"},\"thumbnailUrl\":\"https:\\\/\\\/i0.wp.com\\\/oeilsportif.info\\\/wp-content\\\/uploads\\\/2023\\\/03\\\/FB_IMG_1680202603724.jpg?fit=500%2C500&ssl=1\",\"articleSection\":[\"Football\"],\"inLanguage\":\"fr-FR\"},{\"@type\":\"WebPage\",\"@id\":\"https:\\\/\\\/oeilsportif.info\\\/index.php\\\/la-caf-confirme-les-dates-et-horaires-des-matches-de-la-coupe-dafrique-des-nations-totalenergies-cote-divoire-2023\\\/\",\"url\":\"https:\\\/\\\/oeilsportif.info\\\/index.php\\\/la-caf-confirme-les-dates-et-horaires-des-matches-de-la-coupe-dafrique-des-nations-totalenergies-cote-divoire-2023\\\/\",\"name\":\"La CAF confirme les dates et horaires des matches de la Coupe d'Afrique des Nations TotalEnergies C\u00f4te d'Ivoire 2023 - le regard du sportif\",\"isPartOf\":{\"@id\":\"https:\\\/\\\/oeilsportif.info\\\/#website\"},\"primaryImageOfPage\":{\"@id\":\"https:\\\/\\\/oeilsportif.info\\\/index.php\\\/la-caf-confirme-les-dates-et-horaires-des-matches-de-la-coupe-dafrique-des-nations-totalenergies-cote-divoire-2023\\\/#primaryimage\"},\"image\":{\"@id\":\"https:\\\/\\\/oeilsportif.info\\\/index.php\\\/la-caf-confirme-les-dates-et-horaires-des-matches-de-la-coupe-dafrique-des-nations-totalenergies-cote-divoire-2023\\\/#primaryimage\"},\"thumbnailUrl\":\"https:\\\/\\\/i0.wp.com\\\/oeilsportif.info\\\/wp-content\\\/uploads\\\/2023\\\/03\\\/FB_IMG_1680202603724.jpg?fit=500%2C500&ssl=1\",\"datePublished\":\"2023-03-30T18:57:15+00:00\",\"author\":{\"@id\":\"https:\\\/\\\/oeilsportif.info\\\/#\\\/schema\\\/person\\\/cfbded294aa6095f7d96608d7905e9a1\"},\"inLanguage\":\"fr-FR\",\"potentialAction\":[{\"@type\":\"ReadAction\",\"target\":[\"https:\\\/\\\/oeilsportif.info\\\/index.php\\\/la-caf-confirme-les-dates-et-horaires-des-matches-de-la-coupe-dafrique-des-nations-totalenergies-cote-divoire-2023\\\/\"]}]},{\"@type\":\"ImageObject\",\"inLanguage\":\"fr-FR\",\"@id\":\"https:\\\/\\\/oeilsportif.info\\\/index.php\\\/la-caf-confirme-les-dates-et-horaires-des-matches-de-la-coupe-dafrique-des-nations-totalenergies-cote-divoire-2023\\\/#primaryimage\",\"url\":\"https:\\\/\\\/i0.wp.com\\\/oeilsportif.info\\\/wp-content\\\/uploads\\\/2023\\\/03\\\/FB_IMG_1680202603724.jpg?fit=500%2C500&ssl=1\",\"contentUrl\":\"https:\\\/\\\/i0.wp.com\\\/oeilsportif.info\\\/wp-content\\\/uploads\\\/2023\\\/03\\\/FB_IMG_1680202603724.jpg?fit=500%2C500&ssl=1\",\"width\":500,\"height\":500},{\"@type\":\"WebSite\",\"@id\":\"https:\\\/\\\/oeilsportif.info\\\/#website\",\"url\":\"https:\\\/\\\/oeilsportif.info\\\/\",\"name\":\"le regard du sportif\",\"description\":\"\",\"potentialAction\":[{\"@type\":\"SearchAction\",\"target\":{\"@type\":\"EntryPoint\",\"urlTemplate\":\"https:\\\/\\\/oeilsportif.info\\\/?s={search_term_string}\"},\"query-input\":{\"@type\":\"PropertyValueSpecification\",\"valueRequired\":true,\"valueName\":\"search_term_string\"}}],\"inLanguage\":\"fr-FR\"},{\"@type\":\"Person\",\"@id\":\"https:\\\/\\\/oeilsportif.info\\\/#\\\/schema\\\/person\\\/cfbded294aa6095f7d96608d7905e9a1\",\"name\":\"L'Equipe de la R\u00e9daction\",\"image\":{\"@type\":\"ImageObject\",\"inLanguage\":\"fr-FR\",\"@id\":\"https:\\\/\\\/oeilsportif.info\\\/wp-content\\\/uploads\\\/2025\\\/07\\\/cropped-cropped-logo-os-96x96.jpeg\",\"url\":\"https:\\\/\\\/oeilsportif.info\\\/wp-content\\\/uploads\\\/2025\\\/07\\\/cropped-cropped-logo-os-96x96.jpeg\",\"contentUrl\":\"https:\\\/\\\/oeilsportif.info\\\/wp-content\\\/uploads\\\/2025\\\/07\\\/cropped-cropped-logo-os-96x96.jpeg\",\"caption\":\"L'Equipe de la R\u00e9daction\"},\"url\":\"https:\\\/\\\/oeilsportif.info\\\/index.php\\\/author\\\/tawel\\\/\"}]}<\/script>\n<!-- \/ Yoast SEO plugin. -->","yoast_head_json":{"title":"La CAF confirme les dates et horaires des matches de la Coupe d'Afrique des Nations TotalEnergies C\u00f4te d'Ivoire 2023 - le regard du sportif","robots":{"index":"index","follow":"follow","max-snippet":"max-snippet:-1","max-image-preview":"max-image-preview:large","max-video-preview":"max-video-preview:-1"},"canonical":"https:\/\/oeilsportif.info\/index.php\/la-caf-confirme-les-dates-et-horaires-des-matches-de-la-coupe-dafrique-des-nations-totalenergies-cote-divoire-2023\/","og_locale":"fr_FR","og_type":"article","og_title":"La CAF confirme les dates et horaires des matches de la Coupe d'Afrique des Nations TotalEnergies C\u00f4te d'Ivoire 2023 - le regard du sportif","og_description":"\u00a0Le coup d&rsquo;envoi de la plus grande comp\u00e9tition africaine sera donn\u00e9 le 13 janvier 2024 &#8211; La finale aura lieu le 11 f\u00e9vrier 2024 &#8211; Sur la base des premi\u00e8res estimations, la CAF pr\u00e9voit des audiences t\u00e9l\u00e9vis\u00e9es et des fr\u00e9quentations de stade record pour la CAN TotalEnergies 2023. &#8211; Un int\u00e9r\u00eat sans pr\u00e9c\u00e9dent se dessine [&hellip;]","og_url":"https:\/\/oeilsportif.info\/index.php\/la-caf-confirme-les-dates-et-horaires-des-matches-de-la-coupe-dafrique-des-nations-totalenergies-cote-divoire-2023\/","og_site_name":"le regard du sportif","article_published_time":"2023-03-30T18:57:15+00:00","og_image":[{"width":500,"height":500,"url":"https:\/\/oeilsportif.info\/wp-content\/uploads\/2023\/03\/FB_IMG_1680202603724.jpg","type":"image\/jpeg"}],"author":"L'Equipe de la R\u00e9daction","twitter_misc":{"\u00c9crit par":"L'Equipe de la R\u00e9daction","Dur\u00e9e de lecture estim\u00e9e":"3 minutes"},"schema":{"@context":"https:\/\/schema.org","@graph":[{"@type":"Article","@id":"https:\/\/oeilsportif.info\/index.php\/la-caf-confirme-les-dates-et-horaires-des-matches-de-la-coupe-dafrique-des-nations-totalenergies-cote-divoire-2023\/#article","isPartOf":{"@id":"https:\/\/oeilsportif.info\/index.php\/la-caf-confirme-les-dates-et-horaires-des-matches-de-la-coupe-dafrique-des-nations-totalenergies-cote-divoire-2023\/"},"author":{"name":"L'Equipe de la R\u00e9daction","@id":"https:\/\/oeilsportif.info\/#\/schema\/person\/cfbded294aa6095f7d96608d7905e9a1"},"headline":"La CAF confirme les dates et horaires des matches de la Coupe d&rsquo;Afrique des Nations TotalEnergies C\u00f4te d&rsquo;Ivoire 2023","datePublished":"2023-03-30T18:57:15+00:00","mainEntityOfPage":{"@id":"https:\/\/oeilsportif.info\/index.php\/la-caf-confirme-les-dates-et-horaires-des-matches-de-la-coupe-dafrique-des-nations-totalenergies-cote-divoire-2023\/"},"wordCount":534,"image":{"@id":"https:\/\/oeilsportif.info\/index.php\/la-caf-confirme-les-dates-et-horaires-des-matches-de-la-coupe-dafrique-des-nations-totalenergies-cote-divoire-2023\/#primaryimage"},"thumbnailUrl":"https:\/\/i0.wp.com\/oeilsportif.info\/wp-content\/uploads\/2023\/03\/FB_IMG_1680202603724.jpg?fit=500%2C500&ssl=1","articleSection":["Football"],"inLanguage":"fr-FR"},{"@type":"WebPage","@id":"https:\/\/oeilsportif.info\/index.php\/la-caf-confirme-les-dates-et-horaires-des-matches-de-la-coupe-dafrique-des-nations-totalenergies-cote-divoire-2023\/","url":"https:\/\/oeilsportif.info\/index.php\/la-caf-confirme-les-dates-et-horaires-des-matches-de-la-coupe-dafrique-des-nations-totalenergies-cote-divoire-2023\/","name":"La CAF confirme les dates et horaires des matches de la Coupe d'Afrique des Nations TotalEnergies C\u00f4te d'Ivoire 2023 - le regard du sportif","isPartOf":{"@id":"https:\/\/oeilsportif.info\/#website"},"primaryImageOfPage":{"@id":"https:\/\/oeilsportif.info\/index.php\/la-caf-confirme-les-dates-et-horaires-des-matches-de-la-coupe-dafrique-des-nations-totalenergies-cote-divoire-2023\/#primaryimage"},"image":{"@id":"https:\/\/oeilsportif.info\/index.php\/la-caf-confirme-les-dates-et-horaires-des-matches-de-la-coupe-dafrique-des-nations-totalenergies-cote-divoire-2023\/#primaryimage"},"thumbnailUrl":"https:\/\/i0.wp.com\/oeilsportif.info\/wp-content\/uploads\/2023\/03\/FB_IMG_1680202603724.jpg?fit=500%2C500&ssl=1","datePublished":"2023-03-30T18:57:15+00:00","author":{"@id":"https:\/\/oeilsportif.info\/#\/schema\/person\/cfbded294aa6095f7d96608d7905e9a1"},"inLanguage":"fr-FR","potentialAction":[{"@type":"ReadAction","target":["https:\/\/oeilsportif.info\/index.php\/la-caf-confirme-les-dates-et-horaires-des-matches-de-la-coupe-dafrique-des-nations-totalenergies-cote-divoire-2023\/"]}]},{"@type":"ImageObject","inLanguage":"fr-FR","@id":"https:\/\/oeilsportif.info\/index.php\/la-caf-confirme-les-dates-et-horaires-des-matches-de-la-coupe-dafrique-des-nations-totalenergies-cote-divoire-2023\/#primaryimage","url":"https:\/\/i0.wp.com\/oeilsportif.info\/wp-content\/uploads\/2023\/03\/FB_IMG_1680202603724.jpg?fit=500%2C500&ssl=1","contentUrl":"https:\/\/i0.wp.com\/oeilsportif.info\/wp-content\/uploads\/2023\/03\/FB_IMG_1680202603724.jpg?fit=500%2C500&ssl=1","width":500,"height":500},{"@type":"WebSite","@id":"https:\/\/oeilsportif.info\/#website","url":"https:\/\/oeilsportif.info\/","name":"le regard du sportif","description":"","potentialAction":[{"@type":"SearchAction","target":{"@type":"EntryPoint","urlTemplate":"https:\/\/oeilsportif.info\/?s={search_term_string}"},"query-input":{"@type":"PropertyValueSpecification","valueRequired":true,"valueName":"search_term_string"}}],"inLanguage":"fr-FR"},{"@type":"Person","@id":"https:\/\/oeilsportif.info\/#\/schema\/person\/cfbded294aa6095f7d96608d7905e9a1","name":"L'Equipe de la R\u00e9daction","image":{"@type":"ImageObject","inLanguage":"fr-FR","@id":"https:\/\/oeilsportif.info\/wp-content\/uploads\/2025\/07\/cropped-cropped-logo-os-96x96.jpeg","url":"https:\/\/oeilsportif.info\/wp-content\/uploads\/2025\/07\/cropped-cropped-logo-os-96x96.jpeg","contentUrl":"https:\/\/oeilsportif.info\/wp-content\/uploads\/2025\/07\/cropped-cropped-logo-os-96x96.jpeg","caption":"L'Equipe de la R\u00e9daction"},"url":"https:\/\/oeilsportif.info\/index.php\/author\/tawel\/"}]}},"jetpack_publicize_connections":[],"jetpack_featured_media_url":"https:\/\/i0.wp.com\/oeilsportif.info\/wp-content\/uploads\/2023\/03\/FB_IMG_1680202603724.jpg?fit=500%2C500&ssl=1","jetpack-related-posts":[],"jetpack_sharing_enabled":true,"jetpack_likes_enabled":true,"jetpack_shortlink":"https:\/\/wp.me\/pgFE77-Ku","_links":{"self":[{"href":"https:\/\/oeilsportif.info\/index.php\/wp-json\/wp\/v2\/posts\/2882","targetHints":{"allow":["GET"]}}],"collection":[{"href":"https:\/\/oeilsportif.info\/index.php\/wp-json\/wp\/v2\/posts"}],"about":[{"href":"https:\/\/oeilsportif.info\/index.php\/wp-json\/wp\/v2\/types\/post"}],"author":[{"embeddable":true,"href":"https:\/\/oeilsportif.info\/index.php\/wp-json\/wp\/v2\/users\/2"}],"replies":[{"embeddable":true,"href":"https:\/\/oeilsportif.info\/index.php\/wp-json\/wp\/v2\/comments?post=2882"}],"version-history":[{"count":0,"href":"https:\/\/oeilsportif.info\/index.php\/wp-json\/wp\/v2\/posts\/2882\/revisions"}],"wp:featuredmedia":[{"embeddable":true,"href":"https:\/\/oeilsportif.info\/index.php\/wp-json\/wp\/v2\/media\/2883"}],"wp:attachment":[{"href":"https:\/\/oeilsportif.info\/index.php\/wp-json\/wp\/v2\/media?parent=2882"}],"wp:term":[{"taxonomy":"category","embeddable":true,"href":"https:\/\/oeilsportif.info\/index.php\/wp-json\/wp\/v2\/categories?post=2882"},{"taxonomy":"post_tag","embeddable":true,"href":"https:\/\/oeilsportif.info\/index.php\/wp-json\/wp\/v2\/tags?post=2882"}],"curies":[{"name":"wp","href":"https:\/\/api.w.org\/{rel}","templated":true}]}}