{"id":2841,"date":"2023-03-13T13:16:17","date_gmt":"2023-03-13T13:16:17","guid":{"rendered":"https:\/\/oeilsportif.info\/index.php\/?p=2841"},"modified":"2023-03-13T13:16:17","modified_gmt":"2023-03-13T13:16:17","slug":"2e-edition-du-tournoi-african-youth-cup-lequipe-reserve-du-hafia-domaine-lafrique-foot-elite-du-mali-1-0","status":"publish","type":"post","link":"https:\/\/oeilsportif.info\/index.php\/2e-edition-du-tournoi-african-youth-cup-lequipe-reserve-du-hafia-domaine-lafrique-foot-elite-du-mali-1-0\/","title":{"rendered":"2e \u00e9dition du tournoi African Youth Cup : L&rsquo;\u00e9quipe r\u00e9serve du Hafia domaine l&rsquo;Afrique Foot \u00c9lite du Mali (1-0)."},"content":{"rendered":"<p><strong>Ce lundi 13 mars 2023 au Stade Petit Sory de Nongo l&rsquo;\u00e9quipe r\u00e9serve du Hafia Football Club du Pr\u00e9sident Kerfalla Camara Kpc a remport\u00e9 son premier match de poule du Tournoi International African Youth Cup U-18 organis\u00e9 par Fella Sport Management.<\/strong><\/p>\n<p>Dans cette rencontre, l&rsquo;\u00e9quipe r\u00e9serve du Hafia FC a fait preuve de r\u00e9alisme en marquant au moment opportun gr\u00e2ce \u00e0 Sankhoumba Sylla et en r\u00e9sistant aux assauts adverses gr\u00e2ce aux nombreuses parades du jeune gardien Tafsir Soumah infranchissable dans le but du Hafia FC. Avec ce succ\u00e8s, l&rsquo;\u00e9quipe r\u00e9serve du Hafia Football Club du Pr\u00e9sident KPC remporte son premier match du groupe de la 2\u00e8me \u00c9dition du Tournoi International African Youth Cup U-18.<\/p>\n<p>Pour rappel, la premi\u00e8re \u00e9dition de ladite comp\u00e9tition a \u00e9t\u00e9 remport\u00e9e par l&rsquo;\u00e9quipe r\u00e9serve du Hafia Football Club du Pr\u00e9sident KPC en 2022.<\/p>\n<p><strong>Mohamed Tawel Camara<\/strong><\/p>\n","protected":false},"excerpt":{"rendered":"<p>Ce lundi 13 mars 2023 au Stade Petit Sory de Nongo l&rsquo;\u00e9quipe r\u00e9serve du Hafia Football Club du Pr\u00e9sident Kerfalla Camara Kpc a remport\u00e9 son premier match de poule du Tournoi International African Youth Cup U-18 organis\u00e9 par Fella Sport Management. Dans cette rencontre, l&rsquo;\u00e9quipe r\u00e9serve du Hafia FC a fait preuve de r\u00e9alisme en [&hellip;]<\/p>\n","protected":false},"author":2,"featured_media":2842,"comment_status":"closed","ping_status":"open","sticky":false,"template":"","format":"standard","meta":{"_jetpack_memberships_contains_paid_content":false,"footnotes":"","jetpack_publicize_message":"","jetpack_publicize_feature_enabled":true,"jetpack_social_post_already_shared":true,"jetpack_social_options":{"image_generator_settings":{"template":"highway","default_image_id":0,"font":"","enabled":false},"version":2}},"categories":[5],"tags":[],"class_list":{"0":"post-2841","1":"post","2":"type-post","3":"status-publish","4":"format-standard","5":"has-post-thumbnail","7":"category-football"},"yoast_head":"<!-- This site is optimized with the Yoast SEO plugin v27.5 - https:\/\/yoast.com\/product\/yoast-seo-wordpress\/ -->\n<title>2e \u00e9dition du tournoi African Youth Cup : L&#039;\u00e9quipe r\u00e9serve du Hafia domaine l&#039;Afrique Foot \u00c9lite du Mali (1-0). - le regard du sportif<\/title>\n<meta name=\"robots\" content=\"index, follow, max-snippet:-1, max-image-preview:large, max-video-preview:-1\" \/>\n<link rel=\"canonical\" href=\"https:\/\/oeilsportif.info\/index.php\/2e-edition-du-tournoi-african-youth-cup-lequipe-reserve-du-hafia-domaine-lafrique-foot-elite-du-mali-1-0\/\" \/>\n<meta property=\"og:locale\" content=\"fr_FR\" \/>\n<meta property=\"og:type\" content=\"article\" \/>\n<meta property=\"og:title\" content=\"2e \u00e9dition du tournoi African Youth Cup : L&#039;\u00e9quipe r\u00e9serve du Hafia domaine l&#039;Afrique Foot \u00c9lite du Mali (1-0). - le regard du sportif\" \/>\n<meta property=\"og:description\" content=\"Ce lundi 13 mars 2023 au Stade Petit Sory de Nongo l&rsquo;\u00e9quipe r\u00e9serve du Hafia Football Club du Pr\u00e9sident Kerfalla Camara Kpc a remport\u00e9 son premier match de poule du Tournoi International African Youth Cup U-18 organis\u00e9 par Fella Sport Management. Dans cette rencontre, l&rsquo;\u00e9quipe r\u00e9serve du Hafia FC a fait preuve de r\u00e9alisme en [&hellip;]\" \/>\n<meta property=\"og:url\" content=\"https:\/\/oeilsportif.info\/index.php\/2e-edition-du-tournoi-african-youth-cup-lequipe-reserve-du-hafia-domaine-lafrique-foot-elite-du-mali-1-0\/\" \/>\n<meta property=\"og:site_name\" content=\"le regard du sportif\" \/>\n<meta property=\"article:published_time\" content=\"2023-03-13T13:16:17+00:00\" \/>\n<meta property=\"og:image\" content=\"https:\/\/oeilsportif.info\/wp-content\/uploads\/2023\/03\/Screenshot_20230313_113459_Gallery.jpg\" \/>\n\t<meta property=\"og:image:width\" content=\"1080\" \/>\n\t<meta property=\"og:image:height\" content=\"773\" \/>\n\t<meta property=\"og:image:type\" content=\"image\/jpeg\" \/>\n<meta name=\"author\" content=\"L&#039;Equipe de la R\u00e9daction\" \/>\n<meta name=\"twitter:label1\" content=\"\u00c9crit par\" \/>\n\t<meta name=\"twitter:data1\" content=\"L&#039;Equipe de la R\u00e9daction\" \/>\n\t<meta name=\"twitter:label2\" content=\"Dur\u00e9e de lecture estim\u00e9e\" \/>\n\t<meta name=\"twitter:data2\" content=\"1 minute\" \/>\n<script type=\"application\/ld+json\" class=\"yoast-schema-graph\">{\"@context\":\"https:\\\/\\\/schema.org\",\"@graph\":[{\"@type\":\"Article\",\"@id\":\"https:\\\/\\\/oeilsportif.info\\\/index.php\\\/2e-edition-du-tournoi-african-youth-cup-lequipe-reserve-du-hafia-domaine-lafrique-foot-elite-du-mali-1-0\\\/#article\",\"isPartOf\":{\"@id\":\"https:\\\/\\\/oeilsportif.info\\\/index.php\\\/2e-edition-du-tournoi-african-youth-cup-lequipe-reserve-du-hafia-domaine-lafrique-foot-elite-du-mali-1-0\\\/\"},\"author\":{\"name\":\"L'Equipe de la R\u00e9daction\",\"@id\":\"https:\\\/\\\/oeilsportif.info\\\/#\\\/schema\\\/person\\\/cfbded294aa6095f7d96608d7905e9a1\"},\"headline\":\"2e \u00e9dition du tournoi African Youth Cup : L&rsquo;\u00e9quipe r\u00e9serve du Hafia domaine l&rsquo;Afrique Foot \u00c9lite du Mali (1-0).\",\"datePublished\":\"2023-03-13T13:16:17+00:00\",\"mainEntityOfPage\":{\"@id\":\"https:\\\/\\\/oeilsportif.info\\\/index.php\\\/2e-edition-du-tournoi-african-youth-cup-lequipe-reserve-du-hafia-domaine-lafrique-foot-elite-du-mali-1-0\\\/\"},\"wordCount\":176,\"image\":{\"@id\":\"https:\\\/\\\/oeilsportif.info\\\/index.php\\\/2e-edition-du-tournoi-african-youth-cup-lequipe-reserve-du-hafia-domaine-lafrique-foot-elite-du-mali-1-0\\\/#primaryimage\"},\"thumbnailUrl\":\"https:\\\/\\\/i0.wp.com\\\/oeilsportif.info\\\/wp-content\\\/uploads\\\/2023\\\/03\\\/Screenshot_20230313_113459_Gallery.jpg?fit=1080%2C773&ssl=1\",\"articleSection\":[\"Football\"],\"inLanguage\":\"fr-FR\"},{\"@type\":\"WebPage\",\"@id\":\"https:\\\/\\\/oeilsportif.info\\\/index.php\\\/2e-edition-du-tournoi-african-youth-cup-lequipe-reserve-du-hafia-domaine-lafrique-foot-elite-du-mali-1-0\\\/\",\"url\":\"https:\\\/\\\/oeilsportif.info\\\/index.php\\\/2e-edition-du-tournoi-african-youth-cup-lequipe-reserve-du-hafia-domaine-lafrique-foot-elite-du-mali-1-0\\\/\",\"name\":\"2e \u00e9dition du tournoi African Youth Cup : L'\u00e9quipe r\u00e9serve du Hafia domaine l'Afrique Foot \u00c9lite du Mali (1-0). - le regard du sportif\",\"isPartOf\":{\"@id\":\"https:\\\/\\\/oeilsportif.info\\\/#website\"},\"primaryImageOfPage\":{\"@id\":\"https:\\\/\\\/oeilsportif.info\\\/index.php\\\/2e-edition-du-tournoi-african-youth-cup-lequipe-reserve-du-hafia-domaine-lafrique-foot-elite-du-mali-1-0\\\/#primaryimage\"},\"image\":{\"@id\":\"https:\\\/\\\/oeilsportif.info\\\/index.php\\\/2e-edition-du-tournoi-african-youth-cup-lequipe-reserve-du-hafia-domaine-lafrique-foot-elite-du-mali-1-0\\\/#primaryimage\"},\"thumbnailUrl\":\"https:\\\/\\\/i0.wp.com\\\/oeilsportif.info\\\/wp-content\\\/uploads\\\/2023\\\/03\\\/Screenshot_20230313_113459_Gallery.jpg?fit=1080%2C773&ssl=1\",\"datePublished\":\"2023-03-13T13:16:17+00:00\",\"author\":{\"@id\":\"https:\\\/\\\/oeilsportif.info\\\/#\\\/schema\\\/person\\\/cfbded294aa6095f7d96608d7905e9a1\"},\"inLanguage\":\"fr-FR\",\"potentialAction\":[{\"@type\":\"ReadAction\",\"target\":[\"https:\\\/\\\/oeilsportif.info\\\/index.php\\\/2e-edition-du-tournoi-african-youth-cup-lequipe-reserve-du-hafia-domaine-lafrique-foot-elite-du-mali-1-0\\\/\"]}]},{\"@type\":\"ImageObject\",\"inLanguage\":\"fr-FR\",\"@id\":\"https:\\\/\\\/oeilsportif.info\\\/index.php\\\/2e-edition-du-tournoi-african-youth-cup-lequipe-reserve-du-hafia-domaine-lafrique-foot-elite-du-mali-1-0\\\/#primaryimage\",\"url\":\"https:\\\/\\\/i0.wp.com\\\/oeilsportif.info\\\/wp-content\\\/uploads\\\/2023\\\/03\\\/Screenshot_20230313_113459_Gallery.jpg?fit=1080%2C773&ssl=1\",\"contentUrl\":\"https:\\\/\\\/i0.wp.com\\\/oeilsportif.info\\\/wp-content\\\/uploads\\\/2023\\\/03\\\/Screenshot_20230313_113459_Gallery.jpg?fit=1080%2C773&ssl=1\",\"width\":1080,\"height\":773},{\"@type\":\"WebSite\",\"@id\":\"https:\\\/\\\/oeilsportif.info\\\/#website\",\"url\":\"https:\\\/\\\/oeilsportif.info\\\/\",\"name\":\"le regard du sportif\",\"description\":\"\",\"potentialAction\":[{\"@type\":\"SearchAction\",\"target\":{\"@type\":\"EntryPoint\",\"urlTemplate\":\"https:\\\/\\\/oeilsportif.info\\\/?s={search_term_string}\"},\"query-input\":{\"@type\":\"PropertyValueSpecification\",\"valueRequired\":true,\"valueName\":\"search_term_string\"}}],\"inLanguage\":\"fr-FR\"},{\"@type\":\"Person\",\"@id\":\"https:\\\/\\\/oeilsportif.info\\\/#\\\/schema\\\/person\\\/cfbded294aa6095f7d96608d7905e9a1\",\"name\":\"L'Equipe de la R\u00e9daction\",\"image\":{\"@type\":\"ImageObject\",\"inLanguage\":\"fr-FR\",\"@id\":\"https:\\\/\\\/oeilsportif.info\\\/wp-content\\\/uploads\\\/2025\\\/07\\\/cropped-cropped-logo-os-96x96.jpeg\",\"url\":\"https:\\\/\\\/oeilsportif.info\\\/wp-content\\\/uploads\\\/2025\\\/07\\\/cropped-cropped-logo-os-96x96.jpeg\",\"contentUrl\":\"https:\\\/\\\/oeilsportif.info\\\/wp-content\\\/uploads\\\/2025\\\/07\\\/cropped-cropped-logo-os-96x96.jpeg\",\"caption\":\"L'Equipe de la R\u00e9daction\"},\"url\":\"https:\\\/\\\/oeilsportif.info\\\/index.php\\\/author\\\/tawel\\\/\"}]}<\/script>\n<!-- \/ Yoast SEO plugin. -->","yoast_head_json":{"title":"2e \u00e9dition du tournoi African Youth Cup : L'\u00e9quipe r\u00e9serve du Hafia domaine l'Afrique Foot \u00c9lite du Mali (1-0). - le regard du sportif","robots":{"index":"index","follow":"follow","max-snippet":"max-snippet:-1","max-image-preview":"max-image-preview:large","max-video-preview":"max-video-preview:-1"},"canonical":"https:\/\/oeilsportif.info\/index.php\/2e-edition-du-tournoi-african-youth-cup-lequipe-reserve-du-hafia-domaine-lafrique-foot-elite-du-mali-1-0\/","og_locale":"fr_FR","og_type":"article","og_title":"2e \u00e9dition du tournoi African Youth Cup : L'\u00e9quipe r\u00e9serve du Hafia domaine l'Afrique Foot \u00c9lite du Mali (1-0). - le regard du sportif","og_description":"Ce lundi 13 mars 2023 au Stade Petit Sory de Nongo l&rsquo;\u00e9quipe r\u00e9serve du Hafia Football Club du Pr\u00e9sident Kerfalla Camara Kpc a remport\u00e9 son premier match de poule du Tournoi International African Youth Cup U-18 organis\u00e9 par Fella Sport Management. Dans cette rencontre, l&rsquo;\u00e9quipe r\u00e9serve du Hafia FC a fait preuve de r\u00e9alisme en [&hellip;]","og_url":"https:\/\/oeilsportif.info\/index.php\/2e-edition-du-tournoi-african-youth-cup-lequipe-reserve-du-hafia-domaine-lafrique-foot-elite-du-mali-1-0\/","og_site_name":"le regard du sportif","article_published_time":"2023-03-13T13:16:17+00:00","og_image":[{"width":1080,"height":773,"url":"https:\/\/oeilsportif.info\/wp-content\/uploads\/2023\/03\/Screenshot_20230313_113459_Gallery.jpg","type":"image\/jpeg"}],"author":"L'Equipe de la R\u00e9daction","twitter_misc":{"\u00c9crit par":"L'Equipe de la R\u00e9daction","Dur\u00e9e de lecture estim\u00e9e":"1 minute"},"schema":{"@context":"https:\/\/schema.org","@graph":[{"@type":"Article","@id":"https:\/\/oeilsportif.info\/index.php\/2e-edition-du-tournoi-african-youth-cup-lequipe-reserve-du-hafia-domaine-lafrique-foot-elite-du-mali-1-0\/#article","isPartOf":{"@id":"https:\/\/oeilsportif.info\/index.php\/2e-edition-du-tournoi-african-youth-cup-lequipe-reserve-du-hafia-domaine-lafrique-foot-elite-du-mali-1-0\/"},"author":{"name":"L'Equipe de la R\u00e9daction","@id":"https:\/\/oeilsportif.info\/#\/schema\/person\/cfbded294aa6095f7d96608d7905e9a1"},"headline":"2e \u00e9dition du tournoi African Youth Cup : L&rsquo;\u00e9quipe r\u00e9serve du Hafia domaine l&rsquo;Afrique Foot \u00c9lite du Mali (1-0).","datePublished":"2023-03-13T13:16:17+00:00","mainEntityOfPage":{"@id":"https:\/\/oeilsportif.info\/index.php\/2e-edition-du-tournoi-african-youth-cup-lequipe-reserve-du-hafia-domaine-lafrique-foot-elite-du-mali-1-0\/"},"wordCount":176,"image":{"@id":"https:\/\/oeilsportif.info\/index.php\/2e-edition-du-tournoi-african-youth-cup-lequipe-reserve-du-hafia-domaine-lafrique-foot-elite-du-mali-1-0\/#primaryimage"},"thumbnailUrl":"https:\/\/i0.wp.com\/oeilsportif.info\/wp-content\/uploads\/2023\/03\/Screenshot_20230313_113459_Gallery.jpg?fit=1080%2C773&ssl=1","articleSection":["Football"],"inLanguage":"fr-FR"},{"@type":"WebPage","@id":"https:\/\/oeilsportif.info\/index.php\/2e-edition-du-tournoi-african-youth-cup-lequipe-reserve-du-hafia-domaine-lafrique-foot-elite-du-mali-1-0\/","url":"https:\/\/oeilsportif.info\/index.php\/2e-edition-du-tournoi-african-youth-cup-lequipe-reserve-du-hafia-domaine-lafrique-foot-elite-du-mali-1-0\/","name":"2e \u00e9dition du tournoi African Youth Cup : L'\u00e9quipe r\u00e9serve du Hafia domaine l'Afrique Foot \u00c9lite du Mali (1-0). - le regard du sportif","isPartOf":{"@id":"https:\/\/oeilsportif.info\/#website"},"primaryImageOfPage":{"@id":"https:\/\/oeilsportif.info\/index.php\/2e-edition-du-tournoi-african-youth-cup-lequipe-reserve-du-hafia-domaine-lafrique-foot-elite-du-mali-1-0\/#primaryimage"},"image":{"@id":"https:\/\/oeilsportif.info\/index.php\/2e-edition-du-tournoi-african-youth-cup-lequipe-reserve-du-hafia-domaine-lafrique-foot-elite-du-mali-1-0\/#primaryimage"},"thumbnailUrl":"https:\/\/i0.wp.com\/oeilsportif.info\/wp-content\/uploads\/2023\/03\/Screenshot_20230313_113459_Gallery.jpg?fit=1080%2C773&ssl=1","datePublished":"2023-03-13T13:16:17+00:00","author":{"@id":"https:\/\/oeilsportif.info\/#\/schema\/person\/cfbded294aa6095f7d96608d7905e9a1"},"inLanguage":"fr-FR","potentialAction":[{"@type":"ReadAction","target":["https:\/\/oeilsportif.info\/index.php\/2e-edition-du-tournoi-african-youth-cup-lequipe-reserve-du-hafia-domaine-lafrique-foot-elite-du-mali-1-0\/"]}]},{"@type":"ImageObject","inLanguage":"fr-FR","@id":"https:\/\/oeilsportif.info\/index.php\/2e-edition-du-tournoi-african-youth-cup-lequipe-reserve-du-hafia-domaine-lafrique-foot-elite-du-mali-1-0\/#primaryimage","url":"https:\/\/i0.wp.com\/oeilsportif.info\/wp-content\/uploads\/2023\/03\/Screenshot_20230313_113459_Gallery.jpg?fit=1080%2C773&ssl=1","contentUrl":"https:\/\/i0.wp.com\/oeilsportif.info\/wp-content\/uploads\/2023\/03\/Screenshot_20230313_113459_Gallery.jpg?fit=1080%2C773&ssl=1","width":1080,"height":773},{"@type":"WebSite","@id":"https:\/\/oeilsportif.info\/#website","url":"https:\/\/oeilsportif.info\/","name":"le regard du sportif","description":"","potentialAction":[{"@type":"SearchAction","target":{"@type":"EntryPoint","urlTemplate":"https:\/\/oeilsportif.info\/?s={search_term_string}"},"query-input":{"@type":"PropertyValueSpecification","valueRequired":true,"valueName":"search_term_string"}}],"inLanguage":"fr-FR"},{"@type":"Person","@id":"https:\/\/oeilsportif.info\/#\/schema\/person\/cfbded294aa6095f7d96608d7905e9a1","name":"L'Equipe de la R\u00e9daction","image":{"@type":"ImageObject","inLanguage":"fr-FR","@id":"https:\/\/oeilsportif.info\/wp-content\/uploads\/2025\/07\/cropped-cropped-logo-os-96x96.jpeg","url":"https:\/\/oeilsportif.info\/wp-content\/uploads\/2025\/07\/cropped-cropped-logo-os-96x96.jpeg","contentUrl":"https:\/\/oeilsportif.info\/wp-content\/uploads\/2025\/07\/cropped-cropped-logo-os-96x96.jpeg","caption":"L'Equipe de la R\u00e9daction"},"url":"https:\/\/oeilsportif.info\/index.php\/author\/tawel\/"}]}},"jetpack_publicize_connections":[],"jetpack_featured_media_url":"https:\/\/i0.wp.com\/oeilsportif.info\/wp-content\/uploads\/2023\/03\/Screenshot_20230313_113459_Gallery.jpg?fit=1080%2C773&ssl=1","jetpack-related-posts":[],"jetpack_sharing_enabled":true,"jetpack_likes_enabled":true,"jetpack_shortlink":"https:\/\/wp.me\/pgFE77-JP","_links":{"self":[{"href":"https:\/\/oeilsportif.info\/index.php\/wp-json\/wp\/v2\/posts\/2841","targetHints":{"allow":["GET"]}}],"collection":[{"href":"https:\/\/oeilsportif.info\/index.php\/wp-json\/wp\/v2\/posts"}],"about":[{"href":"https:\/\/oeilsportif.info\/index.php\/wp-json\/wp\/v2\/types\/post"}],"author":[{"embeddable":true,"href":"https:\/\/oeilsportif.info\/index.php\/wp-json\/wp\/v2\/users\/2"}],"replies":[{"embeddable":true,"href":"https:\/\/oeilsportif.info\/index.php\/wp-json\/wp\/v2\/comments?post=2841"}],"version-history":[{"count":0,"href":"https:\/\/oeilsportif.info\/index.php\/wp-json\/wp\/v2\/posts\/2841\/revisions"}],"wp:featuredmedia":[{"embeddable":true,"href":"https:\/\/oeilsportif.info\/index.php\/wp-json\/wp\/v2\/media\/2842"}],"wp:attachment":[{"href":"https:\/\/oeilsportif.info\/index.php\/wp-json\/wp\/v2\/media?parent=2841"}],"wp:term":[{"taxonomy":"category","embeddable":true,"href":"https:\/\/oeilsportif.info\/index.php\/wp-json\/wp\/v2\/categories?post=2841"},{"taxonomy":"post_tag","embeddable":true,"href":"https:\/\/oeilsportif.info\/index.php\/wp-json\/wp\/v2\/tags?post=2841"}],"curies":[{"name":"wp","href":"https:\/\/api.w.org\/{rel}","templated":true}]}}