{"id":2792,"date":"2023-02-28T14:16:07","date_gmt":"2023-02-28T14:16:07","guid":{"rendered":"https:\/\/oeilsportif.info\/index.php\/?p=2792"},"modified":"2023-02-28T14:16:07","modified_gmt":"2023-02-28T14:16:07","slug":"le-graet-va-rebondir-a-la-fifa","status":"publish","type":"post","link":"https:\/\/oeilsportif.info\/index.php\/le-graet-va-rebondir-a-la-fifa\/","title":{"rendered":"Le Gra\u00ebt va rebondir \u00e0 la\u2026 FIFA"},"content":{"rendered":"<p>Fra\u00eechement d\u00e9missionnaire de son poste de pr\u00e9sident de la FFF et fortement critiqu\u00e9 en France, No\u00ebl Le Gra\u00ebt a \u00e9t\u00e9\u2026 r\u00e9compens\u00e9 par la FIFA. Le Breton va occuper une nouvelle fonction au sein de l\u2019instance, dans les prochains jours.<\/p>\n<p>No\u00ebl Le Gra\u00ebt France Equipe de France FFF<br \/>\nCe mardi, No\u00ebl Le Gra\u00ebt a pr\u00e9sent\u00e9 sa d\u00e9mission du poste de pr\u00e9sident de la FFF. L\u2019ancien maire de Guingamp, qui \u00e9tait critiqu\u00e9 de toute part, a annonc\u00e9 avec \u00e9motion qu\u2019il quittait la fonction qu\u2019il occupait depuis 2011. Le dirigeant n\u2019a pas r\u00e9sist\u00e9 \u00e0 l\u2019audit accablant au sein de l\u2019instance, \u00e0 l\u2019ouverture d\u2019une enqu\u00eate judiciaire sur ses comportements, \u00e0 ses prises de paroles pol\u00e9miques sur les droits des travailleurs, l\u2019homophobie ou le racisme, ou encore \u00e0 ses propos sur Zinedine Zidane, en marge de la prolongation de Didier Deschamps.<\/p>\n<p>TopMercato.com<\/p>\n","protected":false},"excerpt":{"rendered":"<p>Fra\u00eechement d\u00e9missionnaire de son poste de pr\u00e9sident de la FFF et fortement critiqu\u00e9 en France, No\u00ebl Le Gra\u00ebt a \u00e9t\u00e9\u2026 r\u00e9compens\u00e9 par la FIFA. Le Breton va occuper une nouvelle fonction au sein de l\u2019instance, dans les prochains jours. No\u00ebl Le Gra\u00ebt France Equipe de France FFF Ce mardi, No\u00ebl Le Gra\u00ebt a pr\u00e9sent\u00e9 sa [&hellip;]<\/p>\n","protected":false},"author":2,"featured_media":2793,"comment_status":"closed","ping_status":"open","sticky":false,"template":"","format":"standard","meta":{"_jetpack_memberships_contains_paid_content":false,"footnotes":"","jetpack_publicize_message":"","jetpack_publicize_feature_enabled":true,"jetpack_social_post_already_shared":true,"jetpack_social_options":{"image_generator_settings":{"template":"highway","default_image_id":0,"font":"","enabled":false},"version":2}},"categories":[5],"tags":[],"class_list":{"0":"post-2792","1":"post","2":"type-post","3":"status-publish","4":"format-standard","5":"has-post-thumbnail","7":"category-football"},"yoast_head":"<!-- This site is optimized with the Yoast SEO plugin v27.5 - https:\/\/yoast.com\/product\/yoast-seo-wordpress\/ -->\n<title>Le Gra\u00ebt va rebondir \u00e0 la\u2026 FIFA - le regard du sportif<\/title>\n<meta name=\"robots\" content=\"index, follow, max-snippet:-1, max-image-preview:large, max-video-preview:-1\" \/>\n<link rel=\"canonical\" href=\"https:\/\/oeilsportif.info\/index.php\/le-graet-va-rebondir-a-la-fifa\/\" \/>\n<meta property=\"og:locale\" content=\"fr_FR\" \/>\n<meta property=\"og:type\" content=\"article\" \/>\n<meta property=\"og:title\" content=\"Le Gra\u00ebt va rebondir \u00e0 la\u2026 FIFA - le regard du sportif\" \/>\n<meta property=\"og:description\" content=\"Fra\u00eechement d\u00e9missionnaire de son poste de pr\u00e9sident de la FFF et fortement critiqu\u00e9 en France, No\u00ebl Le Gra\u00ebt a \u00e9t\u00e9\u2026 r\u00e9compens\u00e9 par la FIFA. Le Breton va occuper une nouvelle fonction au sein de l\u2019instance, dans les prochains jours. No\u00ebl Le Gra\u00ebt France Equipe de France FFF Ce mardi, No\u00ebl Le Gra\u00ebt a pr\u00e9sent\u00e9 sa [&hellip;]\" \/>\n<meta property=\"og:url\" content=\"https:\/\/oeilsportif.info\/index.php\/le-graet-va-rebondir-a-la-fifa\/\" \/>\n<meta property=\"og:site_name\" content=\"le regard du sportif\" \/>\n<meta property=\"article:published_time\" content=\"2023-02-28T14:16:07+00:00\" \/>\n<meta property=\"og:image\" content=\"https:\/\/oeilsportif.info\/wp-content\/uploads\/2023\/02\/FB_IMG_1677593549925.jpg\" \/>\n\t<meta property=\"og:image:width\" content=\"1080\" \/>\n\t<meta property=\"og:image:height\" content=\"1080\" \/>\n\t<meta property=\"og:image:type\" content=\"image\/jpeg\" \/>\n<meta name=\"author\" content=\"L&#039;Equipe de la R\u00e9daction\" \/>\n<meta name=\"twitter:label1\" content=\"\u00c9crit par\" \/>\n\t<meta name=\"twitter:data1\" content=\"L&#039;Equipe de la R\u00e9daction\" \/>\n\t<meta name=\"twitter:label2\" content=\"Dur\u00e9e de lecture estim\u00e9e\" \/>\n\t<meta name=\"twitter:data2\" content=\"1 minute\" \/>\n<script type=\"application\/ld+json\" class=\"yoast-schema-graph\">{\"@context\":\"https:\\\/\\\/schema.org\",\"@graph\":[{\"@type\":\"Article\",\"@id\":\"https:\\\/\\\/oeilsportif.info\\\/index.php\\\/le-graet-va-rebondir-a-la-fifa\\\/#article\",\"isPartOf\":{\"@id\":\"https:\\\/\\\/oeilsportif.info\\\/index.php\\\/le-graet-va-rebondir-a-la-fifa\\\/\"},\"author\":{\"name\":\"L'Equipe de la R\u00e9daction\",\"@id\":\"https:\\\/\\\/oeilsportif.info\\\/#\\\/schema\\\/person\\\/cfbded294aa6095f7d96608d7905e9a1\"},\"headline\":\"Le Gra\u00ebt va rebondir \u00e0 la\u2026 FIFA\",\"datePublished\":\"2023-02-28T14:16:07+00:00\",\"mainEntityOfPage\":{\"@id\":\"https:\\\/\\\/oeilsportif.info\\\/index.php\\\/le-graet-va-rebondir-a-la-fifa\\\/\"},\"wordCount\":166,\"image\":{\"@id\":\"https:\\\/\\\/oeilsportif.info\\\/index.php\\\/le-graet-va-rebondir-a-la-fifa\\\/#primaryimage\"},\"thumbnailUrl\":\"https:\\\/\\\/i0.wp.com\\\/oeilsportif.info\\\/wp-content\\\/uploads\\\/2023\\\/02\\\/FB_IMG_1677593549925.jpg?fit=1080%2C1080&ssl=1\",\"articleSection\":[\"Football\"],\"inLanguage\":\"fr-FR\"},{\"@type\":\"WebPage\",\"@id\":\"https:\\\/\\\/oeilsportif.info\\\/index.php\\\/le-graet-va-rebondir-a-la-fifa\\\/\",\"url\":\"https:\\\/\\\/oeilsportif.info\\\/index.php\\\/le-graet-va-rebondir-a-la-fifa\\\/\",\"name\":\"Le Gra\u00ebt va rebondir \u00e0 la\u2026 FIFA - le regard du sportif\",\"isPartOf\":{\"@id\":\"https:\\\/\\\/oeilsportif.info\\\/#website\"},\"primaryImageOfPage\":{\"@id\":\"https:\\\/\\\/oeilsportif.info\\\/index.php\\\/le-graet-va-rebondir-a-la-fifa\\\/#primaryimage\"},\"image\":{\"@id\":\"https:\\\/\\\/oeilsportif.info\\\/index.php\\\/le-graet-va-rebondir-a-la-fifa\\\/#primaryimage\"},\"thumbnailUrl\":\"https:\\\/\\\/i0.wp.com\\\/oeilsportif.info\\\/wp-content\\\/uploads\\\/2023\\\/02\\\/FB_IMG_1677593549925.jpg?fit=1080%2C1080&ssl=1\",\"datePublished\":\"2023-02-28T14:16:07+00:00\",\"author\":{\"@id\":\"https:\\\/\\\/oeilsportif.info\\\/#\\\/schema\\\/person\\\/cfbded294aa6095f7d96608d7905e9a1\"},\"inLanguage\":\"fr-FR\",\"potentialAction\":[{\"@type\":\"ReadAction\",\"target\":[\"https:\\\/\\\/oeilsportif.info\\\/index.php\\\/le-graet-va-rebondir-a-la-fifa\\\/\"]}]},{\"@type\":\"ImageObject\",\"inLanguage\":\"fr-FR\",\"@id\":\"https:\\\/\\\/oeilsportif.info\\\/index.php\\\/le-graet-va-rebondir-a-la-fifa\\\/#primaryimage\",\"url\":\"https:\\\/\\\/i0.wp.com\\\/oeilsportif.info\\\/wp-content\\\/uploads\\\/2023\\\/02\\\/FB_IMG_1677593549925.jpg?fit=1080%2C1080&ssl=1\",\"contentUrl\":\"https:\\\/\\\/i0.wp.com\\\/oeilsportif.info\\\/wp-content\\\/uploads\\\/2023\\\/02\\\/FB_IMG_1677593549925.jpg?fit=1080%2C1080&ssl=1\",\"width\":1080,\"height\":1080},{\"@type\":\"WebSite\",\"@id\":\"https:\\\/\\\/oeilsportif.info\\\/#website\",\"url\":\"https:\\\/\\\/oeilsportif.info\\\/\",\"name\":\"le regard du sportif\",\"description\":\"\",\"potentialAction\":[{\"@type\":\"SearchAction\",\"target\":{\"@type\":\"EntryPoint\",\"urlTemplate\":\"https:\\\/\\\/oeilsportif.info\\\/?s={search_term_string}\"},\"query-input\":{\"@type\":\"PropertyValueSpecification\",\"valueRequired\":true,\"valueName\":\"search_term_string\"}}],\"inLanguage\":\"fr-FR\"},{\"@type\":\"Person\",\"@id\":\"https:\\\/\\\/oeilsportif.info\\\/#\\\/schema\\\/person\\\/cfbded294aa6095f7d96608d7905e9a1\",\"name\":\"L'Equipe de la R\u00e9daction\",\"image\":{\"@type\":\"ImageObject\",\"inLanguage\":\"fr-FR\",\"@id\":\"https:\\\/\\\/oeilsportif.info\\\/wp-content\\\/uploads\\\/2025\\\/07\\\/cropped-cropped-logo-os-96x96.jpeg\",\"url\":\"https:\\\/\\\/oeilsportif.info\\\/wp-content\\\/uploads\\\/2025\\\/07\\\/cropped-cropped-logo-os-96x96.jpeg\",\"contentUrl\":\"https:\\\/\\\/oeilsportif.info\\\/wp-content\\\/uploads\\\/2025\\\/07\\\/cropped-cropped-logo-os-96x96.jpeg\",\"caption\":\"L'Equipe de la R\u00e9daction\"},\"url\":\"https:\\\/\\\/oeilsportif.info\\\/index.php\\\/author\\\/tawel\\\/\"}]}<\/script>\n<!-- \/ Yoast SEO plugin. -->","yoast_head_json":{"title":"Le Gra\u00ebt va rebondir \u00e0 la\u2026 FIFA - le regard du sportif","robots":{"index":"index","follow":"follow","max-snippet":"max-snippet:-1","max-image-preview":"max-image-preview:large","max-video-preview":"max-video-preview:-1"},"canonical":"https:\/\/oeilsportif.info\/index.php\/le-graet-va-rebondir-a-la-fifa\/","og_locale":"fr_FR","og_type":"article","og_title":"Le Gra\u00ebt va rebondir \u00e0 la\u2026 FIFA - le regard du sportif","og_description":"Fra\u00eechement d\u00e9missionnaire de son poste de pr\u00e9sident de la FFF et fortement critiqu\u00e9 en France, No\u00ebl Le Gra\u00ebt a \u00e9t\u00e9\u2026 r\u00e9compens\u00e9 par la FIFA. Le Breton va occuper une nouvelle fonction au sein de l\u2019instance, dans les prochains jours. No\u00ebl Le Gra\u00ebt France Equipe de France FFF Ce mardi, No\u00ebl Le Gra\u00ebt a pr\u00e9sent\u00e9 sa [&hellip;]","og_url":"https:\/\/oeilsportif.info\/index.php\/le-graet-va-rebondir-a-la-fifa\/","og_site_name":"le regard du sportif","article_published_time":"2023-02-28T14:16:07+00:00","og_image":[{"width":1080,"height":1080,"url":"https:\/\/oeilsportif.info\/wp-content\/uploads\/2023\/02\/FB_IMG_1677593549925.jpg","type":"image\/jpeg"}],"author":"L'Equipe de la R\u00e9daction","twitter_misc":{"\u00c9crit par":"L'Equipe de la R\u00e9daction","Dur\u00e9e de lecture estim\u00e9e":"1 minute"},"schema":{"@context":"https:\/\/schema.org","@graph":[{"@type":"Article","@id":"https:\/\/oeilsportif.info\/index.php\/le-graet-va-rebondir-a-la-fifa\/#article","isPartOf":{"@id":"https:\/\/oeilsportif.info\/index.php\/le-graet-va-rebondir-a-la-fifa\/"},"author":{"name":"L'Equipe de la R\u00e9daction","@id":"https:\/\/oeilsportif.info\/#\/schema\/person\/cfbded294aa6095f7d96608d7905e9a1"},"headline":"Le Gra\u00ebt va rebondir \u00e0 la\u2026 FIFA","datePublished":"2023-02-28T14:16:07+00:00","mainEntityOfPage":{"@id":"https:\/\/oeilsportif.info\/index.php\/le-graet-va-rebondir-a-la-fifa\/"},"wordCount":166,"image":{"@id":"https:\/\/oeilsportif.info\/index.php\/le-graet-va-rebondir-a-la-fifa\/#primaryimage"},"thumbnailUrl":"https:\/\/i0.wp.com\/oeilsportif.info\/wp-content\/uploads\/2023\/02\/FB_IMG_1677593549925.jpg?fit=1080%2C1080&ssl=1","articleSection":["Football"],"inLanguage":"fr-FR"},{"@type":"WebPage","@id":"https:\/\/oeilsportif.info\/index.php\/le-graet-va-rebondir-a-la-fifa\/","url":"https:\/\/oeilsportif.info\/index.php\/le-graet-va-rebondir-a-la-fifa\/","name":"Le Gra\u00ebt va rebondir \u00e0 la\u2026 FIFA - le regard du sportif","isPartOf":{"@id":"https:\/\/oeilsportif.info\/#website"},"primaryImageOfPage":{"@id":"https:\/\/oeilsportif.info\/index.php\/le-graet-va-rebondir-a-la-fifa\/#primaryimage"},"image":{"@id":"https:\/\/oeilsportif.info\/index.php\/le-graet-va-rebondir-a-la-fifa\/#primaryimage"},"thumbnailUrl":"https:\/\/i0.wp.com\/oeilsportif.info\/wp-content\/uploads\/2023\/02\/FB_IMG_1677593549925.jpg?fit=1080%2C1080&ssl=1","datePublished":"2023-02-28T14:16:07+00:00","author":{"@id":"https:\/\/oeilsportif.info\/#\/schema\/person\/cfbded294aa6095f7d96608d7905e9a1"},"inLanguage":"fr-FR","potentialAction":[{"@type":"ReadAction","target":["https:\/\/oeilsportif.info\/index.php\/le-graet-va-rebondir-a-la-fifa\/"]}]},{"@type":"ImageObject","inLanguage":"fr-FR","@id":"https:\/\/oeilsportif.info\/index.php\/le-graet-va-rebondir-a-la-fifa\/#primaryimage","url":"https:\/\/i0.wp.com\/oeilsportif.info\/wp-content\/uploads\/2023\/02\/FB_IMG_1677593549925.jpg?fit=1080%2C1080&ssl=1","contentUrl":"https:\/\/i0.wp.com\/oeilsportif.info\/wp-content\/uploads\/2023\/02\/FB_IMG_1677593549925.jpg?fit=1080%2C1080&ssl=1","width":1080,"height":1080},{"@type":"WebSite","@id":"https:\/\/oeilsportif.info\/#website","url":"https:\/\/oeilsportif.info\/","name":"le regard du sportif","description":"","potentialAction":[{"@type":"SearchAction","target":{"@type":"EntryPoint","urlTemplate":"https:\/\/oeilsportif.info\/?s={search_term_string}"},"query-input":{"@type":"PropertyValueSpecification","valueRequired":true,"valueName":"search_term_string"}}],"inLanguage":"fr-FR"},{"@type":"Person","@id":"https:\/\/oeilsportif.info\/#\/schema\/person\/cfbded294aa6095f7d96608d7905e9a1","name":"L'Equipe de la R\u00e9daction","image":{"@type":"ImageObject","inLanguage":"fr-FR","@id":"https:\/\/oeilsportif.info\/wp-content\/uploads\/2025\/07\/cropped-cropped-logo-os-96x96.jpeg","url":"https:\/\/oeilsportif.info\/wp-content\/uploads\/2025\/07\/cropped-cropped-logo-os-96x96.jpeg","contentUrl":"https:\/\/oeilsportif.info\/wp-content\/uploads\/2025\/07\/cropped-cropped-logo-os-96x96.jpeg","caption":"L'Equipe de la R\u00e9daction"},"url":"https:\/\/oeilsportif.info\/index.php\/author\/tawel\/"}]}},"jetpack_publicize_connections":[],"jetpack_featured_media_url":"https:\/\/i0.wp.com\/oeilsportif.info\/wp-content\/uploads\/2023\/02\/FB_IMG_1677593549925.jpg?fit=1080%2C1080&ssl=1","jetpack-related-posts":[],"jetpack_sharing_enabled":true,"jetpack_likes_enabled":true,"jetpack_shortlink":"https:\/\/wp.me\/pgFE77-J2","_links":{"self":[{"href":"https:\/\/oeilsportif.info\/index.php\/wp-json\/wp\/v2\/posts\/2792","targetHints":{"allow":["GET"]}}],"collection":[{"href":"https:\/\/oeilsportif.info\/index.php\/wp-json\/wp\/v2\/posts"}],"about":[{"href":"https:\/\/oeilsportif.info\/index.php\/wp-json\/wp\/v2\/types\/post"}],"author":[{"embeddable":true,"href":"https:\/\/oeilsportif.info\/index.php\/wp-json\/wp\/v2\/users\/2"}],"replies":[{"embeddable":true,"href":"https:\/\/oeilsportif.info\/index.php\/wp-json\/wp\/v2\/comments?post=2792"}],"version-history":[{"count":0,"href":"https:\/\/oeilsportif.info\/index.php\/wp-json\/wp\/v2\/posts\/2792\/revisions"}],"wp:featuredmedia":[{"embeddable":true,"href":"https:\/\/oeilsportif.info\/index.php\/wp-json\/wp\/v2\/media\/2793"}],"wp:attachment":[{"href":"https:\/\/oeilsportif.info\/index.php\/wp-json\/wp\/v2\/media?parent=2792"}],"wp:term":[{"taxonomy":"category","embeddable":true,"href":"https:\/\/oeilsportif.info\/index.php\/wp-json\/wp\/v2\/categories?post=2792"},{"taxonomy":"post_tag","embeddable":true,"href":"https:\/\/oeilsportif.info\/index.php\/wp-json\/wp\/v2\/tags?post=2792"}],"curies":[{"name":"wp","href":"https:\/\/api.w.org\/{rel}","templated":true}]}}