{"id":2788,"date":"2023-02-24T22:18:37","date_gmt":"2023-02-24T22:18:37","guid":{"rendered":"https:\/\/oeilsportif.info\/index.php\/?p=2788"},"modified":"2023-02-24T22:18:37","modified_gmt":"2023-02-24T22:18:37","slug":"transfert-wambe-signe-en-ligue-1-algerienne-avec-le-cfb","status":"publish","type":"post","link":"https:\/\/oeilsportif.info\/index.php\/transfert-wambe-signe-en-ligue-1-algerienne-avec-le-cfb\/","title":{"rendered":"Transfert: Wamb\u00e9 signe en ligue 1 alg\u00e9rienne avec le CFB"},"content":{"rendered":"<p>L\u2019internationale guin\u00e9enne Salematou Wamb\u00e9 Camara \u00e9voluera cette saison dans le championnat alg\u00e9rien de Ligue 1 f\u00e9minine. Apr\u00e8s un tr\u00e8s bon parcours \u00e0 la derni\u00e8re Coupe d\u2019Afrique des Nations Seniors Dames au S\u00e9n\u00e9gal, l\u2019ancienne joueuse de Sangaredi a attir\u00e9 l\u2019attention de plusieurs formations dont le Club F\u00e9minin de Boumerdes.<\/p>\n<p>A la suite des n\u00e9gociations qui ont impliqu\u00e9 la joueuse et la f\u00e9d\u00e9ration guin\u00e9enne de handball, Salematou Wamb\u00e9 Camara a rejoint son nouveau club o\u00f9 elle \u00e9tait tr\u00e8s attendue par le staff technique. La pr\u00e9sidente Harriga Wafa pr\u00e9sentera officiellement la joueuse guin\u00e9enne avant la septi\u00e8me journ\u00e9e du championnat alg\u00e9rien de Ligue 1 F\u00e9minine. Tr\u00e8s bonne chance \u00e0 Salematou Wamb\u00e9 !<\/p>\n<p>Source : FEGUIHAND<\/p>\n","protected":false},"excerpt":{"rendered":"<p>L\u2019internationale guin\u00e9enne Salematou Wamb\u00e9 Camara \u00e9voluera cette saison dans le championnat alg\u00e9rien de Ligue 1 f\u00e9minine. Apr\u00e8s un tr\u00e8s bon parcours \u00e0 la derni\u00e8re Coupe d\u2019Afrique des Nations Seniors Dames au S\u00e9n\u00e9gal, l\u2019ancienne joueuse de Sangaredi a attir\u00e9 l\u2019attention de plusieurs formations dont le Club F\u00e9minin de Boumerdes. A la suite des n\u00e9gociations qui ont [&hellip;]<\/p>\n","protected":false},"author":2,"featured_media":2789,"comment_status":"closed","ping_status":"open","sticky":false,"template":"","format":"standard","meta":{"_jetpack_memberships_contains_paid_content":false,"footnotes":"","jetpack_publicize_message":"","jetpack_publicize_feature_enabled":true,"jetpack_social_post_already_shared":true,"jetpack_social_options":{"image_generator_settings":{"template":"highway","default_image_id":0,"font":"","enabled":false},"version":2}},"categories":[6],"tags":[],"class_list":{"0":"post-2788","1":"post","2":"type-post","3":"status-publish","4":"format-standard","5":"has-post-thumbnail","7":"category-handball"},"yoast_head":"<!-- This site is optimized with the Yoast SEO plugin v27.5 - https:\/\/yoast.com\/product\/yoast-seo-wordpress\/ -->\n<title>Transfert: Wamb\u00e9 signe en ligue 1 alg\u00e9rienne avec le CFB - le regard du sportif<\/title>\n<meta name=\"robots\" content=\"index, follow, max-snippet:-1, max-image-preview:large, max-video-preview:-1\" \/>\n<link rel=\"canonical\" href=\"https:\/\/oeilsportif.info\/index.php\/transfert-wambe-signe-en-ligue-1-algerienne-avec-le-cfb\/\" \/>\n<meta property=\"og:locale\" content=\"fr_FR\" \/>\n<meta property=\"og:type\" content=\"article\" \/>\n<meta property=\"og:title\" content=\"Transfert: Wamb\u00e9 signe en ligue 1 alg\u00e9rienne avec le CFB - le regard du sportif\" \/>\n<meta property=\"og:description\" content=\"L\u2019internationale guin\u00e9enne Salematou Wamb\u00e9 Camara \u00e9voluera cette saison dans le championnat alg\u00e9rien de Ligue 1 f\u00e9minine. Apr\u00e8s un tr\u00e8s bon parcours \u00e0 la derni\u00e8re Coupe d\u2019Afrique des Nations Seniors Dames au S\u00e9n\u00e9gal, l\u2019ancienne joueuse de Sangaredi a attir\u00e9 l\u2019attention de plusieurs formations dont le Club F\u00e9minin de Boumerdes. A la suite des n\u00e9gociations qui ont [&hellip;]\" \/>\n<meta property=\"og:url\" content=\"https:\/\/oeilsportif.info\/index.php\/transfert-wambe-signe-en-ligue-1-algerienne-avec-le-cfb\/\" \/>\n<meta property=\"og:site_name\" content=\"le regard du sportif\" \/>\n<meta property=\"article:published_time\" content=\"2023-02-24T22:18:37+00:00\" \/>\n<meta property=\"og:image\" content=\"https:\/\/oeilsportif.info\/wp-content\/uploads\/2023\/02\/FB_IMG_1677276975017.jpg\" \/>\n\t<meta property=\"og:image:width\" content=\"960\" \/>\n\t<meta property=\"og:image:height\" content=\"758\" \/>\n\t<meta property=\"og:image:type\" content=\"image\/jpeg\" \/>\n<meta name=\"author\" content=\"L&#039;Equipe de la R\u00e9daction\" \/>\n<meta name=\"twitter:label1\" content=\"\u00c9crit par\" \/>\n\t<meta name=\"twitter:data1\" content=\"L&#039;Equipe de la R\u00e9daction\" \/>\n\t<meta name=\"twitter:label2\" content=\"Dur\u00e9e de lecture estim\u00e9e\" \/>\n\t<meta name=\"twitter:data2\" content=\"1 minute\" \/>\n<script type=\"application\/ld+json\" class=\"yoast-schema-graph\">{\"@context\":\"https:\\\/\\\/schema.org\",\"@graph\":[{\"@type\":\"Article\",\"@id\":\"https:\\\/\\\/oeilsportif.info\\\/index.php\\\/transfert-wambe-signe-en-ligue-1-algerienne-avec-le-cfb\\\/#article\",\"isPartOf\":{\"@id\":\"https:\\\/\\\/oeilsportif.info\\\/index.php\\\/transfert-wambe-signe-en-ligue-1-algerienne-avec-le-cfb\\\/\"},\"author\":{\"name\":\"L'Equipe de la R\u00e9daction\",\"@id\":\"https:\\\/\\\/oeilsportif.info\\\/#\\\/schema\\\/person\\\/cfbded294aa6095f7d96608d7905e9a1\"},\"headline\":\"Transfert: Wamb\u00e9 signe en ligue 1 alg\u00e9rienne avec le CFB\",\"datePublished\":\"2023-02-24T22:18:37+00:00\",\"mainEntityOfPage\":{\"@id\":\"https:\\\/\\\/oeilsportif.info\\\/index.php\\\/transfert-wambe-signe-en-ligue-1-algerienne-avec-le-cfb\\\/\"},\"wordCount\":141,\"image\":{\"@id\":\"https:\\\/\\\/oeilsportif.info\\\/index.php\\\/transfert-wambe-signe-en-ligue-1-algerienne-avec-le-cfb\\\/#primaryimage\"},\"thumbnailUrl\":\"https:\\\/\\\/i0.wp.com\\\/oeilsportif.info\\\/wp-content\\\/uploads\\\/2023\\\/02\\\/FB_IMG_1677276975017.jpg?fit=960%2C758&ssl=1\",\"articleSection\":[\"Handball\"],\"inLanguage\":\"fr-FR\"},{\"@type\":\"WebPage\",\"@id\":\"https:\\\/\\\/oeilsportif.info\\\/index.php\\\/transfert-wambe-signe-en-ligue-1-algerienne-avec-le-cfb\\\/\",\"url\":\"https:\\\/\\\/oeilsportif.info\\\/index.php\\\/transfert-wambe-signe-en-ligue-1-algerienne-avec-le-cfb\\\/\",\"name\":\"Transfert: Wamb\u00e9 signe en ligue 1 alg\u00e9rienne avec le CFB - le regard du sportif\",\"isPartOf\":{\"@id\":\"https:\\\/\\\/oeilsportif.info\\\/#website\"},\"primaryImageOfPage\":{\"@id\":\"https:\\\/\\\/oeilsportif.info\\\/index.php\\\/transfert-wambe-signe-en-ligue-1-algerienne-avec-le-cfb\\\/#primaryimage\"},\"image\":{\"@id\":\"https:\\\/\\\/oeilsportif.info\\\/index.php\\\/transfert-wambe-signe-en-ligue-1-algerienne-avec-le-cfb\\\/#primaryimage\"},\"thumbnailUrl\":\"https:\\\/\\\/i0.wp.com\\\/oeilsportif.info\\\/wp-content\\\/uploads\\\/2023\\\/02\\\/FB_IMG_1677276975017.jpg?fit=960%2C758&ssl=1\",\"datePublished\":\"2023-02-24T22:18:37+00:00\",\"author\":{\"@id\":\"https:\\\/\\\/oeilsportif.info\\\/#\\\/schema\\\/person\\\/cfbded294aa6095f7d96608d7905e9a1\"},\"inLanguage\":\"fr-FR\",\"potentialAction\":[{\"@type\":\"ReadAction\",\"target\":[\"https:\\\/\\\/oeilsportif.info\\\/index.php\\\/transfert-wambe-signe-en-ligue-1-algerienne-avec-le-cfb\\\/\"]}]},{\"@type\":\"ImageObject\",\"inLanguage\":\"fr-FR\",\"@id\":\"https:\\\/\\\/oeilsportif.info\\\/index.php\\\/transfert-wambe-signe-en-ligue-1-algerienne-avec-le-cfb\\\/#primaryimage\",\"url\":\"https:\\\/\\\/i0.wp.com\\\/oeilsportif.info\\\/wp-content\\\/uploads\\\/2023\\\/02\\\/FB_IMG_1677276975017.jpg?fit=960%2C758&ssl=1\",\"contentUrl\":\"https:\\\/\\\/i0.wp.com\\\/oeilsportif.info\\\/wp-content\\\/uploads\\\/2023\\\/02\\\/FB_IMG_1677276975017.jpg?fit=960%2C758&ssl=1\",\"width\":960,\"height\":758},{\"@type\":\"WebSite\",\"@id\":\"https:\\\/\\\/oeilsportif.info\\\/#website\",\"url\":\"https:\\\/\\\/oeilsportif.info\\\/\",\"name\":\"le regard du sportif\",\"description\":\"\",\"potentialAction\":[{\"@type\":\"SearchAction\",\"target\":{\"@type\":\"EntryPoint\",\"urlTemplate\":\"https:\\\/\\\/oeilsportif.info\\\/?s={search_term_string}\"},\"query-input\":{\"@type\":\"PropertyValueSpecification\",\"valueRequired\":true,\"valueName\":\"search_term_string\"}}],\"inLanguage\":\"fr-FR\"},{\"@type\":\"Person\",\"@id\":\"https:\\\/\\\/oeilsportif.info\\\/#\\\/schema\\\/person\\\/cfbded294aa6095f7d96608d7905e9a1\",\"name\":\"L'Equipe de la R\u00e9daction\",\"image\":{\"@type\":\"ImageObject\",\"inLanguage\":\"fr-FR\",\"@id\":\"https:\\\/\\\/oeilsportif.info\\\/wp-content\\\/uploads\\\/2025\\\/07\\\/cropped-cropped-logo-os-96x96.jpeg\",\"url\":\"https:\\\/\\\/oeilsportif.info\\\/wp-content\\\/uploads\\\/2025\\\/07\\\/cropped-cropped-logo-os-96x96.jpeg\",\"contentUrl\":\"https:\\\/\\\/oeilsportif.info\\\/wp-content\\\/uploads\\\/2025\\\/07\\\/cropped-cropped-logo-os-96x96.jpeg\",\"caption\":\"L'Equipe de la R\u00e9daction\"},\"url\":\"https:\\\/\\\/oeilsportif.info\\\/index.php\\\/author\\\/tawel\\\/\"}]}<\/script>\n<!-- \/ Yoast SEO plugin. -->","yoast_head_json":{"title":"Transfert: Wamb\u00e9 signe en ligue 1 alg\u00e9rienne avec le CFB - le regard du sportif","robots":{"index":"index","follow":"follow","max-snippet":"max-snippet:-1","max-image-preview":"max-image-preview:large","max-video-preview":"max-video-preview:-1"},"canonical":"https:\/\/oeilsportif.info\/index.php\/transfert-wambe-signe-en-ligue-1-algerienne-avec-le-cfb\/","og_locale":"fr_FR","og_type":"article","og_title":"Transfert: Wamb\u00e9 signe en ligue 1 alg\u00e9rienne avec le CFB - le regard du sportif","og_description":"L\u2019internationale guin\u00e9enne Salematou Wamb\u00e9 Camara \u00e9voluera cette saison dans le championnat alg\u00e9rien de Ligue 1 f\u00e9minine. Apr\u00e8s un tr\u00e8s bon parcours \u00e0 la derni\u00e8re Coupe d\u2019Afrique des Nations Seniors Dames au S\u00e9n\u00e9gal, l\u2019ancienne joueuse de Sangaredi a attir\u00e9 l\u2019attention de plusieurs formations dont le Club F\u00e9minin de Boumerdes. A la suite des n\u00e9gociations qui ont [&hellip;]","og_url":"https:\/\/oeilsportif.info\/index.php\/transfert-wambe-signe-en-ligue-1-algerienne-avec-le-cfb\/","og_site_name":"le regard du sportif","article_published_time":"2023-02-24T22:18:37+00:00","og_image":[{"width":960,"height":758,"url":"https:\/\/oeilsportif.info\/wp-content\/uploads\/2023\/02\/FB_IMG_1677276975017.jpg","type":"image\/jpeg"}],"author":"L'Equipe de la R\u00e9daction","twitter_misc":{"\u00c9crit par":"L'Equipe de la R\u00e9daction","Dur\u00e9e de lecture estim\u00e9e":"1 minute"},"schema":{"@context":"https:\/\/schema.org","@graph":[{"@type":"Article","@id":"https:\/\/oeilsportif.info\/index.php\/transfert-wambe-signe-en-ligue-1-algerienne-avec-le-cfb\/#article","isPartOf":{"@id":"https:\/\/oeilsportif.info\/index.php\/transfert-wambe-signe-en-ligue-1-algerienne-avec-le-cfb\/"},"author":{"name":"L'Equipe de la R\u00e9daction","@id":"https:\/\/oeilsportif.info\/#\/schema\/person\/cfbded294aa6095f7d96608d7905e9a1"},"headline":"Transfert: Wamb\u00e9 signe en ligue 1 alg\u00e9rienne avec le CFB","datePublished":"2023-02-24T22:18:37+00:00","mainEntityOfPage":{"@id":"https:\/\/oeilsportif.info\/index.php\/transfert-wambe-signe-en-ligue-1-algerienne-avec-le-cfb\/"},"wordCount":141,"image":{"@id":"https:\/\/oeilsportif.info\/index.php\/transfert-wambe-signe-en-ligue-1-algerienne-avec-le-cfb\/#primaryimage"},"thumbnailUrl":"https:\/\/i0.wp.com\/oeilsportif.info\/wp-content\/uploads\/2023\/02\/FB_IMG_1677276975017.jpg?fit=960%2C758&ssl=1","articleSection":["Handball"],"inLanguage":"fr-FR"},{"@type":"WebPage","@id":"https:\/\/oeilsportif.info\/index.php\/transfert-wambe-signe-en-ligue-1-algerienne-avec-le-cfb\/","url":"https:\/\/oeilsportif.info\/index.php\/transfert-wambe-signe-en-ligue-1-algerienne-avec-le-cfb\/","name":"Transfert: Wamb\u00e9 signe en ligue 1 alg\u00e9rienne avec le CFB - le regard du sportif","isPartOf":{"@id":"https:\/\/oeilsportif.info\/#website"},"primaryImageOfPage":{"@id":"https:\/\/oeilsportif.info\/index.php\/transfert-wambe-signe-en-ligue-1-algerienne-avec-le-cfb\/#primaryimage"},"image":{"@id":"https:\/\/oeilsportif.info\/index.php\/transfert-wambe-signe-en-ligue-1-algerienne-avec-le-cfb\/#primaryimage"},"thumbnailUrl":"https:\/\/i0.wp.com\/oeilsportif.info\/wp-content\/uploads\/2023\/02\/FB_IMG_1677276975017.jpg?fit=960%2C758&ssl=1","datePublished":"2023-02-24T22:18:37+00:00","author":{"@id":"https:\/\/oeilsportif.info\/#\/schema\/person\/cfbded294aa6095f7d96608d7905e9a1"},"inLanguage":"fr-FR","potentialAction":[{"@type":"ReadAction","target":["https:\/\/oeilsportif.info\/index.php\/transfert-wambe-signe-en-ligue-1-algerienne-avec-le-cfb\/"]}]},{"@type":"ImageObject","inLanguage":"fr-FR","@id":"https:\/\/oeilsportif.info\/index.php\/transfert-wambe-signe-en-ligue-1-algerienne-avec-le-cfb\/#primaryimage","url":"https:\/\/i0.wp.com\/oeilsportif.info\/wp-content\/uploads\/2023\/02\/FB_IMG_1677276975017.jpg?fit=960%2C758&ssl=1","contentUrl":"https:\/\/i0.wp.com\/oeilsportif.info\/wp-content\/uploads\/2023\/02\/FB_IMG_1677276975017.jpg?fit=960%2C758&ssl=1","width":960,"height":758},{"@type":"WebSite","@id":"https:\/\/oeilsportif.info\/#website","url":"https:\/\/oeilsportif.info\/","name":"le regard du sportif","description":"","potentialAction":[{"@type":"SearchAction","target":{"@type":"EntryPoint","urlTemplate":"https:\/\/oeilsportif.info\/?s={search_term_string}"},"query-input":{"@type":"PropertyValueSpecification","valueRequired":true,"valueName":"search_term_string"}}],"inLanguage":"fr-FR"},{"@type":"Person","@id":"https:\/\/oeilsportif.info\/#\/schema\/person\/cfbded294aa6095f7d96608d7905e9a1","name":"L'Equipe de la R\u00e9daction","image":{"@type":"ImageObject","inLanguage":"fr-FR","@id":"https:\/\/oeilsportif.info\/wp-content\/uploads\/2025\/07\/cropped-cropped-logo-os-96x96.jpeg","url":"https:\/\/oeilsportif.info\/wp-content\/uploads\/2025\/07\/cropped-cropped-logo-os-96x96.jpeg","contentUrl":"https:\/\/oeilsportif.info\/wp-content\/uploads\/2025\/07\/cropped-cropped-logo-os-96x96.jpeg","caption":"L'Equipe de la R\u00e9daction"},"url":"https:\/\/oeilsportif.info\/index.php\/author\/tawel\/"}]}},"jetpack_publicize_connections":[],"jetpack_featured_media_url":"https:\/\/i0.wp.com\/oeilsportif.info\/wp-content\/uploads\/2023\/02\/FB_IMG_1677276975017.jpg?fit=960%2C758&ssl=1","jetpack-related-posts":[],"jetpack_sharing_enabled":true,"jetpack_likes_enabled":true,"jetpack_shortlink":"https:\/\/wp.me\/pgFE77-IY","_links":{"self":[{"href":"https:\/\/oeilsportif.info\/index.php\/wp-json\/wp\/v2\/posts\/2788","targetHints":{"allow":["GET"]}}],"collection":[{"href":"https:\/\/oeilsportif.info\/index.php\/wp-json\/wp\/v2\/posts"}],"about":[{"href":"https:\/\/oeilsportif.info\/index.php\/wp-json\/wp\/v2\/types\/post"}],"author":[{"embeddable":true,"href":"https:\/\/oeilsportif.info\/index.php\/wp-json\/wp\/v2\/users\/2"}],"replies":[{"embeddable":true,"href":"https:\/\/oeilsportif.info\/index.php\/wp-json\/wp\/v2\/comments?post=2788"}],"version-history":[{"count":0,"href":"https:\/\/oeilsportif.info\/index.php\/wp-json\/wp\/v2\/posts\/2788\/revisions"}],"wp:featuredmedia":[{"embeddable":true,"href":"https:\/\/oeilsportif.info\/index.php\/wp-json\/wp\/v2\/media\/2789"}],"wp:attachment":[{"href":"https:\/\/oeilsportif.info\/index.php\/wp-json\/wp\/v2\/media?parent=2788"}],"wp:term":[{"taxonomy":"category","embeddable":true,"href":"https:\/\/oeilsportif.info\/index.php\/wp-json\/wp\/v2\/categories?post=2788"},{"taxonomy":"post_tag","embeddable":true,"href":"https:\/\/oeilsportif.info\/index.php\/wp-json\/wp\/v2\/tags?post=2788"}],"curies":[{"name":"wp","href":"https:\/\/api.w.org\/{rel}","templated":true}]}}