{"id":2777,"date":"2023-02-24T14:55:52","date_gmt":"2023-02-24T14:55:52","guid":{"rendered":"https:\/\/oeilsportif.info\/index.php\/?p=2777"},"modified":"2023-02-24T14:55:52","modified_gmt":"2023-02-24T14:55:52","slug":"crise-a-la-feguifoot-marco-ibrahima-sory-porte-parole-du-collectif-pour-la-defense-du-football-guineen-le-collectif-nexclu-personne-et-nest-cree-contre-personne","status":"publish","type":"post","link":"https:\/\/oeilsportif.info\/index.php\/crise-a-la-feguifoot-marco-ibrahima-sory-porte-parole-du-collectif-pour-la-defense-du-football-guineen-le-collectif-nexclu-personne-et-nest-cree-contre-personne\/","title":{"rendered":"Crise \u00e0 la F\u00e9guifoot \/ Marco Ibrahima Sory, porte-parole du Collectif pour la D\u00e9fense du Football Guin\u00e9en : \u00ab Le collectif n&rsquo;exclu personne et n&rsquo;est cr\u00e9\u00e9 contre personne\u2026 !!! \u00bb"},"content":{"rendered":"<p>Ce vendredi 24 f\u00e9vrier 2023 au si\u00e8ge du Comit\u00e9 National Olympique et Sportif Guin\u00e9en, le Collectif pour la D\u00e9fense du Football Guin\u00e9en \u00e9tait devant la presse pour pr\u00e9senter sa proposition par rapport au nouveau statut qui a \u00e9t\u00e9 pr\u00e9sent\u00e9 par le CONOR dont certains articles ont \u00e9t\u00e9 rejet\u00e9s par certains membres statutaires \u00e0 savoir : articles 12, 36 ,22, 25, 27, 75, 86 entre autres&#8230; Pour sa part, le Collectif pour la D\u00e9fendre du Football Guin\u00e9en, les membres statutaires qui ont rejet\u00e9 les articles mentionn\u00e9s ci-dessus, n\u2019ont pas bien compris le contenu du nouveau statut qui a \u00e9t\u00e9 pr\u00e9sent\u00e9 par le CONOR. C&rsquo;est pourquoi ils les ont rejet\u00e9. Maintenant pour r\u00e9soudre \u00e0 ce probl\u00e8me et expliquer \u00e0 ces membres statutaires y compris les m\u00e9dias, l&rsquo;importance du nouveau statut, et la d\u00e9fense de l&rsquo;int\u00e9r\u00eat du football guin\u00e9en c&rsquo;est pourquoi le Collectif pour la D\u00e9fense du Football Guin\u00e9en a \u00e9t\u00e9 cr\u00e9\u00e9. Pour son porte parole, Marco Ibrahima Sory Bah :<strong>\u00ab Nous ne contestons pas la d\u00e9cision du Conor ni les autres membres statutaires qui ont rejet\u00e9 le nouveau statut qui a \u00e9t\u00e9 pr\u00e9sent\u00e9 par le CONOR. Mais nous pensons qu\u2019on doit discuter avec tout le monde pour la sortie de cette crise qui n&rsquo;a fait que trop dur\u00e9, alors cela n&rsquo;arrange personne. Donc la meilleure fa\u00e7on pour nous les membres statutaires c&rsquo;est de dialoguer avec le Conor et faire la proposition pour lui, pour la sortie d\u00e9finitive de cette crise (\u2026). Nous avons cr\u00e9\u00e9 le Collectif pour la D\u00e9fendre du Football Guin\u00e9en, c&rsquo;est pour d\u00e9fendre le football guin\u00e9en et nous ne sommes contre personne. Ensuite nous allons partir vers les autres membres statutaires qui sont retissants pour dialoguer avec eux afin de r\u00e9soudre cette crise. Le collectif n&rsquo;exclu personne, et n&rsquo;est cr\u00e9\u00e9 contre personne \u2026 \u00bb<\/strong> t-il indiqu\u00e9.<\/p>\n<p><a href=\"https:\/\/i0.wp.com\/oeilsportif.info\/wp-content\/uploads\/2023\/02\/IMG_2294-scaled.jpeg?ssl=1\"><img data-recalc-dims=\"1\" loading=\"lazy\" decoding=\"async\" class=\"alignnone size-full wp-image-2778\" src=\"https:\/\/i0.wp.com\/oeilsportif.info\/wp-content\/uploads\/2023\/02\/IMG_2294-scaled.jpeg?resize=696%2C522&#038;ssl=1\" alt=\"\" width=\"696\" height=\"522\" srcset=\"https:\/\/i0.wp.com\/oeilsportif.info\/wp-content\/uploads\/2023\/02\/IMG_2294-scaled.jpeg?w=2560&amp;ssl=1 2560w, https:\/\/i0.wp.com\/oeilsportif.info\/wp-content\/uploads\/2023\/02\/IMG_2294-scaled.jpeg?resize=300%2C225&amp;ssl=1 300w, https:\/\/i0.wp.com\/oeilsportif.info\/wp-content\/uploads\/2023\/02\/IMG_2294-scaled.jpeg?resize=1024%2C768&amp;ssl=1 1024w, https:\/\/i0.wp.com\/oeilsportif.info\/wp-content\/uploads\/2023\/02\/IMG_2294-scaled.jpeg?resize=768%2C576&amp;ssl=1 768w, https:\/\/i0.wp.com\/oeilsportif.info\/wp-content\/uploads\/2023\/02\/IMG_2294-scaled.jpeg?resize=1536%2C1152&amp;ssl=1 1536w, https:\/\/i0.wp.com\/oeilsportif.info\/wp-content\/uploads\/2023\/02\/IMG_2294-scaled.jpeg?resize=2048%2C1536&amp;ssl=1 2048w, https:\/\/i0.wp.com\/oeilsportif.info\/wp-content\/uploads\/2023\/02\/IMG_2294-scaled.jpeg?resize=80%2C60&amp;ssl=1 80w, https:\/\/i0.wp.com\/oeilsportif.info\/wp-content\/uploads\/2023\/02\/IMG_2294-scaled.jpeg?resize=265%2C198&amp;ssl=1 265w, https:\/\/i0.wp.com\/oeilsportif.info\/wp-content\/uploads\/2023\/02\/IMG_2294-scaled.jpeg?resize=696%2C522&amp;ssl=1 696w, https:\/\/i0.wp.com\/oeilsportif.info\/wp-content\/uploads\/2023\/02\/IMG_2294-scaled.jpeg?resize=1068%2C801&amp;ssl=1 1068w, https:\/\/i0.wp.com\/oeilsportif.info\/wp-content\/uploads\/2023\/02\/IMG_2294-scaled.jpeg?resize=560%2C420&amp;ssl=1 560w, https:\/\/i0.wp.com\/oeilsportif.info\/wp-content\/uploads\/2023\/02\/IMG_2294-scaled.jpeg?resize=1920%2C1440&amp;ssl=1 1920w, https:\/\/i0.wp.com\/oeilsportif.info\/wp-content\/uploads\/2023\/02\/IMG_2294-scaled.jpeg?w=1392&amp;ssl=1 1392w\" sizes=\"auto, (max-width: 696px) 100vw, 696px\" \/><\/a><a href=\"https:\/\/i0.wp.com\/oeilsportif.info\/wp-content\/uploads\/2023\/02\/IMG_2292-scaled.jpeg?ssl=1\"><img data-recalc-dims=\"1\" loading=\"lazy\" decoding=\"async\" class=\"alignnone size-full wp-image-2779\" src=\"https:\/\/i0.wp.com\/oeilsportif.info\/wp-content\/uploads\/2023\/02\/IMG_2292-scaled.jpeg?resize=696%2C522&#038;ssl=1\" alt=\"\" width=\"696\" height=\"522\" srcset=\"https:\/\/i0.wp.com\/oeilsportif.info\/wp-content\/uploads\/2023\/02\/IMG_2292-scaled.jpeg?w=2560&amp;ssl=1 2560w, https:\/\/i0.wp.com\/oeilsportif.info\/wp-content\/uploads\/2023\/02\/IMG_2292-scaled.jpeg?resize=300%2C225&amp;ssl=1 300w, https:\/\/i0.wp.com\/oeilsportif.info\/wp-content\/uploads\/2023\/02\/IMG_2292-scaled.jpeg?resize=1024%2C768&amp;ssl=1 1024w, https:\/\/i0.wp.com\/oeilsportif.info\/wp-content\/uploads\/2023\/02\/IMG_2292-scaled.jpeg?resize=768%2C576&amp;ssl=1 768w, https:\/\/i0.wp.com\/oeilsportif.info\/wp-content\/uploads\/2023\/02\/IMG_2292-scaled.jpeg?resize=1536%2C1152&amp;ssl=1 1536w, https:\/\/i0.wp.com\/oeilsportif.info\/wp-content\/uploads\/2023\/02\/IMG_2292-scaled.jpeg?resize=2048%2C1536&amp;ssl=1 2048w, https:\/\/i0.wp.com\/oeilsportif.info\/wp-content\/uploads\/2023\/02\/IMG_2292-scaled.jpeg?resize=80%2C60&amp;ssl=1 80w, https:\/\/i0.wp.com\/oeilsportif.info\/wp-content\/uploads\/2023\/02\/IMG_2292-scaled.jpeg?resize=265%2C198&amp;ssl=1 265w, https:\/\/i0.wp.com\/oeilsportif.info\/wp-content\/uploads\/2023\/02\/IMG_2292-scaled.jpeg?resize=696%2C522&amp;ssl=1 696w, https:\/\/i0.wp.com\/oeilsportif.info\/wp-content\/uploads\/2023\/02\/IMG_2292-scaled.jpeg?resize=1068%2C801&amp;ssl=1 1068w, https:\/\/i0.wp.com\/oeilsportif.info\/wp-content\/uploads\/2023\/02\/IMG_2292-scaled.jpeg?resize=560%2C420&amp;ssl=1 560w, https:\/\/i0.wp.com\/oeilsportif.info\/wp-content\/uploads\/2023\/02\/IMG_2292-scaled.jpeg?resize=1920%2C1440&amp;ssl=1 1920w, https:\/\/i0.wp.com\/oeilsportif.info\/wp-content\/uploads\/2023\/02\/IMG_2292-scaled.jpeg?w=1392&amp;ssl=1 1392w\" sizes=\"auto, (max-width: 696px) 100vw, 696px\" \/><\/a> <a href=\"https:\/\/i0.wp.com\/oeilsportif.info\/wp-content\/uploads\/2023\/02\/IMG_2295-scaled.jpeg?ssl=1\"><img data-recalc-dims=\"1\" loading=\"lazy\" decoding=\"async\" class=\"alignnone size-full wp-image-2780\" src=\"https:\/\/i0.wp.com\/oeilsportif.info\/wp-content\/uploads\/2023\/02\/IMG_2295-scaled.jpeg?resize=696%2C522&#038;ssl=1\" alt=\"\" width=\"696\" height=\"522\" srcset=\"https:\/\/i0.wp.com\/oeilsportif.info\/wp-content\/uploads\/2023\/02\/IMG_2295-scaled.jpeg?w=2560&amp;ssl=1 2560w, https:\/\/i0.wp.com\/oeilsportif.info\/wp-content\/uploads\/2023\/02\/IMG_2295-scaled.jpeg?resize=300%2C225&amp;ssl=1 300w, https:\/\/i0.wp.com\/oeilsportif.info\/wp-content\/uploads\/2023\/02\/IMG_2295-scaled.jpeg?resize=1024%2C768&amp;ssl=1 1024w, https:\/\/i0.wp.com\/oeilsportif.info\/wp-content\/uploads\/2023\/02\/IMG_2295-scaled.jpeg?resize=768%2C576&amp;ssl=1 768w, https:\/\/i0.wp.com\/oeilsportif.info\/wp-content\/uploads\/2023\/02\/IMG_2295-scaled.jpeg?resize=1536%2C1152&amp;ssl=1 1536w, https:\/\/i0.wp.com\/oeilsportif.info\/wp-content\/uploads\/2023\/02\/IMG_2295-scaled.jpeg?resize=2048%2C1536&amp;ssl=1 2048w, https:\/\/i0.wp.com\/oeilsportif.info\/wp-content\/uploads\/2023\/02\/IMG_2295-scaled.jpeg?resize=80%2C60&amp;ssl=1 80w, https:\/\/i0.wp.com\/oeilsportif.info\/wp-content\/uploads\/2023\/02\/IMG_2295-scaled.jpeg?resize=265%2C198&amp;ssl=1 265w, https:\/\/i0.wp.com\/oeilsportif.info\/wp-content\/uploads\/2023\/02\/IMG_2295-scaled.jpeg?resize=696%2C522&amp;ssl=1 696w, https:\/\/i0.wp.com\/oeilsportif.info\/wp-content\/uploads\/2023\/02\/IMG_2295-scaled.jpeg?resize=1068%2C801&amp;ssl=1 1068w, https:\/\/i0.wp.com\/oeilsportif.info\/wp-content\/uploads\/2023\/02\/IMG_2295-scaled.jpeg?resize=560%2C420&amp;ssl=1 560w, https:\/\/i0.wp.com\/oeilsportif.info\/wp-content\/uploads\/2023\/02\/IMG_2295-scaled.jpeg?resize=1920%2C1440&amp;ssl=1 1920w, https:\/\/i0.wp.com\/oeilsportif.info\/wp-content\/uploads\/2023\/02\/IMG_2295-scaled.jpeg?w=1392&amp;ssl=1 1392w\" sizes=\"auto, (max-width: 696px) 100vw, 696px\" \/><\/a> <a href=\"https:\/\/i0.wp.com\/oeilsportif.info\/wp-content\/uploads\/2023\/02\/IMG_2296-scaled.jpeg?ssl=1\"><img data-recalc-dims=\"1\" loading=\"lazy\" decoding=\"async\" class=\"alignnone size-full wp-image-2781\" src=\"https:\/\/i0.wp.com\/oeilsportif.info\/wp-content\/uploads\/2023\/02\/IMG_2296-scaled.jpeg?resize=696%2C522&#038;ssl=1\" alt=\"\" width=\"696\" height=\"522\" srcset=\"https:\/\/i0.wp.com\/oeilsportif.info\/wp-content\/uploads\/2023\/02\/IMG_2296-scaled.jpeg?w=2560&amp;ssl=1 2560w, https:\/\/i0.wp.com\/oeilsportif.info\/wp-content\/uploads\/2023\/02\/IMG_2296-scaled.jpeg?resize=300%2C225&amp;ssl=1 300w, https:\/\/i0.wp.com\/oeilsportif.info\/wp-content\/uploads\/2023\/02\/IMG_2296-scaled.jpeg?resize=1024%2C768&amp;ssl=1 1024w, https:\/\/i0.wp.com\/oeilsportif.info\/wp-content\/uploads\/2023\/02\/IMG_2296-scaled.jpeg?resize=768%2C576&amp;ssl=1 768w, https:\/\/i0.wp.com\/oeilsportif.info\/wp-content\/uploads\/2023\/02\/IMG_2296-scaled.jpeg?resize=1536%2C1152&amp;ssl=1 1536w, https:\/\/i0.wp.com\/oeilsportif.info\/wp-content\/uploads\/2023\/02\/IMG_2296-scaled.jpeg?resize=2048%2C1536&amp;ssl=1 2048w, https:\/\/i0.wp.com\/oeilsportif.info\/wp-content\/uploads\/2023\/02\/IMG_2296-scaled.jpeg?resize=80%2C60&amp;ssl=1 80w, https:\/\/i0.wp.com\/oeilsportif.info\/wp-content\/uploads\/2023\/02\/IMG_2296-scaled.jpeg?resize=265%2C198&amp;ssl=1 265w, https:\/\/i0.wp.com\/oeilsportif.info\/wp-content\/uploads\/2023\/02\/IMG_2296-scaled.jpeg?resize=696%2C522&amp;ssl=1 696w, https:\/\/i0.wp.com\/oeilsportif.info\/wp-content\/uploads\/2023\/02\/IMG_2296-scaled.jpeg?resize=1068%2C801&amp;ssl=1 1068w, https:\/\/i0.wp.com\/oeilsportif.info\/wp-content\/uploads\/2023\/02\/IMG_2296-scaled.jpeg?resize=560%2C420&amp;ssl=1 560w, https:\/\/i0.wp.com\/oeilsportif.info\/wp-content\/uploads\/2023\/02\/IMG_2296-scaled.jpeg?resize=1920%2C1440&amp;ssl=1 1920w, https:\/\/i0.wp.com\/oeilsportif.info\/wp-content\/uploads\/2023\/02\/IMG_2296-scaled.jpeg?w=1392&amp;ssl=1 1392w\" sizes=\"auto, (max-width: 696px) 100vw, 696px\" \/><\/a><\/p>\n<p><strong>La R\u00e9daction<\/strong><\/p>\n","protected":false},"excerpt":{"rendered":"<p>Ce vendredi 24 f\u00e9vrier 2023 au si\u00e8ge du Comit\u00e9 National Olympique et Sportif Guin\u00e9en, le Collectif pour la D\u00e9fense du Football Guin\u00e9en \u00e9tait devant la presse pour pr\u00e9senter sa proposition par rapport au nouveau statut qui a \u00e9t\u00e9 pr\u00e9sent\u00e9 par le CONOR dont certains articles ont \u00e9t\u00e9 rejet\u00e9s par certains membres statutaires \u00e0 savoir : [&hellip;]<\/p>\n","protected":false},"author":2,"featured_media":2778,"comment_status":"closed","ping_status":"open","sticky":false,"template":"","format":"standard","meta":{"_jetpack_memberships_contains_paid_content":false,"footnotes":"","jetpack_publicize_message":"","jetpack_publicize_feature_enabled":true,"jetpack_social_post_already_shared":true,"jetpack_social_options":{"image_generator_settings":{"template":"highway","default_image_id":0,"font":"","enabled":false},"version":2}},"categories":[5],"tags":[],"class_list":{"0":"post-2777","1":"post","2":"type-post","3":"status-publish","4":"format-standard","5":"has-post-thumbnail","7":"category-football"},"yoast_head":"<!-- This site is optimized with the Yoast SEO plugin v27.5 - https:\/\/yoast.com\/product\/yoast-seo-wordpress\/ -->\n<title>Crise \u00e0 la F\u00e9guifoot \/ Marco Ibrahima Sory, porte-parole du Collectif pour la D\u00e9fense du Football Guin\u00e9en : \u00ab Le collectif n&#039;exclu personne et n&#039;est cr\u00e9\u00e9 contre personne\u2026 !!! \u00bb - le regard du sportif<\/title>\n<meta name=\"robots\" content=\"index, follow, max-snippet:-1, max-image-preview:large, max-video-preview:-1\" \/>\n<link rel=\"canonical\" href=\"https:\/\/oeilsportif.info\/index.php\/crise-a-la-feguifoot-marco-ibrahima-sory-porte-parole-du-collectif-pour-la-defense-du-football-guineen-le-collectif-nexclu-personne-et-nest-cree-contre-personne\/\" \/>\n<meta property=\"og:locale\" content=\"fr_FR\" \/>\n<meta property=\"og:type\" content=\"article\" \/>\n<meta property=\"og:title\" content=\"Crise \u00e0 la F\u00e9guifoot \/ Marco Ibrahima Sory, porte-parole du Collectif pour la D\u00e9fense du Football Guin\u00e9en : \u00ab Le collectif n&#039;exclu personne et n&#039;est cr\u00e9\u00e9 contre personne\u2026 !!! \u00bb - le regard du sportif\" \/>\n<meta property=\"og:description\" content=\"Ce vendredi 24 f\u00e9vrier 2023 au si\u00e8ge du Comit\u00e9 National Olympique et Sportif Guin\u00e9en, le Collectif pour la D\u00e9fense du Football Guin\u00e9en \u00e9tait devant la presse pour pr\u00e9senter sa proposition par rapport au nouveau statut qui a \u00e9t\u00e9 pr\u00e9sent\u00e9 par le CONOR dont certains articles ont \u00e9t\u00e9 rejet\u00e9s par certains membres statutaires \u00e0 savoir : [&hellip;]\" \/>\n<meta property=\"og:url\" content=\"https:\/\/oeilsportif.info\/index.php\/crise-a-la-feguifoot-marco-ibrahima-sory-porte-parole-du-collectif-pour-la-defense-du-football-guineen-le-collectif-nexclu-personne-et-nest-cree-contre-personne\/\" \/>\n<meta property=\"og:site_name\" content=\"le regard du sportif\" \/>\n<meta property=\"article:published_time\" content=\"2023-02-24T14:55:52+00:00\" \/>\n<meta property=\"og:image\" content=\"https:\/\/oeilsportif.info\/wp-content\/uploads\/2023\/02\/IMG_2294-scaled.jpeg\" \/>\n\t<meta property=\"og:image:width\" content=\"2560\" \/>\n\t<meta property=\"og:image:height\" content=\"1920\" \/>\n\t<meta property=\"og:image:type\" content=\"image\/jpeg\" \/>\n<meta name=\"author\" content=\"L&#039;Equipe de la R\u00e9daction\" \/>\n<meta name=\"twitter:label1\" content=\"\u00c9crit par\" \/>\n\t<meta name=\"twitter:data1\" content=\"L&#039;Equipe de la R\u00e9daction\" \/>\n\t<meta name=\"twitter:label2\" content=\"Dur\u00e9e de lecture estim\u00e9e\" \/>\n\t<meta name=\"twitter:data2\" content=\"3 minutes\" \/>\n<script type=\"application\/ld+json\" class=\"yoast-schema-graph\">{\"@context\":\"https:\\\/\\\/schema.org\",\"@graph\":[{\"@type\":\"Article\",\"@id\":\"https:\\\/\\\/oeilsportif.info\\\/index.php\\\/crise-a-la-feguifoot-marco-ibrahima-sory-porte-parole-du-collectif-pour-la-defense-du-football-guineen-le-collectif-nexclu-personne-et-nest-cree-contre-personne\\\/#article\",\"isPartOf\":{\"@id\":\"https:\\\/\\\/oeilsportif.info\\\/index.php\\\/crise-a-la-feguifoot-marco-ibrahima-sory-porte-parole-du-collectif-pour-la-defense-du-football-guineen-le-collectif-nexclu-personne-et-nest-cree-contre-personne\\\/\"},\"author\":{\"name\":\"L'Equipe de la R\u00e9daction\",\"@id\":\"https:\\\/\\\/oeilsportif.info\\\/#\\\/schema\\\/person\\\/cfbded294aa6095f7d96608d7905e9a1\"},\"headline\":\"Crise \u00e0 la F\u00e9guifoot \\\/ Marco Ibrahima Sory, porte-parole du Collectif pour la D\u00e9fense du Football Guin\u00e9en : \u00ab Le collectif n&rsquo;exclu personne et n&rsquo;est cr\u00e9\u00e9 contre personne\u2026 !!! \u00bb\",\"datePublished\":\"2023-02-24T14:55:52+00:00\",\"mainEntityOfPage\":{\"@id\":\"https:\\\/\\\/oeilsportif.info\\\/index.php\\\/crise-a-la-feguifoot-marco-ibrahima-sory-porte-parole-du-collectif-pour-la-defense-du-football-guineen-le-collectif-nexclu-personne-et-nest-cree-contre-personne\\\/\"},\"wordCount\":353,\"image\":{\"@id\":\"https:\\\/\\\/oeilsportif.info\\\/index.php\\\/crise-a-la-feguifoot-marco-ibrahima-sory-porte-parole-du-collectif-pour-la-defense-du-football-guineen-le-collectif-nexclu-personne-et-nest-cree-contre-personne\\\/#primaryimage\"},\"thumbnailUrl\":\"https:\\\/\\\/i0.wp.com\\\/oeilsportif.info\\\/wp-content\\\/uploads\\\/2023\\\/02\\\/IMG_2294-scaled.jpeg?fit=2560%2C1920&ssl=1\",\"articleSection\":[\"Football\"],\"inLanguage\":\"fr-FR\"},{\"@type\":\"WebPage\",\"@id\":\"https:\\\/\\\/oeilsportif.info\\\/index.php\\\/crise-a-la-feguifoot-marco-ibrahima-sory-porte-parole-du-collectif-pour-la-defense-du-football-guineen-le-collectif-nexclu-personne-et-nest-cree-contre-personne\\\/\",\"url\":\"https:\\\/\\\/oeilsportif.info\\\/index.php\\\/crise-a-la-feguifoot-marco-ibrahima-sory-porte-parole-du-collectif-pour-la-defense-du-football-guineen-le-collectif-nexclu-personne-et-nest-cree-contre-personne\\\/\",\"name\":\"Crise \u00e0 la F\u00e9guifoot \\\/ Marco Ibrahima Sory, porte-parole du Collectif pour la D\u00e9fense du Football Guin\u00e9en : \u00ab Le collectif n'exclu personne et n'est cr\u00e9\u00e9 contre personne\u2026 !!! \u00bb - le regard du sportif\",\"isPartOf\":{\"@id\":\"https:\\\/\\\/oeilsportif.info\\\/#website\"},\"primaryImageOfPage\":{\"@id\":\"https:\\\/\\\/oeilsportif.info\\\/index.php\\\/crise-a-la-feguifoot-marco-ibrahima-sory-porte-parole-du-collectif-pour-la-defense-du-football-guineen-le-collectif-nexclu-personne-et-nest-cree-contre-personne\\\/#primaryimage\"},\"image\":{\"@id\":\"https:\\\/\\\/oeilsportif.info\\\/index.php\\\/crise-a-la-feguifoot-marco-ibrahima-sory-porte-parole-du-collectif-pour-la-defense-du-football-guineen-le-collectif-nexclu-personne-et-nest-cree-contre-personne\\\/#primaryimage\"},\"thumbnailUrl\":\"https:\\\/\\\/i0.wp.com\\\/oeilsportif.info\\\/wp-content\\\/uploads\\\/2023\\\/02\\\/IMG_2294-scaled.jpeg?fit=2560%2C1920&ssl=1\",\"datePublished\":\"2023-02-24T14:55:52+00:00\",\"author\":{\"@id\":\"https:\\\/\\\/oeilsportif.info\\\/#\\\/schema\\\/person\\\/cfbded294aa6095f7d96608d7905e9a1\"},\"inLanguage\":\"fr-FR\",\"potentialAction\":[{\"@type\":\"ReadAction\",\"target\":[\"https:\\\/\\\/oeilsportif.info\\\/index.php\\\/crise-a-la-feguifoot-marco-ibrahima-sory-porte-parole-du-collectif-pour-la-defense-du-football-guineen-le-collectif-nexclu-personne-et-nest-cree-contre-personne\\\/\"]}]},{\"@type\":\"ImageObject\",\"inLanguage\":\"fr-FR\",\"@id\":\"https:\\\/\\\/oeilsportif.info\\\/index.php\\\/crise-a-la-feguifoot-marco-ibrahima-sory-porte-parole-du-collectif-pour-la-defense-du-football-guineen-le-collectif-nexclu-personne-et-nest-cree-contre-personne\\\/#primaryimage\",\"url\":\"https:\\\/\\\/i0.wp.com\\\/oeilsportif.info\\\/wp-content\\\/uploads\\\/2023\\\/02\\\/IMG_2294-scaled.jpeg?fit=2560%2C1920&ssl=1\",\"contentUrl\":\"https:\\\/\\\/i0.wp.com\\\/oeilsportif.info\\\/wp-content\\\/uploads\\\/2023\\\/02\\\/IMG_2294-scaled.jpeg?fit=2560%2C1920&ssl=1\",\"width\":2560,\"height\":1920},{\"@type\":\"WebSite\",\"@id\":\"https:\\\/\\\/oeilsportif.info\\\/#website\",\"url\":\"https:\\\/\\\/oeilsportif.info\\\/\",\"name\":\"le regard du sportif\",\"description\":\"\",\"potentialAction\":[{\"@type\":\"SearchAction\",\"target\":{\"@type\":\"EntryPoint\",\"urlTemplate\":\"https:\\\/\\\/oeilsportif.info\\\/?s={search_term_string}\"},\"query-input\":{\"@type\":\"PropertyValueSpecification\",\"valueRequired\":true,\"valueName\":\"search_term_string\"}}],\"inLanguage\":\"fr-FR\"},{\"@type\":\"Person\",\"@id\":\"https:\\\/\\\/oeilsportif.info\\\/#\\\/schema\\\/person\\\/cfbded294aa6095f7d96608d7905e9a1\",\"name\":\"L'Equipe de la R\u00e9daction\",\"image\":{\"@type\":\"ImageObject\",\"inLanguage\":\"fr-FR\",\"@id\":\"https:\\\/\\\/oeilsportif.info\\\/wp-content\\\/uploads\\\/2025\\\/07\\\/cropped-cropped-logo-os-96x96.jpeg\",\"url\":\"https:\\\/\\\/oeilsportif.info\\\/wp-content\\\/uploads\\\/2025\\\/07\\\/cropped-cropped-logo-os-96x96.jpeg\",\"contentUrl\":\"https:\\\/\\\/oeilsportif.info\\\/wp-content\\\/uploads\\\/2025\\\/07\\\/cropped-cropped-logo-os-96x96.jpeg\",\"caption\":\"L'Equipe de la R\u00e9daction\"},\"url\":\"https:\\\/\\\/oeilsportif.info\\\/index.php\\\/author\\\/tawel\\\/\"}]}<\/script>\n<!-- \/ Yoast SEO plugin. -->","yoast_head_json":{"title":"Crise \u00e0 la F\u00e9guifoot \/ Marco Ibrahima Sory, porte-parole du Collectif pour la D\u00e9fense du Football Guin\u00e9en : \u00ab Le collectif n'exclu personne et n'est cr\u00e9\u00e9 contre personne\u2026 !!! \u00bb - le regard du sportif","robots":{"index":"index","follow":"follow","max-snippet":"max-snippet:-1","max-image-preview":"max-image-preview:large","max-video-preview":"max-video-preview:-1"},"canonical":"https:\/\/oeilsportif.info\/index.php\/crise-a-la-feguifoot-marco-ibrahima-sory-porte-parole-du-collectif-pour-la-defense-du-football-guineen-le-collectif-nexclu-personne-et-nest-cree-contre-personne\/","og_locale":"fr_FR","og_type":"article","og_title":"Crise \u00e0 la F\u00e9guifoot \/ Marco Ibrahima Sory, porte-parole du Collectif pour la D\u00e9fense du Football Guin\u00e9en : \u00ab Le collectif n'exclu personne et n'est cr\u00e9\u00e9 contre personne\u2026 !!! \u00bb - le regard du sportif","og_description":"Ce vendredi 24 f\u00e9vrier 2023 au si\u00e8ge du Comit\u00e9 National Olympique et Sportif Guin\u00e9en, le Collectif pour la D\u00e9fense du Football Guin\u00e9en \u00e9tait devant la presse pour pr\u00e9senter sa proposition par rapport au nouveau statut qui a \u00e9t\u00e9 pr\u00e9sent\u00e9 par le CONOR dont certains articles ont \u00e9t\u00e9 rejet\u00e9s par certains membres statutaires \u00e0 savoir : [&hellip;]","og_url":"https:\/\/oeilsportif.info\/index.php\/crise-a-la-feguifoot-marco-ibrahima-sory-porte-parole-du-collectif-pour-la-defense-du-football-guineen-le-collectif-nexclu-personne-et-nest-cree-contre-personne\/","og_site_name":"le regard du sportif","article_published_time":"2023-02-24T14:55:52+00:00","og_image":[{"width":2560,"height":1920,"url":"https:\/\/oeilsportif.info\/wp-content\/uploads\/2023\/02\/IMG_2294-scaled.jpeg","type":"image\/jpeg"}],"author":"L'Equipe de la R\u00e9daction","twitter_misc":{"\u00c9crit par":"L'Equipe de la R\u00e9daction","Dur\u00e9e de lecture estim\u00e9e":"3 minutes"},"schema":{"@context":"https:\/\/schema.org","@graph":[{"@type":"Article","@id":"https:\/\/oeilsportif.info\/index.php\/crise-a-la-feguifoot-marco-ibrahima-sory-porte-parole-du-collectif-pour-la-defense-du-football-guineen-le-collectif-nexclu-personne-et-nest-cree-contre-personne\/#article","isPartOf":{"@id":"https:\/\/oeilsportif.info\/index.php\/crise-a-la-feguifoot-marco-ibrahima-sory-porte-parole-du-collectif-pour-la-defense-du-football-guineen-le-collectif-nexclu-personne-et-nest-cree-contre-personne\/"},"author":{"name":"L'Equipe de la R\u00e9daction","@id":"https:\/\/oeilsportif.info\/#\/schema\/person\/cfbded294aa6095f7d96608d7905e9a1"},"headline":"Crise \u00e0 la F\u00e9guifoot \/ Marco Ibrahima Sory, porte-parole du Collectif pour la D\u00e9fense du Football Guin\u00e9en : \u00ab Le collectif n&rsquo;exclu personne et n&rsquo;est cr\u00e9\u00e9 contre personne\u2026 !!! \u00bb","datePublished":"2023-02-24T14:55:52+00:00","mainEntityOfPage":{"@id":"https:\/\/oeilsportif.info\/index.php\/crise-a-la-feguifoot-marco-ibrahima-sory-porte-parole-du-collectif-pour-la-defense-du-football-guineen-le-collectif-nexclu-personne-et-nest-cree-contre-personne\/"},"wordCount":353,"image":{"@id":"https:\/\/oeilsportif.info\/index.php\/crise-a-la-feguifoot-marco-ibrahima-sory-porte-parole-du-collectif-pour-la-defense-du-football-guineen-le-collectif-nexclu-personne-et-nest-cree-contre-personne\/#primaryimage"},"thumbnailUrl":"https:\/\/i0.wp.com\/oeilsportif.info\/wp-content\/uploads\/2023\/02\/IMG_2294-scaled.jpeg?fit=2560%2C1920&ssl=1","articleSection":["Football"],"inLanguage":"fr-FR"},{"@type":"WebPage","@id":"https:\/\/oeilsportif.info\/index.php\/crise-a-la-feguifoot-marco-ibrahima-sory-porte-parole-du-collectif-pour-la-defense-du-football-guineen-le-collectif-nexclu-personne-et-nest-cree-contre-personne\/","url":"https:\/\/oeilsportif.info\/index.php\/crise-a-la-feguifoot-marco-ibrahima-sory-porte-parole-du-collectif-pour-la-defense-du-football-guineen-le-collectif-nexclu-personne-et-nest-cree-contre-personne\/","name":"Crise \u00e0 la F\u00e9guifoot \/ Marco Ibrahima Sory, porte-parole du Collectif pour la D\u00e9fense du Football Guin\u00e9en : \u00ab Le collectif n'exclu personne et n'est cr\u00e9\u00e9 contre personne\u2026 !!! \u00bb - le regard du sportif","isPartOf":{"@id":"https:\/\/oeilsportif.info\/#website"},"primaryImageOfPage":{"@id":"https:\/\/oeilsportif.info\/index.php\/crise-a-la-feguifoot-marco-ibrahima-sory-porte-parole-du-collectif-pour-la-defense-du-football-guineen-le-collectif-nexclu-personne-et-nest-cree-contre-personne\/#primaryimage"},"image":{"@id":"https:\/\/oeilsportif.info\/index.php\/crise-a-la-feguifoot-marco-ibrahima-sory-porte-parole-du-collectif-pour-la-defense-du-football-guineen-le-collectif-nexclu-personne-et-nest-cree-contre-personne\/#primaryimage"},"thumbnailUrl":"https:\/\/i0.wp.com\/oeilsportif.info\/wp-content\/uploads\/2023\/02\/IMG_2294-scaled.jpeg?fit=2560%2C1920&ssl=1","datePublished":"2023-02-24T14:55:52+00:00","author":{"@id":"https:\/\/oeilsportif.info\/#\/schema\/person\/cfbded294aa6095f7d96608d7905e9a1"},"inLanguage":"fr-FR","potentialAction":[{"@type":"ReadAction","target":["https:\/\/oeilsportif.info\/index.php\/crise-a-la-feguifoot-marco-ibrahima-sory-porte-parole-du-collectif-pour-la-defense-du-football-guineen-le-collectif-nexclu-personne-et-nest-cree-contre-personne\/"]}]},{"@type":"ImageObject","inLanguage":"fr-FR","@id":"https:\/\/oeilsportif.info\/index.php\/crise-a-la-feguifoot-marco-ibrahima-sory-porte-parole-du-collectif-pour-la-defense-du-football-guineen-le-collectif-nexclu-personne-et-nest-cree-contre-personne\/#primaryimage","url":"https:\/\/i0.wp.com\/oeilsportif.info\/wp-content\/uploads\/2023\/02\/IMG_2294-scaled.jpeg?fit=2560%2C1920&ssl=1","contentUrl":"https:\/\/i0.wp.com\/oeilsportif.info\/wp-content\/uploads\/2023\/02\/IMG_2294-scaled.jpeg?fit=2560%2C1920&ssl=1","width":2560,"height":1920},{"@type":"WebSite","@id":"https:\/\/oeilsportif.info\/#website","url":"https:\/\/oeilsportif.info\/","name":"le regard du sportif","description":"","potentialAction":[{"@type":"SearchAction","target":{"@type":"EntryPoint","urlTemplate":"https:\/\/oeilsportif.info\/?s={search_term_string}"},"query-input":{"@type":"PropertyValueSpecification","valueRequired":true,"valueName":"search_term_string"}}],"inLanguage":"fr-FR"},{"@type":"Person","@id":"https:\/\/oeilsportif.info\/#\/schema\/person\/cfbded294aa6095f7d96608d7905e9a1","name":"L'Equipe de la R\u00e9daction","image":{"@type":"ImageObject","inLanguage":"fr-FR","@id":"https:\/\/oeilsportif.info\/wp-content\/uploads\/2025\/07\/cropped-cropped-logo-os-96x96.jpeg","url":"https:\/\/oeilsportif.info\/wp-content\/uploads\/2025\/07\/cropped-cropped-logo-os-96x96.jpeg","contentUrl":"https:\/\/oeilsportif.info\/wp-content\/uploads\/2025\/07\/cropped-cropped-logo-os-96x96.jpeg","caption":"L'Equipe de la R\u00e9daction"},"url":"https:\/\/oeilsportif.info\/index.php\/author\/tawel\/"}]}},"jetpack_publicize_connections":[],"jetpack_featured_media_url":"https:\/\/i0.wp.com\/oeilsportif.info\/wp-content\/uploads\/2023\/02\/IMG_2294-scaled.jpeg?fit=2560%2C1920&ssl=1","jetpack-related-posts":[],"jetpack_sharing_enabled":true,"jetpack_likes_enabled":true,"jetpack_shortlink":"https:\/\/wp.me\/pgFE77-IN","_links":{"self":[{"href":"https:\/\/oeilsportif.info\/index.php\/wp-json\/wp\/v2\/posts\/2777","targetHints":{"allow":["GET"]}}],"collection":[{"href":"https:\/\/oeilsportif.info\/index.php\/wp-json\/wp\/v2\/posts"}],"about":[{"href":"https:\/\/oeilsportif.info\/index.php\/wp-json\/wp\/v2\/types\/post"}],"author":[{"embeddable":true,"href":"https:\/\/oeilsportif.info\/index.php\/wp-json\/wp\/v2\/users\/2"}],"replies":[{"embeddable":true,"href":"https:\/\/oeilsportif.info\/index.php\/wp-json\/wp\/v2\/comments?post=2777"}],"version-history":[{"count":0,"href":"https:\/\/oeilsportif.info\/index.php\/wp-json\/wp\/v2\/posts\/2777\/revisions"}],"wp:featuredmedia":[{"embeddable":true,"href":"https:\/\/oeilsportif.info\/index.php\/wp-json\/wp\/v2\/media\/2778"}],"wp:attachment":[{"href":"https:\/\/oeilsportif.info\/index.php\/wp-json\/wp\/v2\/media?parent=2777"}],"wp:term":[{"taxonomy":"category","embeddable":true,"href":"https:\/\/oeilsportif.info\/index.php\/wp-json\/wp\/v2\/categories?post=2777"},{"taxonomy":"post_tag","embeddable":true,"href":"https:\/\/oeilsportif.info\/index.php\/wp-json\/wp\/v2\/tags?post=2777"}],"curies":[{"name":"wp","href":"https:\/\/api.w.org\/{rel}","templated":true}]}}