{"id":2769,"date":"2023-02-18T21:19:42","date_gmt":"2023-02-18T21:19:42","guid":{"rendered":"https:\/\/oeilsportif.info\/index.php\/?p=2769"},"modified":"2023-02-18T21:19:42","modified_gmt":"2023-02-18T21:19:42","slug":"le-collectif-pour-la-defense-du-football-guineen-est-ne-nous-sommes-une-force-de-proposition-marco-porte-parole","status":"publish","type":"post","link":"https:\/\/oeilsportif.info\/index.php\/le-collectif-pour-la-defense-du-football-guineen-est-ne-nous-sommes-une-force-de-proposition-marco-porte-parole\/","title":{"rendered":"Le collectif pour la d\u00e9fense du Football Guin\u00e9en est n\u00e9 : \u00ab Nous sommes une force de proposition \u00bb (Marco, porte-parole)"},"content":{"rendered":"<h1 class=\"post-title left\"><strong>CONAKRY<\/strong>\u2013 Un nouveau collectif est n\u00e9. Le collectif pour la d\u00e9fense du Football Guineen (CDFG) vient d\u2019\u00eatre cr\u00e9\u00e9 par des responsables de clubs guin\u00e9ens. Au sortir de deux r\u00e9unions tenues au si\u00e8ge du comit\u00e9 national olympique et sportif guin\u00e9en, \u00e0 Conakry, les initiateurs ont officialis\u00e9 la cr\u00e9ation de cette nouvelle structure. Cette \u00e9quipe est compos\u00e9e provisoirement de 19 clubs dont les tenors AS Kaloum et Hafia FC, apprend-on<\/h1>\n<p>\u00ab\u00a0<em><strong>Ce collectif se base principalement sur les textes pour d\u00e9fendre les int\u00e9r\u00eats des clubs. Rapprocher les positions des maximums de clubs autour des nouveaux statuts pour la sortie de crise. Nous sommes une force de proposition. Un autre son de cloche. Une relecture des articles en fonction des r\u00e9alit\u00e9s et une prise en compte des intangibles de la FIFA, constituent notre cheval de bataille. Avec ce collectif, il ne s\u2019agit pas de querelles de personnes, mais de rapprochement entre tous les membres statutaires pour une sortie de crise rapide. Nous avons d\u00e9j\u00e0 fait des propositions de modifications de certains articles au CONOR, et nous en proposerons \u00e0 tous les membres statutaires, pour une meilleure compr\u00e9hension des nouveaux statuts. Les clubs sont au centre de notre d\u00e9marche, comme l\u2019encourage la FIFA. \u00ab\u00a0<\/strong><\/em> explique le porte-parole dudit collectif, Marco Ibrahima Sory Bah.<\/p>\n<p>Ce collectif dit vouloir s\u2019impliquer en proposant des textes allant dans le sens \u00e0 aider le football guin\u00e9en \u00e0 aller de l\u2019avant.<\/p>\n<p><em><strong>GUINEEFOOT.INFO<\/strong><\/em><\/p>\n","protected":false},"excerpt":{"rendered":"<p>CONAKRY\u2013 Un nouveau collectif est n\u00e9. Le collectif pour la d\u00e9fense du Football Guineen (CDFG) vient d\u2019\u00eatre cr\u00e9\u00e9 par des responsables de clubs guin\u00e9ens. Au sortir de deux r\u00e9unions tenues au si\u00e8ge du comit\u00e9 national olympique et sportif guin\u00e9en, \u00e0 Conakry, les initiateurs ont officialis\u00e9 la cr\u00e9ation de cette nouvelle structure. Cette \u00e9quipe est compos\u00e9e [&hellip;]<\/p>\n","protected":false},"author":2,"featured_media":2770,"comment_status":"closed","ping_status":"open","sticky":false,"template":"","format":"standard","meta":{"_jetpack_memberships_contains_paid_content":false,"footnotes":"","jetpack_publicize_message":"","jetpack_publicize_feature_enabled":true,"jetpack_social_post_already_shared":true,"jetpack_social_options":{"image_generator_settings":{"template":"highway","default_image_id":0,"font":"","enabled":false},"version":2}},"categories":[5],"tags":[],"class_list":{"0":"post-2769","1":"post","2":"type-post","3":"status-publish","4":"format-standard","5":"has-post-thumbnail","7":"category-football"},"yoast_head":"<!-- This site is optimized with the Yoast SEO plugin v27.5 - https:\/\/yoast.com\/product\/yoast-seo-wordpress\/ -->\n<title>Le collectif pour la d\u00e9fense du Football Guin\u00e9en est n\u00e9 : \u00ab Nous sommes une force de proposition \u00bb (Marco, porte-parole) - le regard du sportif<\/title>\n<meta name=\"robots\" content=\"index, follow, max-snippet:-1, max-image-preview:large, max-video-preview:-1\" \/>\n<link rel=\"canonical\" href=\"https:\/\/oeilsportif.info\/index.php\/le-collectif-pour-la-defense-du-football-guineen-est-ne-nous-sommes-une-force-de-proposition-marco-porte-parole\/\" \/>\n<meta property=\"og:locale\" content=\"fr_FR\" \/>\n<meta property=\"og:type\" content=\"article\" \/>\n<meta property=\"og:title\" content=\"Le collectif pour la d\u00e9fense du Football Guin\u00e9en est n\u00e9 : \u00ab Nous sommes une force de proposition \u00bb (Marco, porte-parole) - le regard du sportif\" \/>\n<meta property=\"og:description\" content=\"CONAKRY\u2013 Un nouveau collectif est n\u00e9. Le collectif pour la d\u00e9fense du Football Guineen (CDFG) vient d\u2019\u00eatre cr\u00e9\u00e9 par des responsables de clubs guin\u00e9ens. Au sortir de deux r\u00e9unions tenues au si\u00e8ge du comit\u00e9 national olympique et sportif guin\u00e9en, \u00e0 Conakry, les initiateurs ont officialis\u00e9 la cr\u00e9ation de cette nouvelle structure. Cette \u00e9quipe est compos\u00e9e [&hellip;]\" \/>\n<meta property=\"og:url\" content=\"https:\/\/oeilsportif.info\/index.php\/le-collectif-pour-la-defense-du-football-guineen-est-ne-nous-sommes-une-force-de-proposition-marco-porte-parole\/\" \/>\n<meta property=\"og:site_name\" content=\"le regard du sportif\" \/>\n<meta property=\"article:published_time\" content=\"2023-02-18T21:19:42+00:00\" \/>\n<meta property=\"og:image\" content=\"https:\/\/oeilsportif.info\/wp-content\/uploads\/2023\/02\/Screenshot_20230218_211850_Chrome.jpg\" \/>\n\t<meta property=\"og:image:width\" content=\"1079\" \/>\n\t<meta property=\"og:image:height\" content=\"679\" \/>\n\t<meta property=\"og:image:type\" content=\"image\/jpeg\" \/>\n<meta name=\"author\" content=\"L&#039;Equipe de la R\u00e9daction\" \/>\n<meta name=\"twitter:label1\" content=\"\u00c9crit par\" \/>\n\t<meta name=\"twitter:data1\" content=\"L&#039;Equipe de la R\u00e9daction\" \/>\n\t<meta name=\"twitter:label2\" content=\"Dur\u00e9e de lecture estim\u00e9e\" \/>\n\t<meta name=\"twitter:data2\" content=\"2 minutes\" \/>\n<script type=\"application\/ld+json\" class=\"yoast-schema-graph\">{\"@context\":\"https:\\\/\\\/schema.org\",\"@graph\":[{\"@type\":\"Article\",\"@id\":\"https:\\\/\\\/oeilsportif.info\\\/index.php\\\/le-collectif-pour-la-defense-du-football-guineen-est-ne-nous-sommes-une-force-de-proposition-marco-porte-parole\\\/#article\",\"isPartOf\":{\"@id\":\"https:\\\/\\\/oeilsportif.info\\\/index.php\\\/le-collectif-pour-la-defense-du-football-guineen-est-ne-nous-sommes-une-force-de-proposition-marco-porte-parole\\\/\"},\"author\":{\"name\":\"L'Equipe de la R\u00e9daction\",\"@id\":\"https:\\\/\\\/oeilsportif.info\\\/#\\\/schema\\\/person\\\/cfbded294aa6095f7d96608d7905e9a1\"},\"headline\":\"Le collectif pour la d\u00e9fense du Football Guin\u00e9en est n\u00e9 : \u00ab Nous sommes une force de proposition \u00bb (Marco, porte-parole)\",\"datePublished\":\"2023-02-18T21:19:42+00:00\",\"mainEntityOfPage\":{\"@id\":\"https:\\\/\\\/oeilsportif.info\\\/index.php\\\/le-collectif-pour-la-defense-du-football-guineen-est-ne-nous-sommes-une-force-de-proposition-marco-porte-parole\\\/\"},\"wordCount\":267,\"image\":{\"@id\":\"https:\\\/\\\/oeilsportif.info\\\/index.php\\\/le-collectif-pour-la-defense-du-football-guineen-est-ne-nous-sommes-une-force-de-proposition-marco-porte-parole\\\/#primaryimage\"},\"thumbnailUrl\":\"https:\\\/\\\/i0.wp.com\\\/oeilsportif.info\\\/wp-content\\\/uploads\\\/2023\\\/02\\\/Screenshot_20230218_211850_Chrome.jpg?fit=1079%2C679&ssl=1\",\"articleSection\":[\"Football\"],\"inLanguage\":\"fr-FR\"},{\"@type\":\"WebPage\",\"@id\":\"https:\\\/\\\/oeilsportif.info\\\/index.php\\\/le-collectif-pour-la-defense-du-football-guineen-est-ne-nous-sommes-une-force-de-proposition-marco-porte-parole\\\/\",\"url\":\"https:\\\/\\\/oeilsportif.info\\\/index.php\\\/le-collectif-pour-la-defense-du-football-guineen-est-ne-nous-sommes-une-force-de-proposition-marco-porte-parole\\\/\",\"name\":\"Le collectif pour la d\u00e9fense du Football Guin\u00e9en est n\u00e9 : \u00ab Nous sommes une force de proposition \u00bb (Marco, porte-parole) - le regard du sportif\",\"isPartOf\":{\"@id\":\"https:\\\/\\\/oeilsportif.info\\\/#website\"},\"primaryImageOfPage\":{\"@id\":\"https:\\\/\\\/oeilsportif.info\\\/index.php\\\/le-collectif-pour-la-defense-du-football-guineen-est-ne-nous-sommes-une-force-de-proposition-marco-porte-parole\\\/#primaryimage\"},\"image\":{\"@id\":\"https:\\\/\\\/oeilsportif.info\\\/index.php\\\/le-collectif-pour-la-defense-du-football-guineen-est-ne-nous-sommes-une-force-de-proposition-marco-porte-parole\\\/#primaryimage\"},\"thumbnailUrl\":\"https:\\\/\\\/i0.wp.com\\\/oeilsportif.info\\\/wp-content\\\/uploads\\\/2023\\\/02\\\/Screenshot_20230218_211850_Chrome.jpg?fit=1079%2C679&ssl=1\",\"datePublished\":\"2023-02-18T21:19:42+00:00\",\"author\":{\"@id\":\"https:\\\/\\\/oeilsportif.info\\\/#\\\/schema\\\/person\\\/cfbded294aa6095f7d96608d7905e9a1\"},\"inLanguage\":\"fr-FR\",\"potentialAction\":[{\"@type\":\"ReadAction\",\"target\":[\"https:\\\/\\\/oeilsportif.info\\\/index.php\\\/le-collectif-pour-la-defense-du-football-guineen-est-ne-nous-sommes-une-force-de-proposition-marco-porte-parole\\\/\"]}]},{\"@type\":\"ImageObject\",\"inLanguage\":\"fr-FR\",\"@id\":\"https:\\\/\\\/oeilsportif.info\\\/index.php\\\/le-collectif-pour-la-defense-du-football-guineen-est-ne-nous-sommes-une-force-de-proposition-marco-porte-parole\\\/#primaryimage\",\"url\":\"https:\\\/\\\/i0.wp.com\\\/oeilsportif.info\\\/wp-content\\\/uploads\\\/2023\\\/02\\\/Screenshot_20230218_211850_Chrome.jpg?fit=1079%2C679&ssl=1\",\"contentUrl\":\"https:\\\/\\\/i0.wp.com\\\/oeilsportif.info\\\/wp-content\\\/uploads\\\/2023\\\/02\\\/Screenshot_20230218_211850_Chrome.jpg?fit=1079%2C679&ssl=1\",\"width\":1079,\"height\":679},{\"@type\":\"WebSite\",\"@id\":\"https:\\\/\\\/oeilsportif.info\\\/#website\",\"url\":\"https:\\\/\\\/oeilsportif.info\\\/\",\"name\":\"le regard du sportif\",\"description\":\"\",\"potentialAction\":[{\"@type\":\"SearchAction\",\"target\":{\"@type\":\"EntryPoint\",\"urlTemplate\":\"https:\\\/\\\/oeilsportif.info\\\/?s={search_term_string}\"},\"query-input\":{\"@type\":\"PropertyValueSpecification\",\"valueRequired\":true,\"valueName\":\"search_term_string\"}}],\"inLanguage\":\"fr-FR\"},{\"@type\":\"Person\",\"@id\":\"https:\\\/\\\/oeilsportif.info\\\/#\\\/schema\\\/person\\\/cfbded294aa6095f7d96608d7905e9a1\",\"name\":\"L'Equipe de la R\u00e9daction\",\"image\":{\"@type\":\"ImageObject\",\"inLanguage\":\"fr-FR\",\"@id\":\"https:\\\/\\\/oeilsportif.info\\\/wp-content\\\/uploads\\\/2025\\\/07\\\/cropped-cropped-logo-os-96x96.jpeg\",\"url\":\"https:\\\/\\\/oeilsportif.info\\\/wp-content\\\/uploads\\\/2025\\\/07\\\/cropped-cropped-logo-os-96x96.jpeg\",\"contentUrl\":\"https:\\\/\\\/oeilsportif.info\\\/wp-content\\\/uploads\\\/2025\\\/07\\\/cropped-cropped-logo-os-96x96.jpeg\",\"caption\":\"L'Equipe de la R\u00e9daction\"},\"url\":\"https:\\\/\\\/oeilsportif.info\\\/index.php\\\/author\\\/tawel\\\/\"}]}<\/script>\n<!-- \/ Yoast SEO plugin. -->","yoast_head_json":{"title":"Le collectif pour la d\u00e9fense du Football Guin\u00e9en est n\u00e9 : \u00ab Nous sommes une force de proposition \u00bb (Marco, porte-parole) - le regard du sportif","robots":{"index":"index","follow":"follow","max-snippet":"max-snippet:-1","max-image-preview":"max-image-preview:large","max-video-preview":"max-video-preview:-1"},"canonical":"https:\/\/oeilsportif.info\/index.php\/le-collectif-pour-la-defense-du-football-guineen-est-ne-nous-sommes-une-force-de-proposition-marco-porte-parole\/","og_locale":"fr_FR","og_type":"article","og_title":"Le collectif pour la d\u00e9fense du Football Guin\u00e9en est n\u00e9 : \u00ab Nous sommes une force de proposition \u00bb (Marco, porte-parole) - le regard du sportif","og_description":"CONAKRY\u2013 Un nouveau collectif est n\u00e9. Le collectif pour la d\u00e9fense du Football Guineen (CDFG) vient d\u2019\u00eatre cr\u00e9\u00e9 par des responsables de clubs guin\u00e9ens. Au sortir de deux r\u00e9unions tenues au si\u00e8ge du comit\u00e9 national olympique et sportif guin\u00e9en, \u00e0 Conakry, les initiateurs ont officialis\u00e9 la cr\u00e9ation de cette nouvelle structure. Cette \u00e9quipe est compos\u00e9e [&hellip;]","og_url":"https:\/\/oeilsportif.info\/index.php\/le-collectif-pour-la-defense-du-football-guineen-est-ne-nous-sommes-une-force-de-proposition-marco-porte-parole\/","og_site_name":"le regard du sportif","article_published_time":"2023-02-18T21:19:42+00:00","og_image":[{"width":1079,"height":679,"url":"https:\/\/oeilsportif.info\/wp-content\/uploads\/2023\/02\/Screenshot_20230218_211850_Chrome.jpg","type":"image\/jpeg"}],"author":"L'Equipe de la R\u00e9daction","twitter_misc":{"\u00c9crit par":"L'Equipe de la R\u00e9daction","Dur\u00e9e de lecture estim\u00e9e":"2 minutes"},"schema":{"@context":"https:\/\/schema.org","@graph":[{"@type":"Article","@id":"https:\/\/oeilsportif.info\/index.php\/le-collectif-pour-la-defense-du-football-guineen-est-ne-nous-sommes-une-force-de-proposition-marco-porte-parole\/#article","isPartOf":{"@id":"https:\/\/oeilsportif.info\/index.php\/le-collectif-pour-la-defense-du-football-guineen-est-ne-nous-sommes-une-force-de-proposition-marco-porte-parole\/"},"author":{"name":"L'Equipe de la R\u00e9daction","@id":"https:\/\/oeilsportif.info\/#\/schema\/person\/cfbded294aa6095f7d96608d7905e9a1"},"headline":"Le collectif pour la d\u00e9fense du Football Guin\u00e9en est n\u00e9 : \u00ab Nous sommes une force de proposition \u00bb (Marco, porte-parole)","datePublished":"2023-02-18T21:19:42+00:00","mainEntityOfPage":{"@id":"https:\/\/oeilsportif.info\/index.php\/le-collectif-pour-la-defense-du-football-guineen-est-ne-nous-sommes-une-force-de-proposition-marco-porte-parole\/"},"wordCount":267,"image":{"@id":"https:\/\/oeilsportif.info\/index.php\/le-collectif-pour-la-defense-du-football-guineen-est-ne-nous-sommes-une-force-de-proposition-marco-porte-parole\/#primaryimage"},"thumbnailUrl":"https:\/\/i0.wp.com\/oeilsportif.info\/wp-content\/uploads\/2023\/02\/Screenshot_20230218_211850_Chrome.jpg?fit=1079%2C679&ssl=1","articleSection":["Football"],"inLanguage":"fr-FR"},{"@type":"WebPage","@id":"https:\/\/oeilsportif.info\/index.php\/le-collectif-pour-la-defense-du-football-guineen-est-ne-nous-sommes-une-force-de-proposition-marco-porte-parole\/","url":"https:\/\/oeilsportif.info\/index.php\/le-collectif-pour-la-defense-du-football-guineen-est-ne-nous-sommes-une-force-de-proposition-marco-porte-parole\/","name":"Le collectif pour la d\u00e9fense du Football Guin\u00e9en est n\u00e9 : \u00ab Nous sommes une force de proposition \u00bb (Marco, porte-parole) - le regard du sportif","isPartOf":{"@id":"https:\/\/oeilsportif.info\/#website"},"primaryImageOfPage":{"@id":"https:\/\/oeilsportif.info\/index.php\/le-collectif-pour-la-defense-du-football-guineen-est-ne-nous-sommes-une-force-de-proposition-marco-porte-parole\/#primaryimage"},"image":{"@id":"https:\/\/oeilsportif.info\/index.php\/le-collectif-pour-la-defense-du-football-guineen-est-ne-nous-sommes-une-force-de-proposition-marco-porte-parole\/#primaryimage"},"thumbnailUrl":"https:\/\/i0.wp.com\/oeilsportif.info\/wp-content\/uploads\/2023\/02\/Screenshot_20230218_211850_Chrome.jpg?fit=1079%2C679&ssl=1","datePublished":"2023-02-18T21:19:42+00:00","author":{"@id":"https:\/\/oeilsportif.info\/#\/schema\/person\/cfbded294aa6095f7d96608d7905e9a1"},"inLanguage":"fr-FR","potentialAction":[{"@type":"ReadAction","target":["https:\/\/oeilsportif.info\/index.php\/le-collectif-pour-la-defense-du-football-guineen-est-ne-nous-sommes-une-force-de-proposition-marco-porte-parole\/"]}]},{"@type":"ImageObject","inLanguage":"fr-FR","@id":"https:\/\/oeilsportif.info\/index.php\/le-collectif-pour-la-defense-du-football-guineen-est-ne-nous-sommes-une-force-de-proposition-marco-porte-parole\/#primaryimage","url":"https:\/\/i0.wp.com\/oeilsportif.info\/wp-content\/uploads\/2023\/02\/Screenshot_20230218_211850_Chrome.jpg?fit=1079%2C679&ssl=1","contentUrl":"https:\/\/i0.wp.com\/oeilsportif.info\/wp-content\/uploads\/2023\/02\/Screenshot_20230218_211850_Chrome.jpg?fit=1079%2C679&ssl=1","width":1079,"height":679},{"@type":"WebSite","@id":"https:\/\/oeilsportif.info\/#website","url":"https:\/\/oeilsportif.info\/","name":"le regard du sportif","description":"","potentialAction":[{"@type":"SearchAction","target":{"@type":"EntryPoint","urlTemplate":"https:\/\/oeilsportif.info\/?s={search_term_string}"},"query-input":{"@type":"PropertyValueSpecification","valueRequired":true,"valueName":"search_term_string"}}],"inLanguage":"fr-FR"},{"@type":"Person","@id":"https:\/\/oeilsportif.info\/#\/schema\/person\/cfbded294aa6095f7d96608d7905e9a1","name":"L'Equipe de la R\u00e9daction","image":{"@type":"ImageObject","inLanguage":"fr-FR","@id":"https:\/\/oeilsportif.info\/wp-content\/uploads\/2025\/07\/cropped-cropped-logo-os-96x96.jpeg","url":"https:\/\/oeilsportif.info\/wp-content\/uploads\/2025\/07\/cropped-cropped-logo-os-96x96.jpeg","contentUrl":"https:\/\/oeilsportif.info\/wp-content\/uploads\/2025\/07\/cropped-cropped-logo-os-96x96.jpeg","caption":"L'Equipe de la R\u00e9daction"},"url":"https:\/\/oeilsportif.info\/index.php\/author\/tawel\/"}]}},"jetpack_publicize_connections":[],"jetpack_featured_media_url":"https:\/\/i0.wp.com\/oeilsportif.info\/wp-content\/uploads\/2023\/02\/Screenshot_20230218_211850_Chrome.jpg?fit=1079%2C679&ssl=1","jetpack-related-posts":[],"jetpack_sharing_enabled":true,"jetpack_likes_enabled":true,"jetpack_shortlink":"https:\/\/wp.me\/pgFE77-IF","_links":{"self":[{"href":"https:\/\/oeilsportif.info\/index.php\/wp-json\/wp\/v2\/posts\/2769","targetHints":{"allow":["GET"]}}],"collection":[{"href":"https:\/\/oeilsportif.info\/index.php\/wp-json\/wp\/v2\/posts"}],"about":[{"href":"https:\/\/oeilsportif.info\/index.php\/wp-json\/wp\/v2\/types\/post"}],"author":[{"embeddable":true,"href":"https:\/\/oeilsportif.info\/index.php\/wp-json\/wp\/v2\/users\/2"}],"replies":[{"embeddable":true,"href":"https:\/\/oeilsportif.info\/index.php\/wp-json\/wp\/v2\/comments?post=2769"}],"version-history":[{"count":0,"href":"https:\/\/oeilsportif.info\/index.php\/wp-json\/wp\/v2\/posts\/2769\/revisions"}],"wp:featuredmedia":[{"embeddable":true,"href":"https:\/\/oeilsportif.info\/index.php\/wp-json\/wp\/v2\/media\/2770"}],"wp:attachment":[{"href":"https:\/\/oeilsportif.info\/index.php\/wp-json\/wp\/v2\/media?parent=2769"}],"wp:term":[{"taxonomy":"category","embeddable":true,"href":"https:\/\/oeilsportif.info\/index.php\/wp-json\/wp\/v2\/categories?post=2769"},{"taxonomy":"post_tag","embeddable":true,"href":"https:\/\/oeilsportif.info\/index.php\/wp-json\/wp\/v2\/tags?post=2769"}],"curies":[{"name":"wp","href":"https:\/\/api.w.org\/{rel}","templated":true}]}}