{"id":2766,"date":"2023-02-18T11:39:41","date_gmt":"2023-02-18T11:39:41","guid":{"rendered":"https:\/\/oeilsportif.info\/index.php\/?p=2766"},"modified":"2023-02-18T11:39:41","modified_gmt":"2023-02-18T11:39:41","slug":"seisme-en-turquie-christian-atsu-a-ete-retrouve-mort-sous-les-decombres","status":"publish","type":"post","link":"https:\/\/oeilsportif.info\/index.php\/seisme-en-turquie-christian-atsu-a-ete-retrouve-mort-sous-les-decombres\/","title":{"rendered":"S\u00e9isme en Turquie\/ Christian Atsu a \u00e9t\u00e9 retrouv\u00e9 mort sous les d\u00e9combres."},"content":{"rendered":"<p><strong>Le corps du milieu de terrain international ghan\u00e9en a \u00e9t\u00e9 retrouv\u00e9 sans vie sous les ruines de son immeuble.<\/strong><\/p>\n<p>footballeur ghan\u00e9en Christian Atsu, joueur du club turc de Hatayspor, a \u00e9t\u00e9 retrouv\u00e9 mort samedi sous les d\u00e9combres de l&rsquo;immeuble o\u00f9 il vivait \u00e0 Hatay, pr\u00e8s de deux semaines apr\u00e8s le s\u00e9isme qui a frapp\u00e9 le sud de la Turquie le 6 f\u00e9vrier. \u00abLe corps sans vie d&rsquo;Atsu a \u00e9t\u00e9 retrouv\u00e9 sous les d\u00e9combres. On retire encore ses affaires. Son t\u00e9l\u00e9phone a aussi \u00e9t\u00e9 retrouv\u00e9\u00bb, a affirm\u00e9 Murat Uzunmehmet, son agent en Turquie, cit\u00e9 par l&rsquo;agence priv\u00e9e turque DHA, mettant fin \u00e0 pr\u00e8s de deux semaines d&rsquo;inqui\u00e9tude et de recherches pour les proches du footballeur de 31 ans.<\/p>\n<p>Que son l&rsquo;\u00e2me de l&rsquo;illustre disparu repose en paix. Amen !<\/p>\n<p>Source : Tribune de Gen\u00e8ve<\/p>\n","protected":false},"excerpt":{"rendered":"<p>Le corps du milieu de terrain international ghan\u00e9en a \u00e9t\u00e9 retrouv\u00e9 sans vie sous les ruines de son immeuble. footballeur ghan\u00e9en Christian Atsu, joueur du club turc de Hatayspor, a \u00e9t\u00e9 retrouv\u00e9 mort samedi sous les d\u00e9combres de l&rsquo;immeuble o\u00f9 il vivait \u00e0 Hatay, pr\u00e8s de deux semaines apr\u00e8s le s\u00e9isme qui a frapp\u00e9 le [&hellip;]<\/p>\n","protected":false},"author":2,"featured_media":2767,"comment_status":"closed","ping_status":"open","sticky":false,"template":"","format":"standard","meta":{"_jetpack_memberships_contains_paid_content":false,"footnotes":"","jetpack_publicize_message":"","jetpack_publicize_feature_enabled":true,"jetpack_social_post_already_shared":true,"jetpack_social_options":{"image_generator_settings":{"template":"highway","default_image_id":0,"font":"","enabled":false},"version":2}},"categories":[5],"tags":[],"class_list":{"0":"post-2766","1":"post","2":"type-post","3":"status-publish","4":"format-standard","5":"has-post-thumbnail","7":"category-football"},"yoast_head":"<!-- This site is optimized with the Yoast SEO plugin v27.5 - https:\/\/yoast.com\/product\/yoast-seo-wordpress\/ -->\n<title>S\u00e9isme en Turquie\/ Christian Atsu a \u00e9t\u00e9 retrouv\u00e9 mort sous les d\u00e9combres. - le regard du sportif<\/title>\n<meta name=\"robots\" content=\"index, follow, max-snippet:-1, max-image-preview:large, max-video-preview:-1\" \/>\n<link rel=\"canonical\" href=\"https:\/\/oeilsportif.info\/index.php\/seisme-en-turquie-christian-atsu-a-ete-retrouve-mort-sous-les-decombres\/\" \/>\n<meta property=\"og:locale\" content=\"fr_FR\" \/>\n<meta property=\"og:type\" content=\"article\" \/>\n<meta property=\"og:title\" content=\"S\u00e9isme en Turquie\/ Christian Atsu a \u00e9t\u00e9 retrouv\u00e9 mort sous les d\u00e9combres. - le regard du sportif\" \/>\n<meta property=\"og:description\" content=\"Le corps du milieu de terrain international ghan\u00e9en a \u00e9t\u00e9 retrouv\u00e9 sans vie sous les ruines de son immeuble. footballeur ghan\u00e9en Christian Atsu, joueur du club turc de Hatayspor, a \u00e9t\u00e9 retrouv\u00e9 mort samedi sous les d\u00e9combres de l&rsquo;immeuble o\u00f9 il vivait \u00e0 Hatay, pr\u00e8s de deux semaines apr\u00e8s le s\u00e9isme qui a frapp\u00e9 le [&hellip;]\" \/>\n<meta property=\"og:url\" content=\"https:\/\/oeilsportif.info\/index.php\/seisme-en-turquie-christian-atsu-a-ete-retrouve-mort-sous-les-decombres\/\" \/>\n<meta property=\"og:site_name\" content=\"le regard du sportif\" \/>\n<meta property=\"article:published_time\" content=\"2023-02-18T11:39:41+00:00\" \/>\n<meta property=\"og:image\" content=\"https:\/\/oeilsportif.info\/wp-content\/uploads\/2023\/02\/FB_IMG_1676719011828.jpg\" \/>\n\t<meta property=\"og:image:width\" content=\"1080\" \/>\n\t<meta property=\"og:image:height\" content=\"1351\" \/>\n\t<meta property=\"og:image:type\" content=\"image\/jpeg\" \/>\n<meta name=\"author\" content=\"L&#039;Equipe de la R\u00e9daction\" \/>\n<meta name=\"twitter:label1\" content=\"\u00c9crit par\" \/>\n\t<meta name=\"twitter:data1\" content=\"L&#039;Equipe de la R\u00e9daction\" \/>\n\t<meta name=\"twitter:label2\" content=\"Dur\u00e9e de lecture estim\u00e9e\" \/>\n\t<meta name=\"twitter:data2\" content=\"1 minute\" \/>\n<script type=\"application\/ld+json\" class=\"yoast-schema-graph\">{\"@context\":\"https:\\\/\\\/schema.org\",\"@graph\":[{\"@type\":\"Article\",\"@id\":\"https:\\\/\\\/oeilsportif.info\\\/index.php\\\/seisme-en-turquie-christian-atsu-a-ete-retrouve-mort-sous-les-decombres\\\/#article\",\"isPartOf\":{\"@id\":\"https:\\\/\\\/oeilsportif.info\\\/index.php\\\/seisme-en-turquie-christian-atsu-a-ete-retrouve-mort-sous-les-decombres\\\/\"},\"author\":{\"name\":\"L'Equipe de la R\u00e9daction\",\"@id\":\"https:\\\/\\\/oeilsportif.info\\\/#\\\/schema\\\/person\\\/cfbded294aa6095f7d96608d7905e9a1\"},\"headline\":\"S\u00e9isme en Turquie\\\/ Christian Atsu a \u00e9t\u00e9 retrouv\u00e9 mort sous les d\u00e9combres.\",\"datePublished\":\"2023-02-18T11:39:41+00:00\",\"mainEntityOfPage\":{\"@id\":\"https:\\\/\\\/oeilsportif.info\\\/index.php\\\/seisme-en-turquie-christian-atsu-a-ete-retrouve-mort-sous-les-decombres\\\/\"},\"wordCount\":161,\"image\":{\"@id\":\"https:\\\/\\\/oeilsportif.info\\\/index.php\\\/seisme-en-turquie-christian-atsu-a-ete-retrouve-mort-sous-les-decombres\\\/#primaryimage\"},\"thumbnailUrl\":\"https:\\\/\\\/i0.wp.com\\\/oeilsportif.info\\\/wp-content\\\/uploads\\\/2023\\\/02\\\/FB_IMG_1676719011828.jpg?fit=1080%2C1351&ssl=1\",\"articleSection\":[\"Football\"],\"inLanguage\":\"fr-FR\"},{\"@type\":\"WebPage\",\"@id\":\"https:\\\/\\\/oeilsportif.info\\\/index.php\\\/seisme-en-turquie-christian-atsu-a-ete-retrouve-mort-sous-les-decombres\\\/\",\"url\":\"https:\\\/\\\/oeilsportif.info\\\/index.php\\\/seisme-en-turquie-christian-atsu-a-ete-retrouve-mort-sous-les-decombres\\\/\",\"name\":\"S\u00e9isme en Turquie\\\/ Christian Atsu a \u00e9t\u00e9 retrouv\u00e9 mort sous les d\u00e9combres. - le regard du sportif\",\"isPartOf\":{\"@id\":\"https:\\\/\\\/oeilsportif.info\\\/#website\"},\"primaryImageOfPage\":{\"@id\":\"https:\\\/\\\/oeilsportif.info\\\/index.php\\\/seisme-en-turquie-christian-atsu-a-ete-retrouve-mort-sous-les-decombres\\\/#primaryimage\"},\"image\":{\"@id\":\"https:\\\/\\\/oeilsportif.info\\\/index.php\\\/seisme-en-turquie-christian-atsu-a-ete-retrouve-mort-sous-les-decombres\\\/#primaryimage\"},\"thumbnailUrl\":\"https:\\\/\\\/i0.wp.com\\\/oeilsportif.info\\\/wp-content\\\/uploads\\\/2023\\\/02\\\/FB_IMG_1676719011828.jpg?fit=1080%2C1351&ssl=1\",\"datePublished\":\"2023-02-18T11:39:41+00:00\",\"author\":{\"@id\":\"https:\\\/\\\/oeilsportif.info\\\/#\\\/schema\\\/person\\\/cfbded294aa6095f7d96608d7905e9a1\"},\"inLanguage\":\"fr-FR\",\"potentialAction\":[{\"@type\":\"ReadAction\",\"target\":[\"https:\\\/\\\/oeilsportif.info\\\/index.php\\\/seisme-en-turquie-christian-atsu-a-ete-retrouve-mort-sous-les-decombres\\\/\"]}]},{\"@type\":\"ImageObject\",\"inLanguage\":\"fr-FR\",\"@id\":\"https:\\\/\\\/oeilsportif.info\\\/index.php\\\/seisme-en-turquie-christian-atsu-a-ete-retrouve-mort-sous-les-decombres\\\/#primaryimage\",\"url\":\"https:\\\/\\\/i0.wp.com\\\/oeilsportif.info\\\/wp-content\\\/uploads\\\/2023\\\/02\\\/FB_IMG_1676719011828.jpg?fit=1080%2C1351&ssl=1\",\"contentUrl\":\"https:\\\/\\\/i0.wp.com\\\/oeilsportif.info\\\/wp-content\\\/uploads\\\/2023\\\/02\\\/FB_IMG_1676719011828.jpg?fit=1080%2C1351&ssl=1\",\"width\":1080,\"height\":1351},{\"@type\":\"WebSite\",\"@id\":\"https:\\\/\\\/oeilsportif.info\\\/#website\",\"url\":\"https:\\\/\\\/oeilsportif.info\\\/\",\"name\":\"le regard du sportif\",\"description\":\"\",\"potentialAction\":[{\"@type\":\"SearchAction\",\"target\":{\"@type\":\"EntryPoint\",\"urlTemplate\":\"https:\\\/\\\/oeilsportif.info\\\/?s={search_term_string}\"},\"query-input\":{\"@type\":\"PropertyValueSpecification\",\"valueRequired\":true,\"valueName\":\"search_term_string\"}}],\"inLanguage\":\"fr-FR\"},{\"@type\":\"Person\",\"@id\":\"https:\\\/\\\/oeilsportif.info\\\/#\\\/schema\\\/person\\\/cfbded294aa6095f7d96608d7905e9a1\",\"name\":\"L'Equipe de la R\u00e9daction\",\"image\":{\"@type\":\"ImageObject\",\"inLanguage\":\"fr-FR\",\"@id\":\"https:\\\/\\\/oeilsportif.info\\\/wp-content\\\/uploads\\\/2025\\\/07\\\/cropped-cropped-logo-os-96x96.jpeg\",\"url\":\"https:\\\/\\\/oeilsportif.info\\\/wp-content\\\/uploads\\\/2025\\\/07\\\/cropped-cropped-logo-os-96x96.jpeg\",\"contentUrl\":\"https:\\\/\\\/oeilsportif.info\\\/wp-content\\\/uploads\\\/2025\\\/07\\\/cropped-cropped-logo-os-96x96.jpeg\",\"caption\":\"L'Equipe de la R\u00e9daction\"},\"url\":\"https:\\\/\\\/oeilsportif.info\\\/index.php\\\/author\\\/tawel\\\/\"}]}<\/script>\n<!-- \/ Yoast SEO plugin. -->","yoast_head_json":{"title":"S\u00e9isme en Turquie\/ Christian Atsu a \u00e9t\u00e9 retrouv\u00e9 mort sous les d\u00e9combres. - le regard du sportif","robots":{"index":"index","follow":"follow","max-snippet":"max-snippet:-1","max-image-preview":"max-image-preview:large","max-video-preview":"max-video-preview:-1"},"canonical":"https:\/\/oeilsportif.info\/index.php\/seisme-en-turquie-christian-atsu-a-ete-retrouve-mort-sous-les-decombres\/","og_locale":"fr_FR","og_type":"article","og_title":"S\u00e9isme en Turquie\/ Christian Atsu a \u00e9t\u00e9 retrouv\u00e9 mort sous les d\u00e9combres. - le regard du sportif","og_description":"Le corps du milieu de terrain international ghan\u00e9en a \u00e9t\u00e9 retrouv\u00e9 sans vie sous les ruines de son immeuble. footballeur ghan\u00e9en Christian Atsu, joueur du club turc de Hatayspor, a \u00e9t\u00e9 retrouv\u00e9 mort samedi sous les d\u00e9combres de l&rsquo;immeuble o\u00f9 il vivait \u00e0 Hatay, pr\u00e8s de deux semaines apr\u00e8s le s\u00e9isme qui a frapp\u00e9 le [&hellip;]","og_url":"https:\/\/oeilsportif.info\/index.php\/seisme-en-turquie-christian-atsu-a-ete-retrouve-mort-sous-les-decombres\/","og_site_name":"le regard du sportif","article_published_time":"2023-02-18T11:39:41+00:00","og_image":[{"width":1080,"height":1351,"url":"https:\/\/oeilsportif.info\/wp-content\/uploads\/2023\/02\/FB_IMG_1676719011828.jpg","type":"image\/jpeg"}],"author":"L'Equipe de la R\u00e9daction","twitter_misc":{"\u00c9crit par":"L'Equipe de la R\u00e9daction","Dur\u00e9e de lecture estim\u00e9e":"1 minute"},"schema":{"@context":"https:\/\/schema.org","@graph":[{"@type":"Article","@id":"https:\/\/oeilsportif.info\/index.php\/seisme-en-turquie-christian-atsu-a-ete-retrouve-mort-sous-les-decombres\/#article","isPartOf":{"@id":"https:\/\/oeilsportif.info\/index.php\/seisme-en-turquie-christian-atsu-a-ete-retrouve-mort-sous-les-decombres\/"},"author":{"name":"L'Equipe de la R\u00e9daction","@id":"https:\/\/oeilsportif.info\/#\/schema\/person\/cfbded294aa6095f7d96608d7905e9a1"},"headline":"S\u00e9isme en Turquie\/ Christian Atsu a \u00e9t\u00e9 retrouv\u00e9 mort sous les d\u00e9combres.","datePublished":"2023-02-18T11:39:41+00:00","mainEntityOfPage":{"@id":"https:\/\/oeilsportif.info\/index.php\/seisme-en-turquie-christian-atsu-a-ete-retrouve-mort-sous-les-decombres\/"},"wordCount":161,"image":{"@id":"https:\/\/oeilsportif.info\/index.php\/seisme-en-turquie-christian-atsu-a-ete-retrouve-mort-sous-les-decombres\/#primaryimage"},"thumbnailUrl":"https:\/\/i0.wp.com\/oeilsportif.info\/wp-content\/uploads\/2023\/02\/FB_IMG_1676719011828.jpg?fit=1080%2C1351&ssl=1","articleSection":["Football"],"inLanguage":"fr-FR"},{"@type":"WebPage","@id":"https:\/\/oeilsportif.info\/index.php\/seisme-en-turquie-christian-atsu-a-ete-retrouve-mort-sous-les-decombres\/","url":"https:\/\/oeilsportif.info\/index.php\/seisme-en-turquie-christian-atsu-a-ete-retrouve-mort-sous-les-decombres\/","name":"S\u00e9isme en Turquie\/ Christian Atsu a \u00e9t\u00e9 retrouv\u00e9 mort sous les d\u00e9combres. - le regard du sportif","isPartOf":{"@id":"https:\/\/oeilsportif.info\/#website"},"primaryImageOfPage":{"@id":"https:\/\/oeilsportif.info\/index.php\/seisme-en-turquie-christian-atsu-a-ete-retrouve-mort-sous-les-decombres\/#primaryimage"},"image":{"@id":"https:\/\/oeilsportif.info\/index.php\/seisme-en-turquie-christian-atsu-a-ete-retrouve-mort-sous-les-decombres\/#primaryimage"},"thumbnailUrl":"https:\/\/i0.wp.com\/oeilsportif.info\/wp-content\/uploads\/2023\/02\/FB_IMG_1676719011828.jpg?fit=1080%2C1351&ssl=1","datePublished":"2023-02-18T11:39:41+00:00","author":{"@id":"https:\/\/oeilsportif.info\/#\/schema\/person\/cfbded294aa6095f7d96608d7905e9a1"},"inLanguage":"fr-FR","potentialAction":[{"@type":"ReadAction","target":["https:\/\/oeilsportif.info\/index.php\/seisme-en-turquie-christian-atsu-a-ete-retrouve-mort-sous-les-decombres\/"]}]},{"@type":"ImageObject","inLanguage":"fr-FR","@id":"https:\/\/oeilsportif.info\/index.php\/seisme-en-turquie-christian-atsu-a-ete-retrouve-mort-sous-les-decombres\/#primaryimage","url":"https:\/\/i0.wp.com\/oeilsportif.info\/wp-content\/uploads\/2023\/02\/FB_IMG_1676719011828.jpg?fit=1080%2C1351&ssl=1","contentUrl":"https:\/\/i0.wp.com\/oeilsportif.info\/wp-content\/uploads\/2023\/02\/FB_IMG_1676719011828.jpg?fit=1080%2C1351&ssl=1","width":1080,"height":1351},{"@type":"WebSite","@id":"https:\/\/oeilsportif.info\/#website","url":"https:\/\/oeilsportif.info\/","name":"le regard du sportif","description":"","potentialAction":[{"@type":"SearchAction","target":{"@type":"EntryPoint","urlTemplate":"https:\/\/oeilsportif.info\/?s={search_term_string}"},"query-input":{"@type":"PropertyValueSpecification","valueRequired":true,"valueName":"search_term_string"}}],"inLanguage":"fr-FR"},{"@type":"Person","@id":"https:\/\/oeilsportif.info\/#\/schema\/person\/cfbded294aa6095f7d96608d7905e9a1","name":"L'Equipe de la R\u00e9daction","image":{"@type":"ImageObject","inLanguage":"fr-FR","@id":"https:\/\/oeilsportif.info\/wp-content\/uploads\/2025\/07\/cropped-cropped-logo-os-96x96.jpeg","url":"https:\/\/oeilsportif.info\/wp-content\/uploads\/2025\/07\/cropped-cropped-logo-os-96x96.jpeg","contentUrl":"https:\/\/oeilsportif.info\/wp-content\/uploads\/2025\/07\/cropped-cropped-logo-os-96x96.jpeg","caption":"L'Equipe de la R\u00e9daction"},"url":"https:\/\/oeilsportif.info\/index.php\/author\/tawel\/"}]}},"jetpack_publicize_connections":[],"jetpack_featured_media_url":"https:\/\/i0.wp.com\/oeilsportif.info\/wp-content\/uploads\/2023\/02\/FB_IMG_1676719011828.jpg?fit=1080%2C1351&ssl=1","jetpack-related-posts":[],"jetpack_sharing_enabled":true,"jetpack_likes_enabled":true,"jetpack_shortlink":"https:\/\/wp.me\/pgFE77-IC","_links":{"self":[{"href":"https:\/\/oeilsportif.info\/index.php\/wp-json\/wp\/v2\/posts\/2766","targetHints":{"allow":["GET"]}}],"collection":[{"href":"https:\/\/oeilsportif.info\/index.php\/wp-json\/wp\/v2\/posts"}],"about":[{"href":"https:\/\/oeilsportif.info\/index.php\/wp-json\/wp\/v2\/types\/post"}],"author":[{"embeddable":true,"href":"https:\/\/oeilsportif.info\/index.php\/wp-json\/wp\/v2\/users\/2"}],"replies":[{"embeddable":true,"href":"https:\/\/oeilsportif.info\/index.php\/wp-json\/wp\/v2\/comments?post=2766"}],"version-history":[{"count":0,"href":"https:\/\/oeilsportif.info\/index.php\/wp-json\/wp\/v2\/posts\/2766\/revisions"}],"wp:featuredmedia":[{"embeddable":true,"href":"https:\/\/oeilsportif.info\/index.php\/wp-json\/wp\/v2\/media\/2767"}],"wp:attachment":[{"href":"https:\/\/oeilsportif.info\/index.php\/wp-json\/wp\/v2\/media?parent=2766"}],"wp:term":[{"taxonomy":"category","embeddable":true,"href":"https:\/\/oeilsportif.info\/index.php\/wp-json\/wp\/v2\/categories?post=2766"},{"taxonomy":"post_tag","embeddable":true,"href":"https:\/\/oeilsportif.info\/index.php\/wp-json\/wp\/v2\/tags?post=2766"}],"curies":[{"name":"wp","href":"https:\/\/api.w.org\/{rel}","templated":true}]}}