{"id":2744,"date":"2023-02-09T00:03:29","date_gmt":"2023-02-09T00:03:29","guid":{"rendered":"https:\/\/oeilsportif.info\/index.php\/?p=2744"},"modified":"2023-02-09T00:03:29","modified_gmt":"2023-02-09T00:03:29","slug":"feguifoot-cest-des-querelles-de-personnes-qui-sont-transportees-dans-la-gestion-du-football-marco-de-hafia-fc","status":"publish","type":"post","link":"https:\/\/oeilsportif.info\/index.php\/feguifoot-cest-des-querelles-de-personnes-qui-sont-transportees-dans-la-gestion-du-football-marco-de-hafia-fc\/","title":{"rendered":"FEGUIFOOT: \u201cC\u2019est des querelles de personnes qui sont transport\u00e9es dans la gestion du football\u201d, Marco de Hafia FC"},"content":{"rendered":"<p><strong>Le football guin\u00e9en est plong\u00e9 dans une crise sans pr\u00e9c\u00e9dent. Une crise n\u00e9e du manque de confiance entre les acteurs qui le compose. 47 membres statutaires sont \u00e0 couteaux tir\u00e9s avec le comit\u00e9 de normalisation (CONOR).<\/strong><\/p>\n<p>Cette situation qui risque d\u2019entraver l\u2019\u00e9volution normale de la transition \u00e0 la t\u00eate du football guin\u00e9en, fait r\u00e9agir diff\u00e9rents acteurs. Par m\u00e9dias interpos\u00e9s, les attaques et contre-attaques se multiplient.<\/p>\n<p>Le b\u00e2t blesse surtout, sur l\u2019approche qu\u2019il faut pour une sortie de crise. Les nouveaux statuts de l\u2019instance dirigeante du Football guin\u00e9en ont \u00e9t\u00e9 d\u2019ailleurs rejet\u00e9s par 47 membres statutaires.<\/p>\n<p>Intervenant chez nos confr\u00e8res de Djoma M\u00e9dia dans l\u2019\u00e9mission \u00ab On refait le monde \u00bb de ce mercredi 08 f\u00e9vrier 2023, le secr\u00e9taire g\u00e9n\u00e9ral du l\u00e9gendaire Hafia football club, a d\u00e9clin\u00e9 sa position par rapport \u00e0 cette crise.<\/p>\n<p>Pour Ibrahima Marco Bah, le d\u00e9bat qui se tient dans la presse actuellement, n\u2019a pas de sens. Il qualifie les sorties m\u00e9diatiques de certains de ses pairs membres statutaires, comme un manque de courtoisie \u00e0 l\u2019\u00e9gard du CONOR. Un CONOR qui a pourtant actuellement, la responsabilit\u00e9 de g\u00e9rer le football guin\u00e9en. D\u2019apr\u00e8s lui, les raisons \u00e9voqu\u00e9es par les contestataires ne sont qu\u2019un pr\u00e9texte. Les vraies raisons sont ailleurs, dira-t-il.<\/p>\n<p>\u2018\u2019Je pense que c\u2019est quelque chose qui ne m\u00e9rite plus d\u2019\u00eatre d\u00e9battue, \u00e0 partir du moment o\u00f9, \u00e0 date, aucun courrier n\u2019a \u00e9t\u00e9 adress\u00e9 par ce groupe au CONOR encore moins \u00e0 la Ligue. Donc, c\u2019est un d\u00e9bat dans la presse qui est en train de se faire. Tr\u00e8s malheureusement, ils manquent de courtoisie \u00e0 l\u2019\u00e9gard de ceux qui ont la responsabilit\u00e9 de g\u00e9rer aujourd\u2019hui le football. Moi, en tant que pr\u00e9sident de la communication de la Ligue, je sais comment les choses ont fonctionn\u00e9. Les 47 membres statutaires qui ont rejet\u00e9 les statuts amend\u00e9s par la FIFA, est-ce que c\u2019est les m\u00eames 47 qui sont dans la contestation et la prise de parole dans la presse ? Je dis non ! Et vous verrez les jours \u00e0 venir, ce qui risque d\u2019arriver. Mais, c\u2019est pourquoi le probl\u00e8me aujourd\u2019hui ? Il faut reconna\u00eetre que les gens \u00e9taient dans une dynamique. Ils ont \u00e9chou\u00e9 dans cette dynamique et c\u2019est ce qui a amen\u00e9 le CONOR. Si la gestion de l\u2019\u00e9quipe sortante \u00e9tait vraiment claire, est-ce qu\u2019on serait \u00e0 ce niveau ? Quasiment ceux qui ont entour\u00e9 le pr\u00e9sident Antonio, avec lesquels il a cog\u00e9r\u00e9, ce sont eux qui cr\u00e9ent encore la fronde aujourd\u2019hui\u201d, fustige M. Bah.<br \/>\nPol\u00e9mique sur les nouveaux statuts\u2026<br \/>\n\u2018\u2019On parle des textes, je ne crois pas qu\u2019il y a eu un texte calqu\u00e9 d\u2019un autre pays. Il y a disons des articles sur la gouvernance, sur l\u2019\u00e9thique, sur la parit\u00e9 hommes-femmes. Donc, ce sont des articles comme \u00e7a qu\u2019eux ils ont rejet\u00e9. Si on vous dit aujourd\u2019hui que le pr\u00e9sident et les gens avec lesquels il va cog\u00e9rer, tout l\u2019argent qu\u2019ils g\u00e8rent, les salaires doivent \u00eatre affich\u00e9s si vous \u00eates contre \u00e7a. En fait, ce n\u2019est pas tout le texte qui a \u00e9t\u00e9 rejet\u00e9, c\u2019est quelques articles de la FIFA\u201d, ajoute le secr\u00e9taire g\u00e9n\u00e9ral du triple champion d\u2019Afrique.<\/p>\n<p>\u2018\u2019Querelles de personnes\u2026\u2019\u2019<\/p>\n<p>Sur la m\u00eame lanc\u00e9e, Ibrahima Marco Bah pense que c\u2019est le probl\u00e8me de personnes, qui est \u00e0 l\u2019origine de la crise au sein du football guin\u00e9en. Et cela est d\u00fb au fait que certains membres statutaires auraient transport\u00e9 des querelles individuelles dans la gestion du sport roi.<br \/>\n\u2018\u2019C\u2019est des probl\u00e8mes de personnes qui ont cr\u00e9\u00e9 le probl\u00e8me dans le football. Aujourd\u2019hui, vous avez des gens qui gardent des dents contre ceux qui sont au CONOR. Nous, on n\u2019est pas concern\u00e9s par \u00e7a. A mon avis, c\u2019est une partie des acteurs du football qui fait aujourd\u2019hui qu\u2019on a des probl\u00e8mes. Le CONOR est l\u2019\u00e9manation de la FIFA. Vous pensez que le CONOR peut faire quelque chose sans que la FIFA ne donne son avale ? A cette allure, on risque de prolonger ce CONOR l\u00e0. Et je vous garantie, que ceux qui sont dans la position, il faut que tel quitte ou tel autre quitte, ils n\u2019ont rien compris. C\u2019est la FIFA elle seule qui d\u00e9cide, \u00e7a ne se d\u00e9cide pas ici, il faut que les choses soient claires. Alors aller jusqu\u2019\u00e0 une position tranch\u00e9e comme \u00e7a, je me dis qu\u2019il y a vraiment quelque chose qui ne va pas. Et je vous jure, que c\u2019est des querelles de personnes qui sont transport\u00e9es dans la gestion du football\u201d, tranche le secr\u00e9taire g\u00e9n\u00e9ral du l\u00e9gendaire Hafia football club.<\/p>\n<p><strong>Facinet CAMARA pour lerevelateur224.com<\/strong><\/p>\n","protected":false},"excerpt":{"rendered":"<p>Le football guin\u00e9en est plong\u00e9 dans une crise sans pr\u00e9c\u00e9dent. Une crise n\u00e9e du manque de confiance entre les acteurs qui le compose. 47 membres statutaires sont \u00e0 couteaux tir\u00e9s avec le comit\u00e9 de normalisation (CONOR). Cette situation qui risque d\u2019entraver l\u2019\u00e9volution normale de la transition \u00e0 la t\u00eate du football guin\u00e9en, fait r\u00e9agir diff\u00e9rents [&hellip;]<\/p>\n","protected":false},"author":2,"featured_media":2747,"comment_status":"closed","ping_status":"open","sticky":false,"template":"","format":"standard","meta":{"_jetpack_memberships_contains_paid_content":false,"footnotes":"","jetpack_publicize_message":"","jetpack_publicize_feature_enabled":true,"jetpack_social_post_already_shared":true,"jetpack_social_options":{"image_generator_settings":{"template":"highway","default_image_id":0,"font":"","enabled":false},"version":2}},"categories":[10,5],"tags":[],"class_list":{"0":"post-2744","1":"post","2":"type-post","3":"status-publish","4":"format-standard","5":"has-post-thumbnail","7":"category-actualite","8":"category-football"},"yoast_head":"<!-- This site is optimized with the Yoast SEO plugin v27.5 - https:\/\/yoast.com\/product\/yoast-seo-wordpress\/ -->\n<title>FEGUIFOOT: \u201cC\u2019est des querelles de personnes qui sont transport\u00e9es dans la gestion du football\u201d, Marco de Hafia FC - le regard du sportif<\/title>\n<meta name=\"robots\" content=\"index, follow, max-snippet:-1, max-image-preview:large, max-video-preview:-1\" \/>\n<link rel=\"canonical\" href=\"https:\/\/oeilsportif.info\/index.php\/feguifoot-cest-des-querelles-de-personnes-qui-sont-transportees-dans-la-gestion-du-football-marco-de-hafia-fc\/\" \/>\n<meta property=\"og:locale\" content=\"fr_FR\" \/>\n<meta property=\"og:type\" content=\"article\" \/>\n<meta property=\"og:title\" content=\"FEGUIFOOT: \u201cC\u2019est des querelles de personnes qui sont transport\u00e9es dans la gestion du football\u201d, Marco de Hafia FC - le regard du sportif\" \/>\n<meta property=\"og:description\" content=\"Le football guin\u00e9en est plong\u00e9 dans une crise sans pr\u00e9c\u00e9dent. Une crise n\u00e9e du manque de confiance entre les acteurs qui le compose. 47 membres statutaires sont \u00e0 couteaux tir\u00e9s avec le comit\u00e9 de normalisation (CONOR). Cette situation qui risque d\u2019entraver l\u2019\u00e9volution normale de la transition \u00e0 la t\u00eate du football guin\u00e9en, fait r\u00e9agir diff\u00e9rents [&hellip;]\" \/>\n<meta property=\"og:url\" content=\"https:\/\/oeilsportif.info\/index.php\/feguifoot-cest-des-querelles-de-personnes-qui-sont-transportees-dans-la-gestion-du-football-marco-de-hafia-fc\/\" \/>\n<meta property=\"og:site_name\" content=\"le regard du sportif\" \/>\n<meta property=\"article:published_time\" content=\"2023-02-09T00:03:29+00:00\" \/>\n<meta property=\"og:image\" content=\"https:\/\/oeilsportif.info\/wp-content\/uploads\/2023\/02\/Screenshot_20230208_235342_Messenger-2.jpg\" \/>\n\t<meta property=\"og:image:width\" content=\"981\" \/>\n\t<meta property=\"og:image:height\" content=\"666\" \/>\n\t<meta property=\"og:image:type\" content=\"image\/jpeg\" \/>\n<meta name=\"author\" content=\"L&#039;Equipe de la R\u00e9daction\" \/>\n<meta name=\"twitter:label1\" content=\"\u00c9crit par\" \/>\n\t<meta name=\"twitter:data1\" content=\"L&#039;Equipe de la R\u00e9daction\" \/>\n\t<meta name=\"twitter:label2\" content=\"Dur\u00e9e de lecture estim\u00e9e\" \/>\n\t<meta name=\"twitter:data2\" content=\"4 minutes\" \/>\n<script type=\"application\/ld+json\" class=\"yoast-schema-graph\">{\"@context\":\"https:\\\/\\\/schema.org\",\"@graph\":[{\"@type\":\"Article\",\"@id\":\"https:\\\/\\\/oeilsportif.info\\\/index.php\\\/feguifoot-cest-des-querelles-de-personnes-qui-sont-transportees-dans-la-gestion-du-football-marco-de-hafia-fc\\\/#article\",\"isPartOf\":{\"@id\":\"https:\\\/\\\/oeilsportif.info\\\/index.php\\\/feguifoot-cest-des-querelles-de-personnes-qui-sont-transportees-dans-la-gestion-du-football-marco-de-hafia-fc\\\/\"},\"author\":{\"name\":\"L'Equipe de la R\u00e9daction\",\"@id\":\"https:\\\/\\\/oeilsportif.info\\\/#\\\/schema\\\/person\\\/cfbded294aa6095f7d96608d7905e9a1\"},\"headline\":\"FEGUIFOOT: \u201cC\u2019est des querelles de personnes qui sont transport\u00e9es dans la gestion du football\u201d, Marco de Hafia FC\",\"datePublished\":\"2023-02-09T00:03:29+00:00\",\"mainEntityOfPage\":{\"@id\":\"https:\\\/\\\/oeilsportif.info\\\/index.php\\\/feguifoot-cest-des-querelles-de-personnes-qui-sont-transportees-dans-la-gestion-du-football-marco-de-hafia-fc\\\/\"},\"wordCount\":856,\"image\":{\"@id\":\"https:\\\/\\\/oeilsportif.info\\\/index.php\\\/feguifoot-cest-des-querelles-de-personnes-qui-sont-transportees-dans-la-gestion-du-football-marco-de-hafia-fc\\\/#primaryimage\"},\"thumbnailUrl\":\"https:\\\/\\\/i0.wp.com\\\/oeilsportif.info\\\/wp-content\\\/uploads\\\/2023\\\/02\\\/Screenshot_20230208_235342_Messenger-2.jpg?fit=981%2C666&ssl=1\",\"articleSection\":[\"Actualit\u00e9\",\"Football\"],\"inLanguage\":\"fr-FR\"},{\"@type\":\"WebPage\",\"@id\":\"https:\\\/\\\/oeilsportif.info\\\/index.php\\\/feguifoot-cest-des-querelles-de-personnes-qui-sont-transportees-dans-la-gestion-du-football-marco-de-hafia-fc\\\/\",\"url\":\"https:\\\/\\\/oeilsportif.info\\\/index.php\\\/feguifoot-cest-des-querelles-de-personnes-qui-sont-transportees-dans-la-gestion-du-football-marco-de-hafia-fc\\\/\",\"name\":\"FEGUIFOOT: \u201cC\u2019est des querelles de personnes qui sont transport\u00e9es dans la gestion du football\u201d, Marco de Hafia FC - le regard du sportif\",\"isPartOf\":{\"@id\":\"https:\\\/\\\/oeilsportif.info\\\/#website\"},\"primaryImageOfPage\":{\"@id\":\"https:\\\/\\\/oeilsportif.info\\\/index.php\\\/feguifoot-cest-des-querelles-de-personnes-qui-sont-transportees-dans-la-gestion-du-football-marco-de-hafia-fc\\\/#primaryimage\"},\"image\":{\"@id\":\"https:\\\/\\\/oeilsportif.info\\\/index.php\\\/feguifoot-cest-des-querelles-de-personnes-qui-sont-transportees-dans-la-gestion-du-football-marco-de-hafia-fc\\\/#primaryimage\"},\"thumbnailUrl\":\"https:\\\/\\\/i0.wp.com\\\/oeilsportif.info\\\/wp-content\\\/uploads\\\/2023\\\/02\\\/Screenshot_20230208_235342_Messenger-2.jpg?fit=981%2C666&ssl=1\",\"datePublished\":\"2023-02-09T00:03:29+00:00\",\"author\":{\"@id\":\"https:\\\/\\\/oeilsportif.info\\\/#\\\/schema\\\/person\\\/cfbded294aa6095f7d96608d7905e9a1\"},\"inLanguage\":\"fr-FR\",\"potentialAction\":[{\"@type\":\"ReadAction\",\"target\":[\"https:\\\/\\\/oeilsportif.info\\\/index.php\\\/feguifoot-cest-des-querelles-de-personnes-qui-sont-transportees-dans-la-gestion-du-football-marco-de-hafia-fc\\\/\"]}]},{\"@type\":\"ImageObject\",\"inLanguage\":\"fr-FR\",\"@id\":\"https:\\\/\\\/oeilsportif.info\\\/index.php\\\/feguifoot-cest-des-querelles-de-personnes-qui-sont-transportees-dans-la-gestion-du-football-marco-de-hafia-fc\\\/#primaryimage\",\"url\":\"https:\\\/\\\/i0.wp.com\\\/oeilsportif.info\\\/wp-content\\\/uploads\\\/2023\\\/02\\\/Screenshot_20230208_235342_Messenger-2.jpg?fit=981%2C666&ssl=1\",\"contentUrl\":\"https:\\\/\\\/i0.wp.com\\\/oeilsportif.info\\\/wp-content\\\/uploads\\\/2023\\\/02\\\/Screenshot_20230208_235342_Messenger-2.jpg?fit=981%2C666&ssl=1\",\"width\":981,\"height\":666},{\"@type\":\"WebSite\",\"@id\":\"https:\\\/\\\/oeilsportif.info\\\/#website\",\"url\":\"https:\\\/\\\/oeilsportif.info\\\/\",\"name\":\"le regard du sportif\",\"description\":\"\",\"potentialAction\":[{\"@type\":\"SearchAction\",\"target\":{\"@type\":\"EntryPoint\",\"urlTemplate\":\"https:\\\/\\\/oeilsportif.info\\\/?s={search_term_string}\"},\"query-input\":{\"@type\":\"PropertyValueSpecification\",\"valueRequired\":true,\"valueName\":\"search_term_string\"}}],\"inLanguage\":\"fr-FR\"},{\"@type\":\"Person\",\"@id\":\"https:\\\/\\\/oeilsportif.info\\\/#\\\/schema\\\/person\\\/cfbded294aa6095f7d96608d7905e9a1\",\"name\":\"L'Equipe de la R\u00e9daction\",\"image\":{\"@type\":\"ImageObject\",\"inLanguage\":\"fr-FR\",\"@id\":\"https:\\\/\\\/oeilsportif.info\\\/wp-content\\\/uploads\\\/2025\\\/07\\\/cropped-cropped-logo-os-96x96.jpeg\",\"url\":\"https:\\\/\\\/oeilsportif.info\\\/wp-content\\\/uploads\\\/2025\\\/07\\\/cropped-cropped-logo-os-96x96.jpeg\",\"contentUrl\":\"https:\\\/\\\/oeilsportif.info\\\/wp-content\\\/uploads\\\/2025\\\/07\\\/cropped-cropped-logo-os-96x96.jpeg\",\"caption\":\"L'Equipe de la R\u00e9daction\"},\"url\":\"https:\\\/\\\/oeilsportif.info\\\/index.php\\\/author\\\/tawel\\\/\"}]}<\/script>\n<!-- \/ Yoast SEO plugin. -->","yoast_head_json":{"title":"FEGUIFOOT: \u201cC\u2019est des querelles de personnes qui sont transport\u00e9es dans la gestion du football\u201d, Marco de Hafia FC - le regard du sportif","robots":{"index":"index","follow":"follow","max-snippet":"max-snippet:-1","max-image-preview":"max-image-preview:large","max-video-preview":"max-video-preview:-1"},"canonical":"https:\/\/oeilsportif.info\/index.php\/feguifoot-cest-des-querelles-de-personnes-qui-sont-transportees-dans-la-gestion-du-football-marco-de-hafia-fc\/","og_locale":"fr_FR","og_type":"article","og_title":"FEGUIFOOT: \u201cC\u2019est des querelles de personnes qui sont transport\u00e9es dans la gestion du football\u201d, Marco de Hafia FC - le regard du sportif","og_description":"Le football guin\u00e9en est plong\u00e9 dans une crise sans pr\u00e9c\u00e9dent. Une crise n\u00e9e du manque de confiance entre les acteurs qui le compose. 47 membres statutaires sont \u00e0 couteaux tir\u00e9s avec le comit\u00e9 de normalisation (CONOR). Cette situation qui risque d\u2019entraver l\u2019\u00e9volution normale de la transition \u00e0 la t\u00eate du football guin\u00e9en, fait r\u00e9agir diff\u00e9rents [&hellip;]","og_url":"https:\/\/oeilsportif.info\/index.php\/feguifoot-cest-des-querelles-de-personnes-qui-sont-transportees-dans-la-gestion-du-football-marco-de-hafia-fc\/","og_site_name":"le regard du sportif","article_published_time":"2023-02-09T00:03:29+00:00","og_image":[{"width":981,"height":666,"url":"https:\/\/oeilsportif.info\/wp-content\/uploads\/2023\/02\/Screenshot_20230208_235342_Messenger-2.jpg","type":"image\/jpeg"}],"author":"L'Equipe de la R\u00e9daction","twitter_misc":{"\u00c9crit par":"L'Equipe de la R\u00e9daction","Dur\u00e9e de lecture estim\u00e9e":"4 minutes"},"schema":{"@context":"https:\/\/schema.org","@graph":[{"@type":"Article","@id":"https:\/\/oeilsportif.info\/index.php\/feguifoot-cest-des-querelles-de-personnes-qui-sont-transportees-dans-la-gestion-du-football-marco-de-hafia-fc\/#article","isPartOf":{"@id":"https:\/\/oeilsportif.info\/index.php\/feguifoot-cest-des-querelles-de-personnes-qui-sont-transportees-dans-la-gestion-du-football-marco-de-hafia-fc\/"},"author":{"name":"L'Equipe de la R\u00e9daction","@id":"https:\/\/oeilsportif.info\/#\/schema\/person\/cfbded294aa6095f7d96608d7905e9a1"},"headline":"FEGUIFOOT: \u201cC\u2019est des querelles de personnes qui sont transport\u00e9es dans la gestion du football\u201d, Marco de Hafia FC","datePublished":"2023-02-09T00:03:29+00:00","mainEntityOfPage":{"@id":"https:\/\/oeilsportif.info\/index.php\/feguifoot-cest-des-querelles-de-personnes-qui-sont-transportees-dans-la-gestion-du-football-marco-de-hafia-fc\/"},"wordCount":856,"image":{"@id":"https:\/\/oeilsportif.info\/index.php\/feguifoot-cest-des-querelles-de-personnes-qui-sont-transportees-dans-la-gestion-du-football-marco-de-hafia-fc\/#primaryimage"},"thumbnailUrl":"https:\/\/i0.wp.com\/oeilsportif.info\/wp-content\/uploads\/2023\/02\/Screenshot_20230208_235342_Messenger-2.jpg?fit=981%2C666&ssl=1","articleSection":["Actualit\u00e9","Football"],"inLanguage":"fr-FR"},{"@type":"WebPage","@id":"https:\/\/oeilsportif.info\/index.php\/feguifoot-cest-des-querelles-de-personnes-qui-sont-transportees-dans-la-gestion-du-football-marco-de-hafia-fc\/","url":"https:\/\/oeilsportif.info\/index.php\/feguifoot-cest-des-querelles-de-personnes-qui-sont-transportees-dans-la-gestion-du-football-marco-de-hafia-fc\/","name":"FEGUIFOOT: \u201cC\u2019est des querelles de personnes qui sont transport\u00e9es dans la gestion du football\u201d, Marco de Hafia FC - le regard du sportif","isPartOf":{"@id":"https:\/\/oeilsportif.info\/#website"},"primaryImageOfPage":{"@id":"https:\/\/oeilsportif.info\/index.php\/feguifoot-cest-des-querelles-de-personnes-qui-sont-transportees-dans-la-gestion-du-football-marco-de-hafia-fc\/#primaryimage"},"image":{"@id":"https:\/\/oeilsportif.info\/index.php\/feguifoot-cest-des-querelles-de-personnes-qui-sont-transportees-dans-la-gestion-du-football-marco-de-hafia-fc\/#primaryimage"},"thumbnailUrl":"https:\/\/i0.wp.com\/oeilsportif.info\/wp-content\/uploads\/2023\/02\/Screenshot_20230208_235342_Messenger-2.jpg?fit=981%2C666&ssl=1","datePublished":"2023-02-09T00:03:29+00:00","author":{"@id":"https:\/\/oeilsportif.info\/#\/schema\/person\/cfbded294aa6095f7d96608d7905e9a1"},"inLanguage":"fr-FR","potentialAction":[{"@type":"ReadAction","target":["https:\/\/oeilsportif.info\/index.php\/feguifoot-cest-des-querelles-de-personnes-qui-sont-transportees-dans-la-gestion-du-football-marco-de-hafia-fc\/"]}]},{"@type":"ImageObject","inLanguage":"fr-FR","@id":"https:\/\/oeilsportif.info\/index.php\/feguifoot-cest-des-querelles-de-personnes-qui-sont-transportees-dans-la-gestion-du-football-marco-de-hafia-fc\/#primaryimage","url":"https:\/\/i0.wp.com\/oeilsportif.info\/wp-content\/uploads\/2023\/02\/Screenshot_20230208_235342_Messenger-2.jpg?fit=981%2C666&ssl=1","contentUrl":"https:\/\/i0.wp.com\/oeilsportif.info\/wp-content\/uploads\/2023\/02\/Screenshot_20230208_235342_Messenger-2.jpg?fit=981%2C666&ssl=1","width":981,"height":666},{"@type":"WebSite","@id":"https:\/\/oeilsportif.info\/#website","url":"https:\/\/oeilsportif.info\/","name":"le regard du sportif","description":"","potentialAction":[{"@type":"SearchAction","target":{"@type":"EntryPoint","urlTemplate":"https:\/\/oeilsportif.info\/?s={search_term_string}"},"query-input":{"@type":"PropertyValueSpecification","valueRequired":true,"valueName":"search_term_string"}}],"inLanguage":"fr-FR"},{"@type":"Person","@id":"https:\/\/oeilsportif.info\/#\/schema\/person\/cfbded294aa6095f7d96608d7905e9a1","name":"L'Equipe de la R\u00e9daction","image":{"@type":"ImageObject","inLanguage":"fr-FR","@id":"https:\/\/oeilsportif.info\/wp-content\/uploads\/2025\/07\/cropped-cropped-logo-os-96x96.jpeg","url":"https:\/\/oeilsportif.info\/wp-content\/uploads\/2025\/07\/cropped-cropped-logo-os-96x96.jpeg","contentUrl":"https:\/\/oeilsportif.info\/wp-content\/uploads\/2025\/07\/cropped-cropped-logo-os-96x96.jpeg","caption":"L'Equipe de la R\u00e9daction"},"url":"https:\/\/oeilsportif.info\/index.php\/author\/tawel\/"}]}},"jetpack_publicize_connections":[],"jetpack_featured_media_url":"https:\/\/i0.wp.com\/oeilsportif.info\/wp-content\/uploads\/2023\/02\/Screenshot_20230208_235342_Messenger-2.jpg?fit=981%2C666&ssl=1","jetpack-related-posts":[],"jetpack_sharing_enabled":true,"jetpack_likes_enabled":true,"jetpack_shortlink":"https:\/\/wp.me\/pgFE77-Ig","_links":{"self":[{"href":"https:\/\/oeilsportif.info\/index.php\/wp-json\/wp\/v2\/posts\/2744","targetHints":{"allow":["GET"]}}],"collection":[{"href":"https:\/\/oeilsportif.info\/index.php\/wp-json\/wp\/v2\/posts"}],"about":[{"href":"https:\/\/oeilsportif.info\/index.php\/wp-json\/wp\/v2\/types\/post"}],"author":[{"embeddable":true,"href":"https:\/\/oeilsportif.info\/index.php\/wp-json\/wp\/v2\/users\/2"}],"replies":[{"embeddable":true,"href":"https:\/\/oeilsportif.info\/index.php\/wp-json\/wp\/v2\/comments?post=2744"}],"version-history":[{"count":0,"href":"https:\/\/oeilsportif.info\/index.php\/wp-json\/wp\/v2\/posts\/2744\/revisions"}],"wp:featuredmedia":[{"embeddable":true,"href":"https:\/\/oeilsportif.info\/index.php\/wp-json\/wp\/v2\/media\/2747"}],"wp:attachment":[{"href":"https:\/\/oeilsportif.info\/index.php\/wp-json\/wp\/v2\/media?parent=2744"}],"wp:term":[{"taxonomy":"category","embeddable":true,"href":"https:\/\/oeilsportif.info\/index.php\/wp-json\/wp\/v2\/categories?post=2744"},{"taxonomy":"post_tag","embeddable":true,"href":"https:\/\/oeilsportif.info\/index.php\/wp-json\/wp\/v2\/tags?post=2744"}],"curies":[{"name":"wp","href":"https:\/\/api.w.org\/{rel}","templated":true}]}}