{"id":2738,"date":"2023-02-08T09:33:08","date_gmt":"2023-02-08T09:33:08","guid":{"rendered":"https:\/\/oeilsportif.info\/index.php\/?p=2738"},"modified":"2023-02-08T09:33:08","modified_gmt":"2023-02-08T09:33:08","slug":"la-fgf-recompense-les-deux-meilleurs-quatuors-de-la-phase-aller-de-la-ligue-1-guicopres","status":"publish","type":"post","link":"https:\/\/oeilsportif.info\/index.php\/la-fgf-recompense-les-deux-meilleurs-quatuors-de-la-phase-aller-de-la-ligue-1-guicopres\/","title":{"rendered":"LA FGF R\u00c9COMPENSE LES DEUX MEILLEURS QUATUORS DE LA PHASE ALLER DE LA LIGUE 1 GUICOPRES"},"content":{"rendered":"<p>La F\u00e9d\u00e9ration Guin\u00e9enne de Football a organis\u00e9 ce vendredi 03 f\u00e9vrier 2023 une c\u00e9r\u00e9monie de r\u00e9compenses des deux meilleurs quatuors de la phase aller du championnat national de Ligue 1 Guicopres.<\/p>\n<p>Madame Mariama DIALLO SY, pr\u00e9sidente du Comit\u00e9 Normalisation, a pr\u00e9sid\u00e9 cette c\u00e9r\u00e9monie de r\u00e9compense. Sega DIALLO, vice-pr\u00e9sident du CONOR et Ma\u00eetre Mohamed Sidiki SYLLA, membre, \u00e9taient \u00e9galement pr\u00e9sents pour l\u2019occasion.<\/p>\n<p>G\u00e9n\u00e9ral Zakaria CAMARA, vice-pr\u00e9sident de la Commission des Arbitres, Colonel N\u2019Famara Diomand\u00e9, pr\u00e9sident de l\u2019Association des Arbitres et Aboubacar Doumbouya, Chef de D\u00e9partement des Arbitres de la FGF ont pris aussi part \u00e0 la c\u00e9r\u00e9monie.<\/p>\n<p>La pr\u00e9sidente de la F\u00e9d\u00e9ration a f\u00e9licit\u00e9 les deux meilleurs quatuors de la phase aller de Ligue 1 Guicopres pour leur excellent travail. Elle a ensuite pr\u00e9cis\u00e9 que la r\u00e9compense des deux meilleurs quatuors est une source d\u2019\u00e9mulation entre les arbitres.<\/p>\n<p>Les arbitres ont \u00e9galement \u00e9t\u00e9 encourag\u00e9s \u00e0 poursuivre leur d\u00e9veloppement professionnel et \u00e0 se comporter de mani\u00e8re irr\u00e9prochable sur le terrain. Elle a aussi encourag\u00e9 les autres \u00e0 redoubler d\u2019efforts pour am\u00e9liorer leurs comp\u00e9tences.<\/p>\n<p><strong>Mariama DIALLO SY, pr\u00e9sidente CONOR :<\/strong>\u00a0\u00ab Je suis fi\u00e8re de remettre cette r\u00e9compense aux deux meilleurs quatuors de la phase aller du championnat national de Ligue 1 Guicopres. Votre travail acharn\u00e9 et votre d\u00e9termination ont permis de faire de chaque match un spectacle \u00e9quitable et passionnant (\u2026). Nous savons tous que la t\u00e2che d\u2019arbitre n\u2019est pas facile, mais votre d\u00e9termination et votre d\u00e9sir de faire de chaque match un \u00e9v\u00e9nement inoubliable montrent votre engagement envers notre sport. De plus, je souhaite que les arbitres les plus talentueux soient d\u00e9sign\u00e9s pour les plus grandes comp\u00e9titions internationales. Vous m\u00e9ritez de jouer un r\u00f4le crucial dans les moments les plus importants de notre sport, et je suis confiante que vous serez \u00e0 la hauteur de cette t\u00e2che \u00bb.<\/p>\n<p><b>Voici la liste des deux\u00a0<\/b><b>quatuors<\/b><b>\u00a0<\/b><b>r\u00e9compens\u00e9s<\/b><\/p>\n<p><strong>Quatuor 1<\/strong><\/p>\n<p><strong>Arbitre :<\/strong>\u00a0Younoussa Tawel CAMARA<\/p>\n<p><strong>Assistant 1\u00a0:<\/strong>\u00a0Mouctar Kollet DIALLO<\/p>\n<p><strong>Assistant 2\u00a0:<\/strong>\u00a0Mawa KOUROUMA<\/p>\n<p><strong>4<sup>\u00e8me<\/sup>\u00a0Officiel\u00a0:<\/strong>\u00a0F\u00e9licit\u00e9 KOUROUMA<\/p>\n<p><strong>Quatuor 2<\/strong><\/p>\n<p><strong>Arbitre\u00a0:<\/strong>\u00a0Abdoulaye MANET<\/p>\n<p><strong>Assistant 1\u00a0:<\/strong>\u00a0Sidiki SIDIBE<\/p>\n<p><strong>Assistant\u00a0:<\/strong>\u00a0Fatoumata SYLLA<\/p>\n<p><strong>4<sup>\u00e8me<\/sup>\u00a0Officiel\u00a0:<\/strong> N\u2019Fally KOUROUM<\/p>\n<div id=\"gallery-1\" class=\"gallery galleryid-5750 gallery-columns-1 gallery-size-large\" data-carousel-extra=\"{&quot;blog_id&quot;:1,&quot;permalink&quot;:&quot;https:\\\/\\\/www.feguifoot.com\\\/2023\\\/02\\\/04\\\/la-fgf-recompense-les-deux-meilleurs-quatuors-de-la-phase-aller-de-la-ligue-1-guicopres\\\/&quot;}\">\n<figure class=\"gallery-item\">\n<div class=\"gallery-icon landscape\"><a href=\"https:\/\/www.feguifoot.com\/dsc_0273\/\"><img data-recalc-dims=\"1\" loading=\"lazy\" decoding=\"async\" class=\"attachment-large size-large\" src=\"https:\/\/i0.wp.com\/www.feguifoot.com\/wp-content\/uploads\/2022\/08\/DSC_0273-1024x683.png?resize=640%2C427&#038;ssl=1\" alt=\"\" width=\"640\" height=\"427\" data-attachment-id=\"5748\" data-permalink=\"https:\/\/www.feguifoot.com\/dsc_0273\/\" data-orig-file=\"https:\/\/www.feguifoot.com\/wp-content\/uploads\/2022\/08\/DSC_0273.png\" data-orig-size=\"6000,4000\" data-comments-opened=\"0\" data-image-meta=\"{&quot;aperture&quot;:&quot;0&quot;,&quot;credit&quot;:&quot;&quot;,&quot;camera&quot;:&quot;&quot;,&quot;caption&quot;:&quot;&quot;,&quot;created_timestamp&quot;:&quot;0&quot;,&quot;copyright&quot;:&quot;&quot;,&quot;focal_length&quot;:&quot;0&quot;,&quot;iso&quot;:&quot;0&quot;,&quot;shutter_speed&quot;:&quot;0&quot;,&quot;title&quot;:&quot;&quot;,&quot;orientation&quot;:&quot;0&quot;}\" data-image-title=\"DSC_0273\" data-image-description=\"\" data-image-caption=\"\" data-medium-file=\"https:\/\/www.feguifoot.com\/wp-content\/uploads\/2022\/08\/DSC_0273-300x200.png\" data-large-file=\"https:\/\/www.feguifoot.com\/wp-content\/uploads\/2022\/08\/DSC_0273-1024x683.png\" \/><\/a><\/div>\n<\/figure>\n<figure class=\"gallery-item\"><\/figure>\n<\/div>\n<p>&nbsp;<\/p>\n<p>Source : F\u00e9guifoot<\/p>\n<div id=\"gallery-1\" class=\"gallery galleryid-5750 gallery-columns-1 gallery-size-large\" data-carousel-extra=\"{&quot;blog_id&quot;:1,&quot;permalink&quot;:&quot;https:\\\/\\\/www.feguifoot.com\\\/2023\\\/02\\\/04\\\/la-fgf-recompense-les-deux-meilleurs-quatuors-de-la-phase-aller-de-la-ligue-1-guicopres\\\/&quot;}\">\n<figure class=\"gallery-item\">\n<div class=\"gallery-icon landscape\"><\/div>\n<\/figure>\n<figure class=\"gallery-item\"><\/figure>\n<\/div>\n","protected":false},"excerpt":{"rendered":"<p>La F\u00e9d\u00e9ration Guin\u00e9enne de Football a organis\u00e9 ce vendredi 03 f\u00e9vrier 2023 une c\u00e9r\u00e9monie de r\u00e9compenses des deux meilleurs quatuors de la phase aller du championnat national de Ligue 1 Guicopres. Madame Mariama DIALLO SY, pr\u00e9sidente du Comit\u00e9 Normalisation, a pr\u00e9sid\u00e9 cette c\u00e9r\u00e9monie de r\u00e9compense. Sega DIALLO, vice-pr\u00e9sident du CONOR et Ma\u00eetre Mohamed Sidiki SYLLA, [&hellip;]<\/p>\n","protected":false},"author":2,"featured_media":2739,"comment_status":"closed","ping_status":"open","sticky":false,"template":"","format":"standard","meta":{"_jetpack_memberships_contains_paid_content":false,"footnotes":"","jetpack_publicize_message":"","jetpack_publicize_feature_enabled":true,"jetpack_social_post_already_shared":true,"jetpack_social_options":{"image_generator_settings":{"template":"highway","default_image_id":0,"font":"","enabled":false},"version":2}},"categories":[5],"tags":[],"class_list":{"0":"post-2738","1":"post","2":"type-post","3":"status-publish","4":"format-standard","5":"has-post-thumbnail","7":"category-football"},"yoast_head":"<!-- This site is optimized with the Yoast SEO plugin v27.5 - https:\/\/yoast.com\/product\/yoast-seo-wordpress\/ -->\n<title>LA FGF R\u00c9COMPENSE LES DEUX MEILLEURS QUATUORS DE LA PHASE ALLER DE LA LIGUE 1 GUICOPRES - le regard du sportif<\/title>\n<meta name=\"robots\" content=\"index, follow, max-snippet:-1, max-image-preview:large, max-video-preview:-1\" \/>\n<link rel=\"canonical\" href=\"https:\/\/oeilsportif.info\/index.php\/la-fgf-recompense-les-deux-meilleurs-quatuors-de-la-phase-aller-de-la-ligue-1-guicopres\/\" \/>\n<meta property=\"og:locale\" content=\"fr_FR\" \/>\n<meta property=\"og:type\" content=\"article\" \/>\n<meta property=\"og:title\" content=\"LA FGF R\u00c9COMPENSE LES DEUX MEILLEURS QUATUORS DE LA PHASE ALLER DE LA LIGUE 1 GUICOPRES - le regard du sportif\" \/>\n<meta property=\"og:description\" content=\"La F\u00e9d\u00e9ration Guin\u00e9enne de Football a organis\u00e9 ce vendredi 03 f\u00e9vrier 2023 une c\u00e9r\u00e9monie de r\u00e9compenses des deux meilleurs quatuors de la phase aller du championnat national de Ligue 1 Guicopres. Madame Mariama DIALLO SY, pr\u00e9sidente du Comit\u00e9 Normalisation, a pr\u00e9sid\u00e9 cette c\u00e9r\u00e9monie de r\u00e9compense. Sega DIALLO, vice-pr\u00e9sident du CONOR et Ma\u00eetre Mohamed Sidiki SYLLA, [&hellip;]\" \/>\n<meta property=\"og:url\" content=\"https:\/\/oeilsportif.info\/index.php\/la-fgf-recompense-les-deux-meilleurs-quatuors-de-la-phase-aller-de-la-ligue-1-guicopres\/\" \/>\n<meta property=\"og:site_name\" content=\"le regard du sportif\" \/>\n<meta property=\"article:published_time\" content=\"2023-02-08T09:33:08+00:00\" \/>\n<meta property=\"og:image\" content=\"https:\/\/oeilsportif.info\/wp-content\/uploads\/2023\/02\/Screenshot_20230208_092825_Facebook.jpg\" \/>\n\t<meta property=\"og:image:width\" content=\"900\" \/>\n\t<meta property=\"og:image:height\" content=\"596\" \/>\n\t<meta property=\"og:image:type\" content=\"image\/jpeg\" \/>\n<meta name=\"author\" content=\"L&#039;Equipe de la R\u00e9daction\" \/>\n<meta name=\"twitter:label1\" content=\"\u00c9crit par\" \/>\n\t<meta name=\"twitter:data1\" content=\"L&#039;Equipe de la R\u00e9daction\" \/>\n\t<meta name=\"twitter:label2\" content=\"Dur\u00e9e de lecture estim\u00e9e\" \/>\n\t<meta name=\"twitter:data2\" content=\"2 minutes\" \/>\n<script type=\"application\/ld+json\" class=\"yoast-schema-graph\">{\"@context\":\"https:\\\/\\\/schema.org\",\"@graph\":[{\"@type\":\"Article\",\"@id\":\"https:\\\/\\\/oeilsportif.info\\\/index.php\\\/la-fgf-recompense-les-deux-meilleurs-quatuors-de-la-phase-aller-de-la-ligue-1-guicopres\\\/#article\",\"isPartOf\":{\"@id\":\"https:\\\/\\\/oeilsportif.info\\\/index.php\\\/la-fgf-recompense-les-deux-meilleurs-quatuors-de-la-phase-aller-de-la-ligue-1-guicopres\\\/\"},\"author\":{\"name\":\"L'Equipe de la R\u00e9daction\",\"@id\":\"https:\\\/\\\/oeilsportif.info\\\/#\\\/schema\\\/person\\\/cfbded294aa6095f7d96608d7905e9a1\"},\"headline\":\"LA FGF R\u00c9COMPENSE LES DEUX MEILLEURS QUATUORS DE LA PHASE ALLER DE LA LIGUE 1 GUICOPRES\",\"datePublished\":\"2023-02-08T09:33:08+00:00\",\"mainEntityOfPage\":{\"@id\":\"https:\\\/\\\/oeilsportif.info\\\/index.php\\\/la-fgf-recompense-les-deux-meilleurs-quatuors-de-la-phase-aller-de-la-ligue-1-guicopres\\\/\"},\"wordCount\":399,\"image\":{\"@id\":\"https:\\\/\\\/oeilsportif.info\\\/index.php\\\/la-fgf-recompense-les-deux-meilleurs-quatuors-de-la-phase-aller-de-la-ligue-1-guicopres\\\/#primaryimage\"},\"thumbnailUrl\":\"https:\\\/\\\/i0.wp.com\\\/oeilsportif.info\\\/wp-content\\\/uploads\\\/2023\\\/02\\\/Screenshot_20230208_092825_Facebook.jpg?fit=900%2C596&ssl=1\",\"articleSection\":[\"Football\"],\"inLanguage\":\"fr-FR\"},{\"@type\":\"WebPage\",\"@id\":\"https:\\\/\\\/oeilsportif.info\\\/index.php\\\/la-fgf-recompense-les-deux-meilleurs-quatuors-de-la-phase-aller-de-la-ligue-1-guicopres\\\/\",\"url\":\"https:\\\/\\\/oeilsportif.info\\\/index.php\\\/la-fgf-recompense-les-deux-meilleurs-quatuors-de-la-phase-aller-de-la-ligue-1-guicopres\\\/\",\"name\":\"LA FGF R\u00c9COMPENSE LES DEUX MEILLEURS QUATUORS DE LA PHASE ALLER DE LA LIGUE 1 GUICOPRES - le regard du sportif\",\"isPartOf\":{\"@id\":\"https:\\\/\\\/oeilsportif.info\\\/#website\"},\"primaryImageOfPage\":{\"@id\":\"https:\\\/\\\/oeilsportif.info\\\/index.php\\\/la-fgf-recompense-les-deux-meilleurs-quatuors-de-la-phase-aller-de-la-ligue-1-guicopres\\\/#primaryimage\"},\"image\":{\"@id\":\"https:\\\/\\\/oeilsportif.info\\\/index.php\\\/la-fgf-recompense-les-deux-meilleurs-quatuors-de-la-phase-aller-de-la-ligue-1-guicopres\\\/#primaryimage\"},\"thumbnailUrl\":\"https:\\\/\\\/i0.wp.com\\\/oeilsportif.info\\\/wp-content\\\/uploads\\\/2023\\\/02\\\/Screenshot_20230208_092825_Facebook.jpg?fit=900%2C596&ssl=1\",\"datePublished\":\"2023-02-08T09:33:08+00:00\",\"author\":{\"@id\":\"https:\\\/\\\/oeilsportif.info\\\/#\\\/schema\\\/person\\\/cfbded294aa6095f7d96608d7905e9a1\"},\"inLanguage\":\"fr-FR\",\"potentialAction\":[{\"@type\":\"ReadAction\",\"target\":[\"https:\\\/\\\/oeilsportif.info\\\/index.php\\\/la-fgf-recompense-les-deux-meilleurs-quatuors-de-la-phase-aller-de-la-ligue-1-guicopres\\\/\"]}]},{\"@type\":\"ImageObject\",\"inLanguage\":\"fr-FR\",\"@id\":\"https:\\\/\\\/oeilsportif.info\\\/index.php\\\/la-fgf-recompense-les-deux-meilleurs-quatuors-de-la-phase-aller-de-la-ligue-1-guicopres\\\/#primaryimage\",\"url\":\"https:\\\/\\\/i0.wp.com\\\/oeilsportif.info\\\/wp-content\\\/uploads\\\/2023\\\/02\\\/Screenshot_20230208_092825_Facebook.jpg?fit=900%2C596&ssl=1\",\"contentUrl\":\"https:\\\/\\\/i0.wp.com\\\/oeilsportif.info\\\/wp-content\\\/uploads\\\/2023\\\/02\\\/Screenshot_20230208_092825_Facebook.jpg?fit=900%2C596&ssl=1\",\"width\":900,\"height\":596},{\"@type\":\"WebSite\",\"@id\":\"https:\\\/\\\/oeilsportif.info\\\/#website\",\"url\":\"https:\\\/\\\/oeilsportif.info\\\/\",\"name\":\"le regard du sportif\",\"description\":\"\",\"potentialAction\":[{\"@type\":\"SearchAction\",\"target\":{\"@type\":\"EntryPoint\",\"urlTemplate\":\"https:\\\/\\\/oeilsportif.info\\\/?s={search_term_string}\"},\"query-input\":{\"@type\":\"PropertyValueSpecification\",\"valueRequired\":true,\"valueName\":\"search_term_string\"}}],\"inLanguage\":\"fr-FR\"},{\"@type\":\"Person\",\"@id\":\"https:\\\/\\\/oeilsportif.info\\\/#\\\/schema\\\/person\\\/cfbded294aa6095f7d96608d7905e9a1\",\"name\":\"L'Equipe de la R\u00e9daction\",\"image\":{\"@type\":\"ImageObject\",\"inLanguage\":\"fr-FR\",\"@id\":\"https:\\\/\\\/oeilsportif.info\\\/wp-content\\\/uploads\\\/2025\\\/07\\\/cropped-cropped-logo-os-96x96.jpeg\",\"url\":\"https:\\\/\\\/oeilsportif.info\\\/wp-content\\\/uploads\\\/2025\\\/07\\\/cropped-cropped-logo-os-96x96.jpeg\",\"contentUrl\":\"https:\\\/\\\/oeilsportif.info\\\/wp-content\\\/uploads\\\/2025\\\/07\\\/cropped-cropped-logo-os-96x96.jpeg\",\"caption\":\"L'Equipe de la R\u00e9daction\"},\"url\":\"https:\\\/\\\/oeilsportif.info\\\/index.php\\\/author\\\/tawel\\\/\"}]}<\/script>\n<!-- \/ Yoast SEO plugin. -->","yoast_head_json":{"title":"LA FGF R\u00c9COMPENSE LES DEUX MEILLEURS QUATUORS DE LA PHASE ALLER DE LA LIGUE 1 GUICOPRES - le regard du sportif","robots":{"index":"index","follow":"follow","max-snippet":"max-snippet:-1","max-image-preview":"max-image-preview:large","max-video-preview":"max-video-preview:-1"},"canonical":"https:\/\/oeilsportif.info\/index.php\/la-fgf-recompense-les-deux-meilleurs-quatuors-de-la-phase-aller-de-la-ligue-1-guicopres\/","og_locale":"fr_FR","og_type":"article","og_title":"LA FGF R\u00c9COMPENSE LES DEUX MEILLEURS QUATUORS DE LA PHASE ALLER DE LA LIGUE 1 GUICOPRES - le regard du sportif","og_description":"La F\u00e9d\u00e9ration Guin\u00e9enne de Football a organis\u00e9 ce vendredi 03 f\u00e9vrier 2023 une c\u00e9r\u00e9monie de r\u00e9compenses des deux meilleurs quatuors de la phase aller du championnat national de Ligue 1 Guicopres. Madame Mariama DIALLO SY, pr\u00e9sidente du Comit\u00e9 Normalisation, a pr\u00e9sid\u00e9 cette c\u00e9r\u00e9monie de r\u00e9compense. Sega DIALLO, vice-pr\u00e9sident du CONOR et Ma\u00eetre Mohamed Sidiki SYLLA, [&hellip;]","og_url":"https:\/\/oeilsportif.info\/index.php\/la-fgf-recompense-les-deux-meilleurs-quatuors-de-la-phase-aller-de-la-ligue-1-guicopres\/","og_site_name":"le regard du sportif","article_published_time":"2023-02-08T09:33:08+00:00","og_image":[{"width":900,"height":596,"url":"https:\/\/oeilsportif.info\/wp-content\/uploads\/2023\/02\/Screenshot_20230208_092825_Facebook.jpg","type":"image\/jpeg"}],"author":"L'Equipe de la R\u00e9daction","twitter_misc":{"\u00c9crit par":"L'Equipe de la R\u00e9daction","Dur\u00e9e de lecture estim\u00e9e":"2 minutes"},"schema":{"@context":"https:\/\/schema.org","@graph":[{"@type":"Article","@id":"https:\/\/oeilsportif.info\/index.php\/la-fgf-recompense-les-deux-meilleurs-quatuors-de-la-phase-aller-de-la-ligue-1-guicopres\/#article","isPartOf":{"@id":"https:\/\/oeilsportif.info\/index.php\/la-fgf-recompense-les-deux-meilleurs-quatuors-de-la-phase-aller-de-la-ligue-1-guicopres\/"},"author":{"name":"L'Equipe de la R\u00e9daction","@id":"https:\/\/oeilsportif.info\/#\/schema\/person\/cfbded294aa6095f7d96608d7905e9a1"},"headline":"LA FGF R\u00c9COMPENSE LES DEUX MEILLEURS QUATUORS DE LA PHASE ALLER DE LA LIGUE 1 GUICOPRES","datePublished":"2023-02-08T09:33:08+00:00","mainEntityOfPage":{"@id":"https:\/\/oeilsportif.info\/index.php\/la-fgf-recompense-les-deux-meilleurs-quatuors-de-la-phase-aller-de-la-ligue-1-guicopres\/"},"wordCount":399,"image":{"@id":"https:\/\/oeilsportif.info\/index.php\/la-fgf-recompense-les-deux-meilleurs-quatuors-de-la-phase-aller-de-la-ligue-1-guicopres\/#primaryimage"},"thumbnailUrl":"https:\/\/i0.wp.com\/oeilsportif.info\/wp-content\/uploads\/2023\/02\/Screenshot_20230208_092825_Facebook.jpg?fit=900%2C596&ssl=1","articleSection":["Football"],"inLanguage":"fr-FR"},{"@type":"WebPage","@id":"https:\/\/oeilsportif.info\/index.php\/la-fgf-recompense-les-deux-meilleurs-quatuors-de-la-phase-aller-de-la-ligue-1-guicopres\/","url":"https:\/\/oeilsportif.info\/index.php\/la-fgf-recompense-les-deux-meilleurs-quatuors-de-la-phase-aller-de-la-ligue-1-guicopres\/","name":"LA FGF R\u00c9COMPENSE LES DEUX MEILLEURS QUATUORS DE LA PHASE ALLER DE LA LIGUE 1 GUICOPRES - le regard du sportif","isPartOf":{"@id":"https:\/\/oeilsportif.info\/#website"},"primaryImageOfPage":{"@id":"https:\/\/oeilsportif.info\/index.php\/la-fgf-recompense-les-deux-meilleurs-quatuors-de-la-phase-aller-de-la-ligue-1-guicopres\/#primaryimage"},"image":{"@id":"https:\/\/oeilsportif.info\/index.php\/la-fgf-recompense-les-deux-meilleurs-quatuors-de-la-phase-aller-de-la-ligue-1-guicopres\/#primaryimage"},"thumbnailUrl":"https:\/\/i0.wp.com\/oeilsportif.info\/wp-content\/uploads\/2023\/02\/Screenshot_20230208_092825_Facebook.jpg?fit=900%2C596&ssl=1","datePublished":"2023-02-08T09:33:08+00:00","author":{"@id":"https:\/\/oeilsportif.info\/#\/schema\/person\/cfbded294aa6095f7d96608d7905e9a1"},"inLanguage":"fr-FR","potentialAction":[{"@type":"ReadAction","target":["https:\/\/oeilsportif.info\/index.php\/la-fgf-recompense-les-deux-meilleurs-quatuors-de-la-phase-aller-de-la-ligue-1-guicopres\/"]}]},{"@type":"ImageObject","inLanguage":"fr-FR","@id":"https:\/\/oeilsportif.info\/index.php\/la-fgf-recompense-les-deux-meilleurs-quatuors-de-la-phase-aller-de-la-ligue-1-guicopres\/#primaryimage","url":"https:\/\/i0.wp.com\/oeilsportif.info\/wp-content\/uploads\/2023\/02\/Screenshot_20230208_092825_Facebook.jpg?fit=900%2C596&ssl=1","contentUrl":"https:\/\/i0.wp.com\/oeilsportif.info\/wp-content\/uploads\/2023\/02\/Screenshot_20230208_092825_Facebook.jpg?fit=900%2C596&ssl=1","width":900,"height":596},{"@type":"WebSite","@id":"https:\/\/oeilsportif.info\/#website","url":"https:\/\/oeilsportif.info\/","name":"le regard du sportif","description":"","potentialAction":[{"@type":"SearchAction","target":{"@type":"EntryPoint","urlTemplate":"https:\/\/oeilsportif.info\/?s={search_term_string}"},"query-input":{"@type":"PropertyValueSpecification","valueRequired":true,"valueName":"search_term_string"}}],"inLanguage":"fr-FR"},{"@type":"Person","@id":"https:\/\/oeilsportif.info\/#\/schema\/person\/cfbded294aa6095f7d96608d7905e9a1","name":"L'Equipe de la R\u00e9daction","image":{"@type":"ImageObject","inLanguage":"fr-FR","@id":"https:\/\/oeilsportif.info\/wp-content\/uploads\/2025\/07\/cropped-cropped-logo-os-96x96.jpeg","url":"https:\/\/oeilsportif.info\/wp-content\/uploads\/2025\/07\/cropped-cropped-logo-os-96x96.jpeg","contentUrl":"https:\/\/oeilsportif.info\/wp-content\/uploads\/2025\/07\/cropped-cropped-logo-os-96x96.jpeg","caption":"L'Equipe de la R\u00e9daction"},"url":"https:\/\/oeilsportif.info\/index.php\/author\/tawel\/"}]}},"jetpack_publicize_connections":[],"jetpack_featured_media_url":"https:\/\/i0.wp.com\/oeilsportif.info\/wp-content\/uploads\/2023\/02\/Screenshot_20230208_092825_Facebook.jpg?fit=900%2C596&ssl=1","jetpack-related-posts":[],"jetpack_sharing_enabled":true,"jetpack_likes_enabled":true,"jetpack_shortlink":"https:\/\/wp.me\/pgFE77-Ia","_links":{"self":[{"href":"https:\/\/oeilsportif.info\/index.php\/wp-json\/wp\/v2\/posts\/2738","targetHints":{"allow":["GET"]}}],"collection":[{"href":"https:\/\/oeilsportif.info\/index.php\/wp-json\/wp\/v2\/posts"}],"about":[{"href":"https:\/\/oeilsportif.info\/index.php\/wp-json\/wp\/v2\/types\/post"}],"author":[{"embeddable":true,"href":"https:\/\/oeilsportif.info\/index.php\/wp-json\/wp\/v2\/users\/2"}],"replies":[{"embeddable":true,"href":"https:\/\/oeilsportif.info\/index.php\/wp-json\/wp\/v2\/comments?post=2738"}],"version-history":[{"count":0,"href":"https:\/\/oeilsportif.info\/index.php\/wp-json\/wp\/v2\/posts\/2738\/revisions"}],"wp:featuredmedia":[{"embeddable":true,"href":"https:\/\/oeilsportif.info\/index.php\/wp-json\/wp\/v2\/media\/2739"}],"wp:attachment":[{"href":"https:\/\/oeilsportif.info\/index.php\/wp-json\/wp\/v2\/media?parent=2738"}],"wp:term":[{"taxonomy":"category","embeddable":true,"href":"https:\/\/oeilsportif.info\/index.php\/wp-json\/wp\/v2\/categories?post=2738"},{"taxonomy":"post_tag","embeddable":true,"href":"https:\/\/oeilsportif.info\/index.php\/wp-json\/wp\/v2\/tags?post=2738"}],"curies":[{"name":"wp","href":"https:\/\/api.w.org\/{rel}","templated":true}]}}