{"id":2727,"date":"2023-02-06T16:37:48","date_gmt":"2023-02-06T16:37:48","guid":{"rendered":"https:\/\/oeilsportif.info\/index.php\/?p=2727"},"modified":"2023-02-06T16:37:48","modified_gmt":"2023-02-06T16:37:48","slug":"seisme-en-turquie-le-ghaneen-christian-atsu-est-porte-disparu","status":"publish","type":"post","link":"https:\/\/oeilsportif.info\/index.php\/seisme-en-turquie-le-ghaneen-christian-atsu-est-porte-disparu\/","title":{"rendered":"S\u00e9isme en Turquie:\u00a0Le Ghan\u00e9en Christian Atsu est port\u00e9 disparu"},"content":{"rendered":"<p>Le journaliste turc Ya\u011f\u0131z Sabuncuo\u011flu indique sur Twitter que le Ghan\u00e9en Christian Atsu, ancien joueur de Porto, Chelsea et Newcastle, est port\u00e9 disparu suite au s\u00e9isme de magnitude 7,8 qui a frapp\u00e9, lundi 6 f\u00e9vrier, le sud de la Turquie et la Syrie voisine, faisant plus de 2000 morts dans les deux pays et de tr\u00e8s importants d\u00e9g\u00e2ts, selon des premiers bilans en constante \u00e9volution. L\u2019international ghan\u00e9en (60\u00a0s\u00e9lections, 10\u00a0buts), finaliste de la CAN en 2015, \u00e9lu meilleur joueur du tournoi, \u00e9volue dans le club d\u2019Hatayspor depuis septembre dernier. \u00ab\u00a0Le directeur sportif de Hatayspor Taner Savut et Cristian Atsu ont \u00e9t\u00e9 laiss\u00e9s sous les d\u00e9combres. Les \u00e9quipes de recherche et de sauvetage sont \u00e0 leur recherche\u00a0\u00bb, \u00e9crit le journaliste sur Twitter. Les secousses du puissant s\u00e9isme ayant frapp\u00e9 le sud de la Turquie et la Syrie voisine, ont \u00e9t\u00e9 ressenties jusqu&rsquo;au Groenland, a annonc\u00e9 l&rsquo;institut g\u00e9ologique danois. Ce s\u00e9isme est le plus important en Turquie depuis le tremblement de terre du 17 ao\u00fbt 1999, qui avait caus\u00e9 la mort de 17 000 personnes, dont un millier \u00e0 Istanbul.<\/p>\n","protected":false},"excerpt":{"rendered":"<p>Le journaliste turc Ya\u011f\u0131z Sabuncuo\u011flu indique sur Twitter que le Ghan\u00e9en Christian Atsu, ancien joueur de Porto, Chelsea et Newcastle, est port\u00e9 disparu suite au s\u00e9isme de magnitude 7,8 qui a frapp\u00e9, lundi 6 f\u00e9vrier, le sud de la Turquie et la Syrie voisine, faisant plus de 2000 morts dans les deux pays et de [&hellip;]<\/p>\n","protected":false},"author":2,"featured_media":2728,"comment_status":"closed","ping_status":"open","sticky":false,"template":"","format":"standard","meta":{"_jetpack_memberships_contains_paid_content":false,"footnotes":"","jetpack_publicize_message":"","jetpack_publicize_feature_enabled":true,"jetpack_social_post_already_shared":true,"jetpack_social_options":{"image_generator_settings":{"template":"highway","default_image_id":0,"font":"","enabled":false},"version":2}},"categories":[5],"tags":[],"class_list":{"0":"post-2727","1":"post","2":"type-post","3":"status-publish","4":"format-standard","5":"has-post-thumbnail","7":"category-football"},"yoast_head":"<!-- This site is optimized with the Yoast SEO plugin v27.5 - https:\/\/yoast.com\/product\/yoast-seo-wordpress\/ -->\n<title>S\u00e9isme en Turquie:\u00a0Le Ghan\u00e9en Christian Atsu est port\u00e9 disparu - le regard du sportif<\/title>\n<meta name=\"robots\" content=\"index, follow, max-snippet:-1, max-image-preview:large, max-video-preview:-1\" \/>\n<link rel=\"canonical\" href=\"https:\/\/oeilsportif.info\/index.php\/seisme-en-turquie-le-ghaneen-christian-atsu-est-porte-disparu\/\" \/>\n<meta property=\"og:locale\" content=\"fr_FR\" \/>\n<meta property=\"og:type\" content=\"article\" \/>\n<meta property=\"og:title\" content=\"S\u00e9isme en Turquie:\u00a0Le Ghan\u00e9en Christian Atsu est port\u00e9 disparu - le regard du sportif\" \/>\n<meta property=\"og:description\" content=\"Le journaliste turc Ya\u011f\u0131z Sabuncuo\u011flu indique sur Twitter que le Ghan\u00e9en Christian Atsu, ancien joueur de Porto, Chelsea et Newcastle, est port\u00e9 disparu suite au s\u00e9isme de magnitude 7,8 qui a frapp\u00e9, lundi 6 f\u00e9vrier, le sud de la Turquie et la Syrie voisine, faisant plus de 2000 morts dans les deux pays et de [&hellip;]\" \/>\n<meta property=\"og:url\" content=\"https:\/\/oeilsportif.info\/index.php\/seisme-en-turquie-le-ghaneen-christian-atsu-est-porte-disparu\/\" \/>\n<meta property=\"og:site_name\" content=\"le regard du sportif\" \/>\n<meta property=\"article:published_time\" content=\"2023-02-06T16:37:48+00:00\" \/>\n<meta property=\"og:image\" content=\"https:\/\/oeilsportif.info\/wp-content\/uploads\/2023\/02\/Screenshot_20230206_163551_Facebook.jpg\" \/>\n\t<meta property=\"og:image:width\" content=\"1080\" \/>\n\t<meta property=\"og:image:height\" content=\"600\" \/>\n\t<meta property=\"og:image:type\" content=\"image\/jpeg\" \/>\n<meta name=\"author\" content=\"L&#039;Equipe de la R\u00e9daction\" \/>\n<meta name=\"twitter:label1\" content=\"\u00c9crit par\" \/>\n\t<meta name=\"twitter:data1\" content=\"L&#039;Equipe de la R\u00e9daction\" \/>\n\t<meta name=\"twitter:label2\" content=\"Dur\u00e9e de lecture estim\u00e9e\" \/>\n\t<meta name=\"twitter:data2\" content=\"1 minute\" \/>\n<script type=\"application\/ld+json\" class=\"yoast-schema-graph\">{\"@context\":\"https:\\\/\\\/schema.org\",\"@graph\":[{\"@type\":\"Article\",\"@id\":\"https:\\\/\\\/oeilsportif.info\\\/index.php\\\/seisme-en-turquie-le-ghaneen-christian-atsu-est-porte-disparu\\\/#article\",\"isPartOf\":{\"@id\":\"https:\\\/\\\/oeilsportif.info\\\/index.php\\\/seisme-en-turquie-le-ghaneen-christian-atsu-est-porte-disparu\\\/\"},\"author\":{\"name\":\"L'Equipe de la R\u00e9daction\",\"@id\":\"https:\\\/\\\/oeilsportif.info\\\/#\\\/schema\\\/person\\\/cfbded294aa6095f7d96608d7905e9a1\"},\"headline\":\"S\u00e9isme en Turquie:\u00a0Le Ghan\u00e9en Christian Atsu est port\u00e9 disparu\",\"datePublished\":\"2023-02-06T16:37:48+00:00\",\"mainEntityOfPage\":{\"@id\":\"https:\\\/\\\/oeilsportif.info\\\/index.php\\\/seisme-en-turquie-le-ghaneen-christian-atsu-est-porte-disparu\\\/\"},\"wordCount\":199,\"image\":{\"@id\":\"https:\\\/\\\/oeilsportif.info\\\/index.php\\\/seisme-en-turquie-le-ghaneen-christian-atsu-est-porte-disparu\\\/#primaryimage\"},\"thumbnailUrl\":\"https:\\\/\\\/i0.wp.com\\\/oeilsportif.info\\\/wp-content\\\/uploads\\\/2023\\\/02\\\/Screenshot_20230206_163551_Facebook.jpg?fit=1080%2C600&ssl=1\",\"articleSection\":[\"Football\"],\"inLanguage\":\"fr-FR\"},{\"@type\":\"WebPage\",\"@id\":\"https:\\\/\\\/oeilsportif.info\\\/index.php\\\/seisme-en-turquie-le-ghaneen-christian-atsu-est-porte-disparu\\\/\",\"url\":\"https:\\\/\\\/oeilsportif.info\\\/index.php\\\/seisme-en-turquie-le-ghaneen-christian-atsu-est-porte-disparu\\\/\",\"name\":\"S\u00e9isme en Turquie:\u00a0Le Ghan\u00e9en Christian Atsu est port\u00e9 disparu - le regard du sportif\",\"isPartOf\":{\"@id\":\"https:\\\/\\\/oeilsportif.info\\\/#website\"},\"primaryImageOfPage\":{\"@id\":\"https:\\\/\\\/oeilsportif.info\\\/index.php\\\/seisme-en-turquie-le-ghaneen-christian-atsu-est-porte-disparu\\\/#primaryimage\"},\"image\":{\"@id\":\"https:\\\/\\\/oeilsportif.info\\\/index.php\\\/seisme-en-turquie-le-ghaneen-christian-atsu-est-porte-disparu\\\/#primaryimage\"},\"thumbnailUrl\":\"https:\\\/\\\/i0.wp.com\\\/oeilsportif.info\\\/wp-content\\\/uploads\\\/2023\\\/02\\\/Screenshot_20230206_163551_Facebook.jpg?fit=1080%2C600&ssl=1\",\"datePublished\":\"2023-02-06T16:37:48+00:00\",\"author\":{\"@id\":\"https:\\\/\\\/oeilsportif.info\\\/#\\\/schema\\\/person\\\/cfbded294aa6095f7d96608d7905e9a1\"},\"inLanguage\":\"fr-FR\",\"potentialAction\":[{\"@type\":\"ReadAction\",\"target\":[\"https:\\\/\\\/oeilsportif.info\\\/index.php\\\/seisme-en-turquie-le-ghaneen-christian-atsu-est-porte-disparu\\\/\"]}]},{\"@type\":\"ImageObject\",\"inLanguage\":\"fr-FR\",\"@id\":\"https:\\\/\\\/oeilsportif.info\\\/index.php\\\/seisme-en-turquie-le-ghaneen-christian-atsu-est-porte-disparu\\\/#primaryimage\",\"url\":\"https:\\\/\\\/i0.wp.com\\\/oeilsportif.info\\\/wp-content\\\/uploads\\\/2023\\\/02\\\/Screenshot_20230206_163551_Facebook.jpg?fit=1080%2C600&ssl=1\",\"contentUrl\":\"https:\\\/\\\/i0.wp.com\\\/oeilsportif.info\\\/wp-content\\\/uploads\\\/2023\\\/02\\\/Screenshot_20230206_163551_Facebook.jpg?fit=1080%2C600&ssl=1\",\"width\":1080,\"height\":600},{\"@type\":\"WebSite\",\"@id\":\"https:\\\/\\\/oeilsportif.info\\\/#website\",\"url\":\"https:\\\/\\\/oeilsportif.info\\\/\",\"name\":\"le regard du sportif\",\"description\":\"\",\"potentialAction\":[{\"@type\":\"SearchAction\",\"target\":{\"@type\":\"EntryPoint\",\"urlTemplate\":\"https:\\\/\\\/oeilsportif.info\\\/?s={search_term_string}\"},\"query-input\":{\"@type\":\"PropertyValueSpecification\",\"valueRequired\":true,\"valueName\":\"search_term_string\"}}],\"inLanguage\":\"fr-FR\"},{\"@type\":\"Person\",\"@id\":\"https:\\\/\\\/oeilsportif.info\\\/#\\\/schema\\\/person\\\/cfbded294aa6095f7d96608d7905e9a1\",\"name\":\"L'Equipe de la R\u00e9daction\",\"image\":{\"@type\":\"ImageObject\",\"inLanguage\":\"fr-FR\",\"@id\":\"https:\\\/\\\/oeilsportif.info\\\/wp-content\\\/uploads\\\/2025\\\/07\\\/cropped-cropped-logo-os-96x96.jpeg\",\"url\":\"https:\\\/\\\/oeilsportif.info\\\/wp-content\\\/uploads\\\/2025\\\/07\\\/cropped-cropped-logo-os-96x96.jpeg\",\"contentUrl\":\"https:\\\/\\\/oeilsportif.info\\\/wp-content\\\/uploads\\\/2025\\\/07\\\/cropped-cropped-logo-os-96x96.jpeg\",\"caption\":\"L'Equipe de la R\u00e9daction\"},\"url\":\"https:\\\/\\\/oeilsportif.info\\\/index.php\\\/author\\\/tawel\\\/\"}]}<\/script>\n<!-- \/ Yoast SEO plugin. -->","yoast_head_json":{"title":"S\u00e9isme en Turquie:\u00a0Le Ghan\u00e9en Christian Atsu est port\u00e9 disparu - le regard du sportif","robots":{"index":"index","follow":"follow","max-snippet":"max-snippet:-1","max-image-preview":"max-image-preview:large","max-video-preview":"max-video-preview:-1"},"canonical":"https:\/\/oeilsportif.info\/index.php\/seisme-en-turquie-le-ghaneen-christian-atsu-est-porte-disparu\/","og_locale":"fr_FR","og_type":"article","og_title":"S\u00e9isme en Turquie:\u00a0Le Ghan\u00e9en Christian Atsu est port\u00e9 disparu - le regard du sportif","og_description":"Le journaliste turc Ya\u011f\u0131z Sabuncuo\u011flu indique sur Twitter que le Ghan\u00e9en Christian Atsu, ancien joueur de Porto, Chelsea et Newcastle, est port\u00e9 disparu suite au s\u00e9isme de magnitude 7,8 qui a frapp\u00e9, lundi 6 f\u00e9vrier, le sud de la Turquie et la Syrie voisine, faisant plus de 2000 morts dans les deux pays et de [&hellip;]","og_url":"https:\/\/oeilsportif.info\/index.php\/seisme-en-turquie-le-ghaneen-christian-atsu-est-porte-disparu\/","og_site_name":"le regard du sportif","article_published_time":"2023-02-06T16:37:48+00:00","og_image":[{"width":1080,"height":600,"url":"https:\/\/oeilsportif.info\/wp-content\/uploads\/2023\/02\/Screenshot_20230206_163551_Facebook.jpg","type":"image\/jpeg"}],"author":"L'Equipe de la R\u00e9daction","twitter_misc":{"\u00c9crit par":"L'Equipe de la R\u00e9daction","Dur\u00e9e de lecture estim\u00e9e":"1 minute"},"schema":{"@context":"https:\/\/schema.org","@graph":[{"@type":"Article","@id":"https:\/\/oeilsportif.info\/index.php\/seisme-en-turquie-le-ghaneen-christian-atsu-est-porte-disparu\/#article","isPartOf":{"@id":"https:\/\/oeilsportif.info\/index.php\/seisme-en-turquie-le-ghaneen-christian-atsu-est-porte-disparu\/"},"author":{"name":"L'Equipe de la R\u00e9daction","@id":"https:\/\/oeilsportif.info\/#\/schema\/person\/cfbded294aa6095f7d96608d7905e9a1"},"headline":"S\u00e9isme en Turquie:\u00a0Le Ghan\u00e9en Christian Atsu est port\u00e9 disparu","datePublished":"2023-02-06T16:37:48+00:00","mainEntityOfPage":{"@id":"https:\/\/oeilsportif.info\/index.php\/seisme-en-turquie-le-ghaneen-christian-atsu-est-porte-disparu\/"},"wordCount":199,"image":{"@id":"https:\/\/oeilsportif.info\/index.php\/seisme-en-turquie-le-ghaneen-christian-atsu-est-porte-disparu\/#primaryimage"},"thumbnailUrl":"https:\/\/i0.wp.com\/oeilsportif.info\/wp-content\/uploads\/2023\/02\/Screenshot_20230206_163551_Facebook.jpg?fit=1080%2C600&ssl=1","articleSection":["Football"],"inLanguage":"fr-FR"},{"@type":"WebPage","@id":"https:\/\/oeilsportif.info\/index.php\/seisme-en-turquie-le-ghaneen-christian-atsu-est-porte-disparu\/","url":"https:\/\/oeilsportif.info\/index.php\/seisme-en-turquie-le-ghaneen-christian-atsu-est-porte-disparu\/","name":"S\u00e9isme en Turquie:\u00a0Le Ghan\u00e9en Christian Atsu est port\u00e9 disparu - le regard du sportif","isPartOf":{"@id":"https:\/\/oeilsportif.info\/#website"},"primaryImageOfPage":{"@id":"https:\/\/oeilsportif.info\/index.php\/seisme-en-turquie-le-ghaneen-christian-atsu-est-porte-disparu\/#primaryimage"},"image":{"@id":"https:\/\/oeilsportif.info\/index.php\/seisme-en-turquie-le-ghaneen-christian-atsu-est-porte-disparu\/#primaryimage"},"thumbnailUrl":"https:\/\/i0.wp.com\/oeilsportif.info\/wp-content\/uploads\/2023\/02\/Screenshot_20230206_163551_Facebook.jpg?fit=1080%2C600&ssl=1","datePublished":"2023-02-06T16:37:48+00:00","author":{"@id":"https:\/\/oeilsportif.info\/#\/schema\/person\/cfbded294aa6095f7d96608d7905e9a1"},"inLanguage":"fr-FR","potentialAction":[{"@type":"ReadAction","target":["https:\/\/oeilsportif.info\/index.php\/seisme-en-turquie-le-ghaneen-christian-atsu-est-porte-disparu\/"]}]},{"@type":"ImageObject","inLanguage":"fr-FR","@id":"https:\/\/oeilsportif.info\/index.php\/seisme-en-turquie-le-ghaneen-christian-atsu-est-porte-disparu\/#primaryimage","url":"https:\/\/i0.wp.com\/oeilsportif.info\/wp-content\/uploads\/2023\/02\/Screenshot_20230206_163551_Facebook.jpg?fit=1080%2C600&ssl=1","contentUrl":"https:\/\/i0.wp.com\/oeilsportif.info\/wp-content\/uploads\/2023\/02\/Screenshot_20230206_163551_Facebook.jpg?fit=1080%2C600&ssl=1","width":1080,"height":600},{"@type":"WebSite","@id":"https:\/\/oeilsportif.info\/#website","url":"https:\/\/oeilsportif.info\/","name":"le regard du sportif","description":"","potentialAction":[{"@type":"SearchAction","target":{"@type":"EntryPoint","urlTemplate":"https:\/\/oeilsportif.info\/?s={search_term_string}"},"query-input":{"@type":"PropertyValueSpecification","valueRequired":true,"valueName":"search_term_string"}}],"inLanguage":"fr-FR"},{"@type":"Person","@id":"https:\/\/oeilsportif.info\/#\/schema\/person\/cfbded294aa6095f7d96608d7905e9a1","name":"L'Equipe de la R\u00e9daction","image":{"@type":"ImageObject","inLanguage":"fr-FR","@id":"https:\/\/oeilsportif.info\/wp-content\/uploads\/2025\/07\/cropped-cropped-logo-os-96x96.jpeg","url":"https:\/\/oeilsportif.info\/wp-content\/uploads\/2025\/07\/cropped-cropped-logo-os-96x96.jpeg","contentUrl":"https:\/\/oeilsportif.info\/wp-content\/uploads\/2025\/07\/cropped-cropped-logo-os-96x96.jpeg","caption":"L'Equipe de la R\u00e9daction"},"url":"https:\/\/oeilsportif.info\/index.php\/author\/tawel\/"}]}},"jetpack_publicize_connections":[],"jetpack_featured_media_url":"https:\/\/i0.wp.com\/oeilsportif.info\/wp-content\/uploads\/2023\/02\/Screenshot_20230206_163551_Facebook.jpg?fit=1080%2C600&ssl=1","jetpack-related-posts":[],"jetpack_sharing_enabled":true,"jetpack_likes_enabled":true,"jetpack_shortlink":"https:\/\/wp.me\/pgFE77-HZ","_links":{"self":[{"href":"https:\/\/oeilsportif.info\/index.php\/wp-json\/wp\/v2\/posts\/2727","targetHints":{"allow":["GET"]}}],"collection":[{"href":"https:\/\/oeilsportif.info\/index.php\/wp-json\/wp\/v2\/posts"}],"about":[{"href":"https:\/\/oeilsportif.info\/index.php\/wp-json\/wp\/v2\/types\/post"}],"author":[{"embeddable":true,"href":"https:\/\/oeilsportif.info\/index.php\/wp-json\/wp\/v2\/users\/2"}],"replies":[{"embeddable":true,"href":"https:\/\/oeilsportif.info\/index.php\/wp-json\/wp\/v2\/comments?post=2727"}],"version-history":[{"count":0,"href":"https:\/\/oeilsportif.info\/index.php\/wp-json\/wp\/v2\/posts\/2727\/revisions"}],"wp:featuredmedia":[{"embeddable":true,"href":"https:\/\/oeilsportif.info\/index.php\/wp-json\/wp\/v2\/media\/2728"}],"wp:attachment":[{"href":"https:\/\/oeilsportif.info\/index.php\/wp-json\/wp\/v2\/media?parent=2727"}],"wp:term":[{"taxonomy":"category","embeddable":true,"href":"https:\/\/oeilsportif.info\/index.php\/wp-json\/wp\/v2\/categories?post=2727"},{"taxonomy":"post_tag","embeddable":true,"href":"https:\/\/oeilsportif.info\/index.php\/wp-json\/wp\/v2\/tags?post=2727"}],"curies":[{"name":"wp","href":"https:\/\/api.w.org\/{rel}","templated":true}]}}