{"id":2698,"date":"2023-01-28T08:04:03","date_gmt":"2023-01-28T08:04:03","guid":{"rendered":"https:\/\/oeilsportif.info\/index.php\/?p=2698"},"modified":"2023-01-28T08:04:03","modified_gmt":"2023-01-28T08:04:03","slug":"chan-algerie-2023-lalgerie-et-le-senegal-premiers-qualifies-pour-les-demi-finales","status":"publish","type":"post","link":"https:\/\/oeilsportif.info\/index.php\/chan-algerie-2023-lalgerie-et-le-senegal-premiers-qualifies-pour-les-demi-finales\/","title":{"rendered":"CHAN ALGERIE 2023: l&rsquo;Alg\u00e9rie et le S\u00e9n\u00e9gal premiers qualifi\u00e9s pour les demi-finales"},"content":{"rendered":"<p>Apr\u00e8s une rencontre tr\u00e8s tendue entre les \u00e9quipes nationales A&rsquo; de l\u2019Alg\u00e9rie et la C\u00f4te d\u2019Ivoire ce vendredi 27 janvier 2023 dans le cadre des quarts de finale du Championnat d&rsquo;Afrique des Nations (CHAN Alg\u00e9rie 2023 ).<br \/>\nLes \u00c9l\u00e9phants A&rsquo; de la C\u00f4te d&rsquo;Ivoire ont \u00e9t\u00e9 battus par les Fennecs d&rsquo;Alg\u00e9rie sur le score de 1 but \u00e0 0.<\/p>\n<p>En deuxi\u00e8me heures, le S\u00e9n\u00e9gal s\u2019est qualifi\u00e9 en demi-finale en s\u2019imposant devant la Mauritanie sur le score de 1 but \u00e0 0 .<br \/>\nLes deux \u00e9quipes ont remport\u00e9 leur match gr\u00e2ce \u00e0 deux penaltys, mais aussi gr\u00e2ce \u00e0 l\u2019intervention d\u00e9cisive de la VAR.<\/p>\n<p><strong>Voir ci-dessous la suite du programme des quarts de finale<\/strong><\/p>\n<p><a href=\"https:\/\/i0.wp.com\/oeilsportif.info\/wp-content\/uploads\/2023\/01\/FB_IMG_1674891955901.jpg?ssl=1\"><img data-recalc-dims=\"1\" loading=\"lazy\" decoding=\"async\" class=\"alignnone size-full wp-image-2699\" src=\"https:\/\/i0.wp.com\/oeilsportif.info\/wp-content\/uploads\/2023\/01\/FB_IMG_1674891955901.jpg?resize=696%2C696&#038;ssl=1\" alt=\"\" width=\"696\" height=\"696\" srcset=\"https:\/\/i0.wp.com\/oeilsportif.info\/wp-content\/uploads\/2023\/01\/FB_IMG_1674891955901.jpg?w=715&amp;ssl=1 715w, https:\/\/i0.wp.com\/oeilsportif.info\/wp-content\/uploads\/2023\/01\/FB_IMG_1674891955901.jpg?resize=300%2C300&amp;ssl=1 300w, https:\/\/i0.wp.com\/oeilsportif.info\/wp-content\/uploads\/2023\/01\/FB_IMG_1674891955901.jpg?resize=150%2C150&amp;ssl=1 150w, https:\/\/i0.wp.com\/oeilsportif.info\/wp-content\/uploads\/2023\/01\/FB_IMG_1674891955901.jpg?resize=696%2C696&amp;ssl=1 696w, https:\/\/i0.wp.com\/oeilsportif.info\/wp-content\/uploads\/2023\/01\/FB_IMG_1674891955901.jpg?resize=420%2C420&amp;ssl=1 420w\" sizes=\"auto, (max-width: 696px) 100vw, 696px\" \/><\/a><\/p>\n","protected":false},"excerpt":{"rendered":"<p>Apr\u00e8s une rencontre tr\u00e8s tendue entre les \u00e9quipes nationales A&rsquo; de l\u2019Alg\u00e9rie et la C\u00f4te d\u2019Ivoire ce vendredi 27 janvier 2023 dans le cadre des quarts de finale du Championnat d&rsquo;Afrique des Nations (CHAN Alg\u00e9rie 2023 ). Les \u00c9l\u00e9phants A&rsquo; de la C\u00f4te d&rsquo;Ivoire ont \u00e9t\u00e9 battus par les Fennecs d&rsquo;Alg\u00e9rie sur le score de [&hellip;]<\/p>\n","protected":false},"author":2,"featured_media":2700,"comment_status":"closed","ping_status":"open","sticky":false,"template":"","format":"standard","meta":{"_jetpack_memberships_contains_paid_content":false,"footnotes":"","jetpack_publicize_message":"","jetpack_publicize_feature_enabled":true,"jetpack_social_post_already_shared":true,"jetpack_social_options":{"image_generator_settings":{"template":"highway","default_image_id":0,"font":"","enabled":false},"version":2}},"categories":[5],"tags":[],"class_list":{"0":"post-2698","1":"post","2":"type-post","3":"status-publish","4":"format-standard","5":"has-post-thumbnail","7":"category-football"},"yoast_head":"<!-- This site is optimized with the Yoast SEO plugin v27.5 - https:\/\/yoast.com\/product\/yoast-seo-wordpress\/ -->\n<title>CHAN ALGERIE 2023: l&#039;Alg\u00e9rie et le S\u00e9n\u00e9gal premiers qualifi\u00e9s pour les demi-finales - le regard du sportif<\/title>\n<meta name=\"robots\" content=\"index, follow, max-snippet:-1, max-image-preview:large, max-video-preview:-1\" \/>\n<link rel=\"canonical\" href=\"https:\/\/oeilsportif.info\/index.php\/chan-algerie-2023-lalgerie-et-le-senegal-premiers-qualifies-pour-les-demi-finales\/\" \/>\n<meta property=\"og:locale\" content=\"fr_FR\" \/>\n<meta property=\"og:type\" content=\"article\" \/>\n<meta property=\"og:title\" content=\"CHAN ALGERIE 2023: l&#039;Alg\u00e9rie et le S\u00e9n\u00e9gal premiers qualifi\u00e9s pour les demi-finales - le regard du sportif\" \/>\n<meta property=\"og:description\" content=\"Apr\u00e8s une rencontre tr\u00e8s tendue entre les \u00e9quipes nationales A&rsquo; de l\u2019Alg\u00e9rie et la C\u00f4te d\u2019Ivoire ce vendredi 27 janvier 2023 dans le cadre des quarts de finale du Championnat d&rsquo;Afrique des Nations (CHAN Alg\u00e9rie 2023 ). Les \u00c9l\u00e9phants A&rsquo; de la C\u00f4te d&rsquo;Ivoire ont \u00e9t\u00e9 battus par les Fennecs d&rsquo;Alg\u00e9rie sur le score de [&hellip;]\" \/>\n<meta property=\"og:url\" content=\"https:\/\/oeilsportif.info\/index.php\/chan-algerie-2023-lalgerie-et-le-senegal-premiers-qualifies-pour-les-demi-finales\/\" \/>\n<meta property=\"og:site_name\" content=\"le regard du sportif\" \/>\n<meta property=\"article:published_time\" content=\"2023-01-28T08:04:03+00:00\" \/>\n<meta property=\"og:image\" content=\"https:\/\/oeilsportif.info\/wp-content\/uploads\/2023\/01\/FB_IMG_1674892025523.jpg\" \/>\n\t<meta property=\"og:image:width\" content=\"1080\" \/>\n\t<meta property=\"og:image:height\" content=\"1080\" \/>\n\t<meta property=\"og:image:type\" content=\"image\/jpeg\" \/>\n<meta name=\"author\" content=\"L&#039;Equipe de la R\u00e9daction\" \/>\n<meta name=\"twitter:label1\" content=\"\u00c9crit par\" \/>\n\t<meta name=\"twitter:data1\" content=\"L&#039;Equipe de la R\u00e9daction\" \/>\n\t<meta name=\"twitter:label2\" content=\"Dur\u00e9e de lecture estim\u00e9e\" \/>\n\t<meta name=\"twitter:data2\" content=\"1 minute\" \/>\n<script type=\"application\/ld+json\" class=\"yoast-schema-graph\">{\"@context\":\"https:\\\/\\\/schema.org\",\"@graph\":[{\"@type\":\"Article\",\"@id\":\"https:\\\/\\\/oeilsportif.info\\\/index.php\\\/chan-algerie-2023-lalgerie-et-le-senegal-premiers-qualifies-pour-les-demi-finales\\\/#article\",\"isPartOf\":{\"@id\":\"https:\\\/\\\/oeilsportif.info\\\/index.php\\\/chan-algerie-2023-lalgerie-et-le-senegal-premiers-qualifies-pour-les-demi-finales\\\/\"},\"author\":{\"name\":\"L'Equipe de la R\u00e9daction\",\"@id\":\"https:\\\/\\\/oeilsportif.info\\\/#\\\/schema\\\/person\\\/cfbded294aa6095f7d96608d7905e9a1\"},\"headline\":\"CHAN ALGERIE 2023: l&rsquo;Alg\u00e9rie et le S\u00e9n\u00e9gal premiers qualifi\u00e9s pour les demi-finales\",\"datePublished\":\"2023-01-28T08:04:03+00:00\",\"mainEntityOfPage\":{\"@id\":\"https:\\\/\\\/oeilsportif.info\\\/index.php\\\/chan-algerie-2023-lalgerie-et-le-senegal-premiers-qualifies-pour-les-demi-finales\\\/\"},\"wordCount\":137,\"image\":{\"@id\":\"https:\\\/\\\/oeilsportif.info\\\/index.php\\\/chan-algerie-2023-lalgerie-et-le-senegal-premiers-qualifies-pour-les-demi-finales\\\/#primaryimage\"},\"thumbnailUrl\":\"https:\\\/\\\/i0.wp.com\\\/oeilsportif.info\\\/wp-content\\\/uploads\\\/2023\\\/01\\\/FB_IMG_1674892025523.jpg?fit=1080%2C1080&ssl=1\",\"articleSection\":[\"Football\"],\"inLanguage\":\"fr-FR\"},{\"@type\":\"WebPage\",\"@id\":\"https:\\\/\\\/oeilsportif.info\\\/index.php\\\/chan-algerie-2023-lalgerie-et-le-senegal-premiers-qualifies-pour-les-demi-finales\\\/\",\"url\":\"https:\\\/\\\/oeilsportif.info\\\/index.php\\\/chan-algerie-2023-lalgerie-et-le-senegal-premiers-qualifies-pour-les-demi-finales\\\/\",\"name\":\"CHAN ALGERIE 2023: l'Alg\u00e9rie et le S\u00e9n\u00e9gal premiers qualifi\u00e9s pour les demi-finales - le regard du sportif\",\"isPartOf\":{\"@id\":\"https:\\\/\\\/oeilsportif.info\\\/#website\"},\"primaryImageOfPage\":{\"@id\":\"https:\\\/\\\/oeilsportif.info\\\/index.php\\\/chan-algerie-2023-lalgerie-et-le-senegal-premiers-qualifies-pour-les-demi-finales\\\/#primaryimage\"},\"image\":{\"@id\":\"https:\\\/\\\/oeilsportif.info\\\/index.php\\\/chan-algerie-2023-lalgerie-et-le-senegal-premiers-qualifies-pour-les-demi-finales\\\/#primaryimage\"},\"thumbnailUrl\":\"https:\\\/\\\/i0.wp.com\\\/oeilsportif.info\\\/wp-content\\\/uploads\\\/2023\\\/01\\\/FB_IMG_1674892025523.jpg?fit=1080%2C1080&ssl=1\",\"datePublished\":\"2023-01-28T08:04:03+00:00\",\"author\":{\"@id\":\"https:\\\/\\\/oeilsportif.info\\\/#\\\/schema\\\/person\\\/cfbded294aa6095f7d96608d7905e9a1\"},\"inLanguage\":\"fr-FR\",\"potentialAction\":[{\"@type\":\"ReadAction\",\"target\":[\"https:\\\/\\\/oeilsportif.info\\\/index.php\\\/chan-algerie-2023-lalgerie-et-le-senegal-premiers-qualifies-pour-les-demi-finales\\\/\"]}]},{\"@type\":\"ImageObject\",\"inLanguage\":\"fr-FR\",\"@id\":\"https:\\\/\\\/oeilsportif.info\\\/index.php\\\/chan-algerie-2023-lalgerie-et-le-senegal-premiers-qualifies-pour-les-demi-finales\\\/#primaryimage\",\"url\":\"https:\\\/\\\/i0.wp.com\\\/oeilsportif.info\\\/wp-content\\\/uploads\\\/2023\\\/01\\\/FB_IMG_1674892025523.jpg?fit=1080%2C1080&ssl=1\",\"contentUrl\":\"https:\\\/\\\/i0.wp.com\\\/oeilsportif.info\\\/wp-content\\\/uploads\\\/2023\\\/01\\\/FB_IMG_1674892025523.jpg?fit=1080%2C1080&ssl=1\",\"width\":1080,\"height\":1080},{\"@type\":\"WebSite\",\"@id\":\"https:\\\/\\\/oeilsportif.info\\\/#website\",\"url\":\"https:\\\/\\\/oeilsportif.info\\\/\",\"name\":\"le regard du sportif\",\"description\":\"\",\"potentialAction\":[{\"@type\":\"SearchAction\",\"target\":{\"@type\":\"EntryPoint\",\"urlTemplate\":\"https:\\\/\\\/oeilsportif.info\\\/?s={search_term_string}\"},\"query-input\":{\"@type\":\"PropertyValueSpecification\",\"valueRequired\":true,\"valueName\":\"search_term_string\"}}],\"inLanguage\":\"fr-FR\"},{\"@type\":\"Person\",\"@id\":\"https:\\\/\\\/oeilsportif.info\\\/#\\\/schema\\\/person\\\/cfbded294aa6095f7d96608d7905e9a1\",\"name\":\"L'Equipe de la R\u00e9daction\",\"image\":{\"@type\":\"ImageObject\",\"inLanguage\":\"fr-FR\",\"@id\":\"https:\\\/\\\/oeilsportif.info\\\/wp-content\\\/uploads\\\/2025\\\/07\\\/cropped-cropped-logo-os-96x96.jpeg\",\"url\":\"https:\\\/\\\/oeilsportif.info\\\/wp-content\\\/uploads\\\/2025\\\/07\\\/cropped-cropped-logo-os-96x96.jpeg\",\"contentUrl\":\"https:\\\/\\\/oeilsportif.info\\\/wp-content\\\/uploads\\\/2025\\\/07\\\/cropped-cropped-logo-os-96x96.jpeg\",\"caption\":\"L'Equipe de la R\u00e9daction\"},\"url\":\"https:\\\/\\\/oeilsportif.info\\\/index.php\\\/author\\\/tawel\\\/\"}]}<\/script>\n<!-- \/ Yoast SEO plugin. -->","yoast_head_json":{"title":"CHAN ALGERIE 2023: l'Alg\u00e9rie et le S\u00e9n\u00e9gal premiers qualifi\u00e9s pour les demi-finales - le regard du sportif","robots":{"index":"index","follow":"follow","max-snippet":"max-snippet:-1","max-image-preview":"max-image-preview:large","max-video-preview":"max-video-preview:-1"},"canonical":"https:\/\/oeilsportif.info\/index.php\/chan-algerie-2023-lalgerie-et-le-senegal-premiers-qualifies-pour-les-demi-finales\/","og_locale":"fr_FR","og_type":"article","og_title":"CHAN ALGERIE 2023: l'Alg\u00e9rie et le S\u00e9n\u00e9gal premiers qualifi\u00e9s pour les demi-finales - le regard du sportif","og_description":"Apr\u00e8s une rencontre tr\u00e8s tendue entre les \u00e9quipes nationales A&rsquo; de l\u2019Alg\u00e9rie et la C\u00f4te d\u2019Ivoire ce vendredi 27 janvier 2023 dans le cadre des quarts de finale du Championnat d&rsquo;Afrique des Nations (CHAN Alg\u00e9rie 2023 ). Les \u00c9l\u00e9phants A&rsquo; de la C\u00f4te d&rsquo;Ivoire ont \u00e9t\u00e9 battus par les Fennecs d&rsquo;Alg\u00e9rie sur le score de [&hellip;]","og_url":"https:\/\/oeilsportif.info\/index.php\/chan-algerie-2023-lalgerie-et-le-senegal-premiers-qualifies-pour-les-demi-finales\/","og_site_name":"le regard du sportif","article_published_time":"2023-01-28T08:04:03+00:00","og_image":[{"width":1080,"height":1080,"url":"https:\/\/oeilsportif.info\/wp-content\/uploads\/2023\/01\/FB_IMG_1674892025523.jpg","type":"image\/jpeg"}],"author":"L'Equipe de la R\u00e9daction","twitter_misc":{"\u00c9crit par":"L'Equipe de la R\u00e9daction","Dur\u00e9e de lecture estim\u00e9e":"1 minute"},"schema":{"@context":"https:\/\/schema.org","@graph":[{"@type":"Article","@id":"https:\/\/oeilsportif.info\/index.php\/chan-algerie-2023-lalgerie-et-le-senegal-premiers-qualifies-pour-les-demi-finales\/#article","isPartOf":{"@id":"https:\/\/oeilsportif.info\/index.php\/chan-algerie-2023-lalgerie-et-le-senegal-premiers-qualifies-pour-les-demi-finales\/"},"author":{"name":"L'Equipe de la R\u00e9daction","@id":"https:\/\/oeilsportif.info\/#\/schema\/person\/cfbded294aa6095f7d96608d7905e9a1"},"headline":"CHAN ALGERIE 2023: l&rsquo;Alg\u00e9rie et le S\u00e9n\u00e9gal premiers qualifi\u00e9s pour les demi-finales","datePublished":"2023-01-28T08:04:03+00:00","mainEntityOfPage":{"@id":"https:\/\/oeilsportif.info\/index.php\/chan-algerie-2023-lalgerie-et-le-senegal-premiers-qualifies-pour-les-demi-finales\/"},"wordCount":137,"image":{"@id":"https:\/\/oeilsportif.info\/index.php\/chan-algerie-2023-lalgerie-et-le-senegal-premiers-qualifies-pour-les-demi-finales\/#primaryimage"},"thumbnailUrl":"https:\/\/i0.wp.com\/oeilsportif.info\/wp-content\/uploads\/2023\/01\/FB_IMG_1674892025523.jpg?fit=1080%2C1080&ssl=1","articleSection":["Football"],"inLanguage":"fr-FR"},{"@type":"WebPage","@id":"https:\/\/oeilsportif.info\/index.php\/chan-algerie-2023-lalgerie-et-le-senegal-premiers-qualifies-pour-les-demi-finales\/","url":"https:\/\/oeilsportif.info\/index.php\/chan-algerie-2023-lalgerie-et-le-senegal-premiers-qualifies-pour-les-demi-finales\/","name":"CHAN ALGERIE 2023: l'Alg\u00e9rie et le S\u00e9n\u00e9gal premiers qualifi\u00e9s pour les demi-finales - le regard du sportif","isPartOf":{"@id":"https:\/\/oeilsportif.info\/#website"},"primaryImageOfPage":{"@id":"https:\/\/oeilsportif.info\/index.php\/chan-algerie-2023-lalgerie-et-le-senegal-premiers-qualifies-pour-les-demi-finales\/#primaryimage"},"image":{"@id":"https:\/\/oeilsportif.info\/index.php\/chan-algerie-2023-lalgerie-et-le-senegal-premiers-qualifies-pour-les-demi-finales\/#primaryimage"},"thumbnailUrl":"https:\/\/i0.wp.com\/oeilsportif.info\/wp-content\/uploads\/2023\/01\/FB_IMG_1674892025523.jpg?fit=1080%2C1080&ssl=1","datePublished":"2023-01-28T08:04:03+00:00","author":{"@id":"https:\/\/oeilsportif.info\/#\/schema\/person\/cfbded294aa6095f7d96608d7905e9a1"},"inLanguage":"fr-FR","potentialAction":[{"@type":"ReadAction","target":["https:\/\/oeilsportif.info\/index.php\/chan-algerie-2023-lalgerie-et-le-senegal-premiers-qualifies-pour-les-demi-finales\/"]}]},{"@type":"ImageObject","inLanguage":"fr-FR","@id":"https:\/\/oeilsportif.info\/index.php\/chan-algerie-2023-lalgerie-et-le-senegal-premiers-qualifies-pour-les-demi-finales\/#primaryimage","url":"https:\/\/i0.wp.com\/oeilsportif.info\/wp-content\/uploads\/2023\/01\/FB_IMG_1674892025523.jpg?fit=1080%2C1080&ssl=1","contentUrl":"https:\/\/i0.wp.com\/oeilsportif.info\/wp-content\/uploads\/2023\/01\/FB_IMG_1674892025523.jpg?fit=1080%2C1080&ssl=1","width":1080,"height":1080},{"@type":"WebSite","@id":"https:\/\/oeilsportif.info\/#website","url":"https:\/\/oeilsportif.info\/","name":"le regard du sportif","description":"","potentialAction":[{"@type":"SearchAction","target":{"@type":"EntryPoint","urlTemplate":"https:\/\/oeilsportif.info\/?s={search_term_string}"},"query-input":{"@type":"PropertyValueSpecification","valueRequired":true,"valueName":"search_term_string"}}],"inLanguage":"fr-FR"},{"@type":"Person","@id":"https:\/\/oeilsportif.info\/#\/schema\/person\/cfbded294aa6095f7d96608d7905e9a1","name":"L'Equipe de la R\u00e9daction","image":{"@type":"ImageObject","inLanguage":"fr-FR","@id":"https:\/\/oeilsportif.info\/wp-content\/uploads\/2025\/07\/cropped-cropped-logo-os-96x96.jpeg","url":"https:\/\/oeilsportif.info\/wp-content\/uploads\/2025\/07\/cropped-cropped-logo-os-96x96.jpeg","contentUrl":"https:\/\/oeilsportif.info\/wp-content\/uploads\/2025\/07\/cropped-cropped-logo-os-96x96.jpeg","caption":"L'Equipe de la R\u00e9daction"},"url":"https:\/\/oeilsportif.info\/index.php\/author\/tawel\/"}]}},"jetpack_publicize_connections":[],"jetpack_featured_media_url":"https:\/\/i0.wp.com\/oeilsportif.info\/wp-content\/uploads\/2023\/01\/FB_IMG_1674892025523.jpg?fit=1080%2C1080&ssl=1","jetpack-related-posts":[],"jetpack_sharing_enabled":true,"jetpack_likes_enabled":true,"jetpack_shortlink":"https:\/\/wp.me\/pgFE77-Hw","_links":{"self":[{"href":"https:\/\/oeilsportif.info\/index.php\/wp-json\/wp\/v2\/posts\/2698","targetHints":{"allow":["GET"]}}],"collection":[{"href":"https:\/\/oeilsportif.info\/index.php\/wp-json\/wp\/v2\/posts"}],"about":[{"href":"https:\/\/oeilsportif.info\/index.php\/wp-json\/wp\/v2\/types\/post"}],"author":[{"embeddable":true,"href":"https:\/\/oeilsportif.info\/index.php\/wp-json\/wp\/v2\/users\/2"}],"replies":[{"embeddable":true,"href":"https:\/\/oeilsportif.info\/index.php\/wp-json\/wp\/v2\/comments?post=2698"}],"version-history":[{"count":0,"href":"https:\/\/oeilsportif.info\/index.php\/wp-json\/wp\/v2\/posts\/2698\/revisions"}],"wp:featuredmedia":[{"embeddable":true,"href":"https:\/\/oeilsportif.info\/index.php\/wp-json\/wp\/v2\/media\/2700"}],"wp:attachment":[{"href":"https:\/\/oeilsportif.info\/index.php\/wp-json\/wp\/v2\/media?parent=2698"}],"wp:term":[{"taxonomy":"category","embeddable":true,"href":"https:\/\/oeilsportif.info\/index.php\/wp-json\/wp\/v2\/categories?post=2698"},{"taxonomy":"post_tag","embeddable":true,"href":"https:\/\/oeilsportif.info\/index.php\/wp-json\/wp\/v2\/tags?post=2698"}],"curies":[{"name":"wp","href":"https:\/\/api.w.org\/{rel}","templated":true}]}}