{"id":2695,"date":"2023-01-28T07:41:14","date_gmt":"2023-01-28T07:41:14","guid":{"rendered":"https:\/\/oeilsportif.info\/index.php\/?p=2695"},"modified":"2023-01-28T07:41:14","modified_gmt":"2023-01-28T07:41:14","slug":"conseil-des-ministres-lhomologation-du-stade-general-lansana-conte-de-nongo-au-coeur-des-debats","status":"publish","type":"post","link":"https:\/\/oeilsportif.info\/index.php\/conseil-des-ministres-lhomologation-du-stade-general-lansana-conte-de-nongo-au-coeur-des-debats\/","title":{"rendered":"Conseil des ministres : l\u2019homologation du Stade G\u00e9n\u00e9ral Lansana Cont\u00e9 de Nongo au c\u0153ur des d\u00e9bats"},"content":{"rendered":"<p><strong>Au compte du Conseil des ministres du jeudi 26 janvier, l\u2019homologation du Stade G\u00e9n\u00e9ral Lansana Cont\u00e9 de Nongo a \u00e9t\u00e9 l\u2019un des sujets.<\/strong><\/p>\n<p>Inaugur\u00e9 en 2011, le Stade G\u00e9n\u00e9ral Lansana Cont\u00e9 de Nongo est un \u00e9difice de 50.000 places, construit en quatre ans gr\u00e2ce au partenariat sino-guin\u00e9en.<\/p>\n<p>A lire le compte rendu, \u00ab le Ministre de la Jeunesse et des Sports a fait une communication relative aux contraintes techniques li\u00e9es \u00e0 l\u2019homologation du Stade G\u00e9n\u00e9ral Lansana Cont\u00e9 de Nongo, devant abriter les matchs des Eliminatoires pour la CAN 2023 \u00bb.<br \/>\nEt comme d\u00e9cision, les autres membres du gouvernement de la transition ont instruit :<\/p>\n<p>A L\u2019Administration et Contr\u00f4le des Grands Projets de faire une \u00e9tude de mise \u00e0 jour pour la validation du montant ;<br \/>\nAu Secr\u00e9tariat G\u00e9n\u00e9ral du Gouvernement de se procurer de la copie de la convention pour donner son avis juridique sur la r\u00e9siliation ou non de la Convention ;<br \/>\nA l\u2019Etat de tout mettre en \u0153uvre pour finaliser les travaux du stade G\u00e9n\u00e9ral Lansana CONTE de Nongo pour la t\u00e9nue du match Guin\u00e9e-Ethiopie et homologuer les deux stades de Conakry aux normes de la CAF et de la FIFA \u00bb.<\/p>\n<p><strong>Aly Sylla pour sports.7<\/strong><\/p>\n","protected":false},"excerpt":{"rendered":"<p>Au compte du Conseil des ministres du jeudi 26 janvier, l\u2019homologation du Stade G\u00e9n\u00e9ral Lansana Cont\u00e9 de Nongo a \u00e9t\u00e9 l\u2019un des sujets. Inaugur\u00e9 en 2011, le Stade G\u00e9n\u00e9ral Lansana Cont\u00e9 de Nongo est un \u00e9difice de 50.000 places, construit en quatre ans gr\u00e2ce au partenariat sino-guin\u00e9en. A lire le compte rendu, \u00ab le Ministre [&hellip;]<\/p>\n","protected":false},"author":2,"featured_media":2696,"comment_status":"closed","ping_status":"open","sticky":false,"template":"","format":"standard","meta":{"_jetpack_memberships_contains_paid_content":false,"footnotes":"","jetpack_publicize_message":"","jetpack_publicize_feature_enabled":true,"jetpack_social_post_already_shared":true,"jetpack_social_options":{"image_generator_settings":{"template":"highway","default_image_id":0,"font":"","enabled":false},"version":2}},"categories":[5],"tags":[],"class_list":{"0":"post-2695","1":"post","2":"type-post","3":"status-publish","4":"format-standard","5":"has-post-thumbnail","7":"category-football"},"yoast_head":"<!-- This site is optimized with the Yoast SEO plugin v27.5 - https:\/\/yoast.com\/product\/yoast-seo-wordpress\/ -->\n<title>Conseil des ministres : l\u2019homologation du Stade G\u00e9n\u00e9ral Lansana Cont\u00e9 de Nongo au c\u0153ur des d\u00e9bats - le regard du sportif<\/title>\n<meta name=\"robots\" content=\"index, follow, max-snippet:-1, max-image-preview:large, max-video-preview:-1\" \/>\n<link rel=\"canonical\" href=\"https:\/\/oeilsportif.info\/index.php\/conseil-des-ministres-lhomologation-du-stade-general-lansana-conte-de-nongo-au-coeur-des-debats\/\" \/>\n<meta property=\"og:locale\" content=\"fr_FR\" \/>\n<meta property=\"og:type\" content=\"article\" \/>\n<meta property=\"og:title\" content=\"Conseil des ministres : l\u2019homologation du Stade G\u00e9n\u00e9ral Lansana Cont\u00e9 de Nongo au c\u0153ur des d\u00e9bats - le regard du sportif\" \/>\n<meta property=\"og:description\" content=\"Au compte du Conseil des ministres du jeudi 26 janvier, l\u2019homologation du Stade G\u00e9n\u00e9ral Lansana Cont\u00e9 de Nongo a \u00e9t\u00e9 l\u2019un des sujets. Inaugur\u00e9 en 2011, le Stade G\u00e9n\u00e9ral Lansana Cont\u00e9 de Nongo est un \u00e9difice de 50.000 places, construit en quatre ans gr\u00e2ce au partenariat sino-guin\u00e9en. A lire le compte rendu, \u00ab le Ministre [&hellip;]\" \/>\n<meta property=\"og:url\" content=\"https:\/\/oeilsportif.info\/index.php\/conseil-des-ministres-lhomologation-du-stade-general-lansana-conte-de-nongo-au-coeur-des-debats\/\" \/>\n<meta property=\"og:site_name\" content=\"le regard du sportif\" \/>\n<meta property=\"article:published_time\" content=\"2023-01-28T07:41:14+00:00\" \/>\n<meta property=\"og:image\" content=\"https:\/\/oeilsportif.info\/wp-content\/uploads\/2023\/01\/FB_IMG_1674891564961.jpg\" \/>\n\t<meta property=\"og:image:width\" content=\"1080\" \/>\n\t<meta property=\"og:image:height\" content=\"719\" \/>\n\t<meta property=\"og:image:type\" content=\"image\/jpeg\" \/>\n<meta name=\"author\" content=\"L&#039;Equipe de la R\u00e9daction\" \/>\n<meta name=\"twitter:label1\" content=\"\u00c9crit par\" \/>\n\t<meta name=\"twitter:data1\" content=\"L&#039;Equipe de la R\u00e9daction\" \/>\n\t<meta name=\"twitter:label2\" content=\"Dur\u00e9e de lecture estim\u00e9e\" \/>\n\t<meta name=\"twitter:data2\" content=\"1 minute\" \/>\n<script type=\"application\/ld+json\" class=\"yoast-schema-graph\">{\"@context\":\"https:\\\/\\\/schema.org\",\"@graph\":[{\"@type\":\"Article\",\"@id\":\"https:\\\/\\\/oeilsportif.info\\\/index.php\\\/conseil-des-ministres-lhomologation-du-stade-general-lansana-conte-de-nongo-au-coeur-des-debats\\\/#article\",\"isPartOf\":{\"@id\":\"https:\\\/\\\/oeilsportif.info\\\/index.php\\\/conseil-des-ministres-lhomologation-du-stade-general-lansana-conte-de-nongo-au-coeur-des-debats\\\/\"},\"author\":{\"name\":\"L'Equipe de la R\u00e9daction\",\"@id\":\"https:\\\/\\\/oeilsportif.info\\\/#\\\/schema\\\/person\\\/cfbded294aa6095f7d96608d7905e9a1\"},\"headline\":\"Conseil des ministres : l\u2019homologation du Stade G\u00e9n\u00e9ral Lansana Cont\u00e9 de Nongo au c\u0153ur des d\u00e9bats\",\"datePublished\":\"2023-01-28T07:41:14+00:00\",\"mainEntityOfPage\":{\"@id\":\"https:\\\/\\\/oeilsportif.info\\\/index.php\\\/conseil-des-ministres-lhomologation-du-stade-general-lansana-conte-de-nongo-au-coeur-des-debats\\\/\"},\"wordCount\":230,\"image\":{\"@id\":\"https:\\\/\\\/oeilsportif.info\\\/index.php\\\/conseil-des-ministres-lhomologation-du-stade-general-lansana-conte-de-nongo-au-coeur-des-debats\\\/#primaryimage\"},\"thumbnailUrl\":\"https:\\\/\\\/i0.wp.com\\\/oeilsportif.info\\\/wp-content\\\/uploads\\\/2023\\\/01\\\/FB_IMG_1674891564961.jpg?fit=1080%2C719&ssl=1\",\"articleSection\":[\"Football\"],\"inLanguage\":\"fr-FR\"},{\"@type\":\"WebPage\",\"@id\":\"https:\\\/\\\/oeilsportif.info\\\/index.php\\\/conseil-des-ministres-lhomologation-du-stade-general-lansana-conte-de-nongo-au-coeur-des-debats\\\/\",\"url\":\"https:\\\/\\\/oeilsportif.info\\\/index.php\\\/conseil-des-ministres-lhomologation-du-stade-general-lansana-conte-de-nongo-au-coeur-des-debats\\\/\",\"name\":\"Conseil des ministres : l\u2019homologation du Stade G\u00e9n\u00e9ral Lansana Cont\u00e9 de Nongo au c\u0153ur des d\u00e9bats - le regard du sportif\",\"isPartOf\":{\"@id\":\"https:\\\/\\\/oeilsportif.info\\\/#website\"},\"primaryImageOfPage\":{\"@id\":\"https:\\\/\\\/oeilsportif.info\\\/index.php\\\/conseil-des-ministres-lhomologation-du-stade-general-lansana-conte-de-nongo-au-coeur-des-debats\\\/#primaryimage\"},\"image\":{\"@id\":\"https:\\\/\\\/oeilsportif.info\\\/index.php\\\/conseil-des-ministres-lhomologation-du-stade-general-lansana-conte-de-nongo-au-coeur-des-debats\\\/#primaryimage\"},\"thumbnailUrl\":\"https:\\\/\\\/i0.wp.com\\\/oeilsportif.info\\\/wp-content\\\/uploads\\\/2023\\\/01\\\/FB_IMG_1674891564961.jpg?fit=1080%2C719&ssl=1\",\"datePublished\":\"2023-01-28T07:41:14+00:00\",\"author\":{\"@id\":\"https:\\\/\\\/oeilsportif.info\\\/#\\\/schema\\\/person\\\/cfbded294aa6095f7d96608d7905e9a1\"},\"inLanguage\":\"fr-FR\",\"potentialAction\":[{\"@type\":\"ReadAction\",\"target\":[\"https:\\\/\\\/oeilsportif.info\\\/index.php\\\/conseil-des-ministres-lhomologation-du-stade-general-lansana-conte-de-nongo-au-coeur-des-debats\\\/\"]}]},{\"@type\":\"ImageObject\",\"inLanguage\":\"fr-FR\",\"@id\":\"https:\\\/\\\/oeilsportif.info\\\/index.php\\\/conseil-des-ministres-lhomologation-du-stade-general-lansana-conte-de-nongo-au-coeur-des-debats\\\/#primaryimage\",\"url\":\"https:\\\/\\\/i0.wp.com\\\/oeilsportif.info\\\/wp-content\\\/uploads\\\/2023\\\/01\\\/FB_IMG_1674891564961.jpg?fit=1080%2C719&ssl=1\",\"contentUrl\":\"https:\\\/\\\/i0.wp.com\\\/oeilsportif.info\\\/wp-content\\\/uploads\\\/2023\\\/01\\\/FB_IMG_1674891564961.jpg?fit=1080%2C719&ssl=1\",\"width\":1080,\"height\":719},{\"@type\":\"WebSite\",\"@id\":\"https:\\\/\\\/oeilsportif.info\\\/#website\",\"url\":\"https:\\\/\\\/oeilsportif.info\\\/\",\"name\":\"le regard du sportif\",\"description\":\"\",\"potentialAction\":[{\"@type\":\"SearchAction\",\"target\":{\"@type\":\"EntryPoint\",\"urlTemplate\":\"https:\\\/\\\/oeilsportif.info\\\/?s={search_term_string}\"},\"query-input\":{\"@type\":\"PropertyValueSpecification\",\"valueRequired\":true,\"valueName\":\"search_term_string\"}}],\"inLanguage\":\"fr-FR\"},{\"@type\":\"Person\",\"@id\":\"https:\\\/\\\/oeilsportif.info\\\/#\\\/schema\\\/person\\\/cfbded294aa6095f7d96608d7905e9a1\",\"name\":\"L'Equipe de la R\u00e9daction\",\"image\":{\"@type\":\"ImageObject\",\"inLanguage\":\"fr-FR\",\"@id\":\"https:\\\/\\\/oeilsportif.info\\\/wp-content\\\/uploads\\\/2025\\\/07\\\/cropped-cropped-logo-os-96x96.jpeg\",\"url\":\"https:\\\/\\\/oeilsportif.info\\\/wp-content\\\/uploads\\\/2025\\\/07\\\/cropped-cropped-logo-os-96x96.jpeg\",\"contentUrl\":\"https:\\\/\\\/oeilsportif.info\\\/wp-content\\\/uploads\\\/2025\\\/07\\\/cropped-cropped-logo-os-96x96.jpeg\",\"caption\":\"L'Equipe de la R\u00e9daction\"},\"url\":\"https:\\\/\\\/oeilsportif.info\\\/index.php\\\/author\\\/tawel\\\/\"}]}<\/script>\n<!-- \/ Yoast SEO plugin. -->","yoast_head_json":{"title":"Conseil des ministres : l\u2019homologation du Stade G\u00e9n\u00e9ral Lansana Cont\u00e9 de Nongo au c\u0153ur des d\u00e9bats - le regard du sportif","robots":{"index":"index","follow":"follow","max-snippet":"max-snippet:-1","max-image-preview":"max-image-preview:large","max-video-preview":"max-video-preview:-1"},"canonical":"https:\/\/oeilsportif.info\/index.php\/conseil-des-ministres-lhomologation-du-stade-general-lansana-conte-de-nongo-au-coeur-des-debats\/","og_locale":"fr_FR","og_type":"article","og_title":"Conseil des ministres : l\u2019homologation du Stade G\u00e9n\u00e9ral Lansana Cont\u00e9 de Nongo au c\u0153ur des d\u00e9bats - le regard du sportif","og_description":"Au compte du Conseil des ministres du jeudi 26 janvier, l\u2019homologation du Stade G\u00e9n\u00e9ral Lansana Cont\u00e9 de Nongo a \u00e9t\u00e9 l\u2019un des sujets. Inaugur\u00e9 en 2011, le Stade G\u00e9n\u00e9ral Lansana Cont\u00e9 de Nongo est un \u00e9difice de 50.000 places, construit en quatre ans gr\u00e2ce au partenariat sino-guin\u00e9en. A lire le compte rendu, \u00ab le Ministre [&hellip;]","og_url":"https:\/\/oeilsportif.info\/index.php\/conseil-des-ministres-lhomologation-du-stade-general-lansana-conte-de-nongo-au-coeur-des-debats\/","og_site_name":"le regard du sportif","article_published_time":"2023-01-28T07:41:14+00:00","og_image":[{"width":1080,"height":719,"url":"https:\/\/oeilsportif.info\/wp-content\/uploads\/2023\/01\/FB_IMG_1674891564961.jpg","type":"image\/jpeg"}],"author":"L'Equipe de la R\u00e9daction","twitter_misc":{"\u00c9crit par":"L'Equipe de la R\u00e9daction","Dur\u00e9e de lecture estim\u00e9e":"1 minute"},"schema":{"@context":"https:\/\/schema.org","@graph":[{"@type":"Article","@id":"https:\/\/oeilsportif.info\/index.php\/conseil-des-ministres-lhomologation-du-stade-general-lansana-conte-de-nongo-au-coeur-des-debats\/#article","isPartOf":{"@id":"https:\/\/oeilsportif.info\/index.php\/conseil-des-ministres-lhomologation-du-stade-general-lansana-conte-de-nongo-au-coeur-des-debats\/"},"author":{"name":"L'Equipe de la R\u00e9daction","@id":"https:\/\/oeilsportif.info\/#\/schema\/person\/cfbded294aa6095f7d96608d7905e9a1"},"headline":"Conseil des ministres : l\u2019homologation du Stade G\u00e9n\u00e9ral Lansana Cont\u00e9 de Nongo au c\u0153ur des d\u00e9bats","datePublished":"2023-01-28T07:41:14+00:00","mainEntityOfPage":{"@id":"https:\/\/oeilsportif.info\/index.php\/conseil-des-ministres-lhomologation-du-stade-general-lansana-conte-de-nongo-au-coeur-des-debats\/"},"wordCount":230,"image":{"@id":"https:\/\/oeilsportif.info\/index.php\/conseil-des-ministres-lhomologation-du-stade-general-lansana-conte-de-nongo-au-coeur-des-debats\/#primaryimage"},"thumbnailUrl":"https:\/\/i0.wp.com\/oeilsportif.info\/wp-content\/uploads\/2023\/01\/FB_IMG_1674891564961.jpg?fit=1080%2C719&ssl=1","articleSection":["Football"],"inLanguage":"fr-FR"},{"@type":"WebPage","@id":"https:\/\/oeilsportif.info\/index.php\/conseil-des-ministres-lhomologation-du-stade-general-lansana-conte-de-nongo-au-coeur-des-debats\/","url":"https:\/\/oeilsportif.info\/index.php\/conseil-des-ministres-lhomologation-du-stade-general-lansana-conte-de-nongo-au-coeur-des-debats\/","name":"Conseil des ministres : l\u2019homologation du Stade G\u00e9n\u00e9ral Lansana Cont\u00e9 de Nongo au c\u0153ur des d\u00e9bats - le regard du sportif","isPartOf":{"@id":"https:\/\/oeilsportif.info\/#website"},"primaryImageOfPage":{"@id":"https:\/\/oeilsportif.info\/index.php\/conseil-des-ministres-lhomologation-du-stade-general-lansana-conte-de-nongo-au-coeur-des-debats\/#primaryimage"},"image":{"@id":"https:\/\/oeilsportif.info\/index.php\/conseil-des-ministres-lhomologation-du-stade-general-lansana-conte-de-nongo-au-coeur-des-debats\/#primaryimage"},"thumbnailUrl":"https:\/\/i0.wp.com\/oeilsportif.info\/wp-content\/uploads\/2023\/01\/FB_IMG_1674891564961.jpg?fit=1080%2C719&ssl=1","datePublished":"2023-01-28T07:41:14+00:00","author":{"@id":"https:\/\/oeilsportif.info\/#\/schema\/person\/cfbded294aa6095f7d96608d7905e9a1"},"inLanguage":"fr-FR","potentialAction":[{"@type":"ReadAction","target":["https:\/\/oeilsportif.info\/index.php\/conseil-des-ministres-lhomologation-du-stade-general-lansana-conte-de-nongo-au-coeur-des-debats\/"]}]},{"@type":"ImageObject","inLanguage":"fr-FR","@id":"https:\/\/oeilsportif.info\/index.php\/conseil-des-ministres-lhomologation-du-stade-general-lansana-conte-de-nongo-au-coeur-des-debats\/#primaryimage","url":"https:\/\/i0.wp.com\/oeilsportif.info\/wp-content\/uploads\/2023\/01\/FB_IMG_1674891564961.jpg?fit=1080%2C719&ssl=1","contentUrl":"https:\/\/i0.wp.com\/oeilsportif.info\/wp-content\/uploads\/2023\/01\/FB_IMG_1674891564961.jpg?fit=1080%2C719&ssl=1","width":1080,"height":719},{"@type":"WebSite","@id":"https:\/\/oeilsportif.info\/#website","url":"https:\/\/oeilsportif.info\/","name":"le regard du sportif","description":"","potentialAction":[{"@type":"SearchAction","target":{"@type":"EntryPoint","urlTemplate":"https:\/\/oeilsportif.info\/?s={search_term_string}"},"query-input":{"@type":"PropertyValueSpecification","valueRequired":true,"valueName":"search_term_string"}}],"inLanguage":"fr-FR"},{"@type":"Person","@id":"https:\/\/oeilsportif.info\/#\/schema\/person\/cfbded294aa6095f7d96608d7905e9a1","name":"L'Equipe de la R\u00e9daction","image":{"@type":"ImageObject","inLanguage":"fr-FR","@id":"https:\/\/oeilsportif.info\/wp-content\/uploads\/2025\/07\/cropped-cropped-logo-os-96x96.jpeg","url":"https:\/\/oeilsportif.info\/wp-content\/uploads\/2025\/07\/cropped-cropped-logo-os-96x96.jpeg","contentUrl":"https:\/\/oeilsportif.info\/wp-content\/uploads\/2025\/07\/cropped-cropped-logo-os-96x96.jpeg","caption":"L'Equipe de la R\u00e9daction"},"url":"https:\/\/oeilsportif.info\/index.php\/author\/tawel\/"}]}},"jetpack_publicize_connections":[],"jetpack_featured_media_url":"https:\/\/i0.wp.com\/oeilsportif.info\/wp-content\/uploads\/2023\/01\/FB_IMG_1674891564961.jpg?fit=1080%2C719&ssl=1","jetpack-related-posts":[],"jetpack_sharing_enabled":true,"jetpack_likes_enabled":true,"jetpack_shortlink":"https:\/\/wp.me\/pgFE77-Ht","_links":{"self":[{"href":"https:\/\/oeilsportif.info\/index.php\/wp-json\/wp\/v2\/posts\/2695","targetHints":{"allow":["GET"]}}],"collection":[{"href":"https:\/\/oeilsportif.info\/index.php\/wp-json\/wp\/v2\/posts"}],"about":[{"href":"https:\/\/oeilsportif.info\/index.php\/wp-json\/wp\/v2\/types\/post"}],"author":[{"embeddable":true,"href":"https:\/\/oeilsportif.info\/index.php\/wp-json\/wp\/v2\/users\/2"}],"replies":[{"embeddable":true,"href":"https:\/\/oeilsportif.info\/index.php\/wp-json\/wp\/v2\/comments?post=2695"}],"version-history":[{"count":0,"href":"https:\/\/oeilsportif.info\/index.php\/wp-json\/wp\/v2\/posts\/2695\/revisions"}],"wp:featuredmedia":[{"embeddable":true,"href":"https:\/\/oeilsportif.info\/index.php\/wp-json\/wp\/v2\/media\/2696"}],"wp:attachment":[{"href":"https:\/\/oeilsportif.info\/index.php\/wp-json\/wp\/v2\/media?parent=2695"}],"wp:term":[{"taxonomy":"category","embeddable":true,"href":"https:\/\/oeilsportif.info\/index.php\/wp-json\/wp\/v2\/categories?post=2695"},{"taxonomy":"post_tag","embeddable":true,"href":"https:\/\/oeilsportif.info\/index.php\/wp-json\/wp\/v2\/tags?post=2695"}],"curies":[{"name":"wp","href":"https:\/\/api.w.org\/{rel}","templated":true}]}}