{"id":2616,"date":"2022-12-29T14:38:38","date_gmt":"2022-12-29T14:38:38","guid":{"rendered":"https:\/\/oeilsportif.info\/index.php\/?p=2616"},"modified":"2022-12-29T14:38:38","modified_gmt":"2022-12-29T14:38:38","slug":"necrologie-junior-youla-a-regagne-sa-derniere-demeure","status":"publish","type":"post","link":"https:\/\/oeilsportif.info\/index.php\/necrologie-junior-youla-a-regagne-sa-derniere-demeure\/","title":{"rendered":"N\u00e9crologie : Junior YOULA a regagn\u00e9 sa derni\u00e8re demeure"},"content":{"rendered":"<p>&nbsp;<\/p>\n<p>La famille du football Guin\u00e9en a rendu un dernier hommage \u00e0 Elh Amara Junior YOULA ce jeudi matin au Palais des Sports du stade du 28 septembre. Famille, amis, connaissances, collaborateurs ou simples amoureux du foot ont tenu \u00e0 accompagner notre regrett\u00e9 YOULA d\u00e9c\u00e9d\u00e9 suite \u00e0 un accident de la circulation. L\u2019affliction est immense, la douleur profonde mais nous ne l\u2019oublierons jamais. \u00c0 dieu nous appartenons, \u00e0 lui nous retournerons.<\/p>\n<p>Paix \u00e0 ton \u00e2me, Amen.<\/p>\n<p>Source : LGFP<\/p>\n","protected":false},"excerpt":{"rendered":"<p>&nbsp; La famille du football Guin\u00e9en a rendu un dernier hommage \u00e0 Elh Amara Junior YOULA ce jeudi matin au Palais des Sports du stade du 28 septembre. Famille, amis, connaissances, collaborateurs ou simples amoureux du foot ont tenu \u00e0 accompagner notre regrett\u00e9 YOULA d\u00e9c\u00e9d\u00e9 suite \u00e0 un accident de la circulation. L\u2019affliction est immense, [&hellip;]<\/p>\n","protected":false},"author":2,"featured_media":2617,"comment_status":"closed","ping_status":"open","sticky":false,"template":"","format":"standard","meta":{"_jetpack_memberships_contains_paid_content":false,"footnotes":"","jetpack_publicize_message":"","jetpack_publicize_feature_enabled":true,"jetpack_social_post_already_shared":true,"jetpack_social_options":{"image_generator_settings":{"template":"highway","default_image_id":0,"font":"","enabled":false},"version":2}},"categories":[5],"tags":[],"class_list":{"0":"post-2616","1":"post","2":"type-post","3":"status-publish","4":"format-standard","5":"has-post-thumbnail","7":"category-football"},"yoast_head":"<!-- This site is optimized with the Yoast SEO plugin v27.5 - https:\/\/yoast.com\/product\/yoast-seo-wordpress\/ -->\n<title>N\u00e9crologie : Junior YOULA a regagn\u00e9 sa derni\u00e8re demeure - le regard du sportif<\/title>\n<meta name=\"robots\" content=\"index, follow, max-snippet:-1, max-image-preview:large, max-video-preview:-1\" \/>\n<link rel=\"canonical\" href=\"https:\/\/oeilsportif.info\/index.php\/necrologie-junior-youla-a-regagne-sa-derniere-demeure\/\" \/>\n<meta property=\"og:locale\" content=\"fr_FR\" \/>\n<meta property=\"og:type\" content=\"article\" \/>\n<meta property=\"og:title\" content=\"N\u00e9crologie : Junior YOULA a regagn\u00e9 sa derni\u00e8re demeure - le regard du sportif\" \/>\n<meta property=\"og:description\" content=\"&nbsp; La famille du football Guin\u00e9en a rendu un dernier hommage \u00e0 Elh Amara Junior YOULA ce jeudi matin au Palais des Sports du stade du 28 septembre. Famille, amis, connaissances, collaborateurs ou simples amoureux du foot ont tenu \u00e0 accompagner notre regrett\u00e9 YOULA d\u00e9c\u00e9d\u00e9 suite \u00e0 un accident de la circulation. L\u2019affliction est immense, [&hellip;]\" \/>\n<meta property=\"og:url\" content=\"https:\/\/oeilsportif.info\/index.php\/necrologie-junior-youla-a-regagne-sa-derniere-demeure\/\" \/>\n<meta property=\"og:site_name\" content=\"le regard du sportif\" \/>\n<meta property=\"article:published_time\" content=\"2022-12-29T14:38:38+00:00\" \/>\n<meta property=\"og:image\" content=\"https:\/\/oeilsportif.info\/wp-content\/uploads\/2022\/12\/FB_IMG_1672324538985.jpg\" \/>\n\t<meta property=\"og:image:width\" content=\"960\" \/>\n\t<meta property=\"og:image:height\" content=\"720\" \/>\n\t<meta property=\"og:image:type\" content=\"image\/jpeg\" \/>\n<meta name=\"author\" content=\"L&#039;Equipe de la R\u00e9daction\" \/>\n<meta name=\"twitter:label1\" content=\"\u00c9crit par\" \/>\n\t<meta name=\"twitter:data1\" content=\"L&#039;Equipe de la R\u00e9daction\" \/>\n\t<meta name=\"twitter:label2\" content=\"Dur\u00e9e de lecture estim\u00e9e\" \/>\n\t<meta name=\"twitter:data2\" content=\"1 minute\" \/>\n<script type=\"application\/ld+json\" class=\"yoast-schema-graph\">{\"@context\":\"https:\\\/\\\/schema.org\",\"@graph\":[{\"@type\":\"Article\",\"@id\":\"https:\\\/\\\/oeilsportif.info\\\/index.php\\\/necrologie-junior-youla-a-regagne-sa-derniere-demeure\\\/#article\",\"isPartOf\":{\"@id\":\"https:\\\/\\\/oeilsportif.info\\\/index.php\\\/necrologie-junior-youla-a-regagne-sa-derniere-demeure\\\/\"},\"author\":{\"name\":\"L'Equipe de la R\u00e9daction\",\"@id\":\"https:\\\/\\\/oeilsportif.info\\\/#\\\/schema\\\/person\\\/cfbded294aa6095f7d96608d7905e9a1\"},\"headline\":\"N\u00e9crologie : Junior YOULA a regagn\u00e9 sa derni\u00e8re demeure\",\"datePublished\":\"2022-12-29T14:38:38+00:00\",\"mainEntityOfPage\":{\"@id\":\"https:\\\/\\\/oeilsportif.info\\\/index.php\\\/necrologie-junior-youla-a-regagne-sa-derniere-demeure\\\/\"},\"wordCount\":86,\"image\":{\"@id\":\"https:\\\/\\\/oeilsportif.info\\\/index.php\\\/necrologie-junior-youla-a-regagne-sa-derniere-demeure\\\/#primaryimage\"},\"thumbnailUrl\":\"https:\\\/\\\/i0.wp.com\\\/oeilsportif.info\\\/wp-content\\\/uploads\\\/2022\\\/12\\\/FB_IMG_1672324538985.jpg?fit=960%2C720&ssl=1\",\"articleSection\":[\"Football\"],\"inLanguage\":\"fr-FR\"},{\"@type\":\"WebPage\",\"@id\":\"https:\\\/\\\/oeilsportif.info\\\/index.php\\\/necrologie-junior-youla-a-regagne-sa-derniere-demeure\\\/\",\"url\":\"https:\\\/\\\/oeilsportif.info\\\/index.php\\\/necrologie-junior-youla-a-regagne-sa-derniere-demeure\\\/\",\"name\":\"N\u00e9crologie : Junior YOULA a regagn\u00e9 sa derni\u00e8re demeure - le regard du sportif\",\"isPartOf\":{\"@id\":\"https:\\\/\\\/oeilsportif.info\\\/#website\"},\"primaryImageOfPage\":{\"@id\":\"https:\\\/\\\/oeilsportif.info\\\/index.php\\\/necrologie-junior-youla-a-regagne-sa-derniere-demeure\\\/#primaryimage\"},\"image\":{\"@id\":\"https:\\\/\\\/oeilsportif.info\\\/index.php\\\/necrologie-junior-youla-a-regagne-sa-derniere-demeure\\\/#primaryimage\"},\"thumbnailUrl\":\"https:\\\/\\\/i0.wp.com\\\/oeilsportif.info\\\/wp-content\\\/uploads\\\/2022\\\/12\\\/FB_IMG_1672324538985.jpg?fit=960%2C720&ssl=1\",\"datePublished\":\"2022-12-29T14:38:38+00:00\",\"author\":{\"@id\":\"https:\\\/\\\/oeilsportif.info\\\/#\\\/schema\\\/person\\\/cfbded294aa6095f7d96608d7905e9a1\"},\"inLanguage\":\"fr-FR\",\"potentialAction\":[{\"@type\":\"ReadAction\",\"target\":[\"https:\\\/\\\/oeilsportif.info\\\/index.php\\\/necrologie-junior-youla-a-regagne-sa-derniere-demeure\\\/\"]}]},{\"@type\":\"ImageObject\",\"inLanguage\":\"fr-FR\",\"@id\":\"https:\\\/\\\/oeilsportif.info\\\/index.php\\\/necrologie-junior-youla-a-regagne-sa-derniere-demeure\\\/#primaryimage\",\"url\":\"https:\\\/\\\/i0.wp.com\\\/oeilsportif.info\\\/wp-content\\\/uploads\\\/2022\\\/12\\\/FB_IMG_1672324538985.jpg?fit=960%2C720&ssl=1\",\"contentUrl\":\"https:\\\/\\\/i0.wp.com\\\/oeilsportif.info\\\/wp-content\\\/uploads\\\/2022\\\/12\\\/FB_IMG_1672324538985.jpg?fit=960%2C720&ssl=1\",\"width\":960,\"height\":720},{\"@type\":\"WebSite\",\"@id\":\"https:\\\/\\\/oeilsportif.info\\\/#website\",\"url\":\"https:\\\/\\\/oeilsportif.info\\\/\",\"name\":\"le regard du sportif\",\"description\":\"\",\"potentialAction\":[{\"@type\":\"SearchAction\",\"target\":{\"@type\":\"EntryPoint\",\"urlTemplate\":\"https:\\\/\\\/oeilsportif.info\\\/?s={search_term_string}\"},\"query-input\":{\"@type\":\"PropertyValueSpecification\",\"valueRequired\":true,\"valueName\":\"search_term_string\"}}],\"inLanguage\":\"fr-FR\"},{\"@type\":\"Person\",\"@id\":\"https:\\\/\\\/oeilsportif.info\\\/#\\\/schema\\\/person\\\/cfbded294aa6095f7d96608d7905e9a1\",\"name\":\"L'Equipe de la R\u00e9daction\",\"image\":{\"@type\":\"ImageObject\",\"inLanguage\":\"fr-FR\",\"@id\":\"https:\\\/\\\/oeilsportif.info\\\/wp-content\\\/uploads\\\/2025\\\/07\\\/cropped-cropped-logo-os-96x96.jpeg\",\"url\":\"https:\\\/\\\/oeilsportif.info\\\/wp-content\\\/uploads\\\/2025\\\/07\\\/cropped-cropped-logo-os-96x96.jpeg\",\"contentUrl\":\"https:\\\/\\\/oeilsportif.info\\\/wp-content\\\/uploads\\\/2025\\\/07\\\/cropped-cropped-logo-os-96x96.jpeg\",\"caption\":\"L'Equipe de la R\u00e9daction\"},\"url\":\"https:\\\/\\\/oeilsportif.info\\\/index.php\\\/author\\\/tawel\\\/\"}]}<\/script>\n<!-- \/ Yoast SEO plugin. -->","yoast_head_json":{"title":"N\u00e9crologie : Junior YOULA a regagn\u00e9 sa derni\u00e8re demeure - le regard du sportif","robots":{"index":"index","follow":"follow","max-snippet":"max-snippet:-1","max-image-preview":"max-image-preview:large","max-video-preview":"max-video-preview:-1"},"canonical":"https:\/\/oeilsportif.info\/index.php\/necrologie-junior-youla-a-regagne-sa-derniere-demeure\/","og_locale":"fr_FR","og_type":"article","og_title":"N\u00e9crologie : Junior YOULA a regagn\u00e9 sa derni\u00e8re demeure - le regard du sportif","og_description":"&nbsp; La famille du football Guin\u00e9en a rendu un dernier hommage \u00e0 Elh Amara Junior YOULA ce jeudi matin au Palais des Sports du stade du 28 septembre. Famille, amis, connaissances, collaborateurs ou simples amoureux du foot ont tenu \u00e0 accompagner notre regrett\u00e9 YOULA d\u00e9c\u00e9d\u00e9 suite \u00e0 un accident de la circulation. L\u2019affliction est immense, [&hellip;]","og_url":"https:\/\/oeilsportif.info\/index.php\/necrologie-junior-youla-a-regagne-sa-derniere-demeure\/","og_site_name":"le regard du sportif","article_published_time":"2022-12-29T14:38:38+00:00","og_image":[{"width":960,"height":720,"url":"https:\/\/oeilsportif.info\/wp-content\/uploads\/2022\/12\/FB_IMG_1672324538985.jpg","type":"image\/jpeg"}],"author":"L'Equipe de la R\u00e9daction","twitter_misc":{"\u00c9crit par":"L'Equipe de la R\u00e9daction","Dur\u00e9e de lecture estim\u00e9e":"1 minute"},"schema":{"@context":"https:\/\/schema.org","@graph":[{"@type":"Article","@id":"https:\/\/oeilsportif.info\/index.php\/necrologie-junior-youla-a-regagne-sa-derniere-demeure\/#article","isPartOf":{"@id":"https:\/\/oeilsportif.info\/index.php\/necrologie-junior-youla-a-regagne-sa-derniere-demeure\/"},"author":{"name":"L'Equipe de la R\u00e9daction","@id":"https:\/\/oeilsportif.info\/#\/schema\/person\/cfbded294aa6095f7d96608d7905e9a1"},"headline":"N\u00e9crologie : Junior YOULA a regagn\u00e9 sa derni\u00e8re demeure","datePublished":"2022-12-29T14:38:38+00:00","mainEntityOfPage":{"@id":"https:\/\/oeilsportif.info\/index.php\/necrologie-junior-youla-a-regagne-sa-derniere-demeure\/"},"wordCount":86,"image":{"@id":"https:\/\/oeilsportif.info\/index.php\/necrologie-junior-youla-a-regagne-sa-derniere-demeure\/#primaryimage"},"thumbnailUrl":"https:\/\/i0.wp.com\/oeilsportif.info\/wp-content\/uploads\/2022\/12\/FB_IMG_1672324538985.jpg?fit=960%2C720&ssl=1","articleSection":["Football"],"inLanguage":"fr-FR"},{"@type":"WebPage","@id":"https:\/\/oeilsportif.info\/index.php\/necrologie-junior-youla-a-regagne-sa-derniere-demeure\/","url":"https:\/\/oeilsportif.info\/index.php\/necrologie-junior-youla-a-regagne-sa-derniere-demeure\/","name":"N\u00e9crologie : Junior YOULA a regagn\u00e9 sa derni\u00e8re demeure - le regard du sportif","isPartOf":{"@id":"https:\/\/oeilsportif.info\/#website"},"primaryImageOfPage":{"@id":"https:\/\/oeilsportif.info\/index.php\/necrologie-junior-youla-a-regagne-sa-derniere-demeure\/#primaryimage"},"image":{"@id":"https:\/\/oeilsportif.info\/index.php\/necrologie-junior-youla-a-regagne-sa-derniere-demeure\/#primaryimage"},"thumbnailUrl":"https:\/\/i0.wp.com\/oeilsportif.info\/wp-content\/uploads\/2022\/12\/FB_IMG_1672324538985.jpg?fit=960%2C720&ssl=1","datePublished":"2022-12-29T14:38:38+00:00","author":{"@id":"https:\/\/oeilsportif.info\/#\/schema\/person\/cfbded294aa6095f7d96608d7905e9a1"},"inLanguage":"fr-FR","potentialAction":[{"@type":"ReadAction","target":["https:\/\/oeilsportif.info\/index.php\/necrologie-junior-youla-a-regagne-sa-derniere-demeure\/"]}]},{"@type":"ImageObject","inLanguage":"fr-FR","@id":"https:\/\/oeilsportif.info\/index.php\/necrologie-junior-youla-a-regagne-sa-derniere-demeure\/#primaryimage","url":"https:\/\/i0.wp.com\/oeilsportif.info\/wp-content\/uploads\/2022\/12\/FB_IMG_1672324538985.jpg?fit=960%2C720&ssl=1","contentUrl":"https:\/\/i0.wp.com\/oeilsportif.info\/wp-content\/uploads\/2022\/12\/FB_IMG_1672324538985.jpg?fit=960%2C720&ssl=1","width":960,"height":720},{"@type":"WebSite","@id":"https:\/\/oeilsportif.info\/#website","url":"https:\/\/oeilsportif.info\/","name":"le regard du sportif","description":"","potentialAction":[{"@type":"SearchAction","target":{"@type":"EntryPoint","urlTemplate":"https:\/\/oeilsportif.info\/?s={search_term_string}"},"query-input":{"@type":"PropertyValueSpecification","valueRequired":true,"valueName":"search_term_string"}}],"inLanguage":"fr-FR"},{"@type":"Person","@id":"https:\/\/oeilsportif.info\/#\/schema\/person\/cfbded294aa6095f7d96608d7905e9a1","name":"L'Equipe de la R\u00e9daction","image":{"@type":"ImageObject","inLanguage":"fr-FR","@id":"https:\/\/oeilsportif.info\/wp-content\/uploads\/2025\/07\/cropped-cropped-logo-os-96x96.jpeg","url":"https:\/\/oeilsportif.info\/wp-content\/uploads\/2025\/07\/cropped-cropped-logo-os-96x96.jpeg","contentUrl":"https:\/\/oeilsportif.info\/wp-content\/uploads\/2025\/07\/cropped-cropped-logo-os-96x96.jpeg","caption":"L'Equipe de la R\u00e9daction"},"url":"https:\/\/oeilsportif.info\/index.php\/author\/tawel\/"}]}},"jetpack_publicize_connections":[],"jetpack_featured_media_url":"https:\/\/i0.wp.com\/oeilsportif.info\/wp-content\/uploads\/2022\/12\/FB_IMG_1672324538985.jpg?fit=960%2C720&ssl=1","jetpack-related-posts":[],"jetpack_sharing_enabled":true,"jetpack_likes_enabled":true,"jetpack_shortlink":"https:\/\/wp.me\/pgFE77-Gc","_links":{"self":[{"href":"https:\/\/oeilsportif.info\/index.php\/wp-json\/wp\/v2\/posts\/2616","targetHints":{"allow":["GET"]}}],"collection":[{"href":"https:\/\/oeilsportif.info\/index.php\/wp-json\/wp\/v2\/posts"}],"about":[{"href":"https:\/\/oeilsportif.info\/index.php\/wp-json\/wp\/v2\/types\/post"}],"author":[{"embeddable":true,"href":"https:\/\/oeilsportif.info\/index.php\/wp-json\/wp\/v2\/users\/2"}],"replies":[{"embeddable":true,"href":"https:\/\/oeilsportif.info\/index.php\/wp-json\/wp\/v2\/comments?post=2616"}],"version-history":[{"count":0,"href":"https:\/\/oeilsportif.info\/index.php\/wp-json\/wp\/v2\/posts\/2616\/revisions"}],"wp:featuredmedia":[{"embeddable":true,"href":"https:\/\/oeilsportif.info\/index.php\/wp-json\/wp\/v2\/media\/2617"}],"wp:attachment":[{"href":"https:\/\/oeilsportif.info\/index.php\/wp-json\/wp\/v2\/media?parent=2616"}],"wp:term":[{"taxonomy":"category","embeddable":true,"href":"https:\/\/oeilsportif.info\/index.php\/wp-json\/wp\/v2\/categories?post=2616"},{"taxonomy":"post_tag","embeddable":true,"href":"https:\/\/oeilsportif.info\/index.php\/wp-json\/wp\/v2\/tags?post=2616"}],"curies":[{"name":"wp","href":"https:\/\/api.w.org\/{rel}","templated":true}]}}