{"id":2613,"date":"2022-12-29T14:35:20","date_gmt":"2022-12-29T14:35:20","guid":{"rendered":"https:\/\/oeilsportif.info\/index.php\/?p=2613"},"modified":"2022-12-29T14:35:20","modified_gmt":"2022-12-29T14:35:20","slug":"communique-suite-au-deces-de-junior-youla","status":"publish","type":"post","link":"https:\/\/oeilsportif.info\/index.php\/communique-suite-au-deces-de-junior-youla\/","title":{"rendered":"COMMUNIQUE : SUITE AU D\u00c9C\u00c8S DE JUNIOR YOULA"},"content":{"rendered":"<p><strong>Suite au d\u00e9c\u00e8s d\u2019Elhadj Amara Junior YOULA, Assistant du Secr\u00e9taire G\u00e9n\u00e9ral de la Ligue Guin\u00e9enne de Football Professionnel (LGFP) dans la nuit du Mardi \u00e0 Mercredi 28 D\u00e9cembre 2022 \u00e0 00heures suite \u00e0 un accident de la circulation.<\/strong><\/p>\n<p>Le Comit\u00e9 Provisoire de Gestion de la Ligue Guin\u00e9enne de Football Professionnel porte \u00e0 la connaissance de la F\u00e9d\u00e9ration Guin\u00e9enne de Football, les dirigeants des clubs de Ligue 1 et 2, ainsi que la famille sportive de Guin\u00e9e que la c\u00e9r\u00e9monie fun\u00e8bre se d\u00e9roulera comme suit :<\/p>\n<p>PROGRAMME DE LA CEREMONIE FUNEBRE<\/p>\n<p>JEUDI, 29 DECEMBRE 2022 :<br \/>\n09H 00\u2019 Lev\u00e9e du corps \u00e0 la morgue de l\u2019H\u00f4pital Sino Guin\u00e9en<br \/>\n10H 00\u2019 Exposition du corps au Palais des Sports du Stade 28 Septembre<br \/>\n14H 00\u2019 Pri\u00e8re fun\u00e8bre \u00e0 la mosqu\u00e9e de Dixinn, suivie de l\u2019enterrement au cimeti\u00e8re de Cameroon.<\/p>\n<p>A cette douloureuse occasion, le Comit\u00e9 Provisoire de Gestion de la Ligue Guin\u00e9enne de Football Professionnel et la famille sportive de Guin\u00e9e, pr\u00e9sentent les condol\u00e9ances les plus \u00e9mues \u00e0 la famille biologique et prient le Tout Puissant Allah que l\u2019\u00e2me du d\u00e9funt repose en paix.<\/p>\n<p>Amen!<\/p>\n<p><strong>LA LIGUE GUINEENNE DE FOOTBALL PROFESSIONNEL.<\/strong><\/p>\n","protected":false},"excerpt":{"rendered":"<p>Suite au d\u00e9c\u00e8s d\u2019Elhadj Amara Junior YOULA, Assistant du Secr\u00e9taire G\u00e9n\u00e9ral de la Ligue Guin\u00e9enne de Football Professionnel (LGFP) dans la nuit du Mardi \u00e0 Mercredi 28 D\u00e9cembre 2022 \u00e0 00heures suite \u00e0 un accident de la circulation. Le Comit\u00e9 Provisoire de Gestion de la Ligue Guin\u00e9enne de Football Professionnel porte \u00e0 la connaissance de [&hellip;]<\/p>\n","protected":false},"author":2,"featured_media":2614,"comment_status":"closed","ping_status":"open","sticky":false,"template":"","format":"standard","meta":{"_jetpack_memberships_contains_paid_content":false,"footnotes":"","jetpack_publicize_message":"","jetpack_publicize_feature_enabled":true,"jetpack_social_post_already_shared":true,"jetpack_social_options":{"image_generator_settings":{"template":"highway","default_image_id":0,"font":"","enabled":false},"version":2}},"categories":[5],"tags":[],"class_list":{"0":"post-2613","1":"post","2":"type-post","3":"status-publish","4":"format-standard","5":"has-post-thumbnail","7":"category-football"},"yoast_head":"<!-- This site is optimized with the Yoast SEO plugin v27.5 - https:\/\/yoast.com\/product\/yoast-seo-wordpress\/ -->\n<title>COMMUNIQUE : SUITE AU D\u00c9C\u00c8S DE JUNIOR YOULA - le regard du sportif<\/title>\n<meta name=\"robots\" content=\"index, follow, max-snippet:-1, max-image-preview:large, max-video-preview:-1\" \/>\n<link rel=\"canonical\" href=\"https:\/\/oeilsportif.info\/index.php\/communique-suite-au-deces-de-junior-youla\/\" \/>\n<meta property=\"og:locale\" content=\"fr_FR\" \/>\n<meta property=\"og:type\" content=\"article\" \/>\n<meta property=\"og:title\" content=\"COMMUNIQUE : SUITE AU D\u00c9C\u00c8S DE JUNIOR YOULA - le regard du sportif\" \/>\n<meta property=\"og:description\" content=\"Suite au d\u00e9c\u00e8s d\u2019Elhadj Amara Junior YOULA, Assistant du Secr\u00e9taire G\u00e9n\u00e9ral de la Ligue Guin\u00e9enne de Football Professionnel (LGFP) dans la nuit du Mardi \u00e0 Mercredi 28 D\u00e9cembre 2022 \u00e0 00heures suite \u00e0 un accident de la circulation. Le Comit\u00e9 Provisoire de Gestion de la Ligue Guin\u00e9enne de Football Professionnel porte \u00e0 la connaissance de [&hellip;]\" \/>\n<meta property=\"og:url\" content=\"https:\/\/oeilsportif.info\/index.php\/communique-suite-au-deces-de-junior-youla\/\" \/>\n<meta property=\"og:site_name\" content=\"le regard du sportif\" \/>\n<meta property=\"article:published_time\" content=\"2022-12-29T14:35:20+00:00\" \/>\n<meta property=\"og:image\" content=\"https:\/\/oeilsportif.info\/wp-content\/uploads\/2022\/12\/FB_IMG_1672324404704.jpg\" \/>\n\t<meta property=\"og:image:width\" content=\"1080\" \/>\n\t<meta property=\"og:image:height\" content=\"663\" \/>\n\t<meta property=\"og:image:type\" content=\"image\/jpeg\" \/>\n<meta name=\"author\" content=\"L&#039;Equipe de la R\u00e9daction\" \/>\n<meta name=\"twitter:label1\" content=\"\u00c9crit par\" \/>\n\t<meta name=\"twitter:data1\" content=\"L&#039;Equipe de la R\u00e9daction\" \/>\n\t<meta name=\"twitter:label2\" content=\"Dur\u00e9e de lecture estim\u00e9e\" \/>\n\t<meta name=\"twitter:data2\" content=\"1 minute\" \/>\n<script type=\"application\/ld+json\" class=\"yoast-schema-graph\">{\"@context\":\"https:\\\/\\\/schema.org\",\"@graph\":[{\"@type\":\"Article\",\"@id\":\"https:\\\/\\\/oeilsportif.info\\\/index.php\\\/communique-suite-au-deces-de-junior-youla\\\/#article\",\"isPartOf\":{\"@id\":\"https:\\\/\\\/oeilsportif.info\\\/index.php\\\/communique-suite-au-deces-de-junior-youla\\\/\"},\"author\":{\"name\":\"L'Equipe de la R\u00e9daction\",\"@id\":\"https:\\\/\\\/oeilsportif.info\\\/#\\\/schema\\\/person\\\/cfbded294aa6095f7d96608d7905e9a1\"},\"headline\":\"COMMUNIQUE : SUITE AU D\u00c9C\u00c8S DE JUNIOR YOULA\",\"datePublished\":\"2022-12-29T14:35:20+00:00\",\"mainEntityOfPage\":{\"@id\":\"https:\\\/\\\/oeilsportif.info\\\/index.php\\\/communique-suite-au-deces-de-junior-youla\\\/\"},\"wordCount\":210,\"image\":{\"@id\":\"https:\\\/\\\/oeilsportif.info\\\/index.php\\\/communique-suite-au-deces-de-junior-youla\\\/#primaryimage\"},\"thumbnailUrl\":\"https:\\\/\\\/i0.wp.com\\\/oeilsportif.info\\\/wp-content\\\/uploads\\\/2022\\\/12\\\/FB_IMG_1672324404704.jpg?fit=1080%2C663&ssl=1\",\"articleSection\":[\"Football\"],\"inLanguage\":\"fr-FR\"},{\"@type\":\"WebPage\",\"@id\":\"https:\\\/\\\/oeilsportif.info\\\/index.php\\\/communique-suite-au-deces-de-junior-youla\\\/\",\"url\":\"https:\\\/\\\/oeilsportif.info\\\/index.php\\\/communique-suite-au-deces-de-junior-youla\\\/\",\"name\":\"COMMUNIQUE : SUITE AU D\u00c9C\u00c8S DE JUNIOR YOULA - le regard du sportif\",\"isPartOf\":{\"@id\":\"https:\\\/\\\/oeilsportif.info\\\/#website\"},\"primaryImageOfPage\":{\"@id\":\"https:\\\/\\\/oeilsportif.info\\\/index.php\\\/communique-suite-au-deces-de-junior-youla\\\/#primaryimage\"},\"image\":{\"@id\":\"https:\\\/\\\/oeilsportif.info\\\/index.php\\\/communique-suite-au-deces-de-junior-youla\\\/#primaryimage\"},\"thumbnailUrl\":\"https:\\\/\\\/i0.wp.com\\\/oeilsportif.info\\\/wp-content\\\/uploads\\\/2022\\\/12\\\/FB_IMG_1672324404704.jpg?fit=1080%2C663&ssl=1\",\"datePublished\":\"2022-12-29T14:35:20+00:00\",\"author\":{\"@id\":\"https:\\\/\\\/oeilsportif.info\\\/#\\\/schema\\\/person\\\/cfbded294aa6095f7d96608d7905e9a1\"},\"inLanguage\":\"fr-FR\",\"potentialAction\":[{\"@type\":\"ReadAction\",\"target\":[\"https:\\\/\\\/oeilsportif.info\\\/index.php\\\/communique-suite-au-deces-de-junior-youla\\\/\"]}]},{\"@type\":\"ImageObject\",\"inLanguage\":\"fr-FR\",\"@id\":\"https:\\\/\\\/oeilsportif.info\\\/index.php\\\/communique-suite-au-deces-de-junior-youla\\\/#primaryimage\",\"url\":\"https:\\\/\\\/i0.wp.com\\\/oeilsportif.info\\\/wp-content\\\/uploads\\\/2022\\\/12\\\/FB_IMG_1672324404704.jpg?fit=1080%2C663&ssl=1\",\"contentUrl\":\"https:\\\/\\\/i0.wp.com\\\/oeilsportif.info\\\/wp-content\\\/uploads\\\/2022\\\/12\\\/FB_IMG_1672324404704.jpg?fit=1080%2C663&ssl=1\",\"width\":1080,\"height\":663},{\"@type\":\"WebSite\",\"@id\":\"https:\\\/\\\/oeilsportif.info\\\/#website\",\"url\":\"https:\\\/\\\/oeilsportif.info\\\/\",\"name\":\"le regard du sportif\",\"description\":\"\",\"potentialAction\":[{\"@type\":\"SearchAction\",\"target\":{\"@type\":\"EntryPoint\",\"urlTemplate\":\"https:\\\/\\\/oeilsportif.info\\\/?s={search_term_string}\"},\"query-input\":{\"@type\":\"PropertyValueSpecification\",\"valueRequired\":true,\"valueName\":\"search_term_string\"}}],\"inLanguage\":\"fr-FR\"},{\"@type\":\"Person\",\"@id\":\"https:\\\/\\\/oeilsportif.info\\\/#\\\/schema\\\/person\\\/cfbded294aa6095f7d96608d7905e9a1\",\"name\":\"L'Equipe de la R\u00e9daction\",\"image\":{\"@type\":\"ImageObject\",\"inLanguage\":\"fr-FR\",\"@id\":\"https:\\\/\\\/oeilsportif.info\\\/wp-content\\\/uploads\\\/2025\\\/07\\\/cropped-cropped-logo-os-96x96.jpeg\",\"url\":\"https:\\\/\\\/oeilsportif.info\\\/wp-content\\\/uploads\\\/2025\\\/07\\\/cropped-cropped-logo-os-96x96.jpeg\",\"contentUrl\":\"https:\\\/\\\/oeilsportif.info\\\/wp-content\\\/uploads\\\/2025\\\/07\\\/cropped-cropped-logo-os-96x96.jpeg\",\"caption\":\"L'Equipe de la R\u00e9daction\"},\"url\":\"https:\\\/\\\/oeilsportif.info\\\/index.php\\\/author\\\/tawel\\\/\"}]}<\/script>\n<!-- \/ Yoast SEO plugin. -->","yoast_head_json":{"title":"COMMUNIQUE : SUITE AU D\u00c9C\u00c8S DE JUNIOR YOULA - le regard du sportif","robots":{"index":"index","follow":"follow","max-snippet":"max-snippet:-1","max-image-preview":"max-image-preview:large","max-video-preview":"max-video-preview:-1"},"canonical":"https:\/\/oeilsportif.info\/index.php\/communique-suite-au-deces-de-junior-youla\/","og_locale":"fr_FR","og_type":"article","og_title":"COMMUNIQUE : SUITE AU D\u00c9C\u00c8S DE JUNIOR YOULA - le regard du sportif","og_description":"Suite au d\u00e9c\u00e8s d\u2019Elhadj Amara Junior YOULA, Assistant du Secr\u00e9taire G\u00e9n\u00e9ral de la Ligue Guin\u00e9enne de Football Professionnel (LGFP) dans la nuit du Mardi \u00e0 Mercredi 28 D\u00e9cembre 2022 \u00e0 00heures suite \u00e0 un accident de la circulation. Le Comit\u00e9 Provisoire de Gestion de la Ligue Guin\u00e9enne de Football Professionnel porte \u00e0 la connaissance de [&hellip;]","og_url":"https:\/\/oeilsportif.info\/index.php\/communique-suite-au-deces-de-junior-youla\/","og_site_name":"le regard du sportif","article_published_time":"2022-12-29T14:35:20+00:00","og_image":[{"width":1080,"height":663,"url":"https:\/\/oeilsportif.info\/wp-content\/uploads\/2022\/12\/FB_IMG_1672324404704.jpg","type":"image\/jpeg"}],"author":"L'Equipe de la R\u00e9daction","twitter_misc":{"\u00c9crit par":"L'Equipe de la R\u00e9daction","Dur\u00e9e de lecture estim\u00e9e":"1 minute"},"schema":{"@context":"https:\/\/schema.org","@graph":[{"@type":"Article","@id":"https:\/\/oeilsportif.info\/index.php\/communique-suite-au-deces-de-junior-youla\/#article","isPartOf":{"@id":"https:\/\/oeilsportif.info\/index.php\/communique-suite-au-deces-de-junior-youla\/"},"author":{"name":"L'Equipe de la R\u00e9daction","@id":"https:\/\/oeilsportif.info\/#\/schema\/person\/cfbded294aa6095f7d96608d7905e9a1"},"headline":"COMMUNIQUE : SUITE AU D\u00c9C\u00c8S DE JUNIOR YOULA","datePublished":"2022-12-29T14:35:20+00:00","mainEntityOfPage":{"@id":"https:\/\/oeilsportif.info\/index.php\/communique-suite-au-deces-de-junior-youla\/"},"wordCount":210,"image":{"@id":"https:\/\/oeilsportif.info\/index.php\/communique-suite-au-deces-de-junior-youla\/#primaryimage"},"thumbnailUrl":"https:\/\/i0.wp.com\/oeilsportif.info\/wp-content\/uploads\/2022\/12\/FB_IMG_1672324404704.jpg?fit=1080%2C663&ssl=1","articleSection":["Football"],"inLanguage":"fr-FR"},{"@type":"WebPage","@id":"https:\/\/oeilsportif.info\/index.php\/communique-suite-au-deces-de-junior-youla\/","url":"https:\/\/oeilsportif.info\/index.php\/communique-suite-au-deces-de-junior-youla\/","name":"COMMUNIQUE : SUITE AU D\u00c9C\u00c8S DE JUNIOR YOULA - le regard du sportif","isPartOf":{"@id":"https:\/\/oeilsportif.info\/#website"},"primaryImageOfPage":{"@id":"https:\/\/oeilsportif.info\/index.php\/communique-suite-au-deces-de-junior-youla\/#primaryimage"},"image":{"@id":"https:\/\/oeilsportif.info\/index.php\/communique-suite-au-deces-de-junior-youla\/#primaryimage"},"thumbnailUrl":"https:\/\/i0.wp.com\/oeilsportif.info\/wp-content\/uploads\/2022\/12\/FB_IMG_1672324404704.jpg?fit=1080%2C663&ssl=1","datePublished":"2022-12-29T14:35:20+00:00","author":{"@id":"https:\/\/oeilsportif.info\/#\/schema\/person\/cfbded294aa6095f7d96608d7905e9a1"},"inLanguage":"fr-FR","potentialAction":[{"@type":"ReadAction","target":["https:\/\/oeilsportif.info\/index.php\/communique-suite-au-deces-de-junior-youla\/"]}]},{"@type":"ImageObject","inLanguage":"fr-FR","@id":"https:\/\/oeilsportif.info\/index.php\/communique-suite-au-deces-de-junior-youla\/#primaryimage","url":"https:\/\/i0.wp.com\/oeilsportif.info\/wp-content\/uploads\/2022\/12\/FB_IMG_1672324404704.jpg?fit=1080%2C663&ssl=1","contentUrl":"https:\/\/i0.wp.com\/oeilsportif.info\/wp-content\/uploads\/2022\/12\/FB_IMG_1672324404704.jpg?fit=1080%2C663&ssl=1","width":1080,"height":663},{"@type":"WebSite","@id":"https:\/\/oeilsportif.info\/#website","url":"https:\/\/oeilsportif.info\/","name":"le regard du sportif","description":"","potentialAction":[{"@type":"SearchAction","target":{"@type":"EntryPoint","urlTemplate":"https:\/\/oeilsportif.info\/?s={search_term_string}"},"query-input":{"@type":"PropertyValueSpecification","valueRequired":true,"valueName":"search_term_string"}}],"inLanguage":"fr-FR"},{"@type":"Person","@id":"https:\/\/oeilsportif.info\/#\/schema\/person\/cfbded294aa6095f7d96608d7905e9a1","name":"L'Equipe de la R\u00e9daction","image":{"@type":"ImageObject","inLanguage":"fr-FR","@id":"https:\/\/oeilsportif.info\/wp-content\/uploads\/2025\/07\/cropped-cropped-logo-os-96x96.jpeg","url":"https:\/\/oeilsportif.info\/wp-content\/uploads\/2025\/07\/cropped-cropped-logo-os-96x96.jpeg","contentUrl":"https:\/\/oeilsportif.info\/wp-content\/uploads\/2025\/07\/cropped-cropped-logo-os-96x96.jpeg","caption":"L'Equipe de la R\u00e9daction"},"url":"https:\/\/oeilsportif.info\/index.php\/author\/tawel\/"}]}},"jetpack_publicize_connections":[],"jetpack_featured_media_url":"https:\/\/i0.wp.com\/oeilsportif.info\/wp-content\/uploads\/2022\/12\/FB_IMG_1672324404704.jpg?fit=1080%2C663&ssl=1","jetpack-related-posts":[],"jetpack_sharing_enabled":true,"jetpack_likes_enabled":true,"jetpack_shortlink":"https:\/\/wp.me\/pgFE77-G9","_links":{"self":[{"href":"https:\/\/oeilsportif.info\/index.php\/wp-json\/wp\/v2\/posts\/2613","targetHints":{"allow":["GET"]}}],"collection":[{"href":"https:\/\/oeilsportif.info\/index.php\/wp-json\/wp\/v2\/posts"}],"about":[{"href":"https:\/\/oeilsportif.info\/index.php\/wp-json\/wp\/v2\/types\/post"}],"author":[{"embeddable":true,"href":"https:\/\/oeilsportif.info\/index.php\/wp-json\/wp\/v2\/users\/2"}],"replies":[{"embeddable":true,"href":"https:\/\/oeilsportif.info\/index.php\/wp-json\/wp\/v2\/comments?post=2613"}],"version-history":[{"count":0,"href":"https:\/\/oeilsportif.info\/index.php\/wp-json\/wp\/v2\/posts\/2613\/revisions"}],"wp:featuredmedia":[{"embeddable":true,"href":"https:\/\/oeilsportif.info\/index.php\/wp-json\/wp\/v2\/media\/2614"}],"wp:attachment":[{"href":"https:\/\/oeilsportif.info\/index.php\/wp-json\/wp\/v2\/media?parent=2613"}],"wp:term":[{"taxonomy":"category","embeddable":true,"href":"https:\/\/oeilsportif.info\/index.php\/wp-json\/wp\/v2\/categories?post=2613"},{"taxonomy":"post_tag","embeddable":true,"href":"https:\/\/oeilsportif.info\/index.php\/wp-json\/wp\/v2\/tags?post=2613"}],"curies":[{"name":"wp","href":"https:\/\/api.w.org\/{rel}","templated":true}]}}