{"id":2584,"date":"2022-12-24T15:42:17","date_gmt":"2022-12-24T15:42:17","guid":{"rendered":"https:\/\/oeilsportif.info\/index.php\/?p=2584"},"modified":"2022-12-24T15:42:17","modified_gmt":"2022-12-24T15:42:17","slug":"lgfa-hamidou-kibola-bangoura-et-amadou-labaya-camara-nommes-responsables-de-communications-et-medias","status":"publish","type":"post","link":"https:\/\/oeilsportif.info\/index.php\/lgfa-hamidou-kibola-bangoura-et-amadou-labaya-camara-nommes-responsables-de-communications-et-medias\/","title":{"rendered":"LGFA : Hamidou Kibola Bangoura et Amadou Labaya Camara nomm\u00e9s responsables de communications et m\u00e9dias\u00a0"},"content":{"rendered":"<p dir=\"ltr\">Ce vendredi 23 d\u00e9cembre 2022 Hamidou Kibola BANGOURA, Administrateur G\u00e9n\u00e9ral du site d&rsquo;information sportive Africasport.org et Amadou Labaya Camara, Membre de la Cellule de Communication du Horoya AC ont \u00e9t\u00e9 nomm\u00e9s responsable de la communication et m\u00e9dias de la Ligue Guin\u00e9enne de Football Amateur. Cette d\u00e9cision a \u00e9t\u00e9 rendue ce vendredi par Monsieur Bah Thierno Abdoulaye,\u00a0 Pr\u00e9sident de la Ligue\u00a0 Guin\u00e9enne de Football Amateur.<\/p>\n<p dir=\"ltr\">Voici la d\u00e9cision ci-dessous<\/p>\n<p dir=\"ltr\"><a href=\"https:\/\/i0.wp.com\/oeilsportif.info\/wp-content\/uploads\/2022\/12\/FB_IMG_1671821687842.jpg?ssl=1\"><img data-recalc-dims=\"1\" loading=\"lazy\" decoding=\"async\" class=\"alignnone size-full wp-image-2585\" src=\"https:\/\/i0.wp.com\/oeilsportif.info\/wp-content\/uploads\/2022\/12\/FB_IMG_1671821687842.jpg?resize=696%2C984&#038;ssl=1\" alt=\"\" width=\"696\" height=\"984\" srcset=\"https:\/\/i0.wp.com\/oeilsportif.info\/wp-content\/uploads\/2022\/12\/FB_IMG_1671821687842.jpg?w=764&amp;ssl=1 764w, https:\/\/i0.wp.com\/oeilsportif.info\/wp-content\/uploads\/2022\/12\/FB_IMG_1671821687842.jpg?resize=212%2C300&amp;ssl=1 212w, https:\/\/i0.wp.com\/oeilsportif.info\/wp-content\/uploads\/2022\/12\/FB_IMG_1671821687842.jpg?resize=724%2C1024&amp;ssl=1 724w, https:\/\/i0.wp.com\/oeilsportif.info\/wp-content\/uploads\/2022\/12\/FB_IMG_1671821687842.jpg?resize=696%2C984&amp;ssl=1 696w, https:\/\/i0.wp.com\/oeilsportif.info\/wp-content\/uploads\/2022\/12\/FB_IMG_1671821687842.jpg?resize=297%2C420&amp;ssl=1 297w\" sizes=\"auto, (max-width: 696px) 100vw, 696px\" \/><\/a><\/p>\n","protected":false},"excerpt":{"rendered":"<p>Ce vendredi 23 d\u00e9cembre 2022 Hamidou Kibola BANGOURA, Administrateur G\u00e9n\u00e9ral du site d&rsquo;information sportive Africasport.org et Amadou Labaya Camara, Membre de la Cellule de Communication du Horoya AC ont \u00e9t\u00e9 nomm\u00e9s responsable de la communication et m\u00e9dias de la Ligue Guin\u00e9enne de Football Amateur. Cette d\u00e9cision a \u00e9t\u00e9 rendue ce vendredi par Monsieur Bah Thierno [&hellip;]<\/p>\n","protected":false},"author":2,"featured_media":2586,"comment_status":"closed","ping_status":"open","sticky":false,"template":"","format":"standard","meta":{"_jetpack_memberships_contains_paid_content":false,"footnotes":"","jetpack_publicize_message":"","jetpack_publicize_feature_enabled":true,"jetpack_social_post_already_shared":true,"jetpack_social_options":{"image_generator_settings":{"template":"highway","default_image_id":0,"font":"","enabled":false},"version":2}},"categories":[5],"tags":[],"class_list":{"0":"post-2584","1":"post","2":"type-post","3":"status-publish","4":"format-standard","5":"has-post-thumbnail","7":"category-football"},"yoast_head":"<!-- This site is optimized with the Yoast SEO plugin v27.5 - https:\/\/yoast.com\/product\/yoast-seo-wordpress\/ -->\n<title>LGFA : Hamidou Kibola Bangoura et Amadou Labaya Camara nomm\u00e9s responsables de communications et m\u00e9dias\u00a0 - le regard du sportif<\/title>\n<meta name=\"robots\" content=\"index, follow, max-snippet:-1, max-image-preview:large, max-video-preview:-1\" \/>\n<link rel=\"canonical\" href=\"https:\/\/oeilsportif.info\/index.php\/lgfa-hamidou-kibola-bangoura-et-amadou-labaya-camara-nommes-responsables-de-communications-et-medias\/\" \/>\n<meta property=\"og:locale\" content=\"fr_FR\" \/>\n<meta property=\"og:type\" content=\"article\" \/>\n<meta property=\"og:title\" content=\"LGFA : Hamidou Kibola Bangoura et Amadou Labaya Camara nomm\u00e9s responsables de communications et m\u00e9dias\u00a0 - le regard du sportif\" \/>\n<meta property=\"og:description\" content=\"Ce vendredi 23 d\u00e9cembre 2022 Hamidou Kibola BANGOURA, Administrateur G\u00e9n\u00e9ral du site d&rsquo;information sportive Africasport.org et Amadou Labaya Camara, Membre de la Cellule de Communication du Horoya AC ont \u00e9t\u00e9 nomm\u00e9s responsable de la communication et m\u00e9dias de la Ligue Guin\u00e9enne de Football Amateur. Cette d\u00e9cision a \u00e9t\u00e9 rendue ce vendredi par Monsieur Bah Thierno [&hellip;]\" \/>\n<meta property=\"og:url\" content=\"https:\/\/oeilsportif.info\/index.php\/lgfa-hamidou-kibola-bangoura-et-amadou-labaya-camara-nommes-responsables-de-communications-et-medias\/\" \/>\n<meta property=\"og:site_name\" content=\"le regard du sportif\" \/>\n<meta property=\"article:published_time\" content=\"2022-12-24T15:42:17+00:00\" \/>\n<meta property=\"og:image\" content=\"https:\/\/oeilsportif.info\/wp-content\/uploads\/2022\/12\/Screenshot_20221224-154102_Facebook.jpg\" \/>\n\t<meta property=\"og:image:width\" content=\"993\" \/>\n\t<meta property=\"og:image:height\" content=\"562\" \/>\n\t<meta property=\"og:image:type\" content=\"image\/jpeg\" \/>\n<meta name=\"author\" content=\"L&#039;Equipe de la R\u00e9daction\" \/>\n<meta name=\"twitter:label1\" content=\"\u00c9crit par\" \/>\n\t<meta name=\"twitter:data1\" content=\"L&#039;Equipe de la R\u00e9daction\" \/>\n\t<meta name=\"twitter:label2\" content=\"Dur\u00e9e de lecture estim\u00e9e\" \/>\n\t<meta name=\"twitter:data2\" content=\"1 minute\" \/>\n<script type=\"application\/ld+json\" class=\"yoast-schema-graph\">{\"@context\":\"https:\\\/\\\/schema.org\",\"@graph\":[{\"@type\":\"Article\",\"@id\":\"https:\\\/\\\/oeilsportif.info\\\/index.php\\\/lgfa-hamidou-kibola-bangoura-et-amadou-labaya-camara-nommes-responsables-de-communications-et-medias\\\/#article\",\"isPartOf\":{\"@id\":\"https:\\\/\\\/oeilsportif.info\\\/index.php\\\/lgfa-hamidou-kibola-bangoura-et-amadou-labaya-camara-nommes-responsables-de-communications-et-medias\\\/\"},\"author\":{\"name\":\"L'Equipe de la R\u00e9daction\",\"@id\":\"https:\\\/\\\/oeilsportif.info\\\/#\\\/schema\\\/person\\\/cfbded294aa6095f7d96608d7905e9a1\"},\"headline\":\"LGFA : Hamidou Kibola Bangoura et Amadou Labaya Camara nomm\u00e9s responsables de communications et m\u00e9dias\u00a0\",\"datePublished\":\"2022-12-24T15:42:17+00:00\",\"mainEntityOfPage\":{\"@id\":\"https:\\\/\\\/oeilsportif.info\\\/index.php\\\/lgfa-hamidou-kibola-bangoura-et-amadou-labaya-camara-nommes-responsables-de-communications-et-medias\\\/\"},\"wordCount\":94,\"image\":{\"@id\":\"https:\\\/\\\/oeilsportif.info\\\/index.php\\\/lgfa-hamidou-kibola-bangoura-et-amadou-labaya-camara-nommes-responsables-de-communications-et-medias\\\/#primaryimage\"},\"thumbnailUrl\":\"https:\\\/\\\/i0.wp.com\\\/oeilsportif.info\\\/wp-content\\\/uploads\\\/2022\\\/12\\\/Screenshot_20221224-154102_Facebook.jpg?fit=993%2C562&ssl=1\",\"articleSection\":[\"Football\"],\"inLanguage\":\"fr-FR\"},{\"@type\":\"WebPage\",\"@id\":\"https:\\\/\\\/oeilsportif.info\\\/index.php\\\/lgfa-hamidou-kibola-bangoura-et-amadou-labaya-camara-nommes-responsables-de-communications-et-medias\\\/\",\"url\":\"https:\\\/\\\/oeilsportif.info\\\/index.php\\\/lgfa-hamidou-kibola-bangoura-et-amadou-labaya-camara-nommes-responsables-de-communications-et-medias\\\/\",\"name\":\"LGFA : Hamidou Kibola Bangoura et Amadou Labaya Camara nomm\u00e9s responsables de communications et m\u00e9dias\u00a0 - le regard du sportif\",\"isPartOf\":{\"@id\":\"https:\\\/\\\/oeilsportif.info\\\/#website\"},\"primaryImageOfPage\":{\"@id\":\"https:\\\/\\\/oeilsportif.info\\\/index.php\\\/lgfa-hamidou-kibola-bangoura-et-amadou-labaya-camara-nommes-responsables-de-communications-et-medias\\\/#primaryimage\"},\"image\":{\"@id\":\"https:\\\/\\\/oeilsportif.info\\\/index.php\\\/lgfa-hamidou-kibola-bangoura-et-amadou-labaya-camara-nommes-responsables-de-communications-et-medias\\\/#primaryimage\"},\"thumbnailUrl\":\"https:\\\/\\\/i0.wp.com\\\/oeilsportif.info\\\/wp-content\\\/uploads\\\/2022\\\/12\\\/Screenshot_20221224-154102_Facebook.jpg?fit=993%2C562&ssl=1\",\"datePublished\":\"2022-12-24T15:42:17+00:00\",\"author\":{\"@id\":\"https:\\\/\\\/oeilsportif.info\\\/#\\\/schema\\\/person\\\/cfbded294aa6095f7d96608d7905e9a1\"},\"inLanguage\":\"fr-FR\",\"potentialAction\":[{\"@type\":\"ReadAction\",\"target\":[\"https:\\\/\\\/oeilsportif.info\\\/index.php\\\/lgfa-hamidou-kibola-bangoura-et-amadou-labaya-camara-nommes-responsables-de-communications-et-medias\\\/\"]}]},{\"@type\":\"ImageObject\",\"inLanguage\":\"fr-FR\",\"@id\":\"https:\\\/\\\/oeilsportif.info\\\/index.php\\\/lgfa-hamidou-kibola-bangoura-et-amadou-labaya-camara-nommes-responsables-de-communications-et-medias\\\/#primaryimage\",\"url\":\"https:\\\/\\\/i0.wp.com\\\/oeilsportif.info\\\/wp-content\\\/uploads\\\/2022\\\/12\\\/Screenshot_20221224-154102_Facebook.jpg?fit=993%2C562&ssl=1\",\"contentUrl\":\"https:\\\/\\\/i0.wp.com\\\/oeilsportif.info\\\/wp-content\\\/uploads\\\/2022\\\/12\\\/Screenshot_20221224-154102_Facebook.jpg?fit=993%2C562&ssl=1\",\"width\":993,\"height\":562},{\"@type\":\"WebSite\",\"@id\":\"https:\\\/\\\/oeilsportif.info\\\/#website\",\"url\":\"https:\\\/\\\/oeilsportif.info\\\/\",\"name\":\"le regard du sportif\",\"description\":\"\",\"potentialAction\":[{\"@type\":\"SearchAction\",\"target\":{\"@type\":\"EntryPoint\",\"urlTemplate\":\"https:\\\/\\\/oeilsportif.info\\\/?s={search_term_string}\"},\"query-input\":{\"@type\":\"PropertyValueSpecification\",\"valueRequired\":true,\"valueName\":\"search_term_string\"}}],\"inLanguage\":\"fr-FR\"},{\"@type\":\"Person\",\"@id\":\"https:\\\/\\\/oeilsportif.info\\\/#\\\/schema\\\/person\\\/cfbded294aa6095f7d96608d7905e9a1\",\"name\":\"L'Equipe de la R\u00e9daction\",\"image\":{\"@type\":\"ImageObject\",\"inLanguage\":\"fr-FR\",\"@id\":\"https:\\\/\\\/oeilsportif.info\\\/wp-content\\\/uploads\\\/2025\\\/07\\\/cropped-cropped-logo-os-96x96.jpeg\",\"url\":\"https:\\\/\\\/oeilsportif.info\\\/wp-content\\\/uploads\\\/2025\\\/07\\\/cropped-cropped-logo-os-96x96.jpeg\",\"contentUrl\":\"https:\\\/\\\/oeilsportif.info\\\/wp-content\\\/uploads\\\/2025\\\/07\\\/cropped-cropped-logo-os-96x96.jpeg\",\"caption\":\"L'Equipe de la R\u00e9daction\"},\"url\":\"https:\\\/\\\/oeilsportif.info\\\/index.php\\\/author\\\/tawel\\\/\"}]}<\/script>\n<!-- \/ Yoast SEO plugin. -->","yoast_head_json":{"title":"LGFA : Hamidou Kibola Bangoura et Amadou Labaya Camara nomm\u00e9s responsables de communications et m\u00e9dias\u00a0 - le regard du sportif","robots":{"index":"index","follow":"follow","max-snippet":"max-snippet:-1","max-image-preview":"max-image-preview:large","max-video-preview":"max-video-preview:-1"},"canonical":"https:\/\/oeilsportif.info\/index.php\/lgfa-hamidou-kibola-bangoura-et-amadou-labaya-camara-nommes-responsables-de-communications-et-medias\/","og_locale":"fr_FR","og_type":"article","og_title":"LGFA : Hamidou Kibola Bangoura et Amadou Labaya Camara nomm\u00e9s responsables de communications et m\u00e9dias\u00a0 - le regard du sportif","og_description":"Ce vendredi 23 d\u00e9cembre 2022 Hamidou Kibola BANGOURA, Administrateur G\u00e9n\u00e9ral du site d&rsquo;information sportive Africasport.org et Amadou Labaya Camara, Membre de la Cellule de Communication du Horoya AC ont \u00e9t\u00e9 nomm\u00e9s responsable de la communication et m\u00e9dias de la Ligue Guin\u00e9enne de Football Amateur. Cette d\u00e9cision a \u00e9t\u00e9 rendue ce vendredi par Monsieur Bah Thierno [&hellip;]","og_url":"https:\/\/oeilsportif.info\/index.php\/lgfa-hamidou-kibola-bangoura-et-amadou-labaya-camara-nommes-responsables-de-communications-et-medias\/","og_site_name":"le regard du sportif","article_published_time":"2022-12-24T15:42:17+00:00","og_image":[{"width":993,"height":562,"url":"https:\/\/oeilsportif.info\/wp-content\/uploads\/2022\/12\/Screenshot_20221224-154102_Facebook.jpg","type":"image\/jpeg"}],"author":"L'Equipe de la R\u00e9daction","twitter_misc":{"\u00c9crit par":"L'Equipe de la R\u00e9daction","Dur\u00e9e de lecture estim\u00e9e":"1 minute"},"schema":{"@context":"https:\/\/schema.org","@graph":[{"@type":"Article","@id":"https:\/\/oeilsportif.info\/index.php\/lgfa-hamidou-kibola-bangoura-et-amadou-labaya-camara-nommes-responsables-de-communications-et-medias\/#article","isPartOf":{"@id":"https:\/\/oeilsportif.info\/index.php\/lgfa-hamidou-kibola-bangoura-et-amadou-labaya-camara-nommes-responsables-de-communications-et-medias\/"},"author":{"name":"L'Equipe de la R\u00e9daction","@id":"https:\/\/oeilsportif.info\/#\/schema\/person\/cfbded294aa6095f7d96608d7905e9a1"},"headline":"LGFA : Hamidou Kibola Bangoura et Amadou Labaya Camara nomm\u00e9s responsables de communications et m\u00e9dias\u00a0","datePublished":"2022-12-24T15:42:17+00:00","mainEntityOfPage":{"@id":"https:\/\/oeilsportif.info\/index.php\/lgfa-hamidou-kibola-bangoura-et-amadou-labaya-camara-nommes-responsables-de-communications-et-medias\/"},"wordCount":94,"image":{"@id":"https:\/\/oeilsportif.info\/index.php\/lgfa-hamidou-kibola-bangoura-et-amadou-labaya-camara-nommes-responsables-de-communications-et-medias\/#primaryimage"},"thumbnailUrl":"https:\/\/i0.wp.com\/oeilsportif.info\/wp-content\/uploads\/2022\/12\/Screenshot_20221224-154102_Facebook.jpg?fit=993%2C562&ssl=1","articleSection":["Football"],"inLanguage":"fr-FR"},{"@type":"WebPage","@id":"https:\/\/oeilsportif.info\/index.php\/lgfa-hamidou-kibola-bangoura-et-amadou-labaya-camara-nommes-responsables-de-communications-et-medias\/","url":"https:\/\/oeilsportif.info\/index.php\/lgfa-hamidou-kibola-bangoura-et-amadou-labaya-camara-nommes-responsables-de-communications-et-medias\/","name":"LGFA : Hamidou Kibola Bangoura et Amadou Labaya Camara nomm\u00e9s responsables de communications et m\u00e9dias\u00a0 - le regard du sportif","isPartOf":{"@id":"https:\/\/oeilsportif.info\/#website"},"primaryImageOfPage":{"@id":"https:\/\/oeilsportif.info\/index.php\/lgfa-hamidou-kibola-bangoura-et-amadou-labaya-camara-nommes-responsables-de-communications-et-medias\/#primaryimage"},"image":{"@id":"https:\/\/oeilsportif.info\/index.php\/lgfa-hamidou-kibola-bangoura-et-amadou-labaya-camara-nommes-responsables-de-communications-et-medias\/#primaryimage"},"thumbnailUrl":"https:\/\/i0.wp.com\/oeilsportif.info\/wp-content\/uploads\/2022\/12\/Screenshot_20221224-154102_Facebook.jpg?fit=993%2C562&ssl=1","datePublished":"2022-12-24T15:42:17+00:00","author":{"@id":"https:\/\/oeilsportif.info\/#\/schema\/person\/cfbded294aa6095f7d96608d7905e9a1"},"inLanguage":"fr-FR","potentialAction":[{"@type":"ReadAction","target":["https:\/\/oeilsportif.info\/index.php\/lgfa-hamidou-kibola-bangoura-et-amadou-labaya-camara-nommes-responsables-de-communications-et-medias\/"]}]},{"@type":"ImageObject","inLanguage":"fr-FR","@id":"https:\/\/oeilsportif.info\/index.php\/lgfa-hamidou-kibola-bangoura-et-amadou-labaya-camara-nommes-responsables-de-communications-et-medias\/#primaryimage","url":"https:\/\/i0.wp.com\/oeilsportif.info\/wp-content\/uploads\/2022\/12\/Screenshot_20221224-154102_Facebook.jpg?fit=993%2C562&ssl=1","contentUrl":"https:\/\/i0.wp.com\/oeilsportif.info\/wp-content\/uploads\/2022\/12\/Screenshot_20221224-154102_Facebook.jpg?fit=993%2C562&ssl=1","width":993,"height":562},{"@type":"WebSite","@id":"https:\/\/oeilsportif.info\/#website","url":"https:\/\/oeilsportif.info\/","name":"le regard du sportif","description":"","potentialAction":[{"@type":"SearchAction","target":{"@type":"EntryPoint","urlTemplate":"https:\/\/oeilsportif.info\/?s={search_term_string}"},"query-input":{"@type":"PropertyValueSpecification","valueRequired":true,"valueName":"search_term_string"}}],"inLanguage":"fr-FR"},{"@type":"Person","@id":"https:\/\/oeilsportif.info\/#\/schema\/person\/cfbded294aa6095f7d96608d7905e9a1","name":"L'Equipe de la R\u00e9daction","image":{"@type":"ImageObject","inLanguage":"fr-FR","@id":"https:\/\/oeilsportif.info\/wp-content\/uploads\/2025\/07\/cropped-cropped-logo-os-96x96.jpeg","url":"https:\/\/oeilsportif.info\/wp-content\/uploads\/2025\/07\/cropped-cropped-logo-os-96x96.jpeg","contentUrl":"https:\/\/oeilsportif.info\/wp-content\/uploads\/2025\/07\/cropped-cropped-logo-os-96x96.jpeg","caption":"L'Equipe de la R\u00e9daction"},"url":"https:\/\/oeilsportif.info\/index.php\/author\/tawel\/"}]}},"jetpack_publicize_connections":[],"jetpack_featured_media_url":"https:\/\/i0.wp.com\/oeilsportif.info\/wp-content\/uploads\/2022\/12\/Screenshot_20221224-154102_Facebook.jpg?fit=993%2C562&ssl=1","jetpack-related-posts":[],"jetpack_sharing_enabled":true,"jetpack_likes_enabled":true,"jetpack_shortlink":"https:\/\/wp.me\/pgFE77-FG","_links":{"self":[{"href":"https:\/\/oeilsportif.info\/index.php\/wp-json\/wp\/v2\/posts\/2584","targetHints":{"allow":["GET"]}}],"collection":[{"href":"https:\/\/oeilsportif.info\/index.php\/wp-json\/wp\/v2\/posts"}],"about":[{"href":"https:\/\/oeilsportif.info\/index.php\/wp-json\/wp\/v2\/types\/post"}],"author":[{"embeddable":true,"href":"https:\/\/oeilsportif.info\/index.php\/wp-json\/wp\/v2\/users\/2"}],"replies":[{"embeddable":true,"href":"https:\/\/oeilsportif.info\/index.php\/wp-json\/wp\/v2\/comments?post=2584"}],"version-history":[{"count":0,"href":"https:\/\/oeilsportif.info\/index.php\/wp-json\/wp\/v2\/posts\/2584\/revisions"}],"wp:featuredmedia":[{"embeddable":true,"href":"https:\/\/oeilsportif.info\/index.php\/wp-json\/wp\/v2\/media\/2586"}],"wp:attachment":[{"href":"https:\/\/oeilsportif.info\/index.php\/wp-json\/wp\/v2\/media?parent=2584"}],"wp:term":[{"taxonomy":"category","embeddable":true,"href":"https:\/\/oeilsportif.info\/index.php\/wp-json\/wp\/v2\/categories?post=2584"},{"taxonomy":"post_tag","embeddable":true,"href":"https:\/\/oeilsportif.info\/index.php\/wp-json\/wp\/v2\/tags?post=2584"}],"curies":[{"name":"wp","href":"https:\/\/api.w.org\/{rel}","templated":true}]}}