{"id":2566,"date":"2022-12-18T13:56:01","date_gmt":"2022-12-18T13:56:01","guid":{"rendered":"https:\/\/oeilsportif.info\/index.php\/?p=2566"},"modified":"2022-12-18T13:56:01","modified_gmt":"2022-12-18T13:56:01","slug":"judo-fria-abrite-le-41e-championnat-national","status":"publish","type":"post","link":"https:\/\/oeilsportif.info\/index.php\/judo-fria-abrite-le-41e-championnat-national\/","title":{"rendered":"Judo: Fria abrite le 41e Championnat National."},"content":{"rendered":"<p>&nbsp;<\/p>\n<p>La 41\u00e8me \u00e9dition du championnat national de judo a d\u00e9but\u00e9 ce vendredi 16 d\u00e9cembre dans la ville d&rsquo;alumine de Fria. Plusieurs clubs de la capitale et de l&rsquo;int\u00e9rieur du pays sont pr\u00e9sents \u00e0 ce rendez-vous du sport de combat avec la participation de plus de 200 athl\u00e8tes en fille et gar\u00e7on.<\/p>\n<p>Pour le coup d&rsquo;envoi de la comp\u00e9tition, les cat\u00e9gories d&rsquo;\u00e2ge minimes et juniors ont combattu dans les diff\u00e9rentes cat\u00e9gories de poids en individuels.<\/p>\n<p>Les combats se sont poursuivis ce samedi pour le compte de la 2e journ\u00e9e dans l&rsquo;enceinte de la maison des jeunes de Fria dans toutes les cat\u00e9gories confondues.<br \/>\nPour rappel ce championnat est pr\u00e9sid\u00e9 par le directeur national adjoint des sports et des activit\u00e9s physiques, repr\u00e9sentant du ministre de tutelle. La feguijudo b\u00e9n\u00e9ficie \u00e9galement de l&rsquo;appui technique des experts fran\u00e7ais, Paul DELORMAS et Pedro GHERHES.<\/p>\n<p>Cette comp\u00e9tition prendra fin ce dimanche \u00e0 travers les combats par \u00e9quipe.<\/p>\n<p><strong>Source : F\u00e9d\u00e9ration de Judo de Guin\u00e9e\u00a0<\/strong><\/p>\n","protected":false},"excerpt":{"rendered":"<p>&nbsp; La 41\u00e8me \u00e9dition du championnat national de judo a d\u00e9but\u00e9 ce vendredi 16 d\u00e9cembre dans la ville d&rsquo;alumine de Fria. Plusieurs clubs de la capitale et de l&rsquo;int\u00e9rieur du pays sont pr\u00e9sents \u00e0 ce rendez-vous du sport de combat avec la participation de plus de 200 athl\u00e8tes en fille et gar\u00e7on. Pour le coup [&hellip;]<\/p>\n","protected":false},"author":2,"featured_media":2567,"comment_status":"closed","ping_status":"open","sticky":false,"template":"","format":"standard","meta":{"_jetpack_memberships_contains_paid_content":false,"footnotes":"","jetpack_publicize_message":"","jetpack_publicize_feature_enabled":true,"jetpack_social_post_already_shared":true,"jetpack_social_options":{"image_generator_settings":{"template":"highway","default_image_id":0,"font":"","enabled":false},"version":2}},"categories":[5],"tags":[],"class_list":{"0":"post-2566","1":"post","2":"type-post","3":"status-publish","4":"format-standard","5":"has-post-thumbnail","7":"category-football"},"yoast_head":"<!-- This site is optimized with the Yoast SEO plugin v27.5 - https:\/\/yoast.com\/product\/yoast-seo-wordpress\/ -->\n<title>Judo: Fria abrite le 41e Championnat National. - le regard du sportif<\/title>\n<meta name=\"robots\" content=\"index, follow, max-snippet:-1, max-image-preview:large, max-video-preview:-1\" \/>\n<link rel=\"canonical\" href=\"https:\/\/oeilsportif.info\/index.php\/judo-fria-abrite-le-41e-championnat-national\/\" \/>\n<meta property=\"og:locale\" content=\"fr_FR\" \/>\n<meta property=\"og:type\" content=\"article\" \/>\n<meta property=\"og:title\" content=\"Judo: Fria abrite le 41e Championnat National. - le regard du sportif\" \/>\n<meta property=\"og:description\" content=\"&nbsp; La 41\u00e8me \u00e9dition du championnat national de judo a d\u00e9but\u00e9 ce vendredi 16 d\u00e9cembre dans la ville d&rsquo;alumine de Fria. Plusieurs clubs de la capitale et de l&rsquo;int\u00e9rieur du pays sont pr\u00e9sents \u00e0 ce rendez-vous du sport de combat avec la participation de plus de 200 athl\u00e8tes en fille et gar\u00e7on. Pour le coup [&hellip;]\" \/>\n<meta property=\"og:url\" content=\"https:\/\/oeilsportif.info\/index.php\/judo-fria-abrite-le-41e-championnat-national\/\" \/>\n<meta property=\"og:site_name\" content=\"le regard du sportif\" \/>\n<meta property=\"article:published_time\" content=\"2022-12-18T13:56:01+00:00\" \/>\n<meta property=\"og:image\" content=\"https:\/\/oeilsportif.info\/wp-content\/uploads\/2022\/12\/FB_IMG_1671371515766.jpg\" \/>\n\t<meta property=\"og:image:width\" content=\"1080\" \/>\n\t<meta property=\"og:image:height\" content=\"810\" \/>\n\t<meta property=\"og:image:type\" content=\"image\/jpeg\" \/>\n<meta name=\"author\" content=\"L&#039;Equipe de la R\u00e9daction\" \/>\n<meta name=\"twitter:label1\" content=\"\u00c9crit par\" \/>\n\t<meta name=\"twitter:data1\" content=\"L&#039;Equipe de la R\u00e9daction\" \/>\n\t<meta name=\"twitter:label2\" content=\"Dur\u00e9e de lecture estim\u00e9e\" \/>\n\t<meta name=\"twitter:data2\" content=\"1 minute\" \/>\n<script type=\"application\/ld+json\" class=\"yoast-schema-graph\">{\"@context\":\"https:\\\/\\\/schema.org\",\"@graph\":[{\"@type\":\"Article\",\"@id\":\"https:\\\/\\\/oeilsportif.info\\\/index.php\\\/judo-fria-abrite-le-41e-championnat-national\\\/#article\",\"isPartOf\":{\"@id\":\"https:\\\/\\\/oeilsportif.info\\\/index.php\\\/judo-fria-abrite-le-41e-championnat-national\\\/\"},\"author\":{\"name\":\"L'Equipe de la R\u00e9daction\",\"@id\":\"https:\\\/\\\/oeilsportif.info\\\/#\\\/schema\\\/person\\\/cfbded294aa6095f7d96608d7905e9a1\"},\"headline\":\"Judo: Fria abrite le 41e Championnat National.\",\"datePublished\":\"2022-12-18T13:56:01+00:00\",\"mainEntityOfPage\":{\"@id\":\"https:\\\/\\\/oeilsportif.info\\\/index.php\\\/judo-fria-abrite-le-41e-championnat-national\\\/\"},\"wordCount\":189,\"image\":{\"@id\":\"https:\\\/\\\/oeilsportif.info\\\/index.php\\\/judo-fria-abrite-le-41e-championnat-national\\\/#primaryimage\"},\"thumbnailUrl\":\"https:\\\/\\\/i0.wp.com\\\/oeilsportif.info\\\/wp-content\\\/uploads\\\/2022\\\/12\\\/FB_IMG_1671371515766.jpg?fit=1080%2C810&ssl=1\",\"articleSection\":[\"Football\"],\"inLanguage\":\"fr-FR\"},{\"@type\":\"WebPage\",\"@id\":\"https:\\\/\\\/oeilsportif.info\\\/index.php\\\/judo-fria-abrite-le-41e-championnat-national\\\/\",\"url\":\"https:\\\/\\\/oeilsportif.info\\\/index.php\\\/judo-fria-abrite-le-41e-championnat-national\\\/\",\"name\":\"Judo: Fria abrite le 41e Championnat National. - le regard du sportif\",\"isPartOf\":{\"@id\":\"https:\\\/\\\/oeilsportif.info\\\/#website\"},\"primaryImageOfPage\":{\"@id\":\"https:\\\/\\\/oeilsportif.info\\\/index.php\\\/judo-fria-abrite-le-41e-championnat-national\\\/#primaryimage\"},\"image\":{\"@id\":\"https:\\\/\\\/oeilsportif.info\\\/index.php\\\/judo-fria-abrite-le-41e-championnat-national\\\/#primaryimage\"},\"thumbnailUrl\":\"https:\\\/\\\/i0.wp.com\\\/oeilsportif.info\\\/wp-content\\\/uploads\\\/2022\\\/12\\\/FB_IMG_1671371515766.jpg?fit=1080%2C810&ssl=1\",\"datePublished\":\"2022-12-18T13:56:01+00:00\",\"author\":{\"@id\":\"https:\\\/\\\/oeilsportif.info\\\/#\\\/schema\\\/person\\\/cfbded294aa6095f7d96608d7905e9a1\"},\"inLanguage\":\"fr-FR\",\"potentialAction\":[{\"@type\":\"ReadAction\",\"target\":[\"https:\\\/\\\/oeilsportif.info\\\/index.php\\\/judo-fria-abrite-le-41e-championnat-national\\\/\"]}]},{\"@type\":\"ImageObject\",\"inLanguage\":\"fr-FR\",\"@id\":\"https:\\\/\\\/oeilsportif.info\\\/index.php\\\/judo-fria-abrite-le-41e-championnat-national\\\/#primaryimage\",\"url\":\"https:\\\/\\\/i0.wp.com\\\/oeilsportif.info\\\/wp-content\\\/uploads\\\/2022\\\/12\\\/FB_IMG_1671371515766.jpg?fit=1080%2C810&ssl=1\",\"contentUrl\":\"https:\\\/\\\/i0.wp.com\\\/oeilsportif.info\\\/wp-content\\\/uploads\\\/2022\\\/12\\\/FB_IMG_1671371515766.jpg?fit=1080%2C810&ssl=1\",\"width\":1080,\"height\":810},{\"@type\":\"WebSite\",\"@id\":\"https:\\\/\\\/oeilsportif.info\\\/#website\",\"url\":\"https:\\\/\\\/oeilsportif.info\\\/\",\"name\":\"le regard du sportif\",\"description\":\"\",\"potentialAction\":[{\"@type\":\"SearchAction\",\"target\":{\"@type\":\"EntryPoint\",\"urlTemplate\":\"https:\\\/\\\/oeilsportif.info\\\/?s={search_term_string}\"},\"query-input\":{\"@type\":\"PropertyValueSpecification\",\"valueRequired\":true,\"valueName\":\"search_term_string\"}}],\"inLanguage\":\"fr-FR\"},{\"@type\":\"Person\",\"@id\":\"https:\\\/\\\/oeilsportif.info\\\/#\\\/schema\\\/person\\\/cfbded294aa6095f7d96608d7905e9a1\",\"name\":\"L'Equipe de la R\u00e9daction\",\"image\":{\"@type\":\"ImageObject\",\"inLanguage\":\"fr-FR\",\"@id\":\"https:\\\/\\\/oeilsportif.info\\\/wp-content\\\/uploads\\\/2025\\\/07\\\/cropped-cropped-logo-os-96x96.jpeg\",\"url\":\"https:\\\/\\\/oeilsportif.info\\\/wp-content\\\/uploads\\\/2025\\\/07\\\/cropped-cropped-logo-os-96x96.jpeg\",\"contentUrl\":\"https:\\\/\\\/oeilsportif.info\\\/wp-content\\\/uploads\\\/2025\\\/07\\\/cropped-cropped-logo-os-96x96.jpeg\",\"caption\":\"L'Equipe de la R\u00e9daction\"},\"url\":\"https:\\\/\\\/oeilsportif.info\\\/index.php\\\/author\\\/tawel\\\/\"}]}<\/script>\n<!-- \/ Yoast SEO plugin. -->","yoast_head_json":{"title":"Judo: Fria abrite le 41e Championnat National. - le regard du sportif","robots":{"index":"index","follow":"follow","max-snippet":"max-snippet:-1","max-image-preview":"max-image-preview:large","max-video-preview":"max-video-preview:-1"},"canonical":"https:\/\/oeilsportif.info\/index.php\/judo-fria-abrite-le-41e-championnat-national\/","og_locale":"fr_FR","og_type":"article","og_title":"Judo: Fria abrite le 41e Championnat National. - le regard du sportif","og_description":"&nbsp; La 41\u00e8me \u00e9dition du championnat national de judo a d\u00e9but\u00e9 ce vendredi 16 d\u00e9cembre dans la ville d&rsquo;alumine de Fria. Plusieurs clubs de la capitale et de l&rsquo;int\u00e9rieur du pays sont pr\u00e9sents \u00e0 ce rendez-vous du sport de combat avec la participation de plus de 200 athl\u00e8tes en fille et gar\u00e7on. Pour le coup [&hellip;]","og_url":"https:\/\/oeilsportif.info\/index.php\/judo-fria-abrite-le-41e-championnat-national\/","og_site_name":"le regard du sportif","article_published_time":"2022-12-18T13:56:01+00:00","og_image":[{"width":1080,"height":810,"url":"https:\/\/oeilsportif.info\/wp-content\/uploads\/2022\/12\/FB_IMG_1671371515766.jpg","type":"image\/jpeg"}],"author":"L'Equipe de la R\u00e9daction","twitter_misc":{"\u00c9crit par":"L'Equipe de la R\u00e9daction","Dur\u00e9e de lecture estim\u00e9e":"1 minute"},"schema":{"@context":"https:\/\/schema.org","@graph":[{"@type":"Article","@id":"https:\/\/oeilsportif.info\/index.php\/judo-fria-abrite-le-41e-championnat-national\/#article","isPartOf":{"@id":"https:\/\/oeilsportif.info\/index.php\/judo-fria-abrite-le-41e-championnat-national\/"},"author":{"name":"L'Equipe de la R\u00e9daction","@id":"https:\/\/oeilsportif.info\/#\/schema\/person\/cfbded294aa6095f7d96608d7905e9a1"},"headline":"Judo: Fria abrite le 41e Championnat National.","datePublished":"2022-12-18T13:56:01+00:00","mainEntityOfPage":{"@id":"https:\/\/oeilsportif.info\/index.php\/judo-fria-abrite-le-41e-championnat-national\/"},"wordCount":189,"image":{"@id":"https:\/\/oeilsportif.info\/index.php\/judo-fria-abrite-le-41e-championnat-national\/#primaryimage"},"thumbnailUrl":"https:\/\/i0.wp.com\/oeilsportif.info\/wp-content\/uploads\/2022\/12\/FB_IMG_1671371515766.jpg?fit=1080%2C810&ssl=1","articleSection":["Football"],"inLanguage":"fr-FR"},{"@type":"WebPage","@id":"https:\/\/oeilsportif.info\/index.php\/judo-fria-abrite-le-41e-championnat-national\/","url":"https:\/\/oeilsportif.info\/index.php\/judo-fria-abrite-le-41e-championnat-national\/","name":"Judo: Fria abrite le 41e Championnat National. - le regard du sportif","isPartOf":{"@id":"https:\/\/oeilsportif.info\/#website"},"primaryImageOfPage":{"@id":"https:\/\/oeilsportif.info\/index.php\/judo-fria-abrite-le-41e-championnat-national\/#primaryimage"},"image":{"@id":"https:\/\/oeilsportif.info\/index.php\/judo-fria-abrite-le-41e-championnat-national\/#primaryimage"},"thumbnailUrl":"https:\/\/i0.wp.com\/oeilsportif.info\/wp-content\/uploads\/2022\/12\/FB_IMG_1671371515766.jpg?fit=1080%2C810&ssl=1","datePublished":"2022-12-18T13:56:01+00:00","author":{"@id":"https:\/\/oeilsportif.info\/#\/schema\/person\/cfbded294aa6095f7d96608d7905e9a1"},"inLanguage":"fr-FR","potentialAction":[{"@type":"ReadAction","target":["https:\/\/oeilsportif.info\/index.php\/judo-fria-abrite-le-41e-championnat-national\/"]}]},{"@type":"ImageObject","inLanguage":"fr-FR","@id":"https:\/\/oeilsportif.info\/index.php\/judo-fria-abrite-le-41e-championnat-national\/#primaryimage","url":"https:\/\/i0.wp.com\/oeilsportif.info\/wp-content\/uploads\/2022\/12\/FB_IMG_1671371515766.jpg?fit=1080%2C810&ssl=1","contentUrl":"https:\/\/i0.wp.com\/oeilsportif.info\/wp-content\/uploads\/2022\/12\/FB_IMG_1671371515766.jpg?fit=1080%2C810&ssl=1","width":1080,"height":810},{"@type":"WebSite","@id":"https:\/\/oeilsportif.info\/#website","url":"https:\/\/oeilsportif.info\/","name":"le regard du sportif","description":"","potentialAction":[{"@type":"SearchAction","target":{"@type":"EntryPoint","urlTemplate":"https:\/\/oeilsportif.info\/?s={search_term_string}"},"query-input":{"@type":"PropertyValueSpecification","valueRequired":true,"valueName":"search_term_string"}}],"inLanguage":"fr-FR"},{"@type":"Person","@id":"https:\/\/oeilsportif.info\/#\/schema\/person\/cfbded294aa6095f7d96608d7905e9a1","name":"L'Equipe de la R\u00e9daction","image":{"@type":"ImageObject","inLanguage":"fr-FR","@id":"https:\/\/oeilsportif.info\/wp-content\/uploads\/2025\/07\/cropped-cropped-logo-os-96x96.jpeg","url":"https:\/\/oeilsportif.info\/wp-content\/uploads\/2025\/07\/cropped-cropped-logo-os-96x96.jpeg","contentUrl":"https:\/\/oeilsportif.info\/wp-content\/uploads\/2025\/07\/cropped-cropped-logo-os-96x96.jpeg","caption":"L'Equipe de la R\u00e9daction"},"url":"https:\/\/oeilsportif.info\/index.php\/author\/tawel\/"}]}},"jetpack_publicize_connections":[],"jetpack_featured_media_url":"https:\/\/i0.wp.com\/oeilsportif.info\/wp-content\/uploads\/2022\/12\/FB_IMG_1671371515766.jpg?fit=1080%2C810&ssl=1","jetpack-related-posts":[],"jetpack_sharing_enabled":true,"jetpack_likes_enabled":true,"jetpack_shortlink":"https:\/\/wp.me\/pgFE77-Fo","_links":{"self":[{"href":"https:\/\/oeilsportif.info\/index.php\/wp-json\/wp\/v2\/posts\/2566","targetHints":{"allow":["GET"]}}],"collection":[{"href":"https:\/\/oeilsportif.info\/index.php\/wp-json\/wp\/v2\/posts"}],"about":[{"href":"https:\/\/oeilsportif.info\/index.php\/wp-json\/wp\/v2\/types\/post"}],"author":[{"embeddable":true,"href":"https:\/\/oeilsportif.info\/index.php\/wp-json\/wp\/v2\/users\/2"}],"replies":[{"embeddable":true,"href":"https:\/\/oeilsportif.info\/index.php\/wp-json\/wp\/v2\/comments?post=2566"}],"version-history":[{"count":0,"href":"https:\/\/oeilsportif.info\/index.php\/wp-json\/wp\/v2\/posts\/2566\/revisions"}],"wp:featuredmedia":[{"embeddable":true,"href":"https:\/\/oeilsportif.info\/index.php\/wp-json\/wp\/v2\/media\/2567"}],"wp:attachment":[{"href":"https:\/\/oeilsportif.info\/index.php\/wp-json\/wp\/v2\/media?parent=2566"}],"wp:term":[{"taxonomy":"category","embeddable":true,"href":"https:\/\/oeilsportif.info\/index.php\/wp-json\/wp\/v2\/categories?post=2566"},{"taxonomy":"post_tag","embeddable":true,"href":"https:\/\/oeilsportif.info\/index.php\/wp-json\/wp\/v2\/tags?post=2566"}],"curies":[{"name":"wp","href":"https:\/\/api.w.org\/{rel}","templated":true}]}}