{"id":2418,"date":"2022-11-20T23:01:03","date_gmt":"2022-11-20T23:01:03","guid":{"rendered":"https:\/\/oeilsportif.info\/index.php\/?p=2418"},"modified":"2022-11-20T23:01:03","modified_gmt":"2022-11-20T23:01:03","slug":"mondial-qatar-2022-le-message-de-soutien-de-sadio-mane-apres-son-forfait","status":"publish","type":"post","link":"https:\/\/oeilsportif.info\/index.php\/mondial-qatar-2022-le-message-de-soutien-de-sadio-mane-apres-son-forfait\/","title":{"rendered":"Mondial Qatar 2022 : Le message de soutien de Sadio Man\u00e8 apr\u00e8s son forfait"},"content":{"rendered":"<p dir=\"ltr\">Ce lundi 21 novembre 2022 l&rsquo;\u00e9quipe nationale du S\u00e9n\u00e9gal sera oppos\u00e9e \u00e0 celle du Pays Bas. A moins de 24 heures de cette rencontre, Sadio Man\u00e8, capitaine des Lions du S\u00e9n\u00e9gal forfait pour la coupe du monde Qatar 2022 a envoy\u00e9 un message de soutien pour l&rsquo;\u00e9quipe du S\u00e9n\u00e9gal.<\/p>\n<p dir=\"ltr\">D\u00e9couvrez ce message :\u00ab <strong>Bonsoir \u00e0 tous, <\/strong><br \/>\n<strong>Vous \u00e9tiez nombreux \u00e0 m\u2019avoir adress\u00e9 des messages de soutien \u00e0 la suite de ma blessure. Dieu merci, l\u2019op\u00e9ration subie en milieu de semaine s\u2019est bien pass\u00e9e. Je veux profiter de cette occasion pour vous remercier tous et vous t\u00e9moigner ma reconnaissance.<\/strong><\/p>\n<p dir=\"ltr\"><strong>Ce lundi, notre cher pays va entrer en lice dans la Coupe du Monde, Qatar 2022. Je suis sur que les Lions vont se transcender et aborderont tous les matchs comme une vraie finale. Je suis aussi persuad\u00e9 que tous les S\u00e9n\u00e9galais seront devant le petit \u00e9cran pour supporter et encourager notre vaillante \u00e9quipe nationale. Commes tous les inconditionnels de la Tani\u00e8re, je suis convaincu que les co\u00e9quipiers vont se battre comme un seul homme et comme ils ont l\u2019habitude de le faire afin d\u2019honorer notre cher \ud83c\uddf8\ud83c\uddf3<\/strong><br \/>\n<strong>Vive le S\u00e9n\u00e9gal, Allez les \ud83e\udd81\u2665\ufe0f\ud83d\udcaa\ud83c\udffe \u00bb<\/strong><\/p>\n","protected":false},"excerpt":{"rendered":"<p>Ce lundi 21 novembre 2022 l&rsquo;\u00e9quipe nationale du S\u00e9n\u00e9gal sera oppos\u00e9e \u00e0 celle du Pays Bas. A moins de 24 heures de cette rencontre, Sadio Man\u00e8, capitaine des Lions du S\u00e9n\u00e9gal forfait pour la coupe du monde Qatar 2022 a envoy\u00e9 un message de soutien pour l&rsquo;\u00e9quipe du S\u00e9n\u00e9gal. D\u00e9couvrez ce message :\u00ab Bonsoir \u00e0 [&hellip;]<\/p>\n","protected":false},"author":2,"featured_media":2419,"comment_status":"closed","ping_status":"open","sticky":false,"template":"","format":"standard","meta":{"_jetpack_memberships_contains_paid_content":false,"footnotes":"","jetpack_publicize_message":"","jetpack_publicize_feature_enabled":true,"jetpack_social_post_already_shared":true,"jetpack_social_options":{"image_generator_settings":{"template":"highway","default_image_id":0,"font":"","enabled":false},"version":2}},"categories":[5],"tags":[],"class_list":{"0":"post-2418","1":"post","2":"type-post","3":"status-publish","4":"format-standard","5":"has-post-thumbnail","7":"category-football"},"yoast_head":"<!-- This site is optimized with the Yoast SEO plugin v27.4 - https:\/\/yoast.com\/product\/yoast-seo-wordpress\/ -->\n<title>Mondial Qatar 2022 : Le message de soutien de Sadio Man\u00e8 apr\u00e8s son forfait - le regard du sportif<\/title>\n<meta name=\"robots\" content=\"index, follow, max-snippet:-1, max-image-preview:large, max-video-preview:-1\" \/>\n<link rel=\"canonical\" href=\"https:\/\/oeilsportif.info\/index.php\/mondial-qatar-2022-le-message-de-soutien-de-sadio-mane-apres-son-forfait\/\" \/>\n<meta property=\"og:locale\" content=\"fr_FR\" \/>\n<meta property=\"og:type\" content=\"article\" \/>\n<meta property=\"og:title\" content=\"Mondial Qatar 2022 : Le message de soutien de Sadio Man\u00e8 apr\u00e8s son forfait - le regard du sportif\" \/>\n<meta property=\"og:description\" content=\"Ce lundi 21 novembre 2022 l&rsquo;\u00e9quipe nationale du S\u00e9n\u00e9gal sera oppos\u00e9e \u00e0 celle du Pays Bas. A moins de 24 heures de cette rencontre, Sadio Man\u00e8, capitaine des Lions du S\u00e9n\u00e9gal forfait pour la coupe du monde Qatar 2022 a envoy\u00e9 un message de soutien pour l&rsquo;\u00e9quipe du S\u00e9n\u00e9gal. D\u00e9couvrez ce message :\u00ab Bonsoir \u00e0 [&hellip;]\" \/>\n<meta property=\"og:url\" content=\"https:\/\/oeilsportif.info\/index.php\/mondial-qatar-2022-le-message-de-soutien-de-sadio-mane-apres-son-forfait\/\" \/>\n<meta property=\"og:site_name\" content=\"le regard du sportif\" \/>\n<meta property=\"article:published_time\" content=\"2022-11-20T23:01:03+00:00\" \/>\n<meta property=\"og:image\" content=\"https:\/\/oeilsportif.info\/wp-content\/uploads\/2022\/11\/FB_IMG_1668984333794.jpg\" \/>\n\t<meta property=\"og:image:width\" content=\"770\" \/>\n\t<meta property=\"og:image:height\" content=\"960\" \/>\n\t<meta property=\"og:image:type\" content=\"image\/jpeg\" \/>\n<meta name=\"author\" content=\"L&#039;Equipe de la R\u00e9daction\" \/>\n<meta name=\"twitter:label1\" content=\"\u00c9crit par\" \/>\n\t<meta name=\"twitter:data1\" content=\"L&#039;Equipe de la R\u00e9daction\" \/>\n\t<meta name=\"twitter:label2\" content=\"Dur\u00e9e de lecture estim\u00e9e\" \/>\n\t<meta name=\"twitter:data2\" content=\"1 minute\" \/>\n<script type=\"application\/ld+json\" class=\"yoast-schema-graph\">{\"@context\":\"https:\\\/\\\/schema.org\",\"@graph\":[{\"@type\":\"Article\",\"@id\":\"https:\\\/\\\/oeilsportif.info\\\/index.php\\\/mondial-qatar-2022-le-message-de-soutien-de-sadio-mane-apres-son-forfait\\\/#article\",\"isPartOf\":{\"@id\":\"https:\\\/\\\/oeilsportif.info\\\/index.php\\\/mondial-qatar-2022-le-message-de-soutien-de-sadio-mane-apres-son-forfait\\\/\"},\"author\":{\"name\":\"L'Equipe de la R\u00e9daction\",\"@id\":\"https:\\\/\\\/oeilsportif.info\\\/#\\\/schema\\\/person\\\/cfbded294aa6095f7d96608d7905e9a1\"},\"headline\":\"Mondial Qatar 2022 : Le message de soutien de Sadio Man\u00e8 apr\u00e8s son forfait\",\"datePublished\":\"2022-11-20T23:01:03+00:00\",\"mainEntityOfPage\":{\"@id\":\"https:\\\/\\\/oeilsportif.info\\\/index.php\\\/mondial-qatar-2022-le-message-de-soutien-de-sadio-mane-apres-son-forfait\\\/\"},\"wordCount\":217,\"image\":{\"@id\":\"https:\\\/\\\/oeilsportif.info\\\/index.php\\\/mondial-qatar-2022-le-message-de-soutien-de-sadio-mane-apres-son-forfait\\\/#primaryimage\"},\"thumbnailUrl\":\"https:\\\/\\\/i0.wp.com\\\/oeilsportif.info\\\/wp-content\\\/uploads\\\/2022\\\/11\\\/FB_IMG_1668984333794.jpg?fit=770%2C960&ssl=1\",\"articleSection\":[\"Football\"],\"inLanguage\":\"fr-FR\"},{\"@type\":\"WebPage\",\"@id\":\"https:\\\/\\\/oeilsportif.info\\\/index.php\\\/mondial-qatar-2022-le-message-de-soutien-de-sadio-mane-apres-son-forfait\\\/\",\"url\":\"https:\\\/\\\/oeilsportif.info\\\/index.php\\\/mondial-qatar-2022-le-message-de-soutien-de-sadio-mane-apres-son-forfait\\\/\",\"name\":\"Mondial Qatar 2022 : Le message de soutien de Sadio Man\u00e8 apr\u00e8s son forfait - le regard du sportif\",\"isPartOf\":{\"@id\":\"https:\\\/\\\/oeilsportif.info\\\/#website\"},\"primaryImageOfPage\":{\"@id\":\"https:\\\/\\\/oeilsportif.info\\\/index.php\\\/mondial-qatar-2022-le-message-de-soutien-de-sadio-mane-apres-son-forfait\\\/#primaryimage\"},\"image\":{\"@id\":\"https:\\\/\\\/oeilsportif.info\\\/index.php\\\/mondial-qatar-2022-le-message-de-soutien-de-sadio-mane-apres-son-forfait\\\/#primaryimage\"},\"thumbnailUrl\":\"https:\\\/\\\/i0.wp.com\\\/oeilsportif.info\\\/wp-content\\\/uploads\\\/2022\\\/11\\\/FB_IMG_1668984333794.jpg?fit=770%2C960&ssl=1\",\"datePublished\":\"2022-11-20T23:01:03+00:00\",\"author\":{\"@id\":\"https:\\\/\\\/oeilsportif.info\\\/#\\\/schema\\\/person\\\/cfbded294aa6095f7d96608d7905e9a1\"},\"inLanguage\":\"fr-FR\",\"potentialAction\":[{\"@type\":\"ReadAction\",\"target\":[\"https:\\\/\\\/oeilsportif.info\\\/index.php\\\/mondial-qatar-2022-le-message-de-soutien-de-sadio-mane-apres-son-forfait\\\/\"]}]},{\"@type\":\"ImageObject\",\"inLanguage\":\"fr-FR\",\"@id\":\"https:\\\/\\\/oeilsportif.info\\\/index.php\\\/mondial-qatar-2022-le-message-de-soutien-de-sadio-mane-apres-son-forfait\\\/#primaryimage\",\"url\":\"https:\\\/\\\/i0.wp.com\\\/oeilsportif.info\\\/wp-content\\\/uploads\\\/2022\\\/11\\\/FB_IMG_1668984333794.jpg?fit=770%2C960&ssl=1\",\"contentUrl\":\"https:\\\/\\\/i0.wp.com\\\/oeilsportif.info\\\/wp-content\\\/uploads\\\/2022\\\/11\\\/FB_IMG_1668984333794.jpg?fit=770%2C960&ssl=1\",\"width\":770,\"height\":960},{\"@type\":\"WebSite\",\"@id\":\"https:\\\/\\\/oeilsportif.info\\\/#website\",\"url\":\"https:\\\/\\\/oeilsportif.info\\\/\",\"name\":\"le regard du sportif\",\"description\":\"\",\"potentialAction\":[{\"@type\":\"SearchAction\",\"target\":{\"@type\":\"EntryPoint\",\"urlTemplate\":\"https:\\\/\\\/oeilsportif.info\\\/?s={search_term_string}\"},\"query-input\":{\"@type\":\"PropertyValueSpecification\",\"valueRequired\":true,\"valueName\":\"search_term_string\"}}],\"inLanguage\":\"fr-FR\"},{\"@type\":\"Person\",\"@id\":\"https:\\\/\\\/oeilsportif.info\\\/#\\\/schema\\\/person\\\/cfbded294aa6095f7d96608d7905e9a1\",\"name\":\"L'Equipe de la R\u00e9daction\",\"image\":{\"@type\":\"ImageObject\",\"inLanguage\":\"fr-FR\",\"@id\":\"https:\\\/\\\/oeilsportif.info\\\/wp-content\\\/uploads\\\/2025\\\/07\\\/cropped-cropped-logo-os-96x96.jpeg\",\"url\":\"https:\\\/\\\/oeilsportif.info\\\/wp-content\\\/uploads\\\/2025\\\/07\\\/cropped-cropped-logo-os-96x96.jpeg\",\"contentUrl\":\"https:\\\/\\\/oeilsportif.info\\\/wp-content\\\/uploads\\\/2025\\\/07\\\/cropped-cropped-logo-os-96x96.jpeg\",\"caption\":\"L'Equipe de la R\u00e9daction\"},\"url\":\"https:\\\/\\\/oeilsportif.info\\\/index.php\\\/author\\\/tawel\\\/\"}]}<\/script>\n<!-- \/ Yoast SEO plugin. -->","yoast_head_json":{"title":"Mondial Qatar 2022 : Le message de soutien de Sadio Man\u00e8 apr\u00e8s son forfait - le regard du sportif","robots":{"index":"index","follow":"follow","max-snippet":"max-snippet:-1","max-image-preview":"max-image-preview:large","max-video-preview":"max-video-preview:-1"},"canonical":"https:\/\/oeilsportif.info\/index.php\/mondial-qatar-2022-le-message-de-soutien-de-sadio-mane-apres-son-forfait\/","og_locale":"fr_FR","og_type":"article","og_title":"Mondial Qatar 2022 : Le message de soutien de Sadio Man\u00e8 apr\u00e8s son forfait - le regard du sportif","og_description":"Ce lundi 21 novembre 2022 l&rsquo;\u00e9quipe nationale du S\u00e9n\u00e9gal sera oppos\u00e9e \u00e0 celle du Pays Bas. A moins de 24 heures de cette rencontre, Sadio Man\u00e8, capitaine des Lions du S\u00e9n\u00e9gal forfait pour la coupe du monde Qatar 2022 a envoy\u00e9 un message de soutien pour l&rsquo;\u00e9quipe du S\u00e9n\u00e9gal. D\u00e9couvrez ce message :\u00ab Bonsoir \u00e0 [&hellip;]","og_url":"https:\/\/oeilsportif.info\/index.php\/mondial-qatar-2022-le-message-de-soutien-de-sadio-mane-apres-son-forfait\/","og_site_name":"le regard du sportif","article_published_time":"2022-11-20T23:01:03+00:00","og_image":[{"width":770,"height":960,"url":"https:\/\/oeilsportif.info\/wp-content\/uploads\/2022\/11\/FB_IMG_1668984333794.jpg","type":"image\/jpeg"}],"author":"L'Equipe de la R\u00e9daction","twitter_misc":{"\u00c9crit par":"L'Equipe de la R\u00e9daction","Dur\u00e9e de lecture estim\u00e9e":"1 minute"},"schema":{"@context":"https:\/\/schema.org","@graph":[{"@type":"Article","@id":"https:\/\/oeilsportif.info\/index.php\/mondial-qatar-2022-le-message-de-soutien-de-sadio-mane-apres-son-forfait\/#article","isPartOf":{"@id":"https:\/\/oeilsportif.info\/index.php\/mondial-qatar-2022-le-message-de-soutien-de-sadio-mane-apres-son-forfait\/"},"author":{"name":"L'Equipe de la R\u00e9daction","@id":"https:\/\/oeilsportif.info\/#\/schema\/person\/cfbded294aa6095f7d96608d7905e9a1"},"headline":"Mondial Qatar 2022 : Le message de soutien de Sadio Man\u00e8 apr\u00e8s son forfait","datePublished":"2022-11-20T23:01:03+00:00","mainEntityOfPage":{"@id":"https:\/\/oeilsportif.info\/index.php\/mondial-qatar-2022-le-message-de-soutien-de-sadio-mane-apres-son-forfait\/"},"wordCount":217,"image":{"@id":"https:\/\/oeilsportif.info\/index.php\/mondial-qatar-2022-le-message-de-soutien-de-sadio-mane-apres-son-forfait\/#primaryimage"},"thumbnailUrl":"https:\/\/i0.wp.com\/oeilsportif.info\/wp-content\/uploads\/2022\/11\/FB_IMG_1668984333794.jpg?fit=770%2C960&ssl=1","articleSection":["Football"],"inLanguage":"fr-FR"},{"@type":"WebPage","@id":"https:\/\/oeilsportif.info\/index.php\/mondial-qatar-2022-le-message-de-soutien-de-sadio-mane-apres-son-forfait\/","url":"https:\/\/oeilsportif.info\/index.php\/mondial-qatar-2022-le-message-de-soutien-de-sadio-mane-apres-son-forfait\/","name":"Mondial Qatar 2022 : Le message de soutien de Sadio Man\u00e8 apr\u00e8s son forfait - le regard du sportif","isPartOf":{"@id":"https:\/\/oeilsportif.info\/#website"},"primaryImageOfPage":{"@id":"https:\/\/oeilsportif.info\/index.php\/mondial-qatar-2022-le-message-de-soutien-de-sadio-mane-apres-son-forfait\/#primaryimage"},"image":{"@id":"https:\/\/oeilsportif.info\/index.php\/mondial-qatar-2022-le-message-de-soutien-de-sadio-mane-apres-son-forfait\/#primaryimage"},"thumbnailUrl":"https:\/\/i0.wp.com\/oeilsportif.info\/wp-content\/uploads\/2022\/11\/FB_IMG_1668984333794.jpg?fit=770%2C960&ssl=1","datePublished":"2022-11-20T23:01:03+00:00","author":{"@id":"https:\/\/oeilsportif.info\/#\/schema\/person\/cfbded294aa6095f7d96608d7905e9a1"},"inLanguage":"fr-FR","potentialAction":[{"@type":"ReadAction","target":["https:\/\/oeilsportif.info\/index.php\/mondial-qatar-2022-le-message-de-soutien-de-sadio-mane-apres-son-forfait\/"]}]},{"@type":"ImageObject","inLanguage":"fr-FR","@id":"https:\/\/oeilsportif.info\/index.php\/mondial-qatar-2022-le-message-de-soutien-de-sadio-mane-apres-son-forfait\/#primaryimage","url":"https:\/\/i0.wp.com\/oeilsportif.info\/wp-content\/uploads\/2022\/11\/FB_IMG_1668984333794.jpg?fit=770%2C960&ssl=1","contentUrl":"https:\/\/i0.wp.com\/oeilsportif.info\/wp-content\/uploads\/2022\/11\/FB_IMG_1668984333794.jpg?fit=770%2C960&ssl=1","width":770,"height":960},{"@type":"WebSite","@id":"https:\/\/oeilsportif.info\/#website","url":"https:\/\/oeilsportif.info\/","name":"le regard du sportif","description":"","potentialAction":[{"@type":"SearchAction","target":{"@type":"EntryPoint","urlTemplate":"https:\/\/oeilsportif.info\/?s={search_term_string}"},"query-input":{"@type":"PropertyValueSpecification","valueRequired":true,"valueName":"search_term_string"}}],"inLanguage":"fr-FR"},{"@type":"Person","@id":"https:\/\/oeilsportif.info\/#\/schema\/person\/cfbded294aa6095f7d96608d7905e9a1","name":"L'Equipe de la R\u00e9daction","image":{"@type":"ImageObject","inLanguage":"fr-FR","@id":"https:\/\/oeilsportif.info\/wp-content\/uploads\/2025\/07\/cropped-cropped-logo-os-96x96.jpeg","url":"https:\/\/oeilsportif.info\/wp-content\/uploads\/2025\/07\/cropped-cropped-logo-os-96x96.jpeg","contentUrl":"https:\/\/oeilsportif.info\/wp-content\/uploads\/2025\/07\/cropped-cropped-logo-os-96x96.jpeg","caption":"L'Equipe de la R\u00e9daction"},"url":"https:\/\/oeilsportif.info\/index.php\/author\/tawel\/"}]}},"jetpack_publicize_connections":[],"jetpack_featured_media_url":"https:\/\/i0.wp.com\/oeilsportif.info\/wp-content\/uploads\/2022\/11\/FB_IMG_1668984333794.jpg?fit=770%2C960&ssl=1","jetpack-related-posts":[],"jetpack_sharing_enabled":true,"jetpack_likes_enabled":true,"jetpack_shortlink":"https:\/\/wp.me\/pgFE77-D0","_links":{"self":[{"href":"https:\/\/oeilsportif.info\/index.php\/wp-json\/wp\/v2\/posts\/2418","targetHints":{"allow":["GET"]}}],"collection":[{"href":"https:\/\/oeilsportif.info\/index.php\/wp-json\/wp\/v2\/posts"}],"about":[{"href":"https:\/\/oeilsportif.info\/index.php\/wp-json\/wp\/v2\/types\/post"}],"author":[{"embeddable":true,"href":"https:\/\/oeilsportif.info\/index.php\/wp-json\/wp\/v2\/users\/2"}],"replies":[{"embeddable":true,"href":"https:\/\/oeilsportif.info\/index.php\/wp-json\/wp\/v2\/comments?post=2418"}],"version-history":[{"count":0,"href":"https:\/\/oeilsportif.info\/index.php\/wp-json\/wp\/v2\/posts\/2418\/revisions"}],"wp:featuredmedia":[{"embeddable":true,"href":"https:\/\/oeilsportif.info\/index.php\/wp-json\/wp\/v2\/media\/2419"}],"wp:attachment":[{"href":"https:\/\/oeilsportif.info\/index.php\/wp-json\/wp\/v2\/media?parent=2418"}],"wp:term":[{"taxonomy":"category","embeddable":true,"href":"https:\/\/oeilsportif.info\/index.php\/wp-json\/wp\/v2\/categories?post=2418"},{"taxonomy":"post_tag","embeddable":true,"href":"https:\/\/oeilsportif.info\/index.php\/wp-json\/wp\/v2\/tags?post=2418"}],"curies":[{"name":"wp","href":"https:\/\/api.w.org\/{rel}","templated":true}]}}