{"id":241,"date":"2022-05-05T15:45:25","date_gmt":"2022-05-05T15:45:25","guid":{"rendered":"https:\/\/oeilsportif.info\/index.php\/kaba-diawara-reconduit-a-la-tete-du-syli-national-par-le-conor\/"},"modified":"2022-05-09T21:25:01","modified_gmt":"2022-05-09T21:25:01","slug":"kaba-diawara-reconduit-a-la-tete-du-syli-national-par-le-conor","status":"publish","type":"post","link":"https:\/\/oeilsportif.info\/index.php\/kaba-diawara-reconduit-a-la-tete-du-syli-national-par-le-conor\/","title":{"rendered":"Kaba Diawara reconduit \u00e0 la t\u00eate du Syli National par le Conor ! |"},"content":{"rendered":"<p><\/p>\n<div>\n<div class=\"td-post-featured-image\"><a href=\"https:\/\/sportsechos.net\/wp-content\/uploads\/2022\/04\/16494181333522.jpg\" data-caption=\"\"><\/a><\/div>\n<aside class=\"mashsb-container mashsb-main mashsb-stretched\">\n                <\/aside>\n<p><!-- Share buttons by mashshare.net - Version: 3.7.9--><\/p>\n<p><strong>Nomm\u00e9 en octobre 2021 et limog\u00e9 apr\u00e8s l\u2019\u00e9limination \u00e0 la derni\u00e8re CAN 2021 au Cameroun, par la Gambie (0-1) lors des 8es de finale, Kaba Diawara vient d\u2019\u00eatre \u00e9lu nouvel entra\u00eeneur du Syli National de Guin\u00e9e par le comit\u00e9 de normalisation (Conor). Cette officialisation a eu lieu ce jeudi, 21 avril 2022 au si\u00e8ge de la f\u00e9d\u00e9ration guin\u00e9enne de football \u00e0 travers une conf\u00e9rence de presse.<\/strong><\/p>\n<p>L\u2019ex international guin\u00e9en et quart de finaliste de 2006 avec le Syli \u00e9tant attaquant buteur face au S\u00e9n\u00e9gal (2-3), Kaba Diawara s\u2019est engag\u00e9 pour deux (2) ans avec la qualification de la Guin\u00e9e \u00e0 la CAN 2023 en C\u00f4te d\u2019Ivoire, comme objectif.<br \/>A rappeler que, l\u2019ancien adjoint du technicien fran\u00e7ais Didier Six, aura fort \u00e0 faire avec l\u2019\u00c9gypte, l\u2019\u00c9thiopie et le Malawi qu\u2019il a d\u00e9j\u00e0 affront\u00e9 en janvier dernier, dans le groupe D lors \u00e9liminatoires pour la prochaine CAN en C\u00f4te d\u2019Ivoire.<\/p>\n<p>Mohamed Diakit\u00e9.<\/p>\n<\/p><\/div>\n","protected":false},"excerpt":{"rendered":"<p>Nomm\u00e9 en octobre 2021 et limog\u00e9 apr\u00e8s l\u2019\u00e9limination \u00e0 la derni\u00e8re CAN 2021 au Cameroun, par la Gambie (0-1) lors des 8es de finale, Kaba Diawara vient d\u2019\u00eatre \u00e9lu nouvel entra\u00eeneur du Syli National de Guin\u00e9e par le comit\u00e9 de normalisation (Conor). Cette officialisation a eu lieu ce jeudi, 21 avril 2022 au si\u00e8ge de [&hellip;]<\/p>\n","protected":false},"author":2,"featured_media":242,"comment_status":"closed","ping_status":"open","sticky":false,"template":"","format":"standard","meta":{"_jetpack_memberships_contains_paid_content":false,"footnotes":"","jetpack_publicize_message":"","jetpack_publicize_feature_enabled":true,"jetpack_social_post_already_shared":false,"jetpack_social_options":{"image_generator_settings":{"template":"highway","default_image_id":0,"font":"","enabled":false},"version":2}},"categories":[10,11,7,8,3,5,6,9,1,20],"tags":[],"class_list":{"0":"post-241","1":"post","2":"type-post","3":"status-publish","4":"format-standard","5":"has-post-thumbnail","7":"category-actualite","8":"category-athletisme","9":"category-basketball","10":"category-cyclisme","11":"category-featured","12":"category-football","13":"category-handball","14":"category-handisport","15":"category-non-classe","16":"category-video"},"yoast_head":"<!-- This site is optimized with the Yoast SEO plugin v27.5 - https:\/\/yoast.com\/product\/yoast-seo-wordpress\/ -->\n<title>Kaba Diawara reconduit \u00e0 la t\u00eate du Syli National par le Conor ! | - le regard du sportif<\/title>\n<meta name=\"robots\" content=\"index, follow, max-snippet:-1, max-image-preview:large, max-video-preview:-1\" \/>\n<link rel=\"canonical\" href=\"https:\/\/oeilsportif.info\/index.php\/kaba-diawara-reconduit-a-la-tete-du-syli-national-par-le-conor\/\" \/>\n<meta property=\"og:locale\" content=\"fr_FR\" \/>\n<meta property=\"og:type\" content=\"article\" \/>\n<meta property=\"og:title\" content=\"Kaba Diawara reconduit \u00e0 la t\u00eate du Syli National par le Conor ! | - le regard du sportif\" \/>\n<meta property=\"og:description\" content=\"Nomm\u00e9 en octobre 2021 et limog\u00e9 apr\u00e8s l\u2019\u00e9limination \u00e0 la derni\u00e8re CAN 2021 au Cameroun, par la Gambie (0-1) lors des 8es de finale, Kaba Diawara vient d\u2019\u00eatre \u00e9lu nouvel entra\u00eeneur du Syli National de Guin\u00e9e par le comit\u00e9 de normalisation (Conor). Cette officialisation a eu lieu ce jeudi, 21 avril 2022 au si\u00e8ge de [&hellip;]\" \/>\n<meta property=\"og:url\" content=\"https:\/\/oeilsportif.info\/index.php\/kaba-diawara-reconduit-a-la-tete-du-syli-national-par-le-conor\/\" \/>\n<meta property=\"og:site_name\" content=\"le regard du sportif\" \/>\n<meta property=\"article:published_time\" content=\"2022-05-05T15:45:25+00:00\" \/>\n<meta property=\"article:modified_time\" content=\"2022-05-09T21:25:01+00:00\" \/>\n<meta property=\"og:image\" content=\"https:\/\/oeilsportif.info\/wp-content\/uploads\/2022\/05\/Kaba-Diawara-reconduit-a-la-tete-du-Syli-National-par.jpg\" \/>\n\t<meta property=\"og:image:width\" content=\"540\" \/>\n\t<meta property=\"og:image:height\" content=\"447\" \/>\n\t<meta property=\"og:image:type\" content=\"image\/jpeg\" \/>\n<meta name=\"author\" content=\"L&#039;Equipe de la R\u00e9daction\" \/>\n<meta name=\"twitter:label1\" content=\"\u00c9crit par\" \/>\n\t<meta name=\"twitter:data1\" content=\"L&#039;Equipe de la R\u00e9daction\" \/>\n\t<meta name=\"twitter:label2\" content=\"Dur\u00e9e de lecture estim\u00e9e\" \/>\n\t<meta name=\"twitter:data2\" content=\"1 minute\" \/>\n<script type=\"application\/ld+json\" class=\"yoast-schema-graph\">{\"@context\":\"https:\\\/\\\/schema.org\",\"@graph\":[{\"@type\":\"Article\",\"@id\":\"https:\\\/\\\/oeilsportif.info\\\/index.php\\\/kaba-diawara-reconduit-a-la-tete-du-syli-national-par-le-conor\\\/#article\",\"isPartOf\":{\"@id\":\"https:\\\/\\\/oeilsportif.info\\\/index.php\\\/kaba-diawara-reconduit-a-la-tete-du-syli-national-par-le-conor\\\/\"},\"author\":{\"name\":\"L'Equipe de la R\u00e9daction\",\"@id\":\"https:\\\/\\\/oeilsportif.info\\\/#\\\/schema\\\/person\\\/cfbded294aa6095f7d96608d7905e9a1\"},\"headline\":\"Kaba Diawara reconduit \u00e0 la t\u00eate du Syli National par le Conor ! |\",\"datePublished\":\"2022-05-05T15:45:25+00:00\",\"dateModified\":\"2022-05-09T21:25:01+00:00\",\"mainEntityOfPage\":{\"@id\":\"https:\\\/\\\/oeilsportif.info\\\/index.php\\\/kaba-diawara-reconduit-a-la-tete-du-syli-national-par-le-conor\\\/\"},\"wordCount\":178,\"image\":{\"@id\":\"https:\\\/\\\/oeilsportif.info\\\/index.php\\\/kaba-diawara-reconduit-a-la-tete-du-syli-national-par-le-conor\\\/#primaryimage\"},\"thumbnailUrl\":\"https:\\\/\\\/i0.wp.com\\\/oeilsportif.info\\\/wp-content\\\/uploads\\\/2022\\\/05\\\/Kaba-Diawara-reconduit-a-la-tete-du-Syli-National-par.jpg?fit=540%2C447&ssl=1\",\"articleSection\":{\"0\":\"Actualit\u00e9\",\"1\":\"Athl\u00e9tisme\",\"2\":\"Basketball\",\"3\":\"Cyclisme\",\"4\":\"Featured\",\"5\":\"Football\",\"6\":\"Handball\",\"7\":\"Handisport\",\"9\":\"Video\"},\"inLanguage\":\"fr-FR\"},{\"@type\":\"WebPage\",\"@id\":\"https:\\\/\\\/oeilsportif.info\\\/index.php\\\/kaba-diawara-reconduit-a-la-tete-du-syli-national-par-le-conor\\\/\",\"url\":\"https:\\\/\\\/oeilsportif.info\\\/index.php\\\/kaba-diawara-reconduit-a-la-tete-du-syli-national-par-le-conor\\\/\",\"name\":\"Kaba Diawara reconduit \u00e0 la t\u00eate du Syli National par le Conor ! | - le regard du sportif\",\"isPartOf\":{\"@id\":\"https:\\\/\\\/oeilsportif.info\\\/#website\"},\"primaryImageOfPage\":{\"@id\":\"https:\\\/\\\/oeilsportif.info\\\/index.php\\\/kaba-diawara-reconduit-a-la-tete-du-syli-national-par-le-conor\\\/#primaryimage\"},\"image\":{\"@id\":\"https:\\\/\\\/oeilsportif.info\\\/index.php\\\/kaba-diawara-reconduit-a-la-tete-du-syli-national-par-le-conor\\\/#primaryimage\"},\"thumbnailUrl\":\"https:\\\/\\\/i0.wp.com\\\/oeilsportif.info\\\/wp-content\\\/uploads\\\/2022\\\/05\\\/Kaba-Diawara-reconduit-a-la-tete-du-Syli-National-par.jpg?fit=540%2C447&ssl=1\",\"datePublished\":\"2022-05-05T15:45:25+00:00\",\"dateModified\":\"2022-05-09T21:25:01+00:00\",\"author\":{\"@id\":\"https:\\\/\\\/oeilsportif.info\\\/#\\\/schema\\\/person\\\/cfbded294aa6095f7d96608d7905e9a1\"},\"inLanguage\":\"fr-FR\",\"potentialAction\":[{\"@type\":\"ReadAction\",\"target\":[\"https:\\\/\\\/oeilsportif.info\\\/index.php\\\/kaba-diawara-reconduit-a-la-tete-du-syli-national-par-le-conor\\\/\"]}]},{\"@type\":\"ImageObject\",\"inLanguage\":\"fr-FR\",\"@id\":\"https:\\\/\\\/oeilsportif.info\\\/index.php\\\/kaba-diawara-reconduit-a-la-tete-du-syli-national-par-le-conor\\\/#primaryimage\",\"url\":\"https:\\\/\\\/i0.wp.com\\\/oeilsportif.info\\\/wp-content\\\/uploads\\\/2022\\\/05\\\/Kaba-Diawara-reconduit-a-la-tete-du-Syli-National-par.jpg?fit=540%2C447&ssl=1\",\"contentUrl\":\"https:\\\/\\\/i0.wp.com\\\/oeilsportif.info\\\/wp-content\\\/uploads\\\/2022\\\/05\\\/Kaba-Diawara-reconduit-a-la-tete-du-Syli-National-par.jpg?fit=540%2C447&ssl=1\",\"width\":540,\"height\":447},{\"@type\":\"WebSite\",\"@id\":\"https:\\\/\\\/oeilsportif.info\\\/#website\",\"url\":\"https:\\\/\\\/oeilsportif.info\\\/\",\"name\":\"le regard du sportif\",\"description\":\"\",\"potentialAction\":[{\"@type\":\"SearchAction\",\"target\":{\"@type\":\"EntryPoint\",\"urlTemplate\":\"https:\\\/\\\/oeilsportif.info\\\/?s={search_term_string}\"},\"query-input\":{\"@type\":\"PropertyValueSpecification\",\"valueRequired\":true,\"valueName\":\"search_term_string\"}}],\"inLanguage\":\"fr-FR\"},{\"@type\":\"Person\",\"@id\":\"https:\\\/\\\/oeilsportif.info\\\/#\\\/schema\\\/person\\\/cfbded294aa6095f7d96608d7905e9a1\",\"name\":\"L'Equipe de la R\u00e9daction\",\"image\":{\"@type\":\"ImageObject\",\"inLanguage\":\"fr-FR\",\"@id\":\"https:\\\/\\\/oeilsportif.info\\\/wp-content\\\/uploads\\\/2025\\\/07\\\/cropped-cropped-logo-os-96x96.jpeg\",\"url\":\"https:\\\/\\\/oeilsportif.info\\\/wp-content\\\/uploads\\\/2025\\\/07\\\/cropped-cropped-logo-os-96x96.jpeg\",\"contentUrl\":\"https:\\\/\\\/oeilsportif.info\\\/wp-content\\\/uploads\\\/2025\\\/07\\\/cropped-cropped-logo-os-96x96.jpeg\",\"caption\":\"L'Equipe de la R\u00e9daction\"},\"url\":\"https:\\\/\\\/oeilsportif.info\\\/index.php\\\/author\\\/tawel\\\/\"}]}<\/script>\n<!-- \/ Yoast SEO plugin. -->","yoast_head_json":{"title":"Kaba Diawara reconduit \u00e0 la t\u00eate du Syli National par le Conor ! | - le regard du sportif","robots":{"index":"index","follow":"follow","max-snippet":"max-snippet:-1","max-image-preview":"max-image-preview:large","max-video-preview":"max-video-preview:-1"},"canonical":"https:\/\/oeilsportif.info\/index.php\/kaba-diawara-reconduit-a-la-tete-du-syli-national-par-le-conor\/","og_locale":"fr_FR","og_type":"article","og_title":"Kaba Diawara reconduit \u00e0 la t\u00eate du Syli National par le Conor ! | - le regard du sportif","og_description":"Nomm\u00e9 en octobre 2021 et limog\u00e9 apr\u00e8s l\u2019\u00e9limination \u00e0 la derni\u00e8re CAN 2021 au Cameroun, par la Gambie (0-1) lors des 8es de finale, Kaba Diawara vient d\u2019\u00eatre \u00e9lu nouvel entra\u00eeneur du Syli National de Guin\u00e9e par le comit\u00e9 de normalisation (Conor). Cette officialisation a eu lieu ce jeudi, 21 avril 2022 au si\u00e8ge de [&hellip;]","og_url":"https:\/\/oeilsportif.info\/index.php\/kaba-diawara-reconduit-a-la-tete-du-syli-national-par-le-conor\/","og_site_name":"le regard du sportif","article_published_time":"2022-05-05T15:45:25+00:00","article_modified_time":"2022-05-09T21:25:01+00:00","og_image":[{"width":540,"height":447,"url":"https:\/\/oeilsportif.info\/wp-content\/uploads\/2022\/05\/Kaba-Diawara-reconduit-a-la-tete-du-Syli-National-par.jpg","type":"image\/jpeg"}],"author":"L'Equipe de la R\u00e9daction","twitter_misc":{"\u00c9crit par":"L'Equipe de la R\u00e9daction","Dur\u00e9e de lecture estim\u00e9e":"1 minute"},"schema":{"@context":"https:\/\/schema.org","@graph":[{"@type":"Article","@id":"https:\/\/oeilsportif.info\/index.php\/kaba-diawara-reconduit-a-la-tete-du-syli-national-par-le-conor\/#article","isPartOf":{"@id":"https:\/\/oeilsportif.info\/index.php\/kaba-diawara-reconduit-a-la-tete-du-syli-national-par-le-conor\/"},"author":{"name":"L'Equipe de la R\u00e9daction","@id":"https:\/\/oeilsportif.info\/#\/schema\/person\/cfbded294aa6095f7d96608d7905e9a1"},"headline":"Kaba Diawara reconduit \u00e0 la t\u00eate du Syli National par le Conor ! |","datePublished":"2022-05-05T15:45:25+00:00","dateModified":"2022-05-09T21:25:01+00:00","mainEntityOfPage":{"@id":"https:\/\/oeilsportif.info\/index.php\/kaba-diawara-reconduit-a-la-tete-du-syli-national-par-le-conor\/"},"wordCount":178,"image":{"@id":"https:\/\/oeilsportif.info\/index.php\/kaba-diawara-reconduit-a-la-tete-du-syli-national-par-le-conor\/#primaryimage"},"thumbnailUrl":"https:\/\/i0.wp.com\/oeilsportif.info\/wp-content\/uploads\/2022\/05\/Kaba-Diawara-reconduit-a-la-tete-du-Syli-National-par.jpg?fit=540%2C447&ssl=1","articleSection":{"0":"Actualit\u00e9","1":"Athl\u00e9tisme","2":"Basketball","3":"Cyclisme","4":"Featured","5":"Football","6":"Handball","7":"Handisport","9":"Video"},"inLanguage":"fr-FR"},{"@type":"WebPage","@id":"https:\/\/oeilsportif.info\/index.php\/kaba-diawara-reconduit-a-la-tete-du-syli-national-par-le-conor\/","url":"https:\/\/oeilsportif.info\/index.php\/kaba-diawara-reconduit-a-la-tete-du-syli-national-par-le-conor\/","name":"Kaba Diawara reconduit \u00e0 la t\u00eate du Syli National par le Conor ! | - le regard du sportif","isPartOf":{"@id":"https:\/\/oeilsportif.info\/#website"},"primaryImageOfPage":{"@id":"https:\/\/oeilsportif.info\/index.php\/kaba-diawara-reconduit-a-la-tete-du-syli-national-par-le-conor\/#primaryimage"},"image":{"@id":"https:\/\/oeilsportif.info\/index.php\/kaba-diawara-reconduit-a-la-tete-du-syli-national-par-le-conor\/#primaryimage"},"thumbnailUrl":"https:\/\/i0.wp.com\/oeilsportif.info\/wp-content\/uploads\/2022\/05\/Kaba-Diawara-reconduit-a-la-tete-du-Syli-National-par.jpg?fit=540%2C447&ssl=1","datePublished":"2022-05-05T15:45:25+00:00","dateModified":"2022-05-09T21:25:01+00:00","author":{"@id":"https:\/\/oeilsportif.info\/#\/schema\/person\/cfbded294aa6095f7d96608d7905e9a1"},"inLanguage":"fr-FR","potentialAction":[{"@type":"ReadAction","target":["https:\/\/oeilsportif.info\/index.php\/kaba-diawara-reconduit-a-la-tete-du-syli-national-par-le-conor\/"]}]},{"@type":"ImageObject","inLanguage":"fr-FR","@id":"https:\/\/oeilsportif.info\/index.php\/kaba-diawara-reconduit-a-la-tete-du-syli-national-par-le-conor\/#primaryimage","url":"https:\/\/i0.wp.com\/oeilsportif.info\/wp-content\/uploads\/2022\/05\/Kaba-Diawara-reconduit-a-la-tete-du-Syli-National-par.jpg?fit=540%2C447&ssl=1","contentUrl":"https:\/\/i0.wp.com\/oeilsportif.info\/wp-content\/uploads\/2022\/05\/Kaba-Diawara-reconduit-a-la-tete-du-Syli-National-par.jpg?fit=540%2C447&ssl=1","width":540,"height":447},{"@type":"WebSite","@id":"https:\/\/oeilsportif.info\/#website","url":"https:\/\/oeilsportif.info\/","name":"le regard du sportif","description":"","potentialAction":[{"@type":"SearchAction","target":{"@type":"EntryPoint","urlTemplate":"https:\/\/oeilsportif.info\/?s={search_term_string}"},"query-input":{"@type":"PropertyValueSpecification","valueRequired":true,"valueName":"search_term_string"}}],"inLanguage":"fr-FR"},{"@type":"Person","@id":"https:\/\/oeilsportif.info\/#\/schema\/person\/cfbded294aa6095f7d96608d7905e9a1","name":"L'Equipe de la R\u00e9daction","image":{"@type":"ImageObject","inLanguage":"fr-FR","@id":"https:\/\/oeilsportif.info\/wp-content\/uploads\/2025\/07\/cropped-cropped-logo-os-96x96.jpeg","url":"https:\/\/oeilsportif.info\/wp-content\/uploads\/2025\/07\/cropped-cropped-logo-os-96x96.jpeg","contentUrl":"https:\/\/oeilsportif.info\/wp-content\/uploads\/2025\/07\/cropped-cropped-logo-os-96x96.jpeg","caption":"L'Equipe de la R\u00e9daction"},"url":"https:\/\/oeilsportif.info\/index.php\/author\/tawel\/"}]}},"jetpack_publicize_connections":[],"jetpack_featured_media_url":"https:\/\/i0.wp.com\/oeilsportif.info\/wp-content\/uploads\/2022\/05\/Kaba-Diawara-reconduit-a-la-tete-du-Syli-National-par.jpg?fit=540%2C447&ssl=1","jetpack-related-posts":[],"jetpack_sharing_enabled":true,"jetpack_likes_enabled":true,"jetpack_shortlink":"https:\/\/wp.me\/pgFE77-3T","_links":{"self":[{"href":"https:\/\/oeilsportif.info\/index.php\/wp-json\/wp\/v2\/posts\/241","targetHints":{"allow":["GET"]}}],"collection":[{"href":"https:\/\/oeilsportif.info\/index.php\/wp-json\/wp\/v2\/posts"}],"about":[{"href":"https:\/\/oeilsportif.info\/index.php\/wp-json\/wp\/v2\/types\/post"}],"author":[{"embeddable":true,"href":"https:\/\/oeilsportif.info\/index.php\/wp-json\/wp\/v2\/users\/2"}],"replies":[{"embeddable":true,"href":"https:\/\/oeilsportif.info\/index.php\/wp-json\/wp\/v2\/comments?post=241"}],"version-history":[{"count":0,"href":"https:\/\/oeilsportif.info\/index.php\/wp-json\/wp\/v2\/posts\/241\/revisions"}],"wp:featuredmedia":[{"embeddable":true,"href":"https:\/\/oeilsportif.info\/index.php\/wp-json\/wp\/v2\/media\/242"}],"wp:attachment":[{"href":"https:\/\/oeilsportif.info\/index.php\/wp-json\/wp\/v2\/media?parent=241"}],"wp:term":[{"taxonomy":"category","embeddable":true,"href":"https:\/\/oeilsportif.info\/index.php\/wp-json\/wp\/v2\/categories?post=241"},{"taxonomy":"post_tag","embeddable":true,"href":"https:\/\/oeilsportif.info\/index.php\/wp-json\/wp\/v2\/tags?post=241"}],"curies":[{"name":"wp","href":"https:\/\/api.w.org\/{rel}","templated":true}]}}