{"id":2403,"date":"2022-11-20T18:20:08","date_gmt":"2022-11-20T18:20:08","guid":{"rendered":"https:\/\/oeilsportif.info\/index.php\/?p=2403"},"modified":"2022-11-20T18:20:08","modified_gmt":"2022-11-20T18:20:08","slug":"victime-dun-accident-de-circulation-aly-cherif-secretaire-general-du-satellite-fc-remercie-la-famille-du-football-guineen","status":"publish","type":"post","link":"https:\/\/oeilsportif.info\/index.php\/victime-dun-accident-de-circulation-aly-cherif-secretaire-general-du-satellite-fc-remercie-la-famille-du-football-guineen\/","title":{"rendered":"Victime d&rsquo;un accident de circulation : Aly Ch\u00e9rif, Secr\u00e9taire G\u00e9n\u00e9ral du Satellite FC remercie la famille du football guin\u00e9en."},"content":{"rendered":"<p>Le Satellite FC a \u00e9t\u00e9 victime d\u2019un accident de la circulation le vendredi 18 novembre dans la pr\u00e9fecture de Mamou. Le bus qui transportait les joueurs et les autres membres de la d\u00e9l\u00e9gation s\u2019est renvers\u00e9, en faisant plusieurs bless\u00e9s. Apr\u00e8s cet accident de circulation, Aly Ch\u00e9rif Secr\u00e9taire G\u00e9n\u00e9ral du Satellite Football Club de Ratoma via sur sa page Facebook, a remerci\u00e9 toute la famille du football guin\u00e9en.<\/p>\n<p>Aly Ch\u00e9rif : \u00ab <strong>Dieu soit lou\u00e9<\/strong><br \/>\n<strong>Mes sinc\u00e8res remerciements \u00e0 la population humaniste de Timbo, \u00e0 la FGF et \u00e0 la LGFP, \u00e0 l&rsquo;Association des M\u00e9decins Sportifs, \u00e0 la famille sportive dans son ensemble, \u00e0 tous ceux de pr\u00e8s ou de loin pour les diff\u00e9rents soutiens.<\/strong><\/p>\n<p><strong>Surtout aimons nous vivants, la mort ne pr\u00e9vient jamais. Je n&rsquo;en reviens toujours pas.<\/strong><br \/>\n<strong>Mes remerciements vont aussi \u00e0 l&rsquo;endroit des joueurs pour leur sagesse, ma\u00eetrise de soi et le courage en \u00e9vitant d&#8217;embrouilles le chauffeuravant et pendant l&rsquo;impact.<\/strong><\/p>\n<p><strong>Prompt r\u00e9tablissement \u00e0 tous <\/strong><br \/>\n<strong>Une nouvelle fois, Dieu soit lou\u00e9.\u00bb<a href=\"https:\/\/i0.wp.com\/oeilsportif.info\/wp-content\/uploads\/2022\/11\/FB_IMG_1668966633690.jpg?ssl=1\"><img data-recalc-dims=\"1\" loading=\"lazy\" decoding=\"async\" class=\"alignnone size-full wp-image-2405\" src=\"https:\/\/i0.wp.com\/oeilsportif.info\/wp-content\/uploads\/2022\/11\/FB_IMG_1668966633690.jpg?resize=696%2C928&#038;ssl=1\" alt=\"\" width=\"696\" height=\"928\" srcset=\"https:\/\/i0.wp.com\/oeilsportif.info\/wp-content\/uploads\/2022\/11\/FB_IMG_1668966633690.jpg?w=720&amp;ssl=1 720w, https:\/\/i0.wp.com\/oeilsportif.info\/wp-content\/uploads\/2022\/11\/FB_IMG_1668966633690.jpg?resize=225%2C300&amp;ssl=1 225w, https:\/\/i0.wp.com\/oeilsportif.info\/wp-content\/uploads\/2022\/11\/FB_IMG_1668966633690.jpg?resize=696%2C928&amp;ssl=1 696w, https:\/\/i0.wp.com\/oeilsportif.info\/wp-content\/uploads\/2022\/11\/FB_IMG_1668966633690.jpg?resize=315%2C420&amp;ssl=1 315w\" sizes=\"auto, (max-width: 696px) 100vw, 696px\" \/><\/a> <a href=\"https:\/\/i0.wp.com\/oeilsportif.info\/wp-content\/uploads\/2022\/11\/FB_IMG_1668966631257.jpg?ssl=1\"><img data-recalc-dims=\"1\" loading=\"lazy\" decoding=\"async\" class=\"alignnone size-full wp-image-2406\" src=\"https:\/\/i0.wp.com\/oeilsportif.info\/wp-content\/uploads\/2022\/11\/FB_IMG_1668966631257.jpg?resize=696%2C392&#038;ssl=1\" alt=\"\" width=\"696\" height=\"392\" srcset=\"https:\/\/i0.wp.com\/oeilsportif.info\/wp-content\/uploads\/2022\/11\/FB_IMG_1668966631257.jpg?w=960&amp;ssl=1 960w, https:\/\/i0.wp.com\/oeilsportif.info\/wp-content\/uploads\/2022\/11\/FB_IMG_1668966631257.jpg?resize=300%2C169&amp;ssl=1 300w, https:\/\/i0.wp.com\/oeilsportif.info\/wp-content\/uploads\/2022\/11\/FB_IMG_1668966631257.jpg?resize=768%2C432&amp;ssl=1 768w, https:\/\/i0.wp.com\/oeilsportif.info\/wp-content\/uploads\/2022\/11\/FB_IMG_1668966631257.jpg?resize=696%2C392&amp;ssl=1 696w, https:\/\/i0.wp.com\/oeilsportif.info\/wp-content\/uploads\/2022\/11\/FB_IMG_1668966631257.jpg?resize=747%2C420&amp;ssl=1 747w\" sizes=\"auto, (max-width: 696px) 100vw, 696px\" \/><\/a> <a href=\"https:\/\/i0.wp.com\/oeilsportif.info\/wp-content\/uploads\/2022\/11\/FB_IMG_1668966636179.jpg?ssl=1\"><img data-recalc-dims=\"1\" loading=\"lazy\" decoding=\"async\" class=\"alignnone size-full wp-image-2407\" src=\"https:\/\/i0.wp.com\/oeilsportif.info\/wp-content\/uploads\/2022\/11\/FB_IMG_1668966636179.jpg?resize=540%2C960&#038;ssl=1\" alt=\"\" width=\"540\" height=\"960\" srcset=\"https:\/\/i0.wp.com\/oeilsportif.info\/wp-content\/uploads\/2022\/11\/FB_IMG_1668966636179.jpg?w=540&amp;ssl=1 540w, https:\/\/i0.wp.com\/oeilsportif.info\/wp-content\/uploads\/2022\/11\/FB_IMG_1668966636179.jpg?resize=169%2C300&amp;ssl=1 169w, https:\/\/i0.wp.com\/oeilsportif.info\/wp-content\/uploads\/2022\/11\/FB_IMG_1668966636179.jpg?resize=236%2C420&amp;ssl=1 236w\" sizes=\"auto, (max-width: 540px) 100vw, 540px\" \/><\/a><\/strong><\/p>\n<p>&nbsp;<\/p>\n<p>&nbsp;<\/p>\n","protected":false},"excerpt":{"rendered":"<p>Le Satellite FC a \u00e9t\u00e9 victime d\u2019un accident de la circulation le vendredi 18 novembre dans la pr\u00e9fecture de Mamou. Le bus qui transportait les joueurs et les autres membres de la d\u00e9l\u00e9gation s\u2019est renvers\u00e9, en faisant plusieurs bless\u00e9s. Apr\u00e8s cet accident de circulation, Aly Ch\u00e9rif Secr\u00e9taire G\u00e9n\u00e9ral du Satellite Football Club de Ratoma via [&hellip;]<\/p>\n","protected":false},"author":2,"featured_media":2404,"comment_status":"closed","ping_status":"open","sticky":false,"template":"","format":"standard","meta":{"_jetpack_memberships_contains_paid_content":false,"footnotes":"","jetpack_publicize_message":"","jetpack_publicize_feature_enabled":true,"jetpack_social_post_already_shared":true,"jetpack_social_options":{"image_generator_settings":{"template":"highway","default_image_id":0,"font":"","enabled":false},"version":2}},"categories":[5],"tags":[],"class_list":{"0":"post-2403","1":"post","2":"type-post","3":"status-publish","4":"format-standard","5":"has-post-thumbnail","7":"category-football"},"yoast_head":"<!-- This site is optimized with the Yoast SEO plugin v27.4 - https:\/\/yoast.com\/product\/yoast-seo-wordpress\/ -->\n<title>Victime d&#039;un accident de circulation : Aly Ch\u00e9rif, Secr\u00e9taire G\u00e9n\u00e9ral du Satellite FC remercie la famille du football guin\u00e9en. - le regard du sportif<\/title>\n<meta name=\"robots\" content=\"index, follow, max-snippet:-1, max-image-preview:large, max-video-preview:-1\" \/>\n<link rel=\"canonical\" href=\"https:\/\/oeilsportif.info\/index.php\/victime-dun-accident-de-circulation-aly-cherif-secretaire-general-du-satellite-fc-remercie-la-famille-du-football-guineen\/\" \/>\n<meta property=\"og:locale\" content=\"fr_FR\" \/>\n<meta property=\"og:type\" content=\"article\" \/>\n<meta property=\"og:title\" content=\"Victime d&#039;un accident de circulation : Aly Ch\u00e9rif, Secr\u00e9taire G\u00e9n\u00e9ral du Satellite FC remercie la famille du football guin\u00e9en. - le regard du sportif\" \/>\n<meta property=\"og:description\" content=\"Le Satellite FC a \u00e9t\u00e9 victime d\u2019un accident de la circulation le vendredi 18 novembre dans la pr\u00e9fecture de Mamou. Le bus qui transportait les joueurs et les autres membres de la d\u00e9l\u00e9gation s\u2019est renvers\u00e9, en faisant plusieurs bless\u00e9s. Apr\u00e8s cet accident de circulation, Aly Ch\u00e9rif Secr\u00e9taire G\u00e9n\u00e9ral du Satellite Football Club de Ratoma via [&hellip;]\" \/>\n<meta property=\"og:url\" content=\"https:\/\/oeilsportif.info\/index.php\/victime-dun-accident-de-circulation-aly-cherif-secretaire-general-du-satellite-fc-remercie-la-famille-du-football-guineen\/\" \/>\n<meta property=\"og:site_name\" content=\"le regard du sportif\" \/>\n<meta property=\"article:published_time\" content=\"2022-11-20T18:20:08+00:00\" \/>\n<meta property=\"og:image\" content=\"https:\/\/oeilsportif.info\/wp-content\/uploads\/2022\/11\/FB_IMG_1668966629372.jpg\" \/>\n\t<meta property=\"og:image:width\" content=\"960\" \/>\n\t<meta property=\"og:image:height\" content=\"720\" \/>\n\t<meta property=\"og:image:type\" content=\"image\/jpeg\" \/>\n<meta name=\"author\" content=\"L&#039;Equipe de la R\u00e9daction\" \/>\n<meta name=\"twitter:label1\" content=\"\u00c9crit par\" \/>\n\t<meta name=\"twitter:data1\" content=\"L&#039;Equipe de la R\u00e9daction\" \/>\n\t<meta name=\"twitter:label2\" content=\"Dur\u00e9e de lecture estim\u00e9e\" \/>\n\t<meta name=\"twitter:data2\" content=\"2 minutes\" \/>\n<script type=\"application\/ld+json\" class=\"yoast-schema-graph\">{\"@context\":\"https:\\\/\\\/schema.org\",\"@graph\":[{\"@type\":\"Article\",\"@id\":\"https:\\\/\\\/oeilsportif.info\\\/index.php\\\/victime-dun-accident-de-circulation-aly-cherif-secretaire-general-du-satellite-fc-remercie-la-famille-du-football-guineen\\\/#article\",\"isPartOf\":{\"@id\":\"https:\\\/\\\/oeilsportif.info\\\/index.php\\\/victime-dun-accident-de-circulation-aly-cherif-secretaire-general-du-satellite-fc-remercie-la-famille-du-football-guineen\\\/\"},\"author\":{\"name\":\"L'Equipe de la R\u00e9daction\",\"@id\":\"https:\\\/\\\/oeilsportif.info\\\/#\\\/schema\\\/person\\\/cfbded294aa6095f7d96608d7905e9a1\"},\"headline\":\"Victime d&rsquo;un accident de circulation : Aly Ch\u00e9rif, Secr\u00e9taire G\u00e9n\u00e9ral du Satellite FC remercie la famille du football guin\u00e9en.\",\"datePublished\":\"2022-11-20T18:20:08+00:00\",\"mainEntityOfPage\":{\"@id\":\"https:\\\/\\\/oeilsportif.info\\\/index.php\\\/victime-dun-accident-de-circulation-aly-cherif-secretaire-general-du-satellite-fc-remercie-la-famille-du-football-guineen\\\/\"},\"wordCount\":203,\"image\":{\"@id\":\"https:\\\/\\\/oeilsportif.info\\\/index.php\\\/victime-dun-accident-de-circulation-aly-cherif-secretaire-general-du-satellite-fc-remercie-la-famille-du-football-guineen\\\/#primaryimage\"},\"thumbnailUrl\":\"https:\\\/\\\/i0.wp.com\\\/oeilsportif.info\\\/wp-content\\\/uploads\\\/2022\\\/11\\\/FB_IMG_1668966629372.jpg?fit=960%2C720&ssl=1\",\"articleSection\":[\"Football\"],\"inLanguage\":\"fr-FR\"},{\"@type\":\"WebPage\",\"@id\":\"https:\\\/\\\/oeilsportif.info\\\/index.php\\\/victime-dun-accident-de-circulation-aly-cherif-secretaire-general-du-satellite-fc-remercie-la-famille-du-football-guineen\\\/\",\"url\":\"https:\\\/\\\/oeilsportif.info\\\/index.php\\\/victime-dun-accident-de-circulation-aly-cherif-secretaire-general-du-satellite-fc-remercie-la-famille-du-football-guineen\\\/\",\"name\":\"Victime d'un accident de circulation : Aly Ch\u00e9rif, Secr\u00e9taire G\u00e9n\u00e9ral du Satellite FC remercie la famille du football guin\u00e9en. - le regard du sportif\",\"isPartOf\":{\"@id\":\"https:\\\/\\\/oeilsportif.info\\\/#website\"},\"primaryImageOfPage\":{\"@id\":\"https:\\\/\\\/oeilsportif.info\\\/index.php\\\/victime-dun-accident-de-circulation-aly-cherif-secretaire-general-du-satellite-fc-remercie-la-famille-du-football-guineen\\\/#primaryimage\"},\"image\":{\"@id\":\"https:\\\/\\\/oeilsportif.info\\\/index.php\\\/victime-dun-accident-de-circulation-aly-cherif-secretaire-general-du-satellite-fc-remercie-la-famille-du-football-guineen\\\/#primaryimage\"},\"thumbnailUrl\":\"https:\\\/\\\/i0.wp.com\\\/oeilsportif.info\\\/wp-content\\\/uploads\\\/2022\\\/11\\\/FB_IMG_1668966629372.jpg?fit=960%2C720&ssl=1\",\"datePublished\":\"2022-11-20T18:20:08+00:00\",\"author\":{\"@id\":\"https:\\\/\\\/oeilsportif.info\\\/#\\\/schema\\\/person\\\/cfbded294aa6095f7d96608d7905e9a1\"},\"inLanguage\":\"fr-FR\",\"potentialAction\":[{\"@type\":\"ReadAction\",\"target\":[\"https:\\\/\\\/oeilsportif.info\\\/index.php\\\/victime-dun-accident-de-circulation-aly-cherif-secretaire-general-du-satellite-fc-remercie-la-famille-du-football-guineen\\\/\"]}]},{\"@type\":\"ImageObject\",\"inLanguage\":\"fr-FR\",\"@id\":\"https:\\\/\\\/oeilsportif.info\\\/index.php\\\/victime-dun-accident-de-circulation-aly-cherif-secretaire-general-du-satellite-fc-remercie-la-famille-du-football-guineen\\\/#primaryimage\",\"url\":\"https:\\\/\\\/i0.wp.com\\\/oeilsportif.info\\\/wp-content\\\/uploads\\\/2022\\\/11\\\/FB_IMG_1668966629372.jpg?fit=960%2C720&ssl=1\",\"contentUrl\":\"https:\\\/\\\/i0.wp.com\\\/oeilsportif.info\\\/wp-content\\\/uploads\\\/2022\\\/11\\\/FB_IMG_1668966629372.jpg?fit=960%2C720&ssl=1\",\"width\":960,\"height\":720},{\"@type\":\"WebSite\",\"@id\":\"https:\\\/\\\/oeilsportif.info\\\/#website\",\"url\":\"https:\\\/\\\/oeilsportif.info\\\/\",\"name\":\"le regard du sportif\",\"description\":\"\",\"potentialAction\":[{\"@type\":\"SearchAction\",\"target\":{\"@type\":\"EntryPoint\",\"urlTemplate\":\"https:\\\/\\\/oeilsportif.info\\\/?s={search_term_string}\"},\"query-input\":{\"@type\":\"PropertyValueSpecification\",\"valueRequired\":true,\"valueName\":\"search_term_string\"}}],\"inLanguage\":\"fr-FR\"},{\"@type\":\"Person\",\"@id\":\"https:\\\/\\\/oeilsportif.info\\\/#\\\/schema\\\/person\\\/cfbded294aa6095f7d96608d7905e9a1\",\"name\":\"L'Equipe de la R\u00e9daction\",\"image\":{\"@type\":\"ImageObject\",\"inLanguage\":\"fr-FR\",\"@id\":\"https:\\\/\\\/oeilsportif.info\\\/wp-content\\\/uploads\\\/2025\\\/07\\\/cropped-cropped-logo-os-96x96.jpeg\",\"url\":\"https:\\\/\\\/oeilsportif.info\\\/wp-content\\\/uploads\\\/2025\\\/07\\\/cropped-cropped-logo-os-96x96.jpeg\",\"contentUrl\":\"https:\\\/\\\/oeilsportif.info\\\/wp-content\\\/uploads\\\/2025\\\/07\\\/cropped-cropped-logo-os-96x96.jpeg\",\"caption\":\"L'Equipe de la R\u00e9daction\"},\"url\":\"https:\\\/\\\/oeilsportif.info\\\/index.php\\\/author\\\/tawel\\\/\"}]}<\/script>\n<!-- \/ Yoast SEO plugin. -->","yoast_head_json":{"title":"Victime d'un accident de circulation : Aly Ch\u00e9rif, Secr\u00e9taire G\u00e9n\u00e9ral du Satellite FC remercie la famille du football guin\u00e9en. - le regard du sportif","robots":{"index":"index","follow":"follow","max-snippet":"max-snippet:-1","max-image-preview":"max-image-preview:large","max-video-preview":"max-video-preview:-1"},"canonical":"https:\/\/oeilsportif.info\/index.php\/victime-dun-accident-de-circulation-aly-cherif-secretaire-general-du-satellite-fc-remercie-la-famille-du-football-guineen\/","og_locale":"fr_FR","og_type":"article","og_title":"Victime d'un accident de circulation : Aly Ch\u00e9rif, Secr\u00e9taire G\u00e9n\u00e9ral du Satellite FC remercie la famille du football guin\u00e9en. - le regard du sportif","og_description":"Le Satellite FC a \u00e9t\u00e9 victime d\u2019un accident de la circulation le vendredi 18 novembre dans la pr\u00e9fecture de Mamou. Le bus qui transportait les joueurs et les autres membres de la d\u00e9l\u00e9gation s\u2019est renvers\u00e9, en faisant plusieurs bless\u00e9s. Apr\u00e8s cet accident de circulation, Aly Ch\u00e9rif Secr\u00e9taire G\u00e9n\u00e9ral du Satellite Football Club de Ratoma via [&hellip;]","og_url":"https:\/\/oeilsportif.info\/index.php\/victime-dun-accident-de-circulation-aly-cherif-secretaire-general-du-satellite-fc-remercie-la-famille-du-football-guineen\/","og_site_name":"le regard du sportif","article_published_time":"2022-11-20T18:20:08+00:00","og_image":[{"width":960,"height":720,"url":"https:\/\/oeilsportif.info\/wp-content\/uploads\/2022\/11\/FB_IMG_1668966629372.jpg","type":"image\/jpeg"}],"author":"L'Equipe de la R\u00e9daction","twitter_misc":{"\u00c9crit par":"L'Equipe de la R\u00e9daction","Dur\u00e9e de lecture estim\u00e9e":"2 minutes"},"schema":{"@context":"https:\/\/schema.org","@graph":[{"@type":"Article","@id":"https:\/\/oeilsportif.info\/index.php\/victime-dun-accident-de-circulation-aly-cherif-secretaire-general-du-satellite-fc-remercie-la-famille-du-football-guineen\/#article","isPartOf":{"@id":"https:\/\/oeilsportif.info\/index.php\/victime-dun-accident-de-circulation-aly-cherif-secretaire-general-du-satellite-fc-remercie-la-famille-du-football-guineen\/"},"author":{"name":"L'Equipe de la R\u00e9daction","@id":"https:\/\/oeilsportif.info\/#\/schema\/person\/cfbded294aa6095f7d96608d7905e9a1"},"headline":"Victime d&rsquo;un accident de circulation : Aly Ch\u00e9rif, Secr\u00e9taire G\u00e9n\u00e9ral du Satellite FC remercie la famille du football guin\u00e9en.","datePublished":"2022-11-20T18:20:08+00:00","mainEntityOfPage":{"@id":"https:\/\/oeilsportif.info\/index.php\/victime-dun-accident-de-circulation-aly-cherif-secretaire-general-du-satellite-fc-remercie-la-famille-du-football-guineen\/"},"wordCount":203,"image":{"@id":"https:\/\/oeilsportif.info\/index.php\/victime-dun-accident-de-circulation-aly-cherif-secretaire-general-du-satellite-fc-remercie-la-famille-du-football-guineen\/#primaryimage"},"thumbnailUrl":"https:\/\/i0.wp.com\/oeilsportif.info\/wp-content\/uploads\/2022\/11\/FB_IMG_1668966629372.jpg?fit=960%2C720&ssl=1","articleSection":["Football"],"inLanguage":"fr-FR"},{"@type":"WebPage","@id":"https:\/\/oeilsportif.info\/index.php\/victime-dun-accident-de-circulation-aly-cherif-secretaire-general-du-satellite-fc-remercie-la-famille-du-football-guineen\/","url":"https:\/\/oeilsportif.info\/index.php\/victime-dun-accident-de-circulation-aly-cherif-secretaire-general-du-satellite-fc-remercie-la-famille-du-football-guineen\/","name":"Victime d'un accident de circulation : Aly Ch\u00e9rif, Secr\u00e9taire G\u00e9n\u00e9ral du Satellite FC remercie la famille du football guin\u00e9en. - le regard du sportif","isPartOf":{"@id":"https:\/\/oeilsportif.info\/#website"},"primaryImageOfPage":{"@id":"https:\/\/oeilsportif.info\/index.php\/victime-dun-accident-de-circulation-aly-cherif-secretaire-general-du-satellite-fc-remercie-la-famille-du-football-guineen\/#primaryimage"},"image":{"@id":"https:\/\/oeilsportif.info\/index.php\/victime-dun-accident-de-circulation-aly-cherif-secretaire-general-du-satellite-fc-remercie-la-famille-du-football-guineen\/#primaryimage"},"thumbnailUrl":"https:\/\/i0.wp.com\/oeilsportif.info\/wp-content\/uploads\/2022\/11\/FB_IMG_1668966629372.jpg?fit=960%2C720&ssl=1","datePublished":"2022-11-20T18:20:08+00:00","author":{"@id":"https:\/\/oeilsportif.info\/#\/schema\/person\/cfbded294aa6095f7d96608d7905e9a1"},"inLanguage":"fr-FR","potentialAction":[{"@type":"ReadAction","target":["https:\/\/oeilsportif.info\/index.php\/victime-dun-accident-de-circulation-aly-cherif-secretaire-general-du-satellite-fc-remercie-la-famille-du-football-guineen\/"]}]},{"@type":"ImageObject","inLanguage":"fr-FR","@id":"https:\/\/oeilsportif.info\/index.php\/victime-dun-accident-de-circulation-aly-cherif-secretaire-general-du-satellite-fc-remercie-la-famille-du-football-guineen\/#primaryimage","url":"https:\/\/i0.wp.com\/oeilsportif.info\/wp-content\/uploads\/2022\/11\/FB_IMG_1668966629372.jpg?fit=960%2C720&ssl=1","contentUrl":"https:\/\/i0.wp.com\/oeilsportif.info\/wp-content\/uploads\/2022\/11\/FB_IMG_1668966629372.jpg?fit=960%2C720&ssl=1","width":960,"height":720},{"@type":"WebSite","@id":"https:\/\/oeilsportif.info\/#website","url":"https:\/\/oeilsportif.info\/","name":"le regard du sportif","description":"","potentialAction":[{"@type":"SearchAction","target":{"@type":"EntryPoint","urlTemplate":"https:\/\/oeilsportif.info\/?s={search_term_string}"},"query-input":{"@type":"PropertyValueSpecification","valueRequired":true,"valueName":"search_term_string"}}],"inLanguage":"fr-FR"},{"@type":"Person","@id":"https:\/\/oeilsportif.info\/#\/schema\/person\/cfbded294aa6095f7d96608d7905e9a1","name":"L'Equipe de la R\u00e9daction","image":{"@type":"ImageObject","inLanguage":"fr-FR","@id":"https:\/\/oeilsportif.info\/wp-content\/uploads\/2025\/07\/cropped-cropped-logo-os-96x96.jpeg","url":"https:\/\/oeilsportif.info\/wp-content\/uploads\/2025\/07\/cropped-cropped-logo-os-96x96.jpeg","contentUrl":"https:\/\/oeilsportif.info\/wp-content\/uploads\/2025\/07\/cropped-cropped-logo-os-96x96.jpeg","caption":"L'Equipe de la R\u00e9daction"},"url":"https:\/\/oeilsportif.info\/index.php\/author\/tawel\/"}]}},"jetpack_publicize_connections":[],"jetpack_featured_media_url":"https:\/\/i0.wp.com\/oeilsportif.info\/wp-content\/uploads\/2022\/11\/FB_IMG_1668966629372.jpg?fit=960%2C720&ssl=1","jetpack-related-posts":[],"jetpack_sharing_enabled":true,"jetpack_likes_enabled":true,"jetpack_shortlink":"https:\/\/wp.me\/pgFE77-CL","_links":{"self":[{"href":"https:\/\/oeilsportif.info\/index.php\/wp-json\/wp\/v2\/posts\/2403","targetHints":{"allow":["GET"]}}],"collection":[{"href":"https:\/\/oeilsportif.info\/index.php\/wp-json\/wp\/v2\/posts"}],"about":[{"href":"https:\/\/oeilsportif.info\/index.php\/wp-json\/wp\/v2\/types\/post"}],"author":[{"embeddable":true,"href":"https:\/\/oeilsportif.info\/index.php\/wp-json\/wp\/v2\/users\/2"}],"replies":[{"embeddable":true,"href":"https:\/\/oeilsportif.info\/index.php\/wp-json\/wp\/v2\/comments?post=2403"}],"version-history":[{"count":0,"href":"https:\/\/oeilsportif.info\/index.php\/wp-json\/wp\/v2\/posts\/2403\/revisions"}],"wp:featuredmedia":[{"embeddable":true,"href":"https:\/\/oeilsportif.info\/index.php\/wp-json\/wp\/v2\/media\/2404"}],"wp:attachment":[{"href":"https:\/\/oeilsportif.info\/index.php\/wp-json\/wp\/v2\/media?parent=2403"}],"wp:term":[{"taxonomy":"category","embeddable":true,"href":"https:\/\/oeilsportif.info\/index.php\/wp-json\/wp\/v2\/categories?post=2403"},{"taxonomy":"post_tag","embeddable":true,"href":"https:\/\/oeilsportif.info\/index.php\/wp-json\/wp\/v2\/tags?post=2403"}],"curies":[{"name":"wp","href":"https:\/\/api.w.org\/{rel}","templated":true}]}}