{"id":2394,"date":"2022-11-20T12:17:27","date_gmt":"2022-11-20T12:17:27","guid":{"rendered":"https:\/\/oeilsportif.info\/index.php\/?p=2394"},"modified":"2022-11-20T12:17:27","modified_gmt":"2022-11-20T12:17:27","slug":"communique-depart-de-lamine-ndiaye","status":"publish","type":"post","link":"https:\/\/oeilsportif.info\/index.php\/communique-depart-de-lamine-ndiaye\/","title":{"rendered":"COMMUNIQU\u00c9 : D\u00c9PART DE LAMINE NDIAYE"},"content":{"rendered":"<p><strong>Apr\u00e8s trois bonnes ann<a>\u00e9<\/a>es pleines d\u2019exp\u00e9riences, notamment une demi- finale de Coupe CAF, l\u2019entra\u00eeneur franco-s\u00e9n\u00e9galais Lamine N\u2019DIAYE ne sera plus sur le banc du champion de Guin\u00e9e.<\/strong><\/p>\n<p>Apr\u00e8s l\u2019expiation de son contrat \u00e0 la mi-novembre, Mamadou Lamine NDIAYE ne sera plus sur le banc du Horoya AC. Le coach et le club se sont s\u00e9par\u00e9s \u00e0 l\u2019amiable. On retiendra de Lamine NDIAYE un bilan pas des moindres avec quatre titres de champion de Guin\u00e9e (2019, 2020, 2021 et 2022). Sous l\u2019\u00e8re de Mamadou Antonio SOUAR\u00c9, Lamine a \u00e9t\u00e9 le coach ayant conduit, sur le plan africain, le club de Matam jusqu\u2019au dernier carr\u00e9, notamment en demi-finale de la Coupe CAF en 2020. Un HAC malheureusement battu par le FC Pyramids (2-0) aux portes de la finale.<\/p>\n<p>Sa saison guin\u00e9enne la plus remarquable\u00a0a \u00e9t\u00e9\u00a0celle de 2021-2022, quand le HAC cumulait\u00a064 points pour 20 victoires, 4 nuls et 2 d\u00e9faites, 45 buts marqu\u00e9s, 5 buts encaiss\u00e9s et donc une diff\u00e9rence de buts de +40.<\/p>\n<p>L\u2019ensemble du club souhaite bon vent \u00e0 Coach Mamadou Lamine NDIAYE, tous les acteurs du HAC \u00e9tant de c\u0153ur avec lui dans ses projets futurs.<\/p>\n<p>Source : Horoya AC.Com<\/p>\n","protected":false},"excerpt":{"rendered":"<p>Apr\u00e8s trois bonnes ann\u00e9es pleines d\u2019exp\u00e9riences, notamment une demi- finale de Coupe CAF, l\u2019entra\u00eeneur franco-s\u00e9n\u00e9galais Lamine N\u2019DIAYE ne sera plus sur le banc du champion de Guin\u00e9e. Apr\u00e8s l\u2019expiation de son contrat \u00e0 la mi-novembre, Mamadou Lamine NDIAYE ne sera plus sur le banc du Horoya AC. Le coach et le club se sont s\u00e9par\u00e9s [&hellip;]<\/p>\n","protected":false},"author":2,"featured_media":2395,"comment_status":"closed","ping_status":"open","sticky":false,"template":"","format":"standard","meta":{"_jetpack_memberships_contains_paid_content":false,"footnotes":"","jetpack_publicize_message":"","jetpack_publicize_feature_enabled":true,"jetpack_social_post_already_shared":true,"jetpack_social_options":{"image_generator_settings":{"template":"highway","default_image_id":0,"font":"","enabled":false},"version":2}},"categories":[5],"tags":[],"class_list":{"0":"post-2394","1":"post","2":"type-post","3":"status-publish","4":"format-standard","5":"has-post-thumbnail","7":"category-football"},"yoast_head":"<!-- This site is optimized with the Yoast SEO plugin v27.4 - https:\/\/yoast.com\/product\/yoast-seo-wordpress\/ -->\n<title>COMMUNIQU\u00c9 : D\u00c9PART DE LAMINE NDIAYE - le regard du sportif<\/title>\n<meta name=\"robots\" content=\"index, follow, max-snippet:-1, max-image-preview:large, max-video-preview:-1\" \/>\n<link rel=\"canonical\" href=\"https:\/\/oeilsportif.info\/index.php\/communique-depart-de-lamine-ndiaye\/\" \/>\n<meta property=\"og:locale\" content=\"fr_FR\" \/>\n<meta property=\"og:type\" content=\"article\" \/>\n<meta property=\"og:title\" content=\"COMMUNIQU\u00c9 : D\u00c9PART DE LAMINE NDIAYE - le regard du sportif\" \/>\n<meta property=\"og:description\" content=\"Apr\u00e8s trois bonnes ann\u00e9es pleines d\u2019exp\u00e9riences, notamment une demi- finale de Coupe CAF, l\u2019entra\u00eeneur franco-s\u00e9n\u00e9galais Lamine N\u2019DIAYE ne sera plus sur le banc du champion de Guin\u00e9e. Apr\u00e8s l\u2019expiation de son contrat \u00e0 la mi-novembre, Mamadou Lamine NDIAYE ne sera plus sur le banc du Horoya AC. Le coach et le club se sont s\u00e9par\u00e9s [&hellip;]\" \/>\n<meta property=\"og:url\" content=\"https:\/\/oeilsportif.info\/index.php\/communique-depart-de-lamine-ndiaye\/\" \/>\n<meta property=\"og:site_name\" content=\"le regard du sportif\" \/>\n<meta property=\"article:published_time\" content=\"2022-11-20T12:17:27+00:00\" \/>\n<meta property=\"og:image\" content=\"https:\/\/oeilsportif.info\/wp-content\/uploads\/2022\/11\/FB_IMG_1668946152338.jpg\" \/>\n\t<meta property=\"og:image:width\" content=\"1080\" \/>\n\t<meta property=\"og:image:height\" content=\"810\" \/>\n\t<meta property=\"og:image:type\" content=\"image\/jpeg\" \/>\n<meta name=\"author\" content=\"L&#039;Equipe de la R\u00e9daction\" \/>\n<meta name=\"twitter:label1\" content=\"\u00c9crit par\" \/>\n\t<meta name=\"twitter:data1\" content=\"L&#039;Equipe de la R\u00e9daction\" \/>\n\t<meta name=\"twitter:label2\" content=\"Dur\u00e9e de lecture estim\u00e9e\" \/>\n\t<meta name=\"twitter:data2\" content=\"1 minute\" \/>\n<script type=\"application\/ld+json\" class=\"yoast-schema-graph\">{\"@context\":\"https:\\\/\\\/schema.org\",\"@graph\":[{\"@type\":\"Article\",\"@id\":\"https:\\\/\\\/oeilsportif.info\\\/index.php\\\/communique-depart-de-lamine-ndiaye\\\/#article\",\"isPartOf\":{\"@id\":\"https:\\\/\\\/oeilsportif.info\\\/index.php\\\/communique-depart-de-lamine-ndiaye\\\/\"},\"author\":{\"name\":\"L'Equipe de la R\u00e9daction\",\"@id\":\"https:\\\/\\\/oeilsportif.info\\\/#\\\/schema\\\/person\\\/cfbded294aa6095f7d96608d7905e9a1\"},\"headline\":\"COMMUNIQU\u00c9 : D\u00c9PART DE LAMINE NDIAYE\",\"datePublished\":\"2022-11-20T12:17:27+00:00\",\"mainEntityOfPage\":{\"@id\":\"https:\\\/\\\/oeilsportif.info\\\/index.php\\\/communique-depart-de-lamine-ndiaye\\\/\"},\"wordCount\":210,\"image\":{\"@id\":\"https:\\\/\\\/oeilsportif.info\\\/index.php\\\/communique-depart-de-lamine-ndiaye\\\/#primaryimage\"},\"thumbnailUrl\":\"https:\\\/\\\/i0.wp.com\\\/oeilsportif.info\\\/wp-content\\\/uploads\\\/2022\\\/11\\\/FB_IMG_1668946152338.jpg?fit=1080%2C810&ssl=1\",\"articleSection\":[\"Football\"],\"inLanguage\":\"fr-FR\"},{\"@type\":\"WebPage\",\"@id\":\"https:\\\/\\\/oeilsportif.info\\\/index.php\\\/communique-depart-de-lamine-ndiaye\\\/\",\"url\":\"https:\\\/\\\/oeilsportif.info\\\/index.php\\\/communique-depart-de-lamine-ndiaye\\\/\",\"name\":\"COMMUNIQU\u00c9 : D\u00c9PART DE LAMINE NDIAYE - le regard du sportif\",\"isPartOf\":{\"@id\":\"https:\\\/\\\/oeilsportif.info\\\/#website\"},\"primaryImageOfPage\":{\"@id\":\"https:\\\/\\\/oeilsportif.info\\\/index.php\\\/communique-depart-de-lamine-ndiaye\\\/#primaryimage\"},\"image\":{\"@id\":\"https:\\\/\\\/oeilsportif.info\\\/index.php\\\/communique-depart-de-lamine-ndiaye\\\/#primaryimage\"},\"thumbnailUrl\":\"https:\\\/\\\/i0.wp.com\\\/oeilsportif.info\\\/wp-content\\\/uploads\\\/2022\\\/11\\\/FB_IMG_1668946152338.jpg?fit=1080%2C810&ssl=1\",\"datePublished\":\"2022-11-20T12:17:27+00:00\",\"author\":{\"@id\":\"https:\\\/\\\/oeilsportif.info\\\/#\\\/schema\\\/person\\\/cfbded294aa6095f7d96608d7905e9a1\"},\"inLanguage\":\"fr-FR\",\"potentialAction\":[{\"@type\":\"ReadAction\",\"target\":[\"https:\\\/\\\/oeilsportif.info\\\/index.php\\\/communique-depart-de-lamine-ndiaye\\\/\"]}]},{\"@type\":\"ImageObject\",\"inLanguage\":\"fr-FR\",\"@id\":\"https:\\\/\\\/oeilsportif.info\\\/index.php\\\/communique-depart-de-lamine-ndiaye\\\/#primaryimage\",\"url\":\"https:\\\/\\\/i0.wp.com\\\/oeilsportif.info\\\/wp-content\\\/uploads\\\/2022\\\/11\\\/FB_IMG_1668946152338.jpg?fit=1080%2C810&ssl=1\",\"contentUrl\":\"https:\\\/\\\/i0.wp.com\\\/oeilsportif.info\\\/wp-content\\\/uploads\\\/2022\\\/11\\\/FB_IMG_1668946152338.jpg?fit=1080%2C810&ssl=1\",\"width\":1080,\"height\":810},{\"@type\":\"WebSite\",\"@id\":\"https:\\\/\\\/oeilsportif.info\\\/#website\",\"url\":\"https:\\\/\\\/oeilsportif.info\\\/\",\"name\":\"le regard du sportif\",\"description\":\"\",\"potentialAction\":[{\"@type\":\"SearchAction\",\"target\":{\"@type\":\"EntryPoint\",\"urlTemplate\":\"https:\\\/\\\/oeilsportif.info\\\/?s={search_term_string}\"},\"query-input\":{\"@type\":\"PropertyValueSpecification\",\"valueRequired\":true,\"valueName\":\"search_term_string\"}}],\"inLanguage\":\"fr-FR\"},{\"@type\":\"Person\",\"@id\":\"https:\\\/\\\/oeilsportif.info\\\/#\\\/schema\\\/person\\\/cfbded294aa6095f7d96608d7905e9a1\",\"name\":\"L'Equipe de la R\u00e9daction\",\"image\":{\"@type\":\"ImageObject\",\"inLanguage\":\"fr-FR\",\"@id\":\"https:\\\/\\\/oeilsportif.info\\\/wp-content\\\/uploads\\\/2025\\\/07\\\/cropped-cropped-logo-os-96x96.jpeg\",\"url\":\"https:\\\/\\\/oeilsportif.info\\\/wp-content\\\/uploads\\\/2025\\\/07\\\/cropped-cropped-logo-os-96x96.jpeg\",\"contentUrl\":\"https:\\\/\\\/oeilsportif.info\\\/wp-content\\\/uploads\\\/2025\\\/07\\\/cropped-cropped-logo-os-96x96.jpeg\",\"caption\":\"L'Equipe de la R\u00e9daction\"},\"url\":\"https:\\\/\\\/oeilsportif.info\\\/index.php\\\/author\\\/tawel\\\/\"}]}<\/script>\n<!-- \/ Yoast SEO plugin. -->","yoast_head_json":{"title":"COMMUNIQU\u00c9 : D\u00c9PART DE LAMINE NDIAYE - le regard du sportif","robots":{"index":"index","follow":"follow","max-snippet":"max-snippet:-1","max-image-preview":"max-image-preview:large","max-video-preview":"max-video-preview:-1"},"canonical":"https:\/\/oeilsportif.info\/index.php\/communique-depart-de-lamine-ndiaye\/","og_locale":"fr_FR","og_type":"article","og_title":"COMMUNIQU\u00c9 : D\u00c9PART DE LAMINE NDIAYE - le regard du sportif","og_description":"Apr\u00e8s trois bonnes ann\u00e9es pleines d\u2019exp\u00e9riences, notamment une demi- finale de Coupe CAF, l\u2019entra\u00eeneur franco-s\u00e9n\u00e9galais Lamine N\u2019DIAYE ne sera plus sur le banc du champion de Guin\u00e9e. Apr\u00e8s l\u2019expiation de son contrat \u00e0 la mi-novembre, Mamadou Lamine NDIAYE ne sera plus sur le banc du Horoya AC. Le coach et le club se sont s\u00e9par\u00e9s [&hellip;]","og_url":"https:\/\/oeilsportif.info\/index.php\/communique-depart-de-lamine-ndiaye\/","og_site_name":"le regard du sportif","article_published_time":"2022-11-20T12:17:27+00:00","og_image":[{"width":1080,"height":810,"url":"https:\/\/oeilsportif.info\/wp-content\/uploads\/2022\/11\/FB_IMG_1668946152338.jpg","type":"image\/jpeg"}],"author":"L'Equipe de la R\u00e9daction","twitter_misc":{"\u00c9crit par":"L'Equipe de la R\u00e9daction","Dur\u00e9e de lecture estim\u00e9e":"1 minute"},"schema":{"@context":"https:\/\/schema.org","@graph":[{"@type":"Article","@id":"https:\/\/oeilsportif.info\/index.php\/communique-depart-de-lamine-ndiaye\/#article","isPartOf":{"@id":"https:\/\/oeilsportif.info\/index.php\/communique-depart-de-lamine-ndiaye\/"},"author":{"name":"L'Equipe de la R\u00e9daction","@id":"https:\/\/oeilsportif.info\/#\/schema\/person\/cfbded294aa6095f7d96608d7905e9a1"},"headline":"COMMUNIQU\u00c9 : D\u00c9PART DE LAMINE NDIAYE","datePublished":"2022-11-20T12:17:27+00:00","mainEntityOfPage":{"@id":"https:\/\/oeilsportif.info\/index.php\/communique-depart-de-lamine-ndiaye\/"},"wordCount":210,"image":{"@id":"https:\/\/oeilsportif.info\/index.php\/communique-depart-de-lamine-ndiaye\/#primaryimage"},"thumbnailUrl":"https:\/\/i0.wp.com\/oeilsportif.info\/wp-content\/uploads\/2022\/11\/FB_IMG_1668946152338.jpg?fit=1080%2C810&ssl=1","articleSection":["Football"],"inLanguage":"fr-FR"},{"@type":"WebPage","@id":"https:\/\/oeilsportif.info\/index.php\/communique-depart-de-lamine-ndiaye\/","url":"https:\/\/oeilsportif.info\/index.php\/communique-depart-de-lamine-ndiaye\/","name":"COMMUNIQU\u00c9 : D\u00c9PART DE LAMINE NDIAYE - le regard du sportif","isPartOf":{"@id":"https:\/\/oeilsportif.info\/#website"},"primaryImageOfPage":{"@id":"https:\/\/oeilsportif.info\/index.php\/communique-depart-de-lamine-ndiaye\/#primaryimage"},"image":{"@id":"https:\/\/oeilsportif.info\/index.php\/communique-depart-de-lamine-ndiaye\/#primaryimage"},"thumbnailUrl":"https:\/\/i0.wp.com\/oeilsportif.info\/wp-content\/uploads\/2022\/11\/FB_IMG_1668946152338.jpg?fit=1080%2C810&ssl=1","datePublished":"2022-11-20T12:17:27+00:00","author":{"@id":"https:\/\/oeilsportif.info\/#\/schema\/person\/cfbded294aa6095f7d96608d7905e9a1"},"inLanguage":"fr-FR","potentialAction":[{"@type":"ReadAction","target":["https:\/\/oeilsportif.info\/index.php\/communique-depart-de-lamine-ndiaye\/"]}]},{"@type":"ImageObject","inLanguage":"fr-FR","@id":"https:\/\/oeilsportif.info\/index.php\/communique-depart-de-lamine-ndiaye\/#primaryimage","url":"https:\/\/i0.wp.com\/oeilsportif.info\/wp-content\/uploads\/2022\/11\/FB_IMG_1668946152338.jpg?fit=1080%2C810&ssl=1","contentUrl":"https:\/\/i0.wp.com\/oeilsportif.info\/wp-content\/uploads\/2022\/11\/FB_IMG_1668946152338.jpg?fit=1080%2C810&ssl=1","width":1080,"height":810},{"@type":"WebSite","@id":"https:\/\/oeilsportif.info\/#website","url":"https:\/\/oeilsportif.info\/","name":"le regard du sportif","description":"","potentialAction":[{"@type":"SearchAction","target":{"@type":"EntryPoint","urlTemplate":"https:\/\/oeilsportif.info\/?s={search_term_string}"},"query-input":{"@type":"PropertyValueSpecification","valueRequired":true,"valueName":"search_term_string"}}],"inLanguage":"fr-FR"},{"@type":"Person","@id":"https:\/\/oeilsportif.info\/#\/schema\/person\/cfbded294aa6095f7d96608d7905e9a1","name":"L'Equipe de la R\u00e9daction","image":{"@type":"ImageObject","inLanguage":"fr-FR","@id":"https:\/\/oeilsportif.info\/wp-content\/uploads\/2025\/07\/cropped-cropped-logo-os-96x96.jpeg","url":"https:\/\/oeilsportif.info\/wp-content\/uploads\/2025\/07\/cropped-cropped-logo-os-96x96.jpeg","contentUrl":"https:\/\/oeilsportif.info\/wp-content\/uploads\/2025\/07\/cropped-cropped-logo-os-96x96.jpeg","caption":"L'Equipe de la R\u00e9daction"},"url":"https:\/\/oeilsportif.info\/index.php\/author\/tawel\/"}]}},"jetpack_publicize_connections":[],"jetpack_featured_media_url":"https:\/\/i0.wp.com\/oeilsportif.info\/wp-content\/uploads\/2022\/11\/FB_IMG_1668946152338.jpg?fit=1080%2C810&ssl=1","jetpack-related-posts":[],"jetpack_sharing_enabled":true,"jetpack_likes_enabled":true,"jetpack_shortlink":"https:\/\/wp.me\/pgFE77-CC","_links":{"self":[{"href":"https:\/\/oeilsportif.info\/index.php\/wp-json\/wp\/v2\/posts\/2394","targetHints":{"allow":["GET"]}}],"collection":[{"href":"https:\/\/oeilsportif.info\/index.php\/wp-json\/wp\/v2\/posts"}],"about":[{"href":"https:\/\/oeilsportif.info\/index.php\/wp-json\/wp\/v2\/types\/post"}],"author":[{"embeddable":true,"href":"https:\/\/oeilsportif.info\/index.php\/wp-json\/wp\/v2\/users\/2"}],"replies":[{"embeddable":true,"href":"https:\/\/oeilsportif.info\/index.php\/wp-json\/wp\/v2\/comments?post=2394"}],"version-history":[{"count":0,"href":"https:\/\/oeilsportif.info\/index.php\/wp-json\/wp\/v2\/posts\/2394\/revisions"}],"wp:featuredmedia":[{"embeddable":true,"href":"https:\/\/oeilsportif.info\/index.php\/wp-json\/wp\/v2\/media\/2395"}],"wp:attachment":[{"href":"https:\/\/oeilsportif.info\/index.php\/wp-json\/wp\/v2\/media?parent=2394"}],"wp:term":[{"taxonomy":"category","embeddable":true,"href":"https:\/\/oeilsportif.info\/index.php\/wp-json\/wp\/v2\/categories?post=2394"},{"taxonomy":"post_tag","embeddable":true,"href":"https:\/\/oeilsportif.info\/index.php\/wp-json\/wp\/v2\/tags?post=2394"}],"curies":[{"name":"wp","href":"https:\/\/api.w.org\/{rel}","templated":true}]}}