{"id":2371,"date":"2022-11-19T09:10:05","date_gmt":"2022-11-19T09:10:05","guid":{"rendered":"https:\/\/oeilsportif.info\/index.php\/?p=2371"},"modified":"2022-11-19T11:08:53","modified_gmt":"2022-11-19T11:08:53","slug":"guinee-cyclisme-qui-pour-sauver-lorganisation-du-tour-cycliste-international-de-guinee","status":"publish","type":"post","link":"https:\/\/oeilsportif.info\/index.php\/guinee-cyclisme-qui-pour-sauver-lorganisation-du-tour-cycliste-international-de-guinee\/","title":{"rendered":"Guin\u00e9e \u2013 cyclisme : Qui pour sauver l\u2019organisation du tour cycliste international de Guin\u00e9e ?"},"content":{"rendered":"<p>Depuis deux ans pour cause de COVID-19, les cyclistes guin\u00e9ens n\u2019ont pas comp\u00e9tit. Mais l\u2019Union Internationale de cyclisme pour relancer ses activit\u00e9s a confi\u00e9 l\u2019organisation d\u2019une de ses comp\u00e9tions \u00e0 la Guin\u00e9e. Et depuis, la F\u00e9d\u00e9ration Guin\u00e9enne de cyclisme, a obtenu l\u2019accord de participation de plusieurs pays. Mais selon plusieurs sources, le Ministre des sports Lansana Bea Diallo aurait d\u00e9clarait \u2018\u2019 Qu\u2019il n\u2019y a pas de moyens pour l\u2019organisation de cette comp\u00e9tition \u2019\u2019. Or le cyclisme est par excellence ce sport qui permet \u00e0 la Guin\u00e9e de se faire d\u00e9couvrir aux autres, par la diversit\u00e9 de son climat, son paysage\u2026<\/p>\n<p>Mais le cyclisme, c\u2019est aussi ce sport qui draine les foules sans compter la volont\u00e9 et la d\u00e9termination de la pr\u00e9sidente de cette f\u00e9d\u00e9ration Hadja Aminata Mara de donner un nouveau souffle \u00e0 cette discipline depuis quelques ann\u00e9es. Le simple fait de ne pas avoir les moyens, ne doit pas nous faire perdre cette organisation. Car plusieurs comp\u00e9titions des autres disciplines ont \u00e9t\u00e9 sauv\u00e9es en Guin\u00e9e par des personnes de bonne volont\u00e9. Et Dieu seul le sait, les personnes de bonne volont\u00e9 au c\u0153ur de lion existe chez nous. Sauvons la Guin\u00e9e en aidant la F\u00e9d\u00e9ration Guin\u00e9enne de cyclisme d\u2019organiser le tour international de cyclisme en Guin\u00e9e\u2026<\/p>\n<p>La R\u00e9daction<\/p>\n","protected":false},"excerpt":{"rendered":"<p>Depuis deux ans pour cause de COVID-19, les cyclistes guin\u00e9ens n\u2019ont pas comp\u00e9tit. Mais l\u2019Union Internationale de cyclisme pour relancer ses activit\u00e9s a confi\u00e9 l\u2019organisation d\u2019une de ses comp\u00e9tions \u00e0 la Guin\u00e9e. Et depuis, la F\u00e9d\u00e9ration Guin\u00e9enne de cyclisme, a obtenu l\u2019accord de participation de plusieurs pays. Mais selon plusieurs sources, le Ministre des sports [&hellip;]<\/p>\n","protected":false},"author":2,"featured_media":2372,"comment_status":"closed","ping_status":"open","sticky":false,"template":"","format":"standard","meta":{"_jetpack_memberships_contains_paid_content":false,"footnotes":"","jetpack_publicize_message":"","jetpack_publicize_feature_enabled":true,"jetpack_social_post_already_shared":true,"jetpack_social_options":{"image_generator_settings":{"template":"highway","default_image_id":0,"font":"","enabled":false},"version":2}},"categories":[8],"tags":[],"class_list":{"0":"post-2371","1":"post","2":"type-post","3":"status-publish","4":"format-standard","5":"has-post-thumbnail","7":"category-cyclisme"},"yoast_head":"<!-- This site is optimized with the Yoast SEO plugin v27.5 - https:\/\/yoast.com\/product\/yoast-seo-wordpress\/ -->\n<title>Guin\u00e9e \u2013 cyclisme : Qui pour sauver l\u2019organisation du tour cycliste international de Guin\u00e9e ? - le regard du sportif<\/title>\n<meta name=\"robots\" content=\"index, follow, max-snippet:-1, max-image-preview:large, max-video-preview:-1\" \/>\n<link rel=\"canonical\" href=\"https:\/\/oeilsportif.info\/index.php\/guinee-cyclisme-qui-pour-sauver-lorganisation-du-tour-cycliste-international-de-guinee\/\" \/>\n<meta property=\"og:locale\" content=\"fr_FR\" \/>\n<meta property=\"og:type\" content=\"article\" \/>\n<meta property=\"og:title\" content=\"Guin\u00e9e \u2013 cyclisme : Qui pour sauver l\u2019organisation du tour cycliste international de Guin\u00e9e ? - le regard du sportif\" \/>\n<meta property=\"og:description\" content=\"Depuis deux ans pour cause de COVID-19, les cyclistes guin\u00e9ens n\u2019ont pas comp\u00e9tit. Mais l\u2019Union Internationale de cyclisme pour relancer ses activit\u00e9s a confi\u00e9 l\u2019organisation d\u2019une de ses comp\u00e9tions \u00e0 la Guin\u00e9e. Et depuis, la F\u00e9d\u00e9ration Guin\u00e9enne de cyclisme, a obtenu l\u2019accord de participation de plusieurs pays. Mais selon plusieurs sources, le Ministre des sports [&hellip;]\" \/>\n<meta property=\"og:url\" content=\"https:\/\/oeilsportif.info\/index.php\/guinee-cyclisme-qui-pour-sauver-lorganisation-du-tour-cycliste-international-de-guinee\/\" \/>\n<meta property=\"og:site_name\" content=\"le regard du sportif\" \/>\n<meta property=\"article:published_time\" content=\"2022-11-19T09:10:05+00:00\" \/>\n<meta property=\"article:modified_time\" content=\"2022-11-19T11:08:53+00:00\" \/>\n<meta property=\"og:image\" content=\"https:\/\/oeilsportif.info\/wp-content\/uploads\/2022\/11\/received_1233106607301754.jpeg\" \/>\n\t<meta property=\"og:image:width\" content=\"2048\" \/>\n\t<meta property=\"og:image:height\" content=\"1536\" \/>\n\t<meta property=\"og:image:type\" content=\"image\/jpeg\" \/>\n<meta name=\"author\" content=\"L&#039;Equipe de la R\u00e9daction\" \/>\n<meta name=\"twitter:label1\" content=\"\u00c9crit par\" \/>\n\t<meta name=\"twitter:data1\" content=\"L&#039;Equipe de la R\u00e9daction\" \/>\n\t<meta name=\"twitter:label2\" content=\"Dur\u00e9e de lecture estim\u00e9e\" \/>\n\t<meta name=\"twitter:data2\" content=\"2 minutes\" \/>\n<script type=\"application\/ld+json\" class=\"yoast-schema-graph\">{\"@context\":\"https:\\\/\\\/schema.org\",\"@graph\":[{\"@type\":\"Article\",\"@id\":\"https:\\\/\\\/oeilsportif.info\\\/index.php\\\/guinee-cyclisme-qui-pour-sauver-lorganisation-du-tour-cycliste-international-de-guinee\\\/#article\",\"isPartOf\":{\"@id\":\"https:\\\/\\\/oeilsportif.info\\\/index.php\\\/guinee-cyclisme-qui-pour-sauver-lorganisation-du-tour-cycliste-international-de-guinee\\\/\"},\"author\":{\"name\":\"L'Equipe de la R\u00e9daction\",\"@id\":\"https:\\\/\\\/oeilsportif.info\\\/#\\\/schema\\\/person\\\/cfbded294aa6095f7d96608d7905e9a1\"},\"headline\":\"Guin\u00e9e \u2013 cyclisme : Qui pour sauver l\u2019organisation du tour cycliste international de Guin\u00e9e ?\",\"datePublished\":\"2022-11-19T09:10:05+00:00\",\"dateModified\":\"2022-11-19T11:08:53+00:00\",\"mainEntityOfPage\":{\"@id\":\"https:\\\/\\\/oeilsportif.info\\\/index.php\\\/guinee-cyclisme-qui-pour-sauver-lorganisation-du-tour-cycliste-international-de-guinee\\\/\"},\"wordCount\":256,\"image\":{\"@id\":\"https:\\\/\\\/oeilsportif.info\\\/index.php\\\/guinee-cyclisme-qui-pour-sauver-lorganisation-du-tour-cycliste-international-de-guinee\\\/#primaryimage\"},\"thumbnailUrl\":\"https:\\\/\\\/i0.wp.com\\\/oeilsportif.info\\\/wp-content\\\/uploads\\\/2022\\\/11\\\/received_1233106607301754.jpeg?fit=2048%2C1536&ssl=1\",\"articleSection\":[\"Cyclisme\"],\"inLanguage\":\"fr-FR\"},{\"@type\":\"WebPage\",\"@id\":\"https:\\\/\\\/oeilsportif.info\\\/index.php\\\/guinee-cyclisme-qui-pour-sauver-lorganisation-du-tour-cycliste-international-de-guinee\\\/\",\"url\":\"https:\\\/\\\/oeilsportif.info\\\/index.php\\\/guinee-cyclisme-qui-pour-sauver-lorganisation-du-tour-cycliste-international-de-guinee\\\/\",\"name\":\"Guin\u00e9e \u2013 cyclisme : Qui pour sauver l\u2019organisation du tour cycliste international de Guin\u00e9e ? - le regard du sportif\",\"isPartOf\":{\"@id\":\"https:\\\/\\\/oeilsportif.info\\\/#website\"},\"primaryImageOfPage\":{\"@id\":\"https:\\\/\\\/oeilsportif.info\\\/index.php\\\/guinee-cyclisme-qui-pour-sauver-lorganisation-du-tour-cycliste-international-de-guinee\\\/#primaryimage\"},\"image\":{\"@id\":\"https:\\\/\\\/oeilsportif.info\\\/index.php\\\/guinee-cyclisme-qui-pour-sauver-lorganisation-du-tour-cycliste-international-de-guinee\\\/#primaryimage\"},\"thumbnailUrl\":\"https:\\\/\\\/i0.wp.com\\\/oeilsportif.info\\\/wp-content\\\/uploads\\\/2022\\\/11\\\/received_1233106607301754.jpeg?fit=2048%2C1536&ssl=1\",\"datePublished\":\"2022-11-19T09:10:05+00:00\",\"dateModified\":\"2022-11-19T11:08:53+00:00\",\"author\":{\"@id\":\"https:\\\/\\\/oeilsportif.info\\\/#\\\/schema\\\/person\\\/cfbded294aa6095f7d96608d7905e9a1\"},\"inLanguage\":\"fr-FR\",\"potentialAction\":[{\"@type\":\"ReadAction\",\"target\":[\"https:\\\/\\\/oeilsportif.info\\\/index.php\\\/guinee-cyclisme-qui-pour-sauver-lorganisation-du-tour-cycliste-international-de-guinee\\\/\"]}]},{\"@type\":\"ImageObject\",\"inLanguage\":\"fr-FR\",\"@id\":\"https:\\\/\\\/oeilsportif.info\\\/index.php\\\/guinee-cyclisme-qui-pour-sauver-lorganisation-du-tour-cycliste-international-de-guinee\\\/#primaryimage\",\"url\":\"https:\\\/\\\/i0.wp.com\\\/oeilsportif.info\\\/wp-content\\\/uploads\\\/2022\\\/11\\\/received_1233106607301754.jpeg?fit=2048%2C1536&ssl=1\",\"contentUrl\":\"https:\\\/\\\/i0.wp.com\\\/oeilsportif.info\\\/wp-content\\\/uploads\\\/2022\\\/11\\\/received_1233106607301754.jpeg?fit=2048%2C1536&ssl=1\",\"width\":2048,\"height\":1536},{\"@type\":\"WebSite\",\"@id\":\"https:\\\/\\\/oeilsportif.info\\\/#website\",\"url\":\"https:\\\/\\\/oeilsportif.info\\\/\",\"name\":\"le regard du sportif\",\"description\":\"\",\"potentialAction\":[{\"@type\":\"SearchAction\",\"target\":{\"@type\":\"EntryPoint\",\"urlTemplate\":\"https:\\\/\\\/oeilsportif.info\\\/?s={search_term_string}\"},\"query-input\":{\"@type\":\"PropertyValueSpecification\",\"valueRequired\":true,\"valueName\":\"search_term_string\"}}],\"inLanguage\":\"fr-FR\"},{\"@type\":\"Person\",\"@id\":\"https:\\\/\\\/oeilsportif.info\\\/#\\\/schema\\\/person\\\/cfbded294aa6095f7d96608d7905e9a1\",\"name\":\"L'Equipe de la R\u00e9daction\",\"image\":{\"@type\":\"ImageObject\",\"inLanguage\":\"fr-FR\",\"@id\":\"https:\\\/\\\/oeilsportif.info\\\/wp-content\\\/uploads\\\/2025\\\/07\\\/cropped-cropped-logo-os-96x96.jpeg\",\"url\":\"https:\\\/\\\/oeilsportif.info\\\/wp-content\\\/uploads\\\/2025\\\/07\\\/cropped-cropped-logo-os-96x96.jpeg\",\"contentUrl\":\"https:\\\/\\\/oeilsportif.info\\\/wp-content\\\/uploads\\\/2025\\\/07\\\/cropped-cropped-logo-os-96x96.jpeg\",\"caption\":\"L'Equipe de la R\u00e9daction\"},\"url\":\"https:\\\/\\\/oeilsportif.info\\\/index.php\\\/author\\\/tawel\\\/\"}]}<\/script>\n<!-- \/ Yoast SEO plugin. -->","yoast_head_json":{"title":"Guin\u00e9e \u2013 cyclisme : Qui pour sauver l\u2019organisation du tour cycliste international de Guin\u00e9e ? - le regard du sportif","robots":{"index":"index","follow":"follow","max-snippet":"max-snippet:-1","max-image-preview":"max-image-preview:large","max-video-preview":"max-video-preview:-1"},"canonical":"https:\/\/oeilsportif.info\/index.php\/guinee-cyclisme-qui-pour-sauver-lorganisation-du-tour-cycliste-international-de-guinee\/","og_locale":"fr_FR","og_type":"article","og_title":"Guin\u00e9e \u2013 cyclisme : Qui pour sauver l\u2019organisation du tour cycliste international de Guin\u00e9e ? - le regard du sportif","og_description":"Depuis deux ans pour cause de COVID-19, les cyclistes guin\u00e9ens n\u2019ont pas comp\u00e9tit. Mais l\u2019Union Internationale de cyclisme pour relancer ses activit\u00e9s a confi\u00e9 l\u2019organisation d\u2019une de ses comp\u00e9tions \u00e0 la Guin\u00e9e. Et depuis, la F\u00e9d\u00e9ration Guin\u00e9enne de cyclisme, a obtenu l\u2019accord de participation de plusieurs pays. Mais selon plusieurs sources, le Ministre des sports [&hellip;]","og_url":"https:\/\/oeilsportif.info\/index.php\/guinee-cyclisme-qui-pour-sauver-lorganisation-du-tour-cycliste-international-de-guinee\/","og_site_name":"le regard du sportif","article_published_time":"2022-11-19T09:10:05+00:00","article_modified_time":"2022-11-19T11:08:53+00:00","og_image":[{"width":2048,"height":1536,"url":"https:\/\/oeilsportif.info\/wp-content\/uploads\/2022\/11\/received_1233106607301754.jpeg","type":"image\/jpeg"}],"author":"L'Equipe de la R\u00e9daction","twitter_misc":{"\u00c9crit par":"L'Equipe de la R\u00e9daction","Dur\u00e9e de lecture estim\u00e9e":"2 minutes"},"schema":{"@context":"https:\/\/schema.org","@graph":[{"@type":"Article","@id":"https:\/\/oeilsportif.info\/index.php\/guinee-cyclisme-qui-pour-sauver-lorganisation-du-tour-cycliste-international-de-guinee\/#article","isPartOf":{"@id":"https:\/\/oeilsportif.info\/index.php\/guinee-cyclisme-qui-pour-sauver-lorganisation-du-tour-cycliste-international-de-guinee\/"},"author":{"name":"L'Equipe de la R\u00e9daction","@id":"https:\/\/oeilsportif.info\/#\/schema\/person\/cfbded294aa6095f7d96608d7905e9a1"},"headline":"Guin\u00e9e \u2013 cyclisme : Qui pour sauver l\u2019organisation du tour cycliste international de Guin\u00e9e ?","datePublished":"2022-11-19T09:10:05+00:00","dateModified":"2022-11-19T11:08:53+00:00","mainEntityOfPage":{"@id":"https:\/\/oeilsportif.info\/index.php\/guinee-cyclisme-qui-pour-sauver-lorganisation-du-tour-cycliste-international-de-guinee\/"},"wordCount":256,"image":{"@id":"https:\/\/oeilsportif.info\/index.php\/guinee-cyclisme-qui-pour-sauver-lorganisation-du-tour-cycliste-international-de-guinee\/#primaryimage"},"thumbnailUrl":"https:\/\/i0.wp.com\/oeilsportif.info\/wp-content\/uploads\/2022\/11\/received_1233106607301754.jpeg?fit=2048%2C1536&ssl=1","articleSection":["Cyclisme"],"inLanguage":"fr-FR"},{"@type":"WebPage","@id":"https:\/\/oeilsportif.info\/index.php\/guinee-cyclisme-qui-pour-sauver-lorganisation-du-tour-cycliste-international-de-guinee\/","url":"https:\/\/oeilsportif.info\/index.php\/guinee-cyclisme-qui-pour-sauver-lorganisation-du-tour-cycliste-international-de-guinee\/","name":"Guin\u00e9e \u2013 cyclisme : Qui pour sauver l\u2019organisation du tour cycliste international de Guin\u00e9e ? - le regard du sportif","isPartOf":{"@id":"https:\/\/oeilsportif.info\/#website"},"primaryImageOfPage":{"@id":"https:\/\/oeilsportif.info\/index.php\/guinee-cyclisme-qui-pour-sauver-lorganisation-du-tour-cycliste-international-de-guinee\/#primaryimage"},"image":{"@id":"https:\/\/oeilsportif.info\/index.php\/guinee-cyclisme-qui-pour-sauver-lorganisation-du-tour-cycliste-international-de-guinee\/#primaryimage"},"thumbnailUrl":"https:\/\/i0.wp.com\/oeilsportif.info\/wp-content\/uploads\/2022\/11\/received_1233106607301754.jpeg?fit=2048%2C1536&ssl=1","datePublished":"2022-11-19T09:10:05+00:00","dateModified":"2022-11-19T11:08:53+00:00","author":{"@id":"https:\/\/oeilsportif.info\/#\/schema\/person\/cfbded294aa6095f7d96608d7905e9a1"},"inLanguage":"fr-FR","potentialAction":[{"@type":"ReadAction","target":["https:\/\/oeilsportif.info\/index.php\/guinee-cyclisme-qui-pour-sauver-lorganisation-du-tour-cycliste-international-de-guinee\/"]}]},{"@type":"ImageObject","inLanguage":"fr-FR","@id":"https:\/\/oeilsportif.info\/index.php\/guinee-cyclisme-qui-pour-sauver-lorganisation-du-tour-cycliste-international-de-guinee\/#primaryimage","url":"https:\/\/i0.wp.com\/oeilsportif.info\/wp-content\/uploads\/2022\/11\/received_1233106607301754.jpeg?fit=2048%2C1536&ssl=1","contentUrl":"https:\/\/i0.wp.com\/oeilsportif.info\/wp-content\/uploads\/2022\/11\/received_1233106607301754.jpeg?fit=2048%2C1536&ssl=1","width":2048,"height":1536},{"@type":"WebSite","@id":"https:\/\/oeilsportif.info\/#website","url":"https:\/\/oeilsportif.info\/","name":"le regard du sportif","description":"","potentialAction":[{"@type":"SearchAction","target":{"@type":"EntryPoint","urlTemplate":"https:\/\/oeilsportif.info\/?s={search_term_string}"},"query-input":{"@type":"PropertyValueSpecification","valueRequired":true,"valueName":"search_term_string"}}],"inLanguage":"fr-FR"},{"@type":"Person","@id":"https:\/\/oeilsportif.info\/#\/schema\/person\/cfbded294aa6095f7d96608d7905e9a1","name":"L'Equipe de la R\u00e9daction","image":{"@type":"ImageObject","inLanguage":"fr-FR","@id":"https:\/\/oeilsportif.info\/wp-content\/uploads\/2025\/07\/cropped-cropped-logo-os-96x96.jpeg","url":"https:\/\/oeilsportif.info\/wp-content\/uploads\/2025\/07\/cropped-cropped-logo-os-96x96.jpeg","contentUrl":"https:\/\/oeilsportif.info\/wp-content\/uploads\/2025\/07\/cropped-cropped-logo-os-96x96.jpeg","caption":"L'Equipe de la R\u00e9daction"},"url":"https:\/\/oeilsportif.info\/index.php\/author\/tawel\/"}]}},"jetpack_publicize_connections":[],"jetpack_featured_media_url":"https:\/\/i0.wp.com\/oeilsportif.info\/wp-content\/uploads\/2022\/11\/received_1233106607301754.jpeg?fit=2048%2C1536&ssl=1","jetpack-related-posts":[],"jetpack_sharing_enabled":true,"jetpack_likes_enabled":true,"jetpack_shortlink":"https:\/\/wp.me\/pgFE77-Cf","_links":{"self":[{"href":"https:\/\/oeilsportif.info\/index.php\/wp-json\/wp\/v2\/posts\/2371","targetHints":{"allow":["GET"]}}],"collection":[{"href":"https:\/\/oeilsportif.info\/index.php\/wp-json\/wp\/v2\/posts"}],"about":[{"href":"https:\/\/oeilsportif.info\/index.php\/wp-json\/wp\/v2\/types\/post"}],"author":[{"embeddable":true,"href":"https:\/\/oeilsportif.info\/index.php\/wp-json\/wp\/v2\/users\/2"}],"replies":[{"embeddable":true,"href":"https:\/\/oeilsportif.info\/index.php\/wp-json\/wp\/v2\/comments?post=2371"}],"version-history":[{"count":0,"href":"https:\/\/oeilsportif.info\/index.php\/wp-json\/wp\/v2\/posts\/2371\/revisions"}],"wp:featuredmedia":[{"embeddable":true,"href":"https:\/\/oeilsportif.info\/index.php\/wp-json\/wp\/v2\/media\/2372"}],"wp:attachment":[{"href":"https:\/\/oeilsportif.info\/index.php\/wp-json\/wp\/v2\/media?parent=2371"}],"wp:term":[{"taxonomy":"category","embeddable":true,"href":"https:\/\/oeilsportif.info\/index.php\/wp-json\/wp\/v2\/categories?post=2371"},{"taxonomy":"post_tag","embeddable":true,"href":"https:\/\/oeilsportif.info\/index.php\/wp-json\/wp\/v2\/tags?post=2371"}],"curies":[{"name":"wp","href":"https:\/\/api.w.org\/{rel}","templated":true}]}}