{"id":2358,"date":"2022-11-18T17:05:05","date_gmt":"2022-11-18T17:05:05","guid":{"rendered":"https:\/\/oeilsportif.info\/index.php\/?p=2358"},"modified":"2022-11-18T17:05:05","modified_gmt":"2022-11-18T17:05:05","slug":"sadio-mane-est-forfait-pour-le-mondial-2022-20-novembre-18-decembre-la-nouvelle-est-tombee-hier-jeudi-du-medecin-des-lions-manuel-alfonso-lattaquant-du-bayern-munich-blesse-au-genou","status":"publish","type":"post","link":"https:\/\/oeilsportif.info\/index.php\/sadio-mane-est-forfait-pour-le-mondial-2022-20-novembre-18-decembre-la-nouvelle-est-tombee-hier-jeudi-du-medecin-des-lions-manuel-alfonso-lattaquant-du-bayern-munich-blesse-au-genou\/","title":{"rendered":"Sadio Man\u00e9 est forfait pour le Mondial 2022 (20 novembre-18 d\u00e9cembre). La nouvelle est tomb\u00e9e hier, jeudi, du m\u00e9decin des Lions, Manuel Alfonso. L\u2019attaquant du Bayern Munich, bless\u00e9 au genou, a \u00e9t\u00e9 op\u00e9r\u00e9 avec succ\u00e8s en Autriche. Il devrait \u00eatre indisponible trois mois.  Le S\u00e9n\u00e9gal devra donc disputer sa troisi\u00e8me Coupe du monde sans son principal atout offensif, celui qui a pes\u00e9 sur 12 des 25 derniers buts des Lions. Le r\u00e8glement de la FIFA offre \u00e0 Aliou Ciss\u00e9, le s\u00e9lectionneur national, la possibilit\u00e9 de remplacer Sadio Man\u00e9. Mais d\u2019apr\u00e8s L\u2019Observateur ce dernier a choisi de maintenir son groupe \u00e0 25 joueurs.  Le journal pr\u00e9cise que Aliou Ciss\u00e9, en rapport avec la F\u00e9d\u00e9ration s\u00e9n\u00e9galaise de football (FSF) et le minist\u00e8re des Sports a m\u00eame d\u00e9cid\u00e9 de garder Sadio Man\u00e9 sur la liste des Lions. C\u2019est donc comme si l\u2019ancien joueur de Liverpool avait effectu\u00e9 le d\u00e9placement au Qatar.  D\u2019apr\u00e8s L\u2019Observateur, cette d\u00e9cision a \u00e9t\u00e9 prise pour au moins trois raisons : t\u00e9moigner au double Ballon d\u2019Or la solidarit\u00e9 du S\u00e9n\u00e9gal, lui permettre de b\u00e9n\u00e9ficier d\u2019une m\u00e9daille en cas d\u2019exploit des champions d\u2019Afrique et d\u2019\u00eatre \u00e9ligible pour d\u2019\u00e9ventuelles primes au terme de la comp\u00e9tition."},"content":{"rendered":"<p><strong>Sadio Man\u00e9 est forfait pour le Mondial 2022 (20 novembre-18 d\u00e9cembre). La nouvelle est tomb\u00e9e hier, jeudi, du m\u00e9decin des Lions, Manuel Alfonso. L\u2019attaquant du Bayern Munich, bless\u00e9 au genou, a \u00e9t\u00e9 op\u00e9r\u00e9 avec succ\u00e8s en Autriche. Il devrait \u00eatre indisponible trois mois.<\/strong><\/p>\n<p>Le S\u00e9n\u00e9gal devra donc disputer sa troisi\u00e8me Coupe du monde sans son principal atout offensif, celui qui a pes\u00e9 sur 12 des 25 derniers buts des Lions. Le r\u00e8glement de la FIFA offre \u00e0 Aliou Ciss\u00e9, le s\u00e9lectionneur national, la possibilit\u00e9 de remplacer Sadio Man\u00e9. Mais d\u2019apr\u00e8s L\u2019Observateur ce dernier a choisi de maintenir son groupe \u00e0 25 joueurs.<\/p>\n<p>Le journal pr\u00e9cise que Aliou Ciss\u00e9, en rapport avec la F\u00e9d\u00e9ration s\u00e9n\u00e9galaise de football (FSF) et le minist\u00e8re des Sports a m\u00eame d\u00e9cid\u00e9 de garder Sadio Man\u00e9 sur la liste des Lions. C\u2019est donc comme si l\u2019ancien joueur de Liverpool avait effectu\u00e9 le d\u00e9placement au Qatar.<\/p>\n<p>D\u2019apr\u00e8s L\u2019Observateur, cette d\u00e9cision a \u00e9t\u00e9 prise pour au moins trois raisons : t\u00e9moigner au double Ballon d\u2019Or la solidarit\u00e9 du S\u00e9n\u00e9gal, lui permettre de b\u00e9n\u00e9ficier d\u2019une m\u00e9daille en cas d\u2019exploit des champions d\u2019Afrique et d\u2019\u00eatre \u00e9ligible pour d\u2019\u00e9ventuelles primes au terme de la comp\u00e9tition.<\/p>\n<p><strong>Senewb<\/strong><\/p>\n","protected":false},"excerpt":{"rendered":"<p>Sadio Man\u00e9 est forfait pour le Mondial 2022 (20 novembre-18 d\u00e9cembre). La nouvelle est tomb\u00e9e hier, jeudi, du m\u00e9decin des Lions, Manuel Alfonso. L\u2019attaquant du Bayern Munich, bless\u00e9 au genou, a \u00e9t\u00e9 op\u00e9r\u00e9 avec succ\u00e8s en Autriche. Il devrait \u00eatre indisponible trois mois. Le S\u00e9n\u00e9gal devra donc disputer sa troisi\u00e8me Coupe du monde sans son [&hellip;]<\/p>\n","protected":false},"author":2,"featured_media":2359,"comment_status":"closed","ping_status":"open","sticky":false,"template":"","format":"standard","meta":{"_jetpack_memberships_contains_paid_content":false,"footnotes":"","jetpack_publicize_message":"","jetpack_publicize_feature_enabled":true,"jetpack_social_post_already_shared":true,"jetpack_social_options":{"image_generator_settings":{"template":"highway","default_image_id":0,"font":"","enabled":false},"version":2}},"categories":[5],"tags":[],"class_list":{"0":"post-2358","1":"post","2":"type-post","3":"status-publish","4":"format-standard","5":"has-post-thumbnail","7":"category-football"},"yoast_head":"<!-- This site is optimized with the Yoast SEO plugin v27.5 - https:\/\/yoast.com\/product\/yoast-seo-wordpress\/ -->\n<title>Sadio Man\u00e9 est forfait pour le Mondial 2022 (20 novembre-18 d\u00e9cembre). La nouvelle est tomb\u00e9e hier, jeudi, du m\u00e9decin des Lions, Manuel Alfonso. L\u2019attaquant du Bayern Munich, bless\u00e9 au genou, a \u00e9t\u00e9 op\u00e9r\u00e9 avec succ\u00e8s en Autriche. Il devrait \u00eatre indisponible trois mois. Le S\u00e9n\u00e9gal devra donc disputer sa troisi\u00e8me Coupe du monde sans son principal atout offensif, celui qui a pes\u00e9 sur 12 des 25 derniers buts des Lions. Le r\u00e8glement de la FIFA offre \u00e0 Aliou Ciss\u00e9, le s\u00e9lectionneur national, la possibilit\u00e9 de remplacer Sadio Man\u00e9. Mais d\u2019apr\u00e8s L\u2019Observateur ce dernier a choisi de maintenir son groupe \u00e0 25 joueurs. Le journal pr\u00e9cise que Aliou Ciss\u00e9, en rapport avec la F\u00e9d\u00e9ration s\u00e9n\u00e9galaise de football (FSF) et le minist\u00e8re des Sports a m\u00eame d\u00e9cid\u00e9 de garder Sadio Man\u00e9 sur la liste des Lions. C\u2019est donc comme si l\u2019ancien joueur de Liverpool avait effectu\u00e9 le d\u00e9placement au Qatar. D\u2019apr\u00e8s L\u2019Observateur, cette d\u00e9cision a \u00e9t\u00e9 prise pour au moins trois raisons : t\u00e9moigner au double Ballon d\u2019Or la solidarit\u00e9 du S\u00e9n\u00e9gal, lui permettre de b\u00e9n\u00e9ficier d\u2019une m\u00e9daille en cas d\u2019exploit des champions d\u2019Afrique et d\u2019\u00eatre \u00e9ligible pour d\u2019\u00e9ventuelles primes au terme de la comp\u00e9tition. - le regard du sportif<\/title>\n<meta name=\"robots\" content=\"index, follow, max-snippet:-1, max-image-preview:large, max-video-preview:-1\" \/>\n<link rel=\"canonical\" href=\"https:\/\/oeilsportif.info\/index.php\/sadio-mane-est-forfait-pour-le-mondial-2022-20-novembre-18-decembre-la-nouvelle-est-tombee-hier-jeudi-du-medecin-des-lions-manuel-alfonso-lattaquant-du-bayern-munich-blesse-au-genou\/\" \/>\n<meta property=\"og:locale\" content=\"fr_FR\" \/>\n<meta property=\"og:type\" content=\"article\" \/>\n<meta property=\"og:title\" content=\"Sadio Man\u00e9 est forfait pour le Mondial 2022 (20 novembre-18 d\u00e9cembre). La nouvelle est tomb\u00e9e hier, jeudi, du m\u00e9decin des Lions, Manuel Alfonso. L\u2019attaquant du Bayern Munich, bless\u00e9 au genou, a \u00e9t\u00e9 op\u00e9r\u00e9 avec succ\u00e8s en Autriche. Il devrait \u00eatre indisponible trois mois. Le S\u00e9n\u00e9gal devra donc disputer sa troisi\u00e8me Coupe du monde sans son principal atout offensif, celui qui a pes\u00e9 sur 12 des 25 derniers buts des Lions. Le r\u00e8glement de la FIFA offre \u00e0 Aliou Ciss\u00e9, le s\u00e9lectionneur national, la possibilit\u00e9 de remplacer Sadio Man\u00e9. Mais d\u2019apr\u00e8s L\u2019Observateur ce dernier a choisi de maintenir son groupe \u00e0 25 joueurs. Le journal pr\u00e9cise que Aliou Ciss\u00e9, en rapport avec la F\u00e9d\u00e9ration s\u00e9n\u00e9galaise de football (FSF) et le minist\u00e8re des Sports a m\u00eame d\u00e9cid\u00e9 de garder Sadio Man\u00e9 sur la liste des Lions. C\u2019est donc comme si l\u2019ancien joueur de Liverpool avait effectu\u00e9 le d\u00e9placement au Qatar. D\u2019apr\u00e8s L\u2019Observateur, cette d\u00e9cision a \u00e9t\u00e9 prise pour au moins trois raisons : t\u00e9moigner au double Ballon d\u2019Or la solidarit\u00e9 du S\u00e9n\u00e9gal, lui permettre de b\u00e9n\u00e9ficier d\u2019une m\u00e9daille en cas d\u2019exploit des champions d\u2019Afrique et d\u2019\u00eatre \u00e9ligible pour d\u2019\u00e9ventuelles primes au terme de la comp\u00e9tition. - le regard du sportif\" \/>\n<meta property=\"og:description\" content=\"Sadio Man\u00e9 est forfait pour le Mondial 2022 (20 novembre-18 d\u00e9cembre). La nouvelle est tomb\u00e9e hier, jeudi, du m\u00e9decin des Lions, Manuel Alfonso. L\u2019attaquant du Bayern Munich, bless\u00e9 au genou, a \u00e9t\u00e9 op\u00e9r\u00e9 avec succ\u00e8s en Autriche. Il devrait \u00eatre indisponible trois mois. Le S\u00e9n\u00e9gal devra donc disputer sa troisi\u00e8me Coupe du monde sans son [&hellip;]\" \/>\n<meta property=\"og:url\" content=\"https:\/\/oeilsportif.info\/index.php\/sadio-mane-est-forfait-pour-le-mondial-2022-20-novembre-18-decembre-la-nouvelle-est-tombee-hier-jeudi-du-medecin-des-lions-manuel-alfonso-lattaquant-du-bayern-munich-blesse-au-genou\/\" \/>\n<meta property=\"og:site_name\" content=\"le regard du sportif\" \/>\n<meta property=\"article:published_time\" content=\"2022-11-18T17:05:05+00:00\" \/>\n<meta property=\"og:image\" content=\"https:\/\/oeilsportif.info\/wp-content\/uploads\/2022\/11\/FB_IMG_1668791072707.jpg\" \/>\n\t<meta property=\"og:image:width\" content=\"1052\" \/>\n\t<meta property=\"og:image:height\" content=\"592\" \/>\n\t<meta property=\"og:image:type\" content=\"image\/jpeg\" \/>\n<meta name=\"author\" content=\"L&#039;Equipe de la R\u00e9daction\" \/>\n<meta name=\"twitter:label1\" content=\"\u00c9crit par\" \/>\n\t<meta name=\"twitter:data1\" content=\"L&#039;Equipe de la R\u00e9daction\" \/>\n\t<meta name=\"twitter:label2\" content=\"Dur\u00e9e de lecture estim\u00e9e\" \/>\n\t<meta name=\"twitter:data2\" content=\"1 minute\" \/>\n<script type=\"application\/ld+json\" class=\"yoast-schema-graph\">{\"@context\":\"https:\\\/\\\/schema.org\",\"@graph\":[{\"@type\":\"Article\",\"@id\":\"https:\\\/\\\/oeilsportif.info\\\/index.php\\\/sadio-mane-est-forfait-pour-le-mondial-2022-20-novembre-18-decembre-la-nouvelle-est-tombee-hier-jeudi-du-medecin-des-lions-manuel-alfonso-lattaquant-du-bayern-munich-blesse-au-genou\\\/#article\",\"isPartOf\":{\"@id\":\"https:\\\/\\\/oeilsportif.info\\\/index.php\\\/sadio-mane-est-forfait-pour-le-mondial-2022-20-novembre-18-decembre-la-nouvelle-est-tombee-hier-jeudi-du-medecin-des-lions-manuel-alfonso-lattaquant-du-bayern-munich-blesse-au-genou\\\/\"},\"author\":{\"name\":\"L'Equipe de la R\u00e9daction\",\"@id\":\"https:\\\/\\\/oeilsportif.info\\\/#\\\/schema\\\/person\\\/cfbded294aa6095f7d96608d7905e9a1\"},\"headline\":\"Sadio Man\u00e9 est forfait pour le Mondial 2022 (20 novembre-18 d\u00e9cembre). La nouvelle est tomb\u00e9e hier, jeudi, du m\u00e9decin des Lions, Manuel Alfonso. L\u2019attaquant du Bayern Munich, bless\u00e9 au genou, a \u00e9t\u00e9 op\u00e9r\u00e9 avec succ\u00e8s en Autriche. Il devrait \u00eatre indisponible trois mois. Le S\u00e9n\u00e9gal devra donc disputer sa troisi\u00e8me Coupe du monde sans son principal atout offensif, celui qui a pes\u00e9 sur 12 des 25 derniers buts des Lions. Le r\u00e8glement de la FIFA offre \u00e0 Aliou Ciss\u00e9, le s\u00e9lectionneur national, la possibilit\u00e9 de remplacer Sadio Man\u00e9. Mais d\u2019apr\u00e8s L\u2019Observateur ce dernier a choisi de maintenir son groupe \u00e0 25 joueurs. Le journal pr\u00e9cise que Aliou Ciss\u00e9, en rapport avec la F\u00e9d\u00e9ration s\u00e9n\u00e9galaise de football (FSF) et le minist\u00e8re des Sports a m\u00eame d\u00e9cid\u00e9 de garder Sadio Man\u00e9 sur la liste des Lions. C\u2019est donc comme si l\u2019ancien joueur de Liverpool avait effectu\u00e9 le d\u00e9placement au Qatar. D\u2019apr\u00e8s L\u2019Observateur, cette d\u00e9cision a \u00e9t\u00e9 prise pour au moins trois raisons : t\u00e9moigner au double Ballon d\u2019Or la solidarit\u00e9 du S\u00e9n\u00e9gal, lui permettre de b\u00e9n\u00e9ficier d\u2019une m\u00e9daille en cas d\u2019exploit des champions d\u2019Afrique et d\u2019\u00eatre \u00e9ligible pour d\u2019\u00e9ventuelles primes au terme de la comp\u00e9tition.\",\"datePublished\":\"2022-11-18T17:05:05+00:00\",\"mainEntityOfPage\":{\"@id\":\"https:\\\/\\\/oeilsportif.info\\\/index.php\\\/sadio-mane-est-forfait-pour-le-mondial-2022-20-novembre-18-decembre-la-nouvelle-est-tombee-hier-jeudi-du-medecin-des-lions-manuel-alfonso-lattaquant-du-bayern-munich-blesse-au-genou\\\/\"},\"wordCount\":455,\"image\":{\"@id\":\"https:\\\/\\\/oeilsportif.info\\\/index.php\\\/sadio-mane-est-forfait-pour-le-mondial-2022-20-novembre-18-decembre-la-nouvelle-est-tombee-hier-jeudi-du-medecin-des-lions-manuel-alfonso-lattaquant-du-bayern-munich-blesse-au-genou\\\/#primaryimage\"},\"thumbnailUrl\":\"https:\\\/\\\/i0.wp.com\\\/oeilsportif.info\\\/wp-content\\\/uploads\\\/2022\\\/11\\\/FB_IMG_1668791072707.jpg?fit=1052%2C592&ssl=1\",\"articleSection\":[\"Football\"],\"inLanguage\":\"fr-FR\"},{\"@type\":\"WebPage\",\"@id\":\"https:\\\/\\\/oeilsportif.info\\\/index.php\\\/sadio-mane-est-forfait-pour-le-mondial-2022-20-novembre-18-decembre-la-nouvelle-est-tombee-hier-jeudi-du-medecin-des-lions-manuel-alfonso-lattaquant-du-bayern-munich-blesse-au-genou\\\/\",\"url\":\"https:\\\/\\\/oeilsportif.info\\\/index.php\\\/sadio-mane-est-forfait-pour-le-mondial-2022-20-novembre-18-decembre-la-nouvelle-est-tombee-hier-jeudi-du-medecin-des-lions-manuel-alfonso-lattaquant-du-bayern-munich-blesse-au-genou\\\/\",\"name\":\"Sadio Man\u00e9 est forfait pour le Mondial 2022 (20 novembre-18 d\u00e9cembre). La nouvelle est tomb\u00e9e hier, jeudi, du m\u00e9decin des Lions, Manuel Alfonso. L\u2019attaquant du Bayern Munich, bless\u00e9 au genou, a \u00e9t\u00e9 op\u00e9r\u00e9 avec succ\u00e8s en Autriche. Il devrait \u00eatre indisponible trois mois. Le S\u00e9n\u00e9gal devra donc disputer sa troisi\u00e8me Coupe du monde sans son principal atout offensif, celui qui a pes\u00e9 sur 12 des 25 derniers buts des Lions. Le r\u00e8glement de la FIFA offre \u00e0 Aliou Ciss\u00e9, le s\u00e9lectionneur national, la possibilit\u00e9 de remplacer Sadio Man\u00e9. Mais d\u2019apr\u00e8s L\u2019Observateur ce dernier a choisi de maintenir son groupe \u00e0 25 joueurs. Le journal pr\u00e9cise que Aliou Ciss\u00e9, en rapport avec la F\u00e9d\u00e9ration s\u00e9n\u00e9galaise de football (FSF) et le minist\u00e8re des Sports a m\u00eame d\u00e9cid\u00e9 de garder Sadio Man\u00e9 sur la liste des Lions. C\u2019est donc comme si l\u2019ancien joueur de Liverpool avait effectu\u00e9 le d\u00e9placement au Qatar. D\u2019apr\u00e8s L\u2019Observateur, cette d\u00e9cision a \u00e9t\u00e9 prise pour au moins trois raisons : t\u00e9moigner au double Ballon d\u2019Or la solidarit\u00e9 du S\u00e9n\u00e9gal, lui permettre de b\u00e9n\u00e9ficier d\u2019une m\u00e9daille en cas d\u2019exploit des champions d\u2019Afrique et d\u2019\u00eatre \u00e9ligible pour d\u2019\u00e9ventuelles primes au terme de la comp\u00e9tition. - le regard du sportif\",\"isPartOf\":{\"@id\":\"https:\\\/\\\/oeilsportif.info\\\/#website\"},\"primaryImageOfPage\":{\"@id\":\"https:\\\/\\\/oeilsportif.info\\\/index.php\\\/sadio-mane-est-forfait-pour-le-mondial-2022-20-novembre-18-decembre-la-nouvelle-est-tombee-hier-jeudi-du-medecin-des-lions-manuel-alfonso-lattaquant-du-bayern-munich-blesse-au-genou\\\/#primaryimage\"},\"image\":{\"@id\":\"https:\\\/\\\/oeilsportif.info\\\/index.php\\\/sadio-mane-est-forfait-pour-le-mondial-2022-20-novembre-18-decembre-la-nouvelle-est-tombee-hier-jeudi-du-medecin-des-lions-manuel-alfonso-lattaquant-du-bayern-munich-blesse-au-genou\\\/#primaryimage\"},\"thumbnailUrl\":\"https:\\\/\\\/i0.wp.com\\\/oeilsportif.info\\\/wp-content\\\/uploads\\\/2022\\\/11\\\/FB_IMG_1668791072707.jpg?fit=1052%2C592&ssl=1\",\"datePublished\":\"2022-11-18T17:05:05+00:00\",\"author\":{\"@id\":\"https:\\\/\\\/oeilsportif.info\\\/#\\\/schema\\\/person\\\/cfbded294aa6095f7d96608d7905e9a1\"},\"inLanguage\":\"fr-FR\",\"potentialAction\":[{\"@type\":\"ReadAction\",\"target\":[\"https:\\\/\\\/oeilsportif.info\\\/index.php\\\/sadio-mane-est-forfait-pour-le-mondial-2022-20-novembre-18-decembre-la-nouvelle-est-tombee-hier-jeudi-du-medecin-des-lions-manuel-alfonso-lattaquant-du-bayern-munich-blesse-au-genou\\\/\"]}]},{\"@type\":\"ImageObject\",\"inLanguage\":\"fr-FR\",\"@id\":\"https:\\\/\\\/oeilsportif.info\\\/index.php\\\/sadio-mane-est-forfait-pour-le-mondial-2022-20-novembre-18-decembre-la-nouvelle-est-tombee-hier-jeudi-du-medecin-des-lions-manuel-alfonso-lattaquant-du-bayern-munich-blesse-au-genou\\\/#primaryimage\",\"url\":\"https:\\\/\\\/i0.wp.com\\\/oeilsportif.info\\\/wp-content\\\/uploads\\\/2022\\\/11\\\/FB_IMG_1668791072707.jpg?fit=1052%2C592&ssl=1\",\"contentUrl\":\"https:\\\/\\\/i0.wp.com\\\/oeilsportif.info\\\/wp-content\\\/uploads\\\/2022\\\/11\\\/FB_IMG_1668791072707.jpg?fit=1052%2C592&ssl=1\",\"width\":1052,\"height\":592},{\"@type\":\"WebSite\",\"@id\":\"https:\\\/\\\/oeilsportif.info\\\/#website\",\"url\":\"https:\\\/\\\/oeilsportif.info\\\/\",\"name\":\"le regard du sportif\",\"description\":\"\",\"potentialAction\":[{\"@type\":\"SearchAction\",\"target\":{\"@type\":\"EntryPoint\",\"urlTemplate\":\"https:\\\/\\\/oeilsportif.info\\\/?s={search_term_string}\"},\"query-input\":{\"@type\":\"PropertyValueSpecification\",\"valueRequired\":true,\"valueName\":\"search_term_string\"}}],\"inLanguage\":\"fr-FR\"},{\"@type\":\"Person\",\"@id\":\"https:\\\/\\\/oeilsportif.info\\\/#\\\/schema\\\/person\\\/cfbded294aa6095f7d96608d7905e9a1\",\"name\":\"L'Equipe de la R\u00e9daction\",\"image\":{\"@type\":\"ImageObject\",\"inLanguage\":\"fr-FR\",\"@id\":\"https:\\\/\\\/oeilsportif.info\\\/wp-content\\\/uploads\\\/2025\\\/07\\\/cropped-cropped-logo-os-96x96.jpeg\",\"url\":\"https:\\\/\\\/oeilsportif.info\\\/wp-content\\\/uploads\\\/2025\\\/07\\\/cropped-cropped-logo-os-96x96.jpeg\",\"contentUrl\":\"https:\\\/\\\/oeilsportif.info\\\/wp-content\\\/uploads\\\/2025\\\/07\\\/cropped-cropped-logo-os-96x96.jpeg\",\"caption\":\"L'Equipe de la R\u00e9daction\"},\"url\":\"https:\\\/\\\/oeilsportif.info\\\/index.php\\\/author\\\/tawel\\\/\"}]}<\/script>\n<!-- \/ Yoast SEO plugin. -->","yoast_head_json":{"title":"Sadio Man\u00e9 est forfait pour le Mondial 2022 (20 novembre-18 d\u00e9cembre). La nouvelle est tomb\u00e9e hier, jeudi, du m\u00e9decin des Lions, Manuel Alfonso. L\u2019attaquant du Bayern Munich, bless\u00e9 au genou, a \u00e9t\u00e9 op\u00e9r\u00e9 avec succ\u00e8s en Autriche. Il devrait \u00eatre indisponible trois mois. Le S\u00e9n\u00e9gal devra donc disputer sa troisi\u00e8me Coupe du monde sans son principal atout offensif, celui qui a pes\u00e9 sur 12 des 25 derniers buts des Lions. Le r\u00e8glement de la FIFA offre \u00e0 Aliou Ciss\u00e9, le s\u00e9lectionneur national, la possibilit\u00e9 de remplacer Sadio Man\u00e9. Mais d\u2019apr\u00e8s L\u2019Observateur ce dernier a choisi de maintenir son groupe \u00e0 25 joueurs. Le journal pr\u00e9cise que Aliou Ciss\u00e9, en rapport avec la F\u00e9d\u00e9ration s\u00e9n\u00e9galaise de football (FSF) et le minist\u00e8re des Sports a m\u00eame d\u00e9cid\u00e9 de garder Sadio Man\u00e9 sur la liste des Lions. C\u2019est donc comme si l\u2019ancien joueur de Liverpool avait effectu\u00e9 le d\u00e9placement au Qatar. D\u2019apr\u00e8s L\u2019Observateur, cette d\u00e9cision a \u00e9t\u00e9 prise pour au moins trois raisons : t\u00e9moigner au double Ballon d\u2019Or la solidarit\u00e9 du S\u00e9n\u00e9gal, lui permettre de b\u00e9n\u00e9ficier d\u2019une m\u00e9daille en cas d\u2019exploit des champions d\u2019Afrique et d\u2019\u00eatre \u00e9ligible pour d\u2019\u00e9ventuelles primes au terme de la comp\u00e9tition. - le regard du sportif","robots":{"index":"index","follow":"follow","max-snippet":"max-snippet:-1","max-image-preview":"max-image-preview:large","max-video-preview":"max-video-preview:-1"},"canonical":"https:\/\/oeilsportif.info\/index.php\/sadio-mane-est-forfait-pour-le-mondial-2022-20-novembre-18-decembre-la-nouvelle-est-tombee-hier-jeudi-du-medecin-des-lions-manuel-alfonso-lattaquant-du-bayern-munich-blesse-au-genou\/","og_locale":"fr_FR","og_type":"article","og_title":"Sadio Man\u00e9 est forfait pour le Mondial 2022 (20 novembre-18 d\u00e9cembre). La nouvelle est tomb\u00e9e hier, jeudi, du m\u00e9decin des Lions, Manuel Alfonso. L\u2019attaquant du Bayern Munich, bless\u00e9 au genou, a \u00e9t\u00e9 op\u00e9r\u00e9 avec succ\u00e8s en Autriche. Il devrait \u00eatre indisponible trois mois. Le S\u00e9n\u00e9gal devra donc disputer sa troisi\u00e8me Coupe du monde sans son principal atout offensif, celui qui a pes\u00e9 sur 12 des 25 derniers buts des Lions. Le r\u00e8glement de la FIFA offre \u00e0 Aliou Ciss\u00e9, le s\u00e9lectionneur national, la possibilit\u00e9 de remplacer Sadio Man\u00e9. Mais d\u2019apr\u00e8s L\u2019Observateur ce dernier a choisi de maintenir son groupe \u00e0 25 joueurs. Le journal pr\u00e9cise que Aliou Ciss\u00e9, en rapport avec la F\u00e9d\u00e9ration s\u00e9n\u00e9galaise de football (FSF) et le minist\u00e8re des Sports a m\u00eame d\u00e9cid\u00e9 de garder Sadio Man\u00e9 sur la liste des Lions. C\u2019est donc comme si l\u2019ancien joueur de Liverpool avait effectu\u00e9 le d\u00e9placement au Qatar. D\u2019apr\u00e8s L\u2019Observateur, cette d\u00e9cision a \u00e9t\u00e9 prise pour au moins trois raisons : t\u00e9moigner au double Ballon d\u2019Or la solidarit\u00e9 du S\u00e9n\u00e9gal, lui permettre de b\u00e9n\u00e9ficier d\u2019une m\u00e9daille en cas d\u2019exploit des champions d\u2019Afrique et d\u2019\u00eatre \u00e9ligible pour d\u2019\u00e9ventuelles primes au terme de la comp\u00e9tition. - le regard du sportif","og_description":"Sadio Man\u00e9 est forfait pour le Mondial 2022 (20 novembre-18 d\u00e9cembre). La nouvelle est tomb\u00e9e hier, jeudi, du m\u00e9decin des Lions, Manuel Alfonso. L\u2019attaquant du Bayern Munich, bless\u00e9 au genou, a \u00e9t\u00e9 op\u00e9r\u00e9 avec succ\u00e8s en Autriche. Il devrait \u00eatre indisponible trois mois. Le S\u00e9n\u00e9gal devra donc disputer sa troisi\u00e8me Coupe du monde sans son [&hellip;]","og_url":"https:\/\/oeilsportif.info\/index.php\/sadio-mane-est-forfait-pour-le-mondial-2022-20-novembre-18-decembre-la-nouvelle-est-tombee-hier-jeudi-du-medecin-des-lions-manuel-alfonso-lattaquant-du-bayern-munich-blesse-au-genou\/","og_site_name":"le regard du sportif","article_published_time":"2022-11-18T17:05:05+00:00","og_image":[{"width":1052,"height":592,"url":"https:\/\/oeilsportif.info\/wp-content\/uploads\/2022\/11\/FB_IMG_1668791072707.jpg","type":"image\/jpeg"}],"author":"L'Equipe de la R\u00e9daction","twitter_misc":{"\u00c9crit par":"L'Equipe de la R\u00e9daction","Dur\u00e9e de lecture estim\u00e9e":"1 minute"},"schema":{"@context":"https:\/\/schema.org","@graph":[{"@type":"Article","@id":"https:\/\/oeilsportif.info\/index.php\/sadio-mane-est-forfait-pour-le-mondial-2022-20-novembre-18-decembre-la-nouvelle-est-tombee-hier-jeudi-du-medecin-des-lions-manuel-alfonso-lattaquant-du-bayern-munich-blesse-au-genou\/#article","isPartOf":{"@id":"https:\/\/oeilsportif.info\/index.php\/sadio-mane-est-forfait-pour-le-mondial-2022-20-novembre-18-decembre-la-nouvelle-est-tombee-hier-jeudi-du-medecin-des-lions-manuel-alfonso-lattaquant-du-bayern-munich-blesse-au-genou\/"},"author":{"name":"L'Equipe de la R\u00e9daction","@id":"https:\/\/oeilsportif.info\/#\/schema\/person\/cfbded294aa6095f7d96608d7905e9a1"},"headline":"Sadio Man\u00e9 est forfait pour le Mondial 2022 (20 novembre-18 d\u00e9cembre). La nouvelle est tomb\u00e9e hier, jeudi, du m\u00e9decin des Lions, Manuel Alfonso. L\u2019attaquant du Bayern Munich, bless\u00e9 au genou, a \u00e9t\u00e9 op\u00e9r\u00e9 avec succ\u00e8s en Autriche. Il devrait \u00eatre indisponible trois mois. Le S\u00e9n\u00e9gal devra donc disputer sa troisi\u00e8me Coupe du monde sans son principal atout offensif, celui qui a pes\u00e9 sur 12 des 25 derniers buts des Lions. Le r\u00e8glement de la FIFA offre \u00e0 Aliou Ciss\u00e9, le s\u00e9lectionneur national, la possibilit\u00e9 de remplacer Sadio Man\u00e9. Mais d\u2019apr\u00e8s L\u2019Observateur ce dernier a choisi de maintenir son groupe \u00e0 25 joueurs. Le journal pr\u00e9cise que Aliou Ciss\u00e9, en rapport avec la F\u00e9d\u00e9ration s\u00e9n\u00e9galaise de football (FSF) et le minist\u00e8re des Sports a m\u00eame d\u00e9cid\u00e9 de garder Sadio Man\u00e9 sur la liste des Lions. C\u2019est donc comme si l\u2019ancien joueur de Liverpool avait effectu\u00e9 le d\u00e9placement au Qatar. D\u2019apr\u00e8s L\u2019Observateur, cette d\u00e9cision a \u00e9t\u00e9 prise pour au moins trois raisons : t\u00e9moigner au double Ballon d\u2019Or la solidarit\u00e9 du S\u00e9n\u00e9gal, lui permettre de b\u00e9n\u00e9ficier d\u2019une m\u00e9daille en cas d\u2019exploit des champions d\u2019Afrique et d\u2019\u00eatre \u00e9ligible pour d\u2019\u00e9ventuelles primes au terme de la comp\u00e9tition.","datePublished":"2022-11-18T17:05:05+00:00","mainEntityOfPage":{"@id":"https:\/\/oeilsportif.info\/index.php\/sadio-mane-est-forfait-pour-le-mondial-2022-20-novembre-18-decembre-la-nouvelle-est-tombee-hier-jeudi-du-medecin-des-lions-manuel-alfonso-lattaquant-du-bayern-munich-blesse-au-genou\/"},"wordCount":455,"image":{"@id":"https:\/\/oeilsportif.info\/index.php\/sadio-mane-est-forfait-pour-le-mondial-2022-20-novembre-18-decembre-la-nouvelle-est-tombee-hier-jeudi-du-medecin-des-lions-manuel-alfonso-lattaquant-du-bayern-munich-blesse-au-genou\/#primaryimage"},"thumbnailUrl":"https:\/\/i0.wp.com\/oeilsportif.info\/wp-content\/uploads\/2022\/11\/FB_IMG_1668791072707.jpg?fit=1052%2C592&ssl=1","articleSection":["Football"],"inLanguage":"fr-FR"},{"@type":"WebPage","@id":"https:\/\/oeilsportif.info\/index.php\/sadio-mane-est-forfait-pour-le-mondial-2022-20-novembre-18-decembre-la-nouvelle-est-tombee-hier-jeudi-du-medecin-des-lions-manuel-alfonso-lattaquant-du-bayern-munich-blesse-au-genou\/","url":"https:\/\/oeilsportif.info\/index.php\/sadio-mane-est-forfait-pour-le-mondial-2022-20-novembre-18-decembre-la-nouvelle-est-tombee-hier-jeudi-du-medecin-des-lions-manuel-alfonso-lattaquant-du-bayern-munich-blesse-au-genou\/","name":"Sadio Man\u00e9 est forfait pour le Mondial 2022 (20 novembre-18 d\u00e9cembre). La nouvelle est tomb\u00e9e hier, jeudi, du m\u00e9decin des Lions, Manuel Alfonso. L\u2019attaquant du Bayern Munich, bless\u00e9 au genou, a \u00e9t\u00e9 op\u00e9r\u00e9 avec succ\u00e8s en Autriche. Il devrait \u00eatre indisponible trois mois. Le S\u00e9n\u00e9gal devra donc disputer sa troisi\u00e8me Coupe du monde sans son principal atout offensif, celui qui a pes\u00e9 sur 12 des 25 derniers buts des Lions. Le r\u00e8glement de la FIFA offre \u00e0 Aliou Ciss\u00e9, le s\u00e9lectionneur national, la possibilit\u00e9 de remplacer Sadio Man\u00e9. Mais d\u2019apr\u00e8s L\u2019Observateur ce dernier a choisi de maintenir son groupe \u00e0 25 joueurs. Le journal pr\u00e9cise que Aliou Ciss\u00e9, en rapport avec la F\u00e9d\u00e9ration s\u00e9n\u00e9galaise de football (FSF) et le minist\u00e8re des Sports a m\u00eame d\u00e9cid\u00e9 de garder Sadio Man\u00e9 sur la liste des Lions. C\u2019est donc comme si l\u2019ancien joueur de Liverpool avait effectu\u00e9 le d\u00e9placement au Qatar. D\u2019apr\u00e8s L\u2019Observateur, cette d\u00e9cision a \u00e9t\u00e9 prise pour au moins trois raisons : t\u00e9moigner au double Ballon d\u2019Or la solidarit\u00e9 du S\u00e9n\u00e9gal, lui permettre de b\u00e9n\u00e9ficier d\u2019une m\u00e9daille en cas d\u2019exploit des champions d\u2019Afrique et d\u2019\u00eatre \u00e9ligible pour d\u2019\u00e9ventuelles primes au terme de la comp\u00e9tition. - le regard du sportif","isPartOf":{"@id":"https:\/\/oeilsportif.info\/#website"},"primaryImageOfPage":{"@id":"https:\/\/oeilsportif.info\/index.php\/sadio-mane-est-forfait-pour-le-mondial-2022-20-novembre-18-decembre-la-nouvelle-est-tombee-hier-jeudi-du-medecin-des-lions-manuel-alfonso-lattaquant-du-bayern-munich-blesse-au-genou\/#primaryimage"},"image":{"@id":"https:\/\/oeilsportif.info\/index.php\/sadio-mane-est-forfait-pour-le-mondial-2022-20-novembre-18-decembre-la-nouvelle-est-tombee-hier-jeudi-du-medecin-des-lions-manuel-alfonso-lattaquant-du-bayern-munich-blesse-au-genou\/#primaryimage"},"thumbnailUrl":"https:\/\/i0.wp.com\/oeilsportif.info\/wp-content\/uploads\/2022\/11\/FB_IMG_1668791072707.jpg?fit=1052%2C592&ssl=1","datePublished":"2022-11-18T17:05:05+00:00","author":{"@id":"https:\/\/oeilsportif.info\/#\/schema\/person\/cfbded294aa6095f7d96608d7905e9a1"},"inLanguage":"fr-FR","potentialAction":[{"@type":"ReadAction","target":["https:\/\/oeilsportif.info\/index.php\/sadio-mane-est-forfait-pour-le-mondial-2022-20-novembre-18-decembre-la-nouvelle-est-tombee-hier-jeudi-du-medecin-des-lions-manuel-alfonso-lattaquant-du-bayern-munich-blesse-au-genou\/"]}]},{"@type":"ImageObject","inLanguage":"fr-FR","@id":"https:\/\/oeilsportif.info\/index.php\/sadio-mane-est-forfait-pour-le-mondial-2022-20-novembre-18-decembre-la-nouvelle-est-tombee-hier-jeudi-du-medecin-des-lions-manuel-alfonso-lattaquant-du-bayern-munich-blesse-au-genou\/#primaryimage","url":"https:\/\/i0.wp.com\/oeilsportif.info\/wp-content\/uploads\/2022\/11\/FB_IMG_1668791072707.jpg?fit=1052%2C592&ssl=1","contentUrl":"https:\/\/i0.wp.com\/oeilsportif.info\/wp-content\/uploads\/2022\/11\/FB_IMG_1668791072707.jpg?fit=1052%2C592&ssl=1","width":1052,"height":592},{"@type":"WebSite","@id":"https:\/\/oeilsportif.info\/#website","url":"https:\/\/oeilsportif.info\/","name":"le regard du sportif","description":"","potentialAction":[{"@type":"SearchAction","target":{"@type":"EntryPoint","urlTemplate":"https:\/\/oeilsportif.info\/?s={search_term_string}"},"query-input":{"@type":"PropertyValueSpecification","valueRequired":true,"valueName":"search_term_string"}}],"inLanguage":"fr-FR"},{"@type":"Person","@id":"https:\/\/oeilsportif.info\/#\/schema\/person\/cfbded294aa6095f7d96608d7905e9a1","name":"L'Equipe de la R\u00e9daction","image":{"@type":"ImageObject","inLanguage":"fr-FR","@id":"https:\/\/oeilsportif.info\/wp-content\/uploads\/2025\/07\/cropped-cropped-logo-os-96x96.jpeg","url":"https:\/\/oeilsportif.info\/wp-content\/uploads\/2025\/07\/cropped-cropped-logo-os-96x96.jpeg","contentUrl":"https:\/\/oeilsportif.info\/wp-content\/uploads\/2025\/07\/cropped-cropped-logo-os-96x96.jpeg","caption":"L'Equipe de la R\u00e9daction"},"url":"https:\/\/oeilsportif.info\/index.php\/author\/tawel\/"}]}},"jetpack_publicize_connections":[],"jetpack_featured_media_url":"https:\/\/i0.wp.com\/oeilsportif.info\/wp-content\/uploads\/2022\/11\/FB_IMG_1668791072707.jpg?fit=1052%2C592&ssl=1","jetpack-related-posts":[],"jetpack_sharing_enabled":true,"jetpack_likes_enabled":true,"jetpack_shortlink":"https:\/\/wp.me\/pgFE77-C2","_links":{"self":[{"href":"https:\/\/oeilsportif.info\/index.php\/wp-json\/wp\/v2\/posts\/2358","targetHints":{"allow":["GET"]}}],"collection":[{"href":"https:\/\/oeilsportif.info\/index.php\/wp-json\/wp\/v2\/posts"}],"about":[{"href":"https:\/\/oeilsportif.info\/index.php\/wp-json\/wp\/v2\/types\/post"}],"author":[{"embeddable":true,"href":"https:\/\/oeilsportif.info\/index.php\/wp-json\/wp\/v2\/users\/2"}],"replies":[{"embeddable":true,"href":"https:\/\/oeilsportif.info\/index.php\/wp-json\/wp\/v2\/comments?post=2358"}],"version-history":[{"count":0,"href":"https:\/\/oeilsportif.info\/index.php\/wp-json\/wp\/v2\/posts\/2358\/revisions"}],"wp:featuredmedia":[{"embeddable":true,"href":"https:\/\/oeilsportif.info\/index.php\/wp-json\/wp\/v2\/media\/2359"}],"wp:attachment":[{"href":"https:\/\/oeilsportif.info\/index.php\/wp-json\/wp\/v2\/media?parent=2358"}],"wp:term":[{"taxonomy":"category","embeddable":true,"href":"https:\/\/oeilsportif.info\/index.php\/wp-json\/wp\/v2\/categories?post=2358"},{"taxonomy":"post_tag","embeddable":true,"href":"https:\/\/oeilsportif.info\/index.php\/wp-json\/wp\/v2\/tags?post=2358"}],"curies":[{"name":"wp","href":"https:\/\/api.w.org\/{rel}","templated":true}]}}