{"id":2335,"date":"2022-11-16T12:54:05","date_gmt":"2022-11-16T12:54:05","guid":{"rendered":"https:\/\/oeilsportif.info\/index.php\/?p=2335"},"modified":"2022-11-16T12:54:05","modified_gmt":"2022-11-16T12:54:05","slug":"burkina-cote-divoire-les-etalons-ont-debute-leur-stage-ce-mardi-a-marrakech","status":"publish","type":"post","link":"https:\/\/oeilsportif.info\/index.php\/burkina-cote-divoire-les-etalons-ont-debute-leur-stage-ce-mardi-a-marrakech\/","title":{"rendered":"Burkina-C\u00f4te d&rsquo;Ivoire : les \u00c9talons ont d\u00e9but\u00e9 leur stage ce mardi \u00e0 Marrakech"},"content":{"rendered":"<p>Pr\u00e9sents \u00e0 Marrakech dans le cadre de la journ\u00e9e FIFA, les \u00c9talons ont d\u00e9but\u00e9 ce mardi 15 novembre 2022, leur stage de pr\u00e9paration, pour le match amical contre les \u00c9l\u00e9phants de C\u00f4t\u00e9 d&rsquo;Ivoire, pr\u00e9vu le 19 novembre prochain.<\/p>\n<p>Au programme de la s\u00e9ance du jour, des exercices de r\u00e9veil articulaires et musculaires, des exercices de vivacit\u00e9, de conservation de ballons et pour finir, un jeu sur terrain r\u00e9duit.<\/p>\n<p>En entendant d\u2019avoir tout son effectif au grand complet, le s\u00e9lectionneur national Hubert VELUD a appr\u00e9ci\u00e9 l\u2019\u00e9tat d\u2019esprit des joueurs pr\u00e9sents \u00e0 Marrakech. Il esp\u00e8re que tous pourront r\u00e9cup\u00e9rer de leur fatigue du voyage et mieux entamer les prochaines s\u00e9ances avant le samedi 19 novembre jour du match contre la C\u00f4te d&rsquo;Ivoire.<\/p>\n<p>DCPM\/MSJE<\/p>\n","protected":false},"excerpt":{"rendered":"<p>Pr\u00e9sents \u00e0 Marrakech dans le cadre de la journ\u00e9e FIFA, les \u00c9talons ont d\u00e9but\u00e9 ce mardi 15 novembre 2022, leur stage de pr\u00e9paration, pour le match amical contre les \u00c9l\u00e9phants de C\u00f4t\u00e9 d&rsquo;Ivoire, pr\u00e9vu le 19 novembre prochain. Au programme de la s\u00e9ance du jour, des exercices de r\u00e9veil articulaires et musculaires, des exercices de [&hellip;]<\/p>\n","protected":false},"author":2,"featured_media":2337,"comment_status":"closed","ping_status":"open","sticky":false,"template":"","format":"standard","meta":{"_jetpack_memberships_contains_paid_content":false,"footnotes":"","jetpack_publicize_message":"","jetpack_publicize_feature_enabled":true,"jetpack_social_post_already_shared":true,"jetpack_social_options":{"image_generator_settings":{"template":"highway","default_image_id":0,"font":"","enabled":false},"version":2}},"categories":[5],"tags":[],"class_list":{"0":"post-2335","1":"post","2":"type-post","3":"status-publish","4":"format-standard","5":"has-post-thumbnail","7":"category-football"},"yoast_head":"<!-- This site is optimized with the Yoast SEO plugin v27.5 - https:\/\/yoast.com\/product\/yoast-seo-wordpress\/ -->\n<title>Burkina-C\u00f4te d&#039;Ivoire : les \u00c9talons ont d\u00e9but\u00e9 leur stage ce mardi \u00e0 Marrakech - le regard du sportif<\/title>\n<meta name=\"robots\" content=\"index, follow, max-snippet:-1, max-image-preview:large, max-video-preview:-1\" \/>\n<link rel=\"canonical\" href=\"https:\/\/oeilsportif.info\/index.php\/burkina-cote-divoire-les-etalons-ont-debute-leur-stage-ce-mardi-a-marrakech\/\" \/>\n<meta property=\"og:locale\" content=\"fr_FR\" \/>\n<meta property=\"og:type\" content=\"article\" \/>\n<meta property=\"og:title\" content=\"Burkina-C\u00f4te d&#039;Ivoire : les \u00c9talons ont d\u00e9but\u00e9 leur stage ce mardi \u00e0 Marrakech - le regard du sportif\" \/>\n<meta property=\"og:description\" content=\"Pr\u00e9sents \u00e0 Marrakech dans le cadre de la journ\u00e9e FIFA, les \u00c9talons ont d\u00e9but\u00e9 ce mardi 15 novembre 2022, leur stage de pr\u00e9paration, pour le match amical contre les \u00c9l\u00e9phants de C\u00f4t\u00e9 d&rsquo;Ivoire, pr\u00e9vu le 19 novembre prochain. Au programme de la s\u00e9ance du jour, des exercices de r\u00e9veil articulaires et musculaires, des exercices de [&hellip;]\" \/>\n<meta property=\"og:url\" content=\"https:\/\/oeilsportif.info\/index.php\/burkina-cote-divoire-les-etalons-ont-debute-leur-stage-ce-mardi-a-marrakech\/\" \/>\n<meta property=\"og:site_name\" content=\"le regard du sportif\" \/>\n<meta property=\"article:published_time\" content=\"2022-11-16T12:54:05+00:00\" \/>\n<meta property=\"og:image\" content=\"https:\/\/oeilsportif.info\/wp-content\/uploads\/2022\/11\/FB_IMG_1668602964683-1.jpg\" \/>\n\t<meta property=\"og:image:width\" content=\"1080\" \/>\n\t<meta property=\"og:image:height\" content=\"720\" \/>\n\t<meta property=\"og:image:type\" content=\"image\/jpeg\" \/>\n<meta name=\"author\" content=\"L&#039;Equipe de la R\u00e9daction\" \/>\n<meta name=\"twitter:label1\" content=\"\u00c9crit par\" \/>\n\t<meta name=\"twitter:data1\" content=\"L&#039;Equipe de la R\u00e9daction\" \/>\n\t<meta name=\"twitter:label2\" content=\"Dur\u00e9e de lecture estim\u00e9e\" \/>\n\t<meta name=\"twitter:data2\" content=\"1 minute\" \/>\n<script type=\"application\/ld+json\" class=\"yoast-schema-graph\">{\"@context\":\"https:\\\/\\\/schema.org\",\"@graph\":[{\"@type\":\"Article\",\"@id\":\"https:\\\/\\\/oeilsportif.info\\\/index.php\\\/burkina-cote-divoire-les-etalons-ont-debute-leur-stage-ce-mardi-a-marrakech\\\/#article\",\"isPartOf\":{\"@id\":\"https:\\\/\\\/oeilsportif.info\\\/index.php\\\/burkina-cote-divoire-les-etalons-ont-debute-leur-stage-ce-mardi-a-marrakech\\\/\"},\"author\":{\"name\":\"L'Equipe de la R\u00e9daction\",\"@id\":\"https:\\\/\\\/oeilsportif.info\\\/#\\\/schema\\\/person\\\/cfbded294aa6095f7d96608d7905e9a1\"},\"headline\":\"Burkina-C\u00f4te d&rsquo;Ivoire : les \u00c9talons ont d\u00e9but\u00e9 leur stage ce mardi \u00e0 Marrakech\",\"datePublished\":\"2022-11-16T12:54:05+00:00\",\"mainEntityOfPage\":{\"@id\":\"https:\\\/\\\/oeilsportif.info\\\/index.php\\\/burkina-cote-divoire-les-etalons-ont-debute-leur-stage-ce-mardi-a-marrakech\\\/\"},\"wordCount\":153,\"image\":{\"@id\":\"https:\\\/\\\/oeilsportif.info\\\/index.php\\\/burkina-cote-divoire-les-etalons-ont-debute-leur-stage-ce-mardi-a-marrakech\\\/#primaryimage\"},\"thumbnailUrl\":\"https:\\\/\\\/i0.wp.com\\\/oeilsportif.info\\\/wp-content\\\/uploads\\\/2022\\\/11\\\/FB_IMG_1668602964683-1.jpg?fit=1080%2C720&ssl=1\",\"articleSection\":[\"Football\"],\"inLanguage\":\"fr-FR\"},{\"@type\":\"WebPage\",\"@id\":\"https:\\\/\\\/oeilsportif.info\\\/index.php\\\/burkina-cote-divoire-les-etalons-ont-debute-leur-stage-ce-mardi-a-marrakech\\\/\",\"url\":\"https:\\\/\\\/oeilsportif.info\\\/index.php\\\/burkina-cote-divoire-les-etalons-ont-debute-leur-stage-ce-mardi-a-marrakech\\\/\",\"name\":\"Burkina-C\u00f4te d'Ivoire : les \u00c9talons ont d\u00e9but\u00e9 leur stage ce mardi \u00e0 Marrakech - le regard du sportif\",\"isPartOf\":{\"@id\":\"https:\\\/\\\/oeilsportif.info\\\/#website\"},\"primaryImageOfPage\":{\"@id\":\"https:\\\/\\\/oeilsportif.info\\\/index.php\\\/burkina-cote-divoire-les-etalons-ont-debute-leur-stage-ce-mardi-a-marrakech\\\/#primaryimage\"},\"image\":{\"@id\":\"https:\\\/\\\/oeilsportif.info\\\/index.php\\\/burkina-cote-divoire-les-etalons-ont-debute-leur-stage-ce-mardi-a-marrakech\\\/#primaryimage\"},\"thumbnailUrl\":\"https:\\\/\\\/i0.wp.com\\\/oeilsportif.info\\\/wp-content\\\/uploads\\\/2022\\\/11\\\/FB_IMG_1668602964683-1.jpg?fit=1080%2C720&ssl=1\",\"datePublished\":\"2022-11-16T12:54:05+00:00\",\"author\":{\"@id\":\"https:\\\/\\\/oeilsportif.info\\\/#\\\/schema\\\/person\\\/cfbded294aa6095f7d96608d7905e9a1\"},\"inLanguage\":\"fr-FR\",\"potentialAction\":[{\"@type\":\"ReadAction\",\"target\":[\"https:\\\/\\\/oeilsportif.info\\\/index.php\\\/burkina-cote-divoire-les-etalons-ont-debute-leur-stage-ce-mardi-a-marrakech\\\/\"]}]},{\"@type\":\"ImageObject\",\"inLanguage\":\"fr-FR\",\"@id\":\"https:\\\/\\\/oeilsportif.info\\\/index.php\\\/burkina-cote-divoire-les-etalons-ont-debute-leur-stage-ce-mardi-a-marrakech\\\/#primaryimage\",\"url\":\"https:\\\/\\\/i0.wp.com\\\/oeilsportif.info\\\/wp-content\\\/uploads\\\/2022\\\/11\\\/FB_IMG_1668602964683-1.jpg?fit=1080%2C720&ssl=1\",\"contentUrl\":\"https:\\\/\\\/i0.wp.com\\\/oeilsportif.info\\\/wp-content\\\/uploads\\\/2022\\\/11\\\/FB_IMG_1668602964683-1.jpg?fit=1080%2C720&ssl=1\",\"width\":1080,\"height\":720},{\"@type\":\"WebSite\",\"@id\":\"https:\\\/\\\/oeilsportif.info\\\/#website\",\"url\":\"https:\\\/\\\/oeilsportif.info\\\/\",\"name\":\"le regard du sportif\",\"description\":\"\",\"potentialAction\":[{\"@type\":\"SearchAction\",\"target\":{\"@type\":\"EntryPoint\",\"urlTemplate\":\"https:\\\/\\\/oeilsportif.info\\\/?s={search_term_string}\"},\"query-input\":{\"@type\":\"PropertyValueSpecification\",\"valueRequired\":true,\"valueName\":\"search_term_string\"}}],\"inLanguage\":\"fr-FR\"},{\"@type\":\"Person\",\"@id\":\"https:\\\/\\\/oeilsportif.info\\\/#\\\/schema\\\/person\\\/cfbded294aa6095f7d96608d7905e9a1\",\"name\":\"L'Equipe de la R\u00e9daction\",\"image\":{\"@type\":\"ImageObject\",\"inLanguage\":\"fr-FR\",\"@id\":\"https:\\\/\\\/oeilsportif.info\\\/wp-content\\\/uploads\\\/2025\\\/07\\\/cropped-cropped-logo-os-96x96.jpeg\",\"url\":\"https:\\\/\\\/oeilsportif.info\\\/wp-content\\\/uploads\\\/2025\\\/07\\\/cropped-cropped-logo-os-96x96.jpeg\",\"contentUrl\":\"https:\\\/\\\/oeilsportif.info\\\/wp-content\\\/uploads\\\/2025\\\/07\\\/cropped-cropped-logo-os-96x96.jpeg\",\"caption\":\"L'Equipe de la R\u00e9daction\"},\"url\":\"https:\\\/\\\/oeilsportif.info\\\/index.php\\\/author\\\/tawel\\\/\"}]}<\/script>\n<!-- \/ Yoast SEO plugin. -->","yoast_head_json":{"title":"Burkina-C\u00f4te d'Ivoire : les \u00c9talons ont d\u00e9but\u00e9 leur stage ce mardi \u00e0 Marrakech - le regard du sportif","robots":{"index":"index","follow":"follow","max-snippet":"max-snippet:-1","max-image-preview":"max-image-preview:large","max-video-preview":"max-video-preview:-1"},"canonical":"https:\/\/oeilsportif.info\/index.php\/burkina-cote-divoire-les-etalons-ont-debute-leur-stage-ce-mardi-a-marrakech\/","og_locale":"fr_FR","og_type":"article","og_title":"Burkina-C\u00f4te d'Ivoire : les \u00c9talons ont d\u00e9but\u00e9 leur stage ce mardi \u00e0 Marrakech - le regard du sportif","og_description":"Pr\u00e9sents \u00e0 Marrakech dans le cadre de la journ\u00e9e FIFA, les \u00c9talons ont d\u00e9but\u00e9 ce mardi 15 novembre 2022, leur stage de pr\u00e9paration, pour le match amical contre les \u00c9l\u00e9phants de C\u00f4t\u00e9 d&rsquo;Ivoire, pr\u00e9vu le 19 novembre prochain. Au programme de la s\u00e9ance du jour, des exercices de r\u00e9veil articulaires et musculaires, des exercices de [&hellip;]","og_url":"https:\/\/oeilsportif.info\/index.php\/burkina-cote-divoire-les-etalons-ont-debute-leur-stage-ce-mardi-a-marrakech\/","og_site_name":"le regard du sportif","article_published_time":"2022-11-16T12:54:05+00:00","og_image":[{"width":1080,"height":720,"url":"https:\/\/oeilsportif.info\/wp-content\/uploads\/2022\/11\/FB_IMG_1668602964683-1.jpg","type":"image\/jpeg"}],"author":"L'Equipe de la R\u00e9daction","twitter_misc":{"\u00c9crit par":"L'Equipe de la R\u00e9daction","Dur\u00e9e de lecture estim\u00e9e":"1 minute"},"schema":{"@context":"https:\/\/schema.org","@graph":[{"@type":"Article","@id":"https:\/\/oeilsportif.info\/index.php\/burkina-cote-divoire-les-etalons-ont-debute-leur-stage-ce-mardi-a-marrakech\/#article","isPartOf":{"@id":"https:\/\/oeilsportif.info\/index.php\/burkina-cote-divoire-les-etalons-ont-debute-leur-stage-ce-mardi-a-marrakech\/"},"author":{"name":"L'Equipe de la R\u00e9daction","@id":"https:\/\/oeilsportif.info\/#\/schema\/person\/cfbded294aa6095f7d96608d7905e9a1"},"headline":"Burkina-C\u00f4te d&rsquo;Ivoire : les \u00c9talons ont d\u00e9but\u00e9 leur stage ce mardi \u00e0 Marrakech","datePublished":"2022-11-16T12:54:05+00:00","mainEntityOfPage":{"@id":"https:\/\/oeilsportif.info\/index.php\/burkina-cote-divoire-les-etalons-ont-debute-leur-stage-ce-mardi-a-marrakech\/"},"wordCount":153,"image":{"@id":"https:\/\/oeilsportif.info\/index.php\/burkina-cote-divoire-les-etalons-ont-debute-leur-stage-ce-mardi-a-marrakech\/#primaryimage"},"thumbnailUrl":"https:\/\/i0.wp.com\/oeilsportif.info\/wp-content\/uploads\/2022\/11\/FB_IMG_1668602964683-1.jpg?fit=1080%2C720&ssl=1","articleSection":["Football"],"inLanguage":"fr-FR"},{"@type":"WebPage","@id":"https:\/\/oeilsportif.info\/index.php\/burkina-cote-divoire-les-etalons-ont-debute-leur-stage-ce-mardi-a-marrakech\/","url":"https:\/\/oeilsportif.info\/index.php\/burkina-cote-divoire-les-etalons-ont-debute-leur-stage-ce-mardi-a-marrakech\/","name":"Burkina-C\u00f4te d'Ivoire : les \u00c9talons ont d\u00e9but\u00e9 leur stage ce mardi \u00e0 Marrakech - le regard du sportif","isPartOf":{"@id":"https:\/\/oeilsportif.info\/#website"},"primaryImageOfPage":{"@id":"https:\/\/oeilsportif.info\/index.php\/burkina-cote-divoire-les-etalons-ont-debute-leur-stage-ce-mardi-a-marrakech\/#primaryimage"},"image":{"@id":"https:\/\/oeilsportif.info\/index.php\/burkina-cote-divoire-les-etalons-ont-debute-leur-stage-ce-mardi-a-marrakech\/#primaryimage"},"thumbnailUrl":"https:\/\/i0.wp.com\/oeilsportif.info\/wp-content\/uploads\/2022\/11\/FB_IMG_1668602964683-1.jpg?fit=1080%2C720&ssl=1","datePublished":"2022-11-16T12:54:05+00:00","author":{"@id":"https:\/\/oeilsportif.info\/#\/schema\/person\/cfbded294aa6095f7d96608d7905e9a1"},"inLanguage":"fr-FR","potentialAction":[{"@type":"ReadAction","target":["https:\/\/oeilsportif.info\/index.php\/burkina-cote-divoire-les-etalons-ont-debute-leur-stage-ce-mardi-a-marrakech\/"]}]},{"@type":"ImageObject","inLanguage":"fr-FR","@id":"https:\/\/oeilsportif.info\/index.php\/burkina-cote-divoire-les-etalons-ont-debute-leur-stage-ce-mardi-a-marrakech\/#primaryimage","url":"https:\/\/i0.wp.com\/oeilsportif.info\/wp-content\/uploads\/2022\/11\/FB_IMG_1668602964683-1.jpg?fit=1080%2C720&ssl=1","contentUrl":"https:\/\/i0.wp.com\/oeilsportif.info\/wp-content\/uploads\/2022\/11\/FB_IMG_1668602964683-1.jpg?fit=1080%2C720&ssl=1","width":1080,"height":720},{"@type":"WebSite","@id":"https:\/\/oeilsportif.info\/#website","url":"https:\/\/oeilsportif.info\/","name":"le regard du sportif","description":"","potentialAction":[{"@type":"SearchAction","target":{"@type":"EntryPoint","urlTemplate":"https:\/\/oeilsportif.info\/?s={search_term_string}"},"query-input":{"@type":"PropertyValueSpecification","valueRequired":true,"valueName":"search_term_string"}}],"inLanguage":"fr-FR"},{"@type":"Person","@id":"https:\/\/oeilsportif.info\/#\/schema\/person\/cfbded294aa6095f7d96608d7905e9a1","name":"L'Equipe de la R\u00e9daction","image":{"@type":"ImageObject","inLanguage":"fr-FR","@id":"https:\/\/oeilsportif.info\/wp-content\/uploads\/2025\/07\/cropped-cropped-logo-os-96x96.jpeg","url":"https:\/\/oeilsportif.info\/wp-content\/uploads\/2025\/07\/cropped-cropped-logo-os-96x96.jpeg","contentUrl":"https:\/\/oeilsportif.info\/wp-content\/uploads\/2025\/07\/cropped-cropped-logo-os-96x96.jpeg","caption":"L'Equipe de la R\u00e9daction"},"url":"https:\/\/oeilsportif.info\/index.php\/author\/tawel\/"}]}},"jetpack_publicize_connections":[],"jetpack_featured_media_url":"https:\/\/i0.wp.com\/oeilsportif.info\/wp-content\/uploads\/2022\/11\/FB_IMG_1668602964683-1.jpg?fit=1080%2C720&ssl=1","jetpack-related-posts":[],"jetpack_sharing_enabled":true,"jetpack_likes_enabled":true,"jetpack_shortlink":"https:\/\/wp.me\/pgFE77-BF","_links":{"self":[{"href":"https:\/\/oeilsportif.info\/index.php\/wp-json\/wp\/v2\/posts\/2335","targetHints":{"allow":["GET"]}}],"collection":[{"href":"https:\/\/oeilsportif.info\/index.php\/wp-json\/wp\/v2\/posts"}],"about":[{"href":"https:\/\/oeilsportif.info\/index.php\/wp-json\/wp\/v2\/types\/post"}],"author":[{"embeddable":true,"href":"https:\/\/oeilsportif.info\/index.php\/wp-json\/wp\/v2\/users\/2"}],"replies":[{"embeddable":true,"href":"https:\/\/oeilsportif.info\/index.php\/wp-json\/wp\/v2\/comments?post=2335"}],"version-history":[{"count":0,"href":"https:\/\/oeilsportif.info\/index.php\/wp-json\/wp\/v2\/posts\/2335\/revisions"}],"wp:featuredmedia":[{"embeddable":true,"href":"https:\/\/oeilsportif.info\/index.php\/wp-json\/wp\/v2\/media\/2337"}],"wp:attachment":[{"href":"https:\/\/oeilsportif.info\/index.php\/wp-json\/wp\/v2\/media?parent=2335"}],"wp:term":[{"taxonomy":"category","embeddable":true,"href":"https:\/\/oeilsportif.info\/index.php\/wp-json\/wp\/v2\/categories?post=2335"},{"taxonomy":"post_tag","embeddable":true,"href":"https:\/\/oeilsportif.info\/index.php\/wp-json\/wp\/v2\/tags?post=2335"}],"curies":[{"name":"wp","href":"https:\/\/api.w.org\/{rel}","templated":true}]}}