{"id":2312,"date":"2022-11-13T16:43:42","date_gmt":"2022-11-13T16:43:42","guid":{"rendered":"https:\/\/oeilsportif.info\/index.php\/?p=2312"},"modified":"2022-11-13T16:43:42","modified_gmt":"2022-11-13T16:43:42","slug":"fgf-les-membres-statutaires-rejettent-le-projet-des-nouveaux-statuts","status":"publish","type":"post","link":"https:\/\/oeilsportif.info\/index.php\/fgf-les-membres-statutaires-rejettent-le-projet-des-nouveaux-statuts\/","title":{"rendered":"FGF : Les membres statutaires rejettent le projet des nouveaux statuts !"},"content":{"rendered":"<p><strong>La F\u00e9d\u00e9ration Guin\u00e9enne de Football a invit\u00e9 les membres statutaires \u00e0 l\u2019Assembl\u00e9e G\u00e9n\u00e9rale Extraordinaire ce samedi 12 novembre 2022 dans un r\u00e9ceptif de la place pour adopter les nouveaux statuts avant le prochain congr\u00e8s \u00e9lectif de la F\u00e9d\u00e9ration Guin\u00e9enne de Football.<\/strong><\/p>\n<p>Les repr\u00e9sentants des membres statutaires \u00e0 cette Assembl\u00e9e G\u00e9n\u00e9rale Extraordinaire de la F\u00e9d\u00e9ration Guin\u00e9enne de Football ont rejet\u00e9 les nouveaux statuts qui ont \u00e9t\u00e9 pr\u00e9sent\u00e9s par le Comit\u00e9 de Normalisation (CONOR).<br \/>\nD&rsquo;apr\u00e8s les membres statutaires leurs propositions n&rsquo;ont pas \u00e9t\u00e9 prises en compte par le CONOR. Pour sa part, la Pr\u00e9sidente du Comit\u00e9 de Normalisation de la F\u00e9d\u00e9ration Guin\u00e9enne de Football, Madame Mariama Sy a d\u00e9plor\u00e9 l&rsquo;altitude des membres statutaires :<strong>\u00ab C\u2019est triste ce qui vient de se passer. Ces statuts ont \u00e9t\u00e9 propos\u00e9s pour l\u2019int\u00e9r\u00eat du football guin\u00e9en. Aujourd\u2019hui, ces membres statutaires sont dans leur droit d\u2019accepter ou non cette proposition. A pr\u00e9sent, on va rendre compte \u00e0 la FIFA \u00e0 et la CAF, puis on verra la suite \u00bb \u00e0 d\u00e9clar\u00e9 Mariama Satina Diallo.\u00bb<\/strong><\/p>\n","protected":false},"excerpt":{"rendered":"<p>La F\u00e9d\u00e9ration Guin\u00e9enne de Football a invit\u00e9 les membres statutaires \u00e0 l\u2019Assembl\u00e9e G\u00e9n\u00e9rale Extraordinaire ce samedi 12 novembre 2022 dans un r\u00e9ceptif de la place pour adopter les nouveaux statuts avant le prochain congr\u00e8s \u00e9lectif de la F\u00e9d\u00e9ration Guin\u00e9enne de Football. Les repr\u00e9sentants des membres statutaires \u00e0 cette Assembl\u00e9e G\u00e9n\u00e9rale Extraordinaire de la F\u00e9d\u00e9ration Guin\u00e9enne [&hellip;]<\/p>\n","protected":false},"author":2,"featured_media":2313,"comment_status":"closed","ping_status":"open","sticky":false,"template":"","format":"standard","meta":{"_jetpack_memberships_contains_paid_content":false,"footnotes":"","jetpack_publicize_message":"","jetpack_publicize_feature_enabled":true,"jetpack_social_post_already_shared":true,"jetpack_social_options":{"image_generator_settings":{"template":"highway","default_image_id":0,"font":"","enabled":false},"version":2}},"categories":[5],"tags":[],"class_list":{"0":"post-2312","1":"post","2":"type-post","3":"status-publish","4":"format-standard","5":"has-post-thumbnail","7":"category-football"},"yoast_head":"<!-- This site is optimized with the Yoast SEO plugin v27.5 - https:\/\/yoast.com\/product\/yoast-seo-wordpress\/ -->\n<title>FGF : Les membres statutaires rejettent le projet des nouveaux statuts ! - le regard du sportif<\/title>\n<meta name=\"robots\" content=\"index, follow, max-snippet:-1, max-image-preview:large, max-video-preview:-1\" \/>\n<link rel=\"canonical\" href=\"https:\/\/oeilsportif.info\/index.php\/fgf-les-membres-statutaires-rejettent-le-projet-des-nouveaux-statuts\/\" \/>\n<meta property=\"og:locale\" content=\"fr_FR\" \/>\n<meta property=\"og:type\" content=\"article\" \/>\n<meta property=\"og:title\" content=\"FGF : Les membres statutaires rejettent le projet des nouveaux statuts ! - le regard du sportif\" \/>\n<meta property=\"og:description\" content=\"La F\u00e9d\u00e9ration Guin\u00e9enne de Football a invit\u00e9 les membres statutaires \u00e0 l\u2019Assembl\u00e9e G\u00e9n\u00e9rale Extraordinaire ce samedi 12 novembre 2022 dans un r\u00e9ceptif de la place pour adopter les nouveaux statuts avant le prochain congr\u00e8s \u00e9lectif de la F\u00e9d\u00e9ration Guin\u00e9enne de Football. Les repr\u00e9sentants des membres statutaires \u00e0 cette Assembl\u00e9e G\u00e9n\u00e9rale Extraordinaire de la F\u00e9d\u00e9ration Guin\u00e9enne [&hellip;]\" \/>\n<meta property=\"og:url\" content=\"https:\/\/oeilsportif.info\/index.php\/fgf-les-membres-statutaires-rejettent-le-projet-des-nouveaux-statuts\/\" \/>\n<meta property=\"og:site_name\" content=\"le regard du sportif\" \/>\n<meta property=\"article:published_time\" content=\"2022-11-13T16:43:42+00:00\" \/>\n<meta property=\"og:image\" content=\"https:\/\/oeilsportif.info\/wp-content\/uploads\/2022\/11\/FB_IMG_1668329641119.jpg\" \/>\n\t<meta property=\"og:image:width\" content=\"1080\" \/>\n\t<meta property=\"og:image:height\" content=\"810\" \/>\n\t<meta property=\"og:image:type\" content=\"image\/jpeg\" \/>\n<meta name=\"author\" content=\"L&#039;Equipe de la R\u00e9daction\" \/>\n<meta name=\"twitter:label1\" content=\"\u00c9crit par\" \/>\n\t<meta name=\"twitter:data1\" content=\"L&#039;Equipe de la R\u00e9daction\" \/>\n\t<meta name=\"twitter:label2\" content=\"Dur\u00e9e de lecture estim\u00e9e\" \/>\n\t<meta name=\"twitter:data2\" content=\"1 minute\" \/>\n<script type=\"application\/ld+json\" class=\"yoast-schema-graph\">{\"@context\":\"https:\\\/\\\/schema.org\",\"@graph\":[{\"@type\":\"Article\",\"@id\":\"https:\\\/\\\/oeilsportif.info\\\/index.php\\\/fgf-les-membres-statutaires-rejettent-le-projet-des-nouveaux-statuts\\\/#article\",\"isPartOf\":{\"@id\":\"https:\\\/\\\/oeilsportif.info\\\/index.php\\\/fgf-les-membres-statutaires-rejettent-le-projet-des-nouveaux-statuts\\\/\"},\"author\":{\"name\":\"L'Equipe de la R\u00e9daction\",\"@id\":\"https:\\\/\\\/oeilsportif.info\\\/#\\\/schema\\\/person\\\/cfbded294aa6095f7d96608d7905e9a1\"},\"headline\":\"FGF : Les membres statutaires rejettent le projet des nouveaux statuts !\",\"datePublished\":\"2022-11-13T16:43:42+00:00\",\"mainEntityOfPage\":{\"@id\":\"https:\\\/\\\/oeilsportif.info\\\/index.php\\\/fgf-les-membres-statutaires-rejettent-le-projet-des-nouveaux-statuts\\\/\"},\"wordCount\":208,\"image\":{\"@id\":\"https:\\\/\\\/oeilsportif.info\\\/index.php\\\/fgf-les-membres-statutaires-rejettent-le-projet-des-nouveaux-statuts\\\/#primaryimage\"},\"thumbnailUrl\":\"https:\\\/\\\/i0.wp.com\\\/oeilsportif.info\\\/wp-content\\\/uploads\\\/2022\\\/11\\\/FB_IMG_1668329641119.jpg?fit=1080%2C810&ssl=1\",\"articleSection\":[\"Football\"],\"inLanguage\":\"fr-FR\"},{\"@type\":\"WebPage\",\"@id\":\"https:\\\/\\\/oeilsportif.info\\\/index.php\\\/fgf-les-membres-statutaires-rejettent-le-projet-des-nouveaux-statuts\\\/\",\"url\":\"https:\\\/\\\/oeilsportif.info\\\/index.php\\\/fgf-les-membres-statutaires-rejettent-le-projet-des-nouveaux-statuts\\\/\",\"name\":\"FGF : Les membres statutaires rejettent le projet des nouveaux statuts ! - le regard du sportif\",\"isPartOf\":{\"@id\":\"https:\\\/\\\/oeilsportif.info\\\/#website\"},\"primaryImageOfPage\":{\"@id\":\"https:\\\/\\\/oeilsportif.info\\\/index.php\\\/fgf-les-membres-statutaires-rejettent-le-projet-des-nouveaux-statuts\\\/#primaryimage\"},\"image\":{\"@id\":\"https:\\\/\\\/oeilsportif.info\\\/index.php\\\/fgf-les-membres-statutaires-rejettent-le-projet-des-nouveaux-statuts\\\/#primaryimage\"},\"thumbnailUrl\":\"https:\\\/\\\/i0.wp.com\\\/oeilsportif.info\\\/wp-content\\\/uploads\\\/2022\\\/11\\\/FB_IMG_1668329641119.jpg?fit=1080%2C810&ssl=1\",\"datePublished\":\"2022-11-13T16:43:42+00:00\",\"author\":{\"@id\":\"https:\\\/\\\/oeilsportif.info\\\/#\\\/schema\\\/person\\\/cfbded294aa6095f7d96608d7905e9a1\"},\"inLanguage\":\"fr-FR\",\"potentialAction\":[{\"@type\":\"ReadAction\",\"target\":[\"https:\\\/\\\/oeilsportif.info\\\/index.php\\\/fgf-les-membres-statutaires-rejettent-le-projet-des-nouveaux-statuts\\\/\"]}]},{\"@type\":\"ImageObject\",\"inLanguage\":\"fr-FR\",\"@id\":\"https:\\\/\\\/oeilsportif.info\\\/index.php\\\/fgf-les-membres-statutaires-rejettent-le-projet-des-nouveaux-statuts\\\/#primaryimage\",\"url\":\"https:\\\/\\\/i0.wp.com\\\/oeilsportif.info\\\/wp-content\\\/uploads\\\/2022\\\/11\\\/FB_IMG_1668329641119.jpg?fit=1080%2C810&ssl=1\",\"contentUrl\":\"https:\\\/\\\/i0.wp.com\\\/oeilsportif.info\\\/wp-content\\\/uploads\\\/2022\\\/11\\\/FB_IMG_1668329641119.jpg?fit=1080%2C810&ssl=1\",\"width\":1080,\"height\":810},{\"@type\":\"WebSite\",\"@id\":\"https:\\\/\\\/oeilsportif.info\\\/#website\",\"url\":\"https:\\\/\\\/oeilsportif.info\\\/\",\"name\":\"le regard du sportif\",\"description\":\"\",\"potentialAction\":[{\"@type\":\"SearchAction\",\"target\":{\"@type\":\"EntryPoint\",\"urlTemplate\":\"https:\\\/\\\/oeilsportif.info\\\/?s={search_term_string}\"},\"query-input\":{\"@type\":\"PropertyValueSpecification\",\"valueRequired\":true,\"valueName\":\"search_term_string\"}}],\"inLanguage\":\"fr-FR\"},{\"@type\":\"Person\",\"@id\":\"https:\\\/\\\/oeilsportif.info\\\/#\\\/schema\\\/person\\\/cfbded294aa6095f7d96608d7905e9a1\",\"name\":\"L'Equipe de la R\u00e9daction\",\"image\":{\"@type\":\"ImageObject\",\"inLanguage\":\"fr-FR\",\"@id\":\"https:\\\/\\\/oeilsportif.info\\\/wp-content\\\/uploads\\\/2025\\\/07\\\/cropped-cropped-logo-os-96x96.jpeg\",\"url\":\"https:\\\/\\\/oeilsportif.info\\\/wp-content\\\/uploads\\\/2025\\\/07\\\/cropped-cropped-logo-os-96x96.jpeg\",\"contentUrl\":\"https:\\\/\\\/oeilsportif.info\\\/wp-content\\\/uploads\\\/2025\\\/07\\\/cropped-cropped-logo-os-96x96.jpeg\",\"caption\":\"L'Equipe de la R\u00e9daction\"},\"url\":\"https:\\\/\\\/oeilsportif.info\\\/index.php\\\/author\\\/tawel\\\/\"}]}<\/script>\n<!-- \/ Yoast SEO plugin. -->","yoast_head_json":{"title":"FGF : Les membres statutaires rejettent le projet des nouveaux statuts ! - le regard du sportif","robots":{"index":"index","follow":"follow","max-snippet":"max-snippet:-1","max-image-preview":"max-image-preview:large","max-video-preview":"max-video-preview:-1"},"canonical":"https:\/\/oeilsportif.info\/index.php\/fgf-les-membres-statutaires-rejettent-le-projet-des-nouveaux-statuts\/","og_locale":"fr_FR","og_type":"article","og_title":"FGF : Les membres statutaires rejettent le projet des nouveaux statuts ! - le regard du sportif","og_description":"La F\u00e9d\u00e9ration Guin\u00e9enne de Football a invit\u00e9 les membres statutaires \u00e0 l\u2019Assembl\u00e9e G\u00e9n\u00e9rale Extraordinaire ce samedi 12 novembre 2022 dans un r\u00e9ceptif de la place pour adopter les nouveaux statuts avant le prochain congr\u00e8s \u00e9lectif de la F\u00e9d\u00e9ration Guin\u00e9enne de Football. Les repr\u00e9sentants des membres statutaires \u00e0 cette Assembl\u00e9e G\u00e9n\u00e9rale Extraordinaire de la F\u00e9d\u00e9ration Guin\u00e9enne [&hellip;]","og_url":"https:\/\/oeilsportif.info\/index.php\/fgf-les-membres-statutaires-rejettent-le-projet-des-nouveaux-statuts\/","og_site_name":"le regard du sportif","article_published_time":"2022-11-13T16:43:42+00:00","og_image":[{"width":1080,"height":810,"url":"https:\/\/oeilsportif.info\/wp-content\/uploads\/2022\/11\/FB_IMG_1668329641119.jpg","type":"image\/jpeg"}],"author":"L'Equipe de la R\u00e9daction","twitter_misc":{"\u00c9crit par":"L'Equipe de la R\u00e9daction","Dur\u00e9e de lecture estim\u00e9e":"1 minute"},"schema":{"@context":"https:\/\/schema.org","@graph":[{"@type":"Article","@id":"https:\/\/oeilsportif.info\/index.php\/fgf-les-membres-statutaires-rejettent-le-projet-des-nouveaux-statuts\/#article","isPartOf":{"@id":"https:\/\/oeilsportif.info\/index.php\/fgf-les-membres-statutaires-rejettent-le-projet-des-nouveaux-statuts\/"},"author":{"name":"L'Equipe de la R\u00e9daction","@id":"https:\/\/oeilsportif.info\/#\/schema\/person\/cfbded294aa6095f7d96608d7905e9a1"},"headline":"FGF : Les membres statutaires rejettent le projet des nouveaux statuts !","datePublished":"2022-11-13T16:43:42+00:00","mainEntityOfPage":{"@id":"https:\/\/oeilsportif.info\/index.php\/fgf-les-membres-statutaires-rejettent-le-projet-des-nouveaux-statuts\/"},"wordCount":208,"image":{"@id":"https:\/\/oeilsportif.info\/index.php\/fgf-les-membres-statutaires-rejettent-le-projet-des-nouveaux-statuts\/#primaryimage"},"thumbnailUrl":"https:\/\/i0.wp.com\/oeilsportif.info\/wp-content\/uploads\/2022\/11\/FB_IMG_1668329641119.jpg?fit=1080%2C810&ssl=1","articleSection":["Football"],"inLanguage":"fr-FR"},{"@type":"WebPage","@id":"https:\/\/oeilsportif.info\/index.php\/fgf-les-membres-statutaires-rejettent-le-projet-des-nouveaux-statuts\/","url":"https:\/\/oeilsportif.info\/index.php\/fgf-les-membres-statutaires-rejettent-le-projet-des-nouveaux-statuts\/","name":"FGF : Les membres statutaires rejettent le projet des nouveaux statuts ! - le regard du sportif","isPartOf":{"@id":"https:\/\/oeilsportif.info\/#website"},"primaryImageOfPage":{"@id":"https:\/\/oeilsportif.info\/index.php\/fgf-les-membres-statutaires-rejettent-le-projet-des-nouveaux-statuts\/#primaryimage"},"image":{"@id":"https:\/\/oeilsportif.info\/index.php\/fgf-les-membres-statutaires-rejettent-le-projet-des-nouveaux-statuts\/#primaryimage"},"thumbnailUrl":"https:\/\/i0.wp.com\/oeilsportif.info\/wp-content\/uploads\/2022\/11\/FB_IMG_1668329641119.jpg?fit=1080%2C810&ssl=1","datePublished":"2022-11-13T16:43:42+00:00","author":{"@id":"https:\/\/oeilsportif.info\/#\/schema\/person\/cfbded294aa6095f7d96608d7905e9a1"},"inLanguage":"fr-FR","potentialAction":[{"@type":"ReadAction","target":["https:\/\/oeilsportif.info\/index.php\/fgf-les-membres-statutaires-rejettent-le-projet-des-nouveaux-statuts\/"]}]},{"@type":"ImageObject","inLanguage":"fr-FR","@id":"https:\/\/oeilsportif.info\/index.php\/fgf-les-membres-statutaires-rejettent-le-projet-des-nouveaux-statuts\/#primaryimage","url":"https:\/\/i0.wp.com\/oeilsportif.info\/wp-content\/uploads\/2022\/11\/FB_IMG_1668329641119.jpg?fit=1080%2C810&ssl=1","contentUrl":"https:\/\/i0.wp.com\/oeilsportif.info\/wp-content\/uploads\/2022\/11\/FB_IMG_1668329641119.jpg?fit=1080%2C810&ssl=1","width":1080,"height":810},{"@type":"WebSite","@id":"https:\/\/oeilsportif.info\/#website","url":"https:\/\/oeilsportif.info\/","name":"le regard du sportif","description":"","potentialAction":[{"@type":"SearchAction","target":{"@type":"EntryPoint","urlTemplate":"https:\/\/oeilsportif.info\/?s={search_term_string}"},"query-input":{"@type":"PropertyValueSpecification","valueRequired":true,"valueName":"search_term_string"}}],"inLanguage":"fr-FR"},{"@type":"Person","@id":"https:\/\/oeilsportif.info\/#\/schema\/person\/cfbded294aa6095f7d96608d7905e9a1","name":"L'Equipe de la R\u00e9daction","image":{"@type":"ImageObject","inLanguage":"fr-FR","@id":"https:\/\/oeilsportif.info\/wp-content\/uploads\/2025\/07\/cropped-cropped-logo-os-96x96.jpeg","url":"https:\/\/oeilsportif.info\/wp-content\/uploads\/2025\/07\/cropped-cropped-logo-os-96x96.jpeg","contentUrl":"https:\/\/oeilsportif.info\/wp-content\/uploads\/2025\/07\/cropped-cropped-logo-os-96x96.jpeg","caption":"L'Equipe de la R\u00e9daction"},"url":"https:\/\/oeilsportif.info\/index.php\/author\/tawel\/"}]}},"jetpack_publicize_connections":[],"jetpack_featured_media_url":"https:\/\/i0.wp.com\/oeilsportif.info\/wp-content\/uploads\/2022\/11\/FB_IMG_1668329641119.jpg?fit=1080%2C810&ssl=1","jetpack-related-posts":[],"jetpack_sharing_enabled":true,"jetpack_likes_enabled":true,"jetpack_shortlink":"https:\/\/wp.me\/pgFE77-Bi","_links":{"self":[{"href":"https:\/\/oeilsportif.info\/index.php\/wp-json\/wp\/v2\/posts\/2312","targetHints":{"allow":["GET"]}}],"collection":[{"href":"https:\/\/oeilsportif.info\/index.php\/wp-json\/wp\/v2\/posts"}],"about":[{"href":"https:\/\/oeilsportif.info\/index.php\/wp-json\/wp\/v2\/types\/post"}],"author":[{"embeddable":true,"href":"https:\/\/oeilsportif.info\/index.php\/wp-json\/wp\/v2\/users\/2"}],"replies":[{"embeddable":true,"href":"https:\/\/oeilsportif.info\/index.php\/wp-json\/wp\/v2\/comments?post=2312"}],"version-history":[{"count":0,"href":"https:\/\/oeilsportif.info\/index.php\/wp-json\/wp\/v2\/posts\/2312\/revisions"}],"wp:featuredmedia":[{"embeddable":true,"href":"https:\/\/oeilsportif.info\/index.php\/wp-json\/wp\/v2\/media\/2313"}],"wp:attachment":[{"href":"https:\/\/oeilsportif.info\/index.php\/wp-json\/wp\/v2\/media?parent=2312"}],"wp:term":[{"taxonomy":"category","embeddable":true,"href":"https:\/\/oeilsportif.info\/index.php\/wp-json\/wp\/v2\/categories?post=2312"},{"taxonomy":"post_tag","embeddable":true,"href":"https:\/\/oeilsportif.info\/index.php\/wp-json\/wp\/v2\/tags?post=2312"}],"curies":[{"name":"wp","href":"https:\/\/api.w.org\/{rel}","templated":true}]}}