{"id":2301,"date":"2022-11-11T17:34:57","date_gmt":"2022-11-11T17:34:57","guid":{"rendered":"https:\/\/oeilsportif.info\/index.php\/?p=2301"},"modified":"2022-11-11T17:34:57","modified_gmt":"2022-11-11T17:34:57","slug":"ligue-1-guicopres-j-3-hafia-fc-askaloum-pascal-baruxakis-coach-du-hafia-fc-et-ahmed-cheick-kaloko-de-las-kaloum-visent-la-victoire","status":"publish","type":"post","link":"https:\/\/oeilsportif.info\/index.php\/ligue-1-guicopres-j-3-hafia-fc-askaloum-pascal-baruxakis-coach-du-hafia-fc-et-ahmed-cheick-kaloko-de-las-kaloum-visent-la-victoire\/","title":{"rendered":"Ligue 1 Guicopres (J-3) &#8211; Hafia FC \u2013 ASKaloum : Pascal Baruxakis, coach du Hafia FC et Ahmed Cheick Kaloko de l&rsquo;AS Kaloum visent la victoire !"},"content":{"rendered":"<p><strong>Dans le cadre de la 3\u00e9me journ\u00e9e de la ligue 1 Guicopres, le Hafia Football Club du Pr\u00e9sident Kerfalla Camara KPC, re\u00e7oit l&rsquo;ASKaloum ce samedi 12 novembre 2022 au stade Petit Sory. Ce vendredi apr\u00e8s-midi, l\u2019entra\u00eeneur du Hafia FC et son homologue de l&rsquo;ASKaloum \u00e9tait en conf\u00e9rence de presse d\u2019avant-match au si\u00e8ge du Hafia FC \u00e0 Nongo. En pr\u00e9ambule, les deux entra\u00eeneurs ont affich\u00e9 leur volont\u00e9 d\u2019obtenir les trois points de la victoire\u2026<\/strong><\/p>\n<p><strong>Pascal Baruxakis \u00ab On vise les trois points\u2026 \u00bb<\/strong><\/p>\n<p>Apr\u00e8s une semaine de pr\u00e9paration nous sommes vraiment pr\u00eats pour prendre les trois points du match contre l\u2019ASKaloum (\u2026). Concernant Moustapha Kouyat\u00e9 pour ce match contre l\u2019ASKaloum, il ne va pas jouer car il a un probl\u00e8me administratif que le Bureau du Hafia est entrain de r\u00e9gler. Et je pense que son absence ne va pas jouer sur l\u2019\u00e9quipe car nous avons 25 joueurs. Et pour ce match on vient pour avoir les trois points (\u2026).<\/p>\n<p><strong>Cheick Ahmed Kaloko : \u00ab On s\u2019est bien pr\u00e9par\u00e9 ! \u00bb<\/strong><\/p>\n<p>Le match du Hafia FC est un match tr\u00e8s important pour nous. Car nous l\u2019avons bien pr\u00e9par\u00e9 pour avoir la victoire. Bien que les deux autres matchs ont \u00e9t\u00e9 difficiles, je pense que le match du Hafia aussi va \u00eatre difficile pour mes enfants. Mais nous allons faire tout pour avoir les trois points.<\/p>\n<p>Mohamed Tawel Camara<\/p>\n","protected":false},"excerpt":{"rendered":"<p>Dans le cadre de la 3\u00e9me journ\u00e9e de la ligue 1 Guicopres, le Hafia Football Club du Pr\u00e9sident Kerfalla Camara KPC, re\u00e7oit l&rsquo;ASKaloum ce samedi 12 novembre 2022 au stade Petit Sory. Ce vendredi apr\u00e8s-midi, l\u2019entra\u00eeneur du Hafia FC et son homologue de l&rsquo;ASKaloum \u00e9tait en conf\u00e9rence de presse d\u2019avant-match au si\u00e8ge du Hafia FC [&hellip;]<\/p>\n","protected":false},"author":2,"featured_media":2302,"comment_status":"closed","ping_status":"open","sticky":false,"template":"","format":"standard","meta":{"_jetpack_memberships_contains_paid_content":false,"footnotes":"","jetpack_publicize_message":"","jetpack_publicize_feature_enabled":true,"jetpack_social_post_already_shared":true,"jetpack_social_options":{"image_generator_settings":{"template":"highway","default_image_id":0,"font":"","enabled":false},"version":2}},"categories":[5],"tags":[],"class_list":{"0":"post-2301","1":"post","2":"type-post","3":"status-publish","4":"format-standard","5":"has-post-thumbnail","7":"category-football"},"yoast_head":"<!-- This site is optimized with the Yoast SEO plugin v27.5 - https:\/\/yoast.com\/product\/yoast-seo-wordpress\/ -->\n<title>Ligue 1 Guicopres (J-3) - Hafia FC \u2013 ASKaloum : Pascal Baruxakis, coach du Hafia FC et Ahmed Cheick Kaloko de l&#039;AS Kaloum visent la victoire ! - le regard du sportif<\/title>\n<meta name=\"robots\" content=\"index, follow, max-snippet:-1, max-image-preview:large, max-video-preview:-1\" \/>\n<link rel=\"canonical\" href=\"https:\/\/oeilsportif.info\/index.php\/ligue-1-guicopres-j-3-hafia-fc-askaloum-pascal-baruxakis-coach-du-hafia-fc-et-ahmed-cheick-kaloko-de-las-kaloum-visent-la-victoire\/\" \/>\n<meta property=\"og:locale\" content=\"fr_FR\" \/>\n<meta property=\"og:type\" content=\"article\" \/>\n<meta property=\"og:title\" content=\"Ligue 1 Guicopres (J-3) - Hafia FC \u2013 ASKaloum : Pascal Baruxakis, coach du Hafia FC et Ahmed Cheick Kaloko de l&#039;AS Kaloum visent la victoire ! - le regard du sportif\" \/>\n<meta property=\"og:description\" content=\"Dans le cadre de la 3\u00e9me journ\u00e9e de la ligue 1 Guicopres, le Hafia Football Club du Pr\u00e9sident Kerfalla Camara KPC, re\u00e7oit l&rsquo;ASKaloum ce samedi 12 novembre 2022 au stade Petit Sory. Ce vendredi apr\u00e8s-midi, l\u2019entra\u00eeneur du Hafia FC et son homologue de l&rsquo;ASKaloum \u00e9tait en conf\u00e9rence de presse d\u2019avant-match au si\u00e8ge du Hafia FC [&hellip;]\" \/>\n<meta property=\"og:url\" content=\"https:\/\/oeilsportif.info\/index.php\/ligue-1-guicopres-j-3-hafia-fc-askaloum-pascal-baruxakis-coach-du-hafia-fc-et-ahmed-cheick-kaloko-de-las-kaloum-visent-la-victoire\/\" \/>\n<meta property=\"og:site_name\" content=\"le regard du sportif\" \/>\n<meta property=\"article:published_time\" content=\"2022-11-11T17:34:57+00:00\" \/>\n<meta property=\"og:image\" content=\"https:\/\/oeilsportif.info\/wp-content\/uploads\/2022\/11\/FB_IMG_1668187948110.jpg\" \/>\n\t<meta property=\"og:image:width\" content=\"1080\" \/>\n\t<meta property=\"og:image:height\" content=\"1034\" \/>\n\t<meta property=\"og:image:type\" content=\"image\/jpeg\" \/>\n<meta name=\"author\" content=\"L&#039;Equipe de la R\u00e9daction\" \/>\n<meta name=\"twitter:label1\" content=\"\u00c9crit par\" \/>\n\t<meta name=\"twitter:data1\" content=\"L&#039;Equipe de la R\u00e9daction\" \/>\n\t<meta name=\"twitter:label2\" content=\"Dur\u00e9e de lecture estim\u00e9e\" \/>\n\t<meta name=\"twitter:data2\" content=\"2 minutes\" \/>\n<script type=\"application\/ld+json\" class=\"yoast-schema-graph\">{\"@context\":\"https:\\\/\\\/schema.org\",\"@graph\":[{\"@type\":\"Article\",\"@id\":\"https:\\\/\\\/oeilsportif.info\\\/index.php\\\/ligue-1-guicopres-j-3-hafia-fc-askaloum-pascal-baruxakis-coach-du-hafia-fc-et-ahmed-cheick-kaloko-de-las-kaloum-visent-la-victoire\\\/#article\",\"isPartOf\":{\"@id\":\"https:\\\/\\\/oeilsportif.info\\\/index.php\\\/ligue-1-guicopres-j-3-hafia-fc-askaloum-pascal-baruxakis-coach-du-hafia-fc-et-ahmed-cheick-kaloko-de-las-kaloum-visent-la-victoire\\\/\"},\"author\":{\"name\":\"L'Equipe de la R\u00e9daction\",\"@id\":\"https:\\\/\\\/oeilsportif.info\\\/#\\\/schema\\\/person\\\/cfbded294aa6095f7d96608d7905e9a1\"},\"headline\":\"Ligue 1 Guicopres (J-3) &#8211; Hafia FC \u2013 ASKaloum : Pascal Baruxakis, coach du Hafia FC et Ahmed Cheick Kaloko de l&rsquo;AS Kaloum visent la victoire !\",\"datePublished\":\"2022-11-11T17:34:57+00:00\",\"mainEntityOfPage\":{\"@id\":\"https:\\\/\\\/oeilsportif.info\\\/index.php\\\/ligue-1-guicopres-j-3-hafia-fc-askaloum-pascal-baruxakis-coach-du-hafia-fc-et-ahmed-cheick-kaloko-de-las-kaloum-visent-la-victoire\\\/\"},\"wordCount\":264,\"image\":{\"@id\":\"https:\\\/\\\/oeilsportif.info\\\/index.php\\\/ligue-1-guicopres-j-3-hafia-fc-askaloum-pascal-baruxakis-coach-du-hafia-fc-et-ahmed-cheick-kaloko-de-las-kaloum-visent-la-victoire\\\/#primaryimage\"},\"thumbnailUrl\":\"https:\\\/\\\/i0.wp.com\\\/oeilsportif.info\\\/wp-content\\\/uploads\\\/2022\\\/11\\\/FB_IMG_1668187948110.jpg?fit=1080%2C1034&ssl=1\",\"articleSection\":[\"Football\"],\"inLanguage\":\"fr-FR\"},{\"@type\":\"WebPage\",\"@id\":\"https:\\\/\\\/oeilsportif.info\\\/index.php\\\/ligue-1-guicopres-j-3-hafia-fc-askaloum-pascal-baruxakis-coach-du-hafia-fc-et-ahmed-cheick-kaloko-de-las-kaloum-visent-la-victoire\\\/\",\"url\":\"https:\\\/\\\/oeilsportif.info\\\/index.php\\\/ligue-1-guicopres-j-3-hafia-fc-askaloum-pascal-baruxakis-coach-du-hafia-fc-et-ahmed-cheick-kaloko-de-las-kaloum-visent-la-victoire\\\/\",\"name\":\"Ligue 1 Guicopres (J-3) - Hafia FC \u2013 ASKaloum : Pascal Baruxakis, coach du Hafia FC et Ahmed Cheick Kaloko de l'AS Kaloum visent la victoire ! - le regard du sportif\",\"isPartOf\":{\"@id\":\"https:\\\/\\\/oeilsportif.info\\\/#website\"},\"primaryImageOfPage\":{\"@id\":\"https:\\\/\\\/oeilsportif.info\\\/index.php\\\/ligue-1-guicopres-j-3-hafia-fc-askaloum-pascal-baruxakis-coach-du-hafia-fc-et-ahmed-cheick-kaloko-de-las-kaloum-visent-la-victoire\\\/#primaryimage\"},\"image\":{\"@id\":\"https:\\\/\\\/oeilsportif.info\\\/index.php\\\/ligue-1-guicopres-j-3-hafia-fc-askaloum-pascal-baruxakis-coach-du-hafia-fc-et-ahmed-cheick-kaloko-de-las-kaloum-visent-la-victoire\\\/#primaryimage\"},\"thumbnailUrl\":\"https:\\\/\\\/i0.wp.com\\\/oeilsportif.info\\\/wp-content\\\/uploads\\\/2022\\\/11\\\/FB_IMG_1668187948110.jpg?fit=1080%2C1034&ssl=1\",\"datePublished\":\"2022-11-11T17:34:57+00:00\",\"author\":{\"@id\":\"https:\\\/\\\/oeilsportif.info\\\/#\\\/schema\\\/person\\\/cfbded294aa6095f7d96608d7905e9a1\"},\"inLanguage\":\"fr-FR\",\"potentialAction\":[{\"@type\":\"ReadAction\",\"target\":[\"https:\\\/\\\/oeilsportif.info\\\/index.php\\\/ligue-1-guicopres-j-3-hafia-fc-askaloum-pascal-baruxakis-coach-du-hafia-fc-et-ahmed-cheick-kaloko-de-las-kaloum-visent-la-victoire\\\/\"]}]},{\"@type\":\"ImageObject\",\"inLanguage\":\"fr-FR\",\"@id\":\"https:\\\/\\\/oeilsportif.info\\\/index.php\\\/ligue-1-guicopres-j-3-hafia-fc-askaloum-pascal-baruxakis-coach-du-hafia-fc-et-ahmed-cheick-kaloko-de-las-kaloum-visent-la-victoire\\\/#primaryimage\",\"url\":\"https:\\\/\\\/i0.wp.com\\\/oeilsportif.info\\\/wp-content\\\/uploads\\\/2022\\\/11\\\/FB_IMG_1668187948110.jpg?fit=1080%2C1034&ssl=1\",\"contentUrl\":\"https:\\\/\\\/i0.wp.com\\\/oeilsportif.info\\\/wp-content\\\/uploads\\\/2022\\\/11\\\/FB_IMG_1668187948110.jpg?fit=1080%2C1034&ssl=1\",\"width\":1080,\"height\":1034},{\"@type\":\"WebSite\",\"@id\":\"https:\\\/\\\/oeilsportif.info\\\/#website\",\"url\":\"https:\\\/\\\/oeilsportif.info\\\/\",\"name\":\"le regard du sportif\",\"description\":\"\",\"potentialAction\":[{\"@type\":\"SearchAction\",\"target\":{\"@type\":\"EntryPoint\",\"urlTemplate\":\"https:\\\/\\\/oeilsportif.info\\\/?s={search_term_string}\"},\"query-input\":{\"@type\":\"PropertyValueSpecification\",\"valueRequired\":true,\"valueName\":\"search_term_string\"}}],\"inLanguage\":\"fr-FR\"},{\"@type\":\"Person\",\"@id\":\"https:\\\/\\\/oeilsportif.info\\\/#\\\/schema\\\/person\\\/cfbded294aa6095f7d96608d7905e9a1\",\"name\":\"L'Equipe de la R\u00e9daction\",\"image\":{\"@type\":\"ImageObject\",\"inLanguage\":\"fr-FR\",\"@id\":\"https:\\\/\\\/oeilsportif.info\\\/wp-content\\\/uploads\\\/2025\\\/07\\\/cropped-cropped-logo-os-96x96.jpeg\",\"url\":\"https:\\\/\\\/oeilsportif.info\\\/wp-content\\\/uploads\\\/2025\\\/07\\\/cropped-cropped-logo-os-96x96.jpeg\",\"contentUrl\":\"https:\\\/\\\/oeilsportif.info\\\/wp-content\\\/uploads\\\/2025\\\/07\\\/cropped-cropped-logo-os-96x96.jpeg\",\"caption\":\"L'Equipe de la R\u00e9daction\"},\"url\":\"https:\\\/\\\/oeilsportif.info\\\/index.php\\\/author\\\/tawel\\\/\"}]}<\/script>\n<!-- \/ Yoast SEO plugin. -->","yoast_head_json":{"title":"Ligue 1 Guicopres (J-3) - Hafia FC \u2013 ASKaloum : Pascal Baruxakis, coach du Hafia FC et Ahmed Cheick Kaloko de l'AS Kaloum visent la victoire ! - le regard du sportif","robots":{"index":"index","follow":"follow","max-snippet":"max-snippet:-1","max-image-preview":"max-image-preview:large","max-video-preview":"max-video-preview:-1"},"canonical":"https:\/\/oeilsportif.info\/index.php\/ligue-1-guicopres-j-3-hafia-fc-askaloum-pascal-baruxakis-coach-du-hafia-fc-et-ahmed-cheick-kaloko-de-las-kaloum-visent-la-victoire\/","og_locale":"fr_FR","og_type":"article","og_title":"Ligue 1 Guicopres (J-3) - Hafia FC \u2013 ASKaloum : Pascal Baruxakis, coach du Hafia FC et Ahmed Cheick Kaloko de l'AS Kaloum visent la victoire ! - le regard du sportif","og_description":"Dans le cadre de la 3\u00e9me journ\u00e9e de la ligue 1 Guicopres, le Hafia Football Club du Pr\u00e9sident Kerfalla Camara KPC, re\u00e7oit l&rsquo;ASKaloum ce samedi 12 novembre 2022 au stade Petit Sory. Ce vendredi apr\u00e8s-midi, l\u2019entra\u00eeneur du Hafia FC et son homologue de l&rsquo;ASKaloum \u00e9tait en conf\u00e9rence de presse d\u2019avant-match au si\u00e8ge du Hafia FC [&hellip;]","og_url":"https:\/\/oeilsportif.info\/index.php\/ligue-1-guicopres-j-3-hafia-fc-askaloum-pascal-baruxakis-coach-du-hafia-fc-et-ahmed-cheick-kaloko-de-las-kaloum-visent-la-victoire\/","og_site_name":"le regard du sportif","article_published_time":"2022-11-11T17:34:57+00:00","og_image":[{"width":1080,"height":1034,"url":"https:\/\/oeilsportif.info\/wp-content\/uploads\/2022\/11\/FB_IMG_1668187948110.jpg","type":"image\/jpeg"}],"author":"L'Equipe de la R\u00e9daction","twitter_misc":{"\u00c9crit par":"L'Equipe de la R\u00e9daction","Dur\u00e9e de lecture estim\u00e9e":"2 minutes"},"schema":{"@context":"https:\/\/schema.org","@graph":[{"@type":"Article","@id":"https:\/\/oeilsportif.info\/index.php\/ligue-1-guicopres-j-3-hafia-fc-askaloum-pascal-baruxakis-coach-du-hafia-fc-et-ahmed-cheick-kaloko-de-las-kaloum-visent-la-victoire\/#article","isPartOf":{"@id":"https:\/\/oeilsportif.info\/index.php\/ligue-1-guicopres-j-3-hafia-fc-askaloum-pascal-baruxakis-coach-du-hafia-fc-et-ahmed-cheick-kaloko-de-las-kaloum-visent-la-victoire\/"},"author":{"name":"L'Equipe de la R\u00e9daction","@id":"https:\/\/oeilsportif.info\/#\/schema\/person\/cfbded294aa6095f7d96608d7905e9a1"},"headline":"Ligue 1 Guicopres (J-3) &#8211; Hafia FC \u2013 ASKaloum : Pascal Baruxakis, coach du Hafia FC et Ahmed Cheick Kaloko de l&rsquo;AS Kaloum visent la victoire !","datePublished":"2022-11-11T17:34:57+00:00","mainEntityOfPage":{"@id":"https:\/\/oeilsportif.info\/index.php\/ligue-1-guicopres-j-3-hafia-fc-askaloum-pascal-baruxakis-coach-du-hafia-fc-et-ahmed-cheick-kaloko-de-las-kaloum-visent-la-victoire\/"},"wordCount":264,"image":{"@id":"https:\/\/oeilsportif.info\/index.php\/ligue-1-guicopres-j-3-hafia-fc-askaloum-pascal-baruxakis-coach-du-hafia-fc-et-ahmed-cheick-kaloko-de-las-kaloum-visent-la-victoire\/#primaryimage"},"thumbnailUrl":"https:\/\/i0.wp.com\/oeilsportif.info\/wp-content\/uploads\/2022\/11\/FB_IMG_1668187948110.jpg?fit=1080%2C1034&ssl=1","articleSection":["Football"],"inLanguage":"fr-FR"},{"@type":"WebPage","@id":"https:\/\/oeilsportif.info\/index.php\/ligue-1-guicopres-j-3-hafia-fc-askaloum-pascal-baruxakis-coach-du-hafia-fc-et-ahmed-cheick-kaloko-de-las-kaloum-visent-la-victoire\/","url":"https:\/\/oeilsportif.info\/index.php\/ligue-1-guicopres-j-3-hafia-fc-askaloum-pascal-baruxakis-coach-du-hafia-fc-et-ahmed-cheick-kaloko-de-las-kaloum-visent-la-victoire\/","name":"Ligue 1 Guicopres (J-3) - Hafia FC \u2013 ASKaloum : Pascal Baruxakis, coach du Hafia FC et Ahmed Cheick Kaloko de l'AS Kaloum visent la victoire ! - le regard du sportif","isPartOf":{"@id":"https:\/\/oeilsportif.info\/#website"},"primaryImageOfPage":{"@id":"https:\/\/oeilsportif.info\/index.php\/ligue-1-guicopres-j-3-hafia-fc-askaloum-pascal-baruxakis-coach-du-hafia-fc-et-ahmed-cheick-kaloko-de-las-kaloum-visent-la-victoire\/#primaryimage"},"image":{"@id":"https:\/\/oeilsportif.info\/index.php\/ligue-1-guicopres-j-3-hafia-fc-askaloum-pascal-baruxakis-coach-du-hafia-fc-et-ahmed-cheick-kaloko-de-las-kaloum-visent-la-victoire\/#primaryimage"},"thumbnailUrl":"https:\/\/i0.wp.com\/oeilsportif.info\/wp-content\/uploads\/2022\/11\/FB_IMG_1668187948110.jpg?fit=1080%2C1034&ssl=1","datePublished":"2022-11-11T17:34:57+00:00","author":{"@id":"https:\/\/oeilsportif.info\/#\/schema\/person\/cfbded294aa6095f7d96608d7905e9a1"},"inLanguage":"fr-FR","potentialAction":[{"@type":"ReadAction","target":["https:\/\/oeilsportif.info\/index.php\/ligue-1-guicopres-j-3-hafia-fc-askaloum-pascal-baruxakis-coach-du-hafia-fc-et-ahmed-cheick-kaloko-de-las-kaloum-visent-la-victoire\/"]}]},{"@type":"ImageObject","inLanguage":"fr-FR","@id":"https:\/\/oeilsportif.info\/index.php\/ligue-1-guicopres-j-3-hafia-fc-askaloum-pascal-baruxakis-coach-du-hafia-fc-et-ahmed-cheick-kaloko-de-las-kaloum-visent-la-victoire\/#primaryimage","url":"https:\/\/i0.wp.com\/oeilsportif.info\/wp-content\/uploads\/2022\/11\/FB_IMG_1668187948110.jpg?fit=1080%2C1034&ssl=1","contentUrl":"https:\/\/i0.wp.com\/oeilsportif.info\/wp-content\/uploads\/2022\/11\/FB_IMG_1668187948110.jpg?fit=1080%2C1034&ssl=1","width":1080,"height":1034},{"@type":"WebSite","@id":"https:\/\/oeilsportif.info\/#website","url":"https:\/\/oeilsportif.info\/","name":"le regard du sportif","description":"","potentialAction":[{"@type":"SearchAction","target":{"@type":"EntryPoint","urlTemplate":"https:\/\/oeilsportif.info\/?s={search_term_string}"},"query-input":{"@type":"PropertyValueSpecification","valueRequired":true,"valueName":"search_term_string"}}],"inLanguage":"fr-FR"},{"@type":"Person","@id":"https:\/\/oeilsportif.info\/#\/schema\/person\/cfbded294aa6095f7d96608d7905e9a1","name":"L'Equipe de la R\u00e9daction","image":{"@type":"ImageObject","inLanguage":"fr-FR","@id":"https:\/\/oeilsportif.info\/wp-content\/uploads\/2025\/07\/cropped-cropped-logo-os-96x96.jpeg","url":"https:\/\/oeilsportif.info\/wp-content\/uploads\/2025\/07\/cropped-cropped-logo-os-96x96.jpeg","contentUrl":"https:\/\/oeilsportif.info\/wp-content\/uploads\/2025\/07\/cropped-cropped-logo-os-96x96.jpeg","caption":"L'Equipe de la R\u00e9daction"},"url":"https:\/\/oeilsportif.info\/index.php\/author\/tawel\/"}]}},"jetpack_publicize_connections":[],"jetpack_featured_media_url":"https:\/\/i0.wp.com\/oeilsportif.info\/wp-content\/uploads\/2022\/11\/FB_IMG_1668187948110.jpg?fit=1080%2C1034&ssl=1","jetpack-related-posts":[],"jetpack_sharing_enabled":true,"jetpack_likes_enabled":true,"jetpack_shortlink":"https:\/\/wp.me\/pgFE77-B7","_links":{"self":[{"href":"https:\/\/oeilsportif.info\/index.php\/wp-json\/wp\/v2\/posts\/2301","targetHints":{"allow":["GET"]}}],"collection":[{"href":"https:\/\/oeilsportif.info\/index.php\/wp-json\/wp\/v2\/posts"}],"about":[{"href":"https:\/\/oeilsportif.info\/index.php\/wp-json\/wp\/v2\/types\/post"}],"author":[{"embeddable":true,"href":"https:\/\/oeilsportif.info\/index.php\/wp-json\/wp\/v2\/users\/2"}],"replies":[{"embeddable":true,"href":"https:\/\/oeilsportif.info\/index.php\/wp-json\/wp\/v2\/comments?post=2301"}],"version-history":[{"count":0,"href":"https:\/\/oeilsportif.info\/index.php\/wp-json\/wp\/v2\/posts\/2301\/revisions"}],"wp:featuredmedia":[{"embeddable":true,"href":"https:\/\/oeilsportif.info\/index.php\/wp-json\/wp\/v2\/media\/2302"}],"wp:attachment":[{"href":"https:\/\/oeilsportif.info\/index.php\/wp-json\/wp\/v2\/media?parent=2301"}],"wp:term":[{"taxonomy":"category","embeddable":true,"href":"https:\/\/oeilsportif.info\/index.php\/wp-json\/wp\/v2\/categories?post=2301"},{"taxonomy":"post_tag","embeddable":true,"href":"https:\/\/oeilsportif.info\/index.php\/wp-json\/wp\/v2\/tags?post=2301"}],"curies":[{"name":"wp","href":"https:\/\/api.w.org\/{rel}","templated":true}]}}