{"id":2297,"date":"2022-11-09T17:58:50","date_gmt":"2022-11-09T17:58:50","guid":{"rendered":"https:\/\/oeilsportif.info\/index.php\/?p=2297"},"modified":"2022-11-09T17:58:50","modified_gmt":"2022-11-09T17:58:50","slug":"lettre-de-la-fifa-et-de-la-caf-relative-aux-statuts-revises-de-la-fgf","status":"publish","type":"post","link":"https:\/\/oeilsportif.info\/index.php\/lettre-de-la-fifa-et-de-la-caf-relative-aux-statuts-revises-de-la-fgf\/","title":{"rendered":"LETTRE DE LA FIFA ET DE LA CAF RELATIVE AUX STATUTS R\u00c9VIS\u00c9S DE LA FGF"},"content":{"rendered":"<p>Le Comit\u00e9 de Normalisation de la F\u00e9d\u00e9ration Guin\u00e9enne de Football convoque une Assembl\u00e9e G\u00e9n\u00e9rale Extraordinaire le samedi 12 novembre 2022 \u00e0 Conakry. Cette AGE qui va se tenir \u00e0 l\u2019H\u00f4tel ONONO, portera sur l\u2019adoption des statuts r\u00e9vis\u00e9s de la FGF.<span id=\"more-5365\"><\/span><\/p>\n<p>Trois jours avant cette assembl\u00e9e, la FIFA et la CAF, dans un courriel conjoint, se r\u00e9jouissent du travail r\u00e9alis\u00e9 par le CONOR durant les pr\u00e9c\u00e9dents mois.<\/p>\n<p>Les deux institutions soulignent que les statuts r\u00e9vis\u00e9s de la FGF qui seront soumis au vote des membres statutaires sont pleinement conformes aux dispositions et exigences obligatoires contenues dans les Statuts, r\u00e8glements, directives et d\u00e9cisions de la FIFA et de la CAF.<\/p>\n<p><strong>Voici l\u2019int\u00e9gralit\u00e9 du courriel<\/strong><\/p>\n<p>Statuts et code \u00e9lectoral de la F\u00e9d\u00e9ration Guin\u00e9enne de Football<\/p>\n<p>Monsieur le Secr\u00e9taire G\u00e9n\u00e9ral,<\/p>\n<p>Nous nous r\u00e9f\u00e9rons \u00e0 la d\u00e9cision du Bureau du Conseil de la FIFA du 29 juin 2022 de prolonger le mandat du comit\u00e9 de normalisation (CONOR) de la F\u00e9d\u00e9ration Guin\u00e9enne de Football (FGF) afin de lui permettre de mener \u00e0 bien la r\u00e9vision des statuts et du code \u00e9lectoral de la FGF avant de pouvoir organiser les \u00e9lections du Comit\u00e9 Ex\u00e9cutif de la FGF.<\/p>\n<p>Pour rappel, suite \u00e0 cette d\u00e9cision, la FIFA, la CAF et la FGF ont travaill\u00e9 \u00e9troitement et de mani\u00e8re inclusive \u00e0 l\u2019\u00e9laboration de nouveaux statuts et code \u00e9lectoral. Ce travail a \u00e9t\u00e9 compl\u00e9t\u00e9 par une mission conjointe FIFA-CAF \u00e0 Conakry du 11 au 13 octobre 2022, durant laquelle la d\u00e9l\u00e9gation a rencontr\u00e9 les parties prenantes du football guin\u00e9en afin d\u2019\u00e9changer sur les nouveaux textes et de prendre en compte leurs remarques et suggestions. Enfin, suite \u00e0 la mission FIFA-CAF, la version finale des statuts de la FGF et a \u00e9t\u00e9 transmise aux membres de la FGF pour information et en vue de leur adoption.<\/p>\n<p>Tout premi\u00e8rement, nous souhaitons souligner que la r\u00e9vision des statuts et du code \u00e9lectoral de la FGF reste une \u00e9tape indispensable et primordiale \u00e0 l\u2019organisation et la tenue des \u00e9lections d\u2019un nouveau Comit\u00e9 Ex\u00e9cutif qui marquera la fin du mandat du CONOR. Dans ce contexte, nous vous rappelons que la FGF, en qualit\u00e9 de membre de la FIFA et de la CAF est tenue de veiller \u00e0 ce que ses statuts soient pleinement conformes aux dispositions et exigences obligatoires contenues dans les Statuts, r\u00e8glements, directives et d\u00e9cisions de la FIFA et de la CAF. Ainsi, l\u2019art. 15 des Statuts de la FIFA fait r\u00e9f\u00e9rence \u00e0 un certain nombre de principes de bonne gouvernance qui doivent obligatoirement \u00eatre<\/p>\n<p>repris dans les statuts de la FGF.<\/p>\n<p>Par ailleurs, pour plus de coh\u00e9sion, de stabilit\u00e9 et d\u2019efficience dans la mise en \u0153uvre des projets de d\u00e9veloppement au sein de ses associations membres, la CAF invite ces derni\u00e8res \u00e0 adopter un syst\u00e8me d\u2019\u00e9lection par listes. Finalement, nous souhaitons vous confirmer que la version finale des statuts de la FGF est conforme aux exigences et aux statuts et r\u00e8glements de la FIFA et de la CAF. Nous sommes convaincus que les nouveaux textes contribueront \u00e0 maintenir un fonctionnement d\u00e9mocratique, \u00e9quitable, transparent et financi\u00e8rement responsable de la FGF et de ses organes.<\/p>\n<p>Au vu de ce qui pr\u00e9c\u00e8de, nous vous invitons \u00e0 bien vouloir informer vos membres du contenu de la pr\u00e9sente en amont de la tenue de votre Assembl\u00e9e G\u00e9n\u00e9rale du 12 novembre 2022 durant laquelle les nouveaux statuts lui seront soumis pour adoption.<\/p>\n<p>En vous remerciant de votre aimable collaboration, nous vous prions de bien vouloir agr\u00e9er, Monsieur le Secr\u00e9taire G\u00e9n\u00e9ral, l\u2019expression de nos sinc\u00e8res salutations.<\/p>\n<p><strong>FIFA\u00a0<\/strong><\/p>\n<p>Kenny Jean-Marie<\/p>\n<p>Directeur de la division Association Membres<\/p>\n<p><strong>CAF<\/strong><\/p>\n<p>Felix Majani<\/p>\n<p>Directeur des Affaires Juridiques<\/p>\n<p><strong>Source : F\u00e9guifoot\u00a0<\/strong><\/p>\n","protected":false},"excerpt":{"rendered":"<p>Le Comit\u00e9 de Normalisation de la F\u00e9d\u00e9ration Guin\u00e9enne de Football convoque une Assembl\u00e9e G\u00e9n\u00e9rale Extraordinaire le samedi 12 novembre 2022 \u00e0 Conakry. Cette AGE qui va se tenir \u00e0 l\u2019H\u00f4tel ONONO, portera sur l\u2019adoption des statuts r\u00e9vis\u00e9s de la FGF. Trois jours avant cette assembl\u00e9e, la FIFA et la CAF, dans un courriel conjoint, se [&hellip;]<\/p>\n","protected":false},"author":2,"featured_media":2298,"comment_status":"closed","ping_status":"open","sticky":false,"template":"","format":"standard","meta":{"_jetpack_memberships_contains_paid_content":false,"footnotes":"","jetpack_publicize_message":"","jetpack_publicize_feature_enabled":true,"jetpack_social_post_already_shared":true,"jetpack_social_options":{"image_generator_settings":{"template":"highway","default_image_id":0,"font":"","enabled":false},"version":2}},"categories":[5],"tags":[],"class_list":{"0":"post-2297","1":"post","2":"type-post","3":"status-publish","4":"format-standard","5":"has-post-thumbnail","7":"category-football"},"yoast_head":"<!-- This site is optimized with the Yoast SEO plugin v27.5 - https:\/\/yoast.com\/product\/yoast-seo-wordpress\/ -->\n<title>LETTRE DE LA FIFA ET DE LA CAF RELATIVE AUX STATUTS R\u00c9VIS\u00c9S DE LA FGF - le regard du sportif<\/title>\n<meta name=\"robots\" content=\"index, follow, max-snippet:-1, max-image-preview:large, max-video-preview:-1\" \/>\n<link rel=\"canonical\" href=\"https:\/\/oeilsportif.info\/index.php\/lettre-de-la-fifa-et-de-la-caf-relative-aux-statuts-revises-de-la-fgf\/\" \/>\n<meta property=\"og:locale\" content=\"fr_FR\" \/>\n<meta property=\"og:type\" content=\"article\" \/>\n<meta property=\"og:title\" content=\"LETTRE DE LA FIFA ET DE LA CAF RELATIVE AUX STATUTS R\u00c9VIS\u00c9S DE LA FGF - le regard du sportif\" \/>\n<meta property=\"og:description\" content=\"Le Comit\u00e9 de Normalisation de la F\u00e9d\u00e9ration Guin\u00e9enne de Football convoque une Assembl\u00e9e G\u00e9n\u00e9rale Extraordinaire le samedi 12 novembre 2022 \u00e0 Conakry. Cette AGE qui va se tenir \u00e0 l\u2019H\u00f4tel ONONO, portera sur l\u2019adoption des statuts r\u00e9vis\u00e9s de la FGF. Trois jours avant cette assembl\u00e9e, la FIFA et la CAF, dans un courriel conjoint, se [&hellip;]\" \/>\n<meta property=\"og:url\" content=\"https:\/\/oeilsportif.info\/index.php\/lettre-de-la-fifa-et-de-la-caf-relative-aux-statuts-revises-de-la-fgf\/\" \/>\n<meta property=\"og:site_name\" content=\"le regard du sportif\" \/>\n<meta property=\"article:published_time\" content=\"2022-11-09T17:58:50+00:00\" \/>\n<meta property=\"og:image\" content=\"https:\/\/oeilsportif.info\/wp-content\/uploads\/2022\/11\/Screenshot_20221109-175804_Facebook.jpg\" \/>\n\t<meta property=\"og:image:width\" content=\"1004\" \/>\n\t<meta property=\"og:image:height\" content=\"559\" \/>\n\t<meta property=\"og:image:type\" content=\"image\/jpeg\" \/>\n<meta name=\"author\" content=\"L&#039;Equipe de la R\u00e9daction\" \/>\n<meta name=\"twitter:label1\" content=\"\u00c9crit par\" \/>\n\t<meta name=\"twitter:data1\" content=\"L&#039;Equipe de la R\u00e9daction\" \/>\n\t<meta name=\"twitter:label2\" content=\"Dur\u00e9e de lecture estim\u00e9e\" \/>\n\t<meta name=\"twitter:data2\" content=\"4 minutes\" \/>\n<script type=\"application\/ld+json\" class=\"yoast-schema-graph\">{\"@context\":\"https:\\\/\\\/schema.org\",\"@graph\":[{\"@type\":\"Article\",\"@id\":\"https:\\\/\\\/oeilsportif.info\\\/index.php\\\/lettre-de-la-fifa-et-de-la-caf-relative-aux-statuts-revises-de-la-fgf\\\/#article\",\"isPartOf\":{\"@id\":\"https:\\\/\\\/oeilsportif.info\\\/index.php\\\/lettre-de-la-fifa-et-de-la-caf-relative-aux-statuts-revises-de-la-fgf\\\/\"},\"author\":{\"name\":\"L'Equipe de la R\u00e9daction\",\"@id\":\"https:\\\/\\\/oeilsportif.info\\\/#\\\/schema\\\/person\\\/cfbded294aa6095f7d96608d7905e9a1\"},\"headline\":\"LETTRE DE LA FIFA ET DE LA CAF RELATIVE AUX STATUTS R\u00c9VIS\u00c9S DE LA FGF\",\"datePublished\":\"2022-11-09T17:58:50+00:00\",\"mainEntityOfPage\":{\"@id\":\"https:\\\/\\\/oeilsportif.info\\\/index.php\\\/lettre-de-la-fifa-et-de-la-caf-relative-aux-statuts-revises-de-la-fgf\\\/\"},\"wordCount\":663,\"image\":{\"@id\":\"https:\\\/\\\/oeilsportif.info\\\/index.php\\\/lettre-de-la-fifa-et-de-la-caf-relative-aux-statuts-revises-de-la-fgf\\\/#primaryimage\"},\"thumbnailUrl\":\"https:\\\/\\\/i0.wp.com\\\/oeilsportif.info\\\/wp-content\\\/uploads\\\/2022\\\/11\\\/Screenshot_20221109-175804_Facebook.jpg?fit=1004%2C559&ssl=1\",\"articleSection\":[\"Football\"],\"inLanguage\":\"fr-FR\"},{\"@type\":\"WebPage\",\"@id\":\"https:\\\/\\\/oeilsportif.info\\\/index.php\\\/lettre-de-la-fifa-et-de-la-caf-relative-aux-statuts-revises-de-la-fgf\\\/\",\"url\":\"https:\\\/\\\/oeilsportif.info\\\/index.php\\\/lettre-de-la-fifa-et-de-la-caf-relative-aux-statuts-revises-de-la-fgf\\\/\",\"name\":\"LETTRE DE LA FIFA ET DE LA CAF RELATIVE AUX STATUTS R\u00c9VIS\u00c9S DE LA FGF - le regard du sportif\",\"isPartOf\":{\"@id\":\"https:\\\/\\\/oeilsportif.info\\\/#website\"},\"primaryImageOfPage\":{\"@id\":\"https:\\\/\\\/oeilsportif.info\\\/index.php\\\/lettre-de-la-fifa-et-de-la-caf-relative-aux-statuts-revises-de-la-fgf\\\/#primaryimage\"},\"image\":{\"@id\":\"https:\\\/\\\/oeilsportif.info\\\/index.php\\\/lettre-de-la-fifa-et-de-la-caf-relative-aux-statuts-revises-de-la-fgf\\\/#primaryimage\"},\"thumbnailUrl\":\"https:\\\/\\\/i0.wp.com\\\/oeilsportif.info\\\/wp-content\\\/uploads\\\/2022\\\/11\\\/Screenshot_20221109-175804_Facebook.jpg?fit=1004%2C559&ssl=1\",\"datePublished\":\"2022-11-09T17:58:50+00:00\",\"author\":{\"@id\":\"https:\\\/\\\/oeilsportif.info\\\/#\\\/schema\\\/person\\\/cfbded294aa6095f7d96608d7905e9a1\"},\"inLanguage\":\"fr-FR\",\"potentialAction\":[{\"@type\":\"ReadAction\",\"target\":[\"https:\\\/\\\/oeilsportif.info\\\/index.php\\\/lettre-de-la-fifa-et-de-la-caf-relative-aux-statuts-revises-de-la-fgf\\\/\"]}]},{\"@type\":\"ImageObject\",\"inLanguage\":\"fr-FR\",\"@id\":\"https:\\\/\\\/oeilsportif.info\\\/index.php\\\/lettre-de-la-fifa-et-de-la-caf-relative-aux-statuts-revises-de-la-fgf\\\/#primaryimage\",\"url\":\"https:\\\/\\\/i0.wp.com\\\/oeilsportif.info\\\/wp-content\\\/uploads\\\/2022\\\/11\\\/Screenshot_20221109-175804_Facebook.jpg?fit=1004%2C559&ssl=1\",\"contentUrl\":\"https:\\\/\\\/i0.wp.com\\\/oeilsportif.info\\\/wp-content\\\/uploads\\\/2022\\\/11\\\/Screenshot_20221109-175804_Facebook.jpg?fit=1004%2C559&ssl=1\",\"width\":1004,\"height\":559},{\"@type\":\"WebSite\",\"@id\":\"https:\\\/\\\/oeilsportif.info\\\/#website\",\"url\":\"https:\\\/\\\/oeilsportif.info\\\/\",\"name\":\"le regard du sportif\",\"description\":\"\",\"potentialAction\":[{\"@type\":\"SearchAction\",\"target\":{\"@type\":\"EntryPoint\",\"urlTemplate\":\"https:\\\/\\\/oeilsportif.info\\\/?s={search_term_string}\"},\"query-input\":{\"@type\":\"PropertyValueSpecification\",\"valueRequired\":true,\"valueName\":\"search_term_string\"}}],\"inLanguage\":\"fr-FR\"},{\"@type\":\"Person\",\"@id\":\"https:\\\/\\\/oeilsportif.info\\\/#\\\/schema\\\/person\\\/cfbded294aa6095f7d96608d7905e9a1\",\"name\":\"L'Equipe de la R\u00e9daction\",\"image\":{\"@type\":\"ImageObject\",\"inLanguage\":\"fr-FR\",\"@id\":\"https:\\\/\\\/oeilsportif.info\\\/wp-content\\\/uploads\\\/2025\\\/07\\\/cropped-cropped-logo-os-96x96.jpeg\",\"url\":\"https:\\\/\\\/oeilsportif.info\\\/wp-content\\\/uploads\\\/2025\\\/07\\\/cropped-cropped-logo-os-96x96.jpeg\",\"contentUrl\":\"https:\\\/\\\/oeilsportif.info\\\/wp-content\\\/uploads\\\/2025\\\/07\\\/cropped-cropped-logo-os-96x96.jpeg\",\"caption\":\"L'Equipe de la R\u00e9daction\"},\"url\":\"https:\\\/\\\/oeilsportif.info\\\/index.php\\\/author\\\/tawel\\\/\"}]}<\/script>\n<!-- \/ Yoast SEO plugin. -->","yoast_head_json":{"title":"LETTRE DE LA FIFA ET DE LA CAF RELATIVE AUX STATUTS R\u00c9VIS\u00c9S DE LA FGF - le regard du sportif","robots":{"index":"index","follow":"follow","max-snippet":"max-snippet:-1","max-image-preview":"max-image-preview:large","max-video-preview":"max-video-preview:-1"},"canonical":"https:\/\/oeilsportif.info\/index.php\/lettre-de-la-fifa-et-de-la-caf-relative-aux-statuts-revises-de-la-fgf\/","og_locale":"fr_FR","og_type":"article","og_title":"LETTRE DE LA FIFA ET DE LA CAF RELATIVE AUX STATUTS R\u00c9VIS\u00c9S DE LA FGF - le regard du sportif","og_description":"Le Comit\u00e9 de Normalisation de la F\u00e9d\u00e9ration Guin\u00e9enne de Football convoque une Assembl\u00e9e G\u00e9n\u00e9rale Extraordinaire le samedi 12 novembre 2022 \u00e0 Conakry. Cette AGE qui va se tenir \u00e0 l\u2019H\u00f4tel ONONO, portera sur l\u2019adoption des statuts r\u00e9vis\u00e9s de la FGF. Trois jours avant cette assembl\u00e9e, la FIFA et la CAF, dans un courriel conjoint, se [&hellip;]","og_url":"https:\/\/oeilsportif.info\/index.php\/lettre-de-la-fifa-et-de-la-caf-relative-aux-statuts-revises-de-la-fgf\/","og_site_name":"le regard du sportif","article_published_time":"2022-11-09T17:58:50+00:00","og_image":[{"width":1004,"height":559,"url":"https:\/\/oeilsportif.info\/wp-content\/uploads\/2022\/11\/Screenshot_20221109-175804_Facebook.jpg","type":"image\/jpeg"}],"author":"L'Equipe de la R\u00e9daction","twitter_misc":{"\u00c9crit par":"L'Equipe de la R\u00e9daction","Dur\u00e9e de lecture estim\u00e9e":"4 minutes"},"schema":{"@context":"https:\/\/schema.org","@graph":[{"@type":"Article","@id":"https:\/\/oeilsportif.info\/index.php\/lettre-de-la-fifa-et-de-la-caf-relative-aux-statuts-revises-de-la-fgf\/#article","isPartOf":{"@id":"https:\/\/oeilsportif.info\/index.php\/lettre-de-la-fifa-et-de-la-caf-relative-aux-statuts-revises-de-la-fgf\/"},"author":{"name":"L'Equipe de la R\u00e9daction","@id":"https:\/\/oeilsportif.info\/#\/schema\/person\/cfbded294aa6095f7d96608d7905e9a1"},"headline":"LETTRE DE LA FIFA ET DE LA CAF RELATIVE AUX STATUTS R\u00c9VIS\u00c9S DE LA FGF","datePublished":"2022-11-09T17:58:50+00:00","mainEntityOfPage":{"@id":"https:\/\/oeilsportif.info\/index.php\/lettre-de-la-fifa-et-de-la-caf-relative-aux-statuts-revises-de-la-fgf\/"},"wordCount":663,"image":{"@id":"https:\/\/oeilsportif.info\/index.php\/lettre-de-la-fifa-et-de-la-caf-relative-aux-statuts-revises-de-la-fgf\/#primaryimage"},"thumbnailUrl":"https:\/\/i0.wp.com\/oeilsportif.info\/wp-content\/uploads\/2022\/11\/Screenshot_20221109-175804_Facebook.jpg?fit=1004%2C559&ssl=1","articleSection":["Football"],"inLanguage":"fr-FR"},{"@type":"WebPage","@id":"https:\/\/oeilsportif.info\/index.php\/lettre-de-la-fifa-et-de-la-caf-relative-aux-statuts-revises-de-la-fgf\/","url":"https:\/\/oeilsportif.info\/index.php\/lettre-de-la-fifa-et-de-la-caf-relative-aux-statuts-revises-de-la-fgf\/","name":"LETTRE DE LA FIFA ET DE LA CAF RELATIVE AUX STATUTS R\u00c9VIS\u00c9S DE LA FGF - le regard du sportif","isPartOf":{"@id":"https:\/\/oeilsportif.info\/#website"},"primaryImageOfPage":{"@id":"https:\/\/oeilsportif.info\/index.php\/lettre-de-la-fifa-et-de-la-caf-relative-aux-statuts-revises-de-la-fgf\/#primaryimage"},"image":{"@id":"https:\/\/oeilsportif.info\/index.php\/lettre-de-la-fifa-et-de-la-caf-relative-aux-statuts-revises-de-la-fgf\/#primaryimage"},"thumbnailUrl":"https:\/\/i0.wp.com\/oeilsportif.info\/wp-content\/uploads\/2022\/11\/Screenshot_20221109-175804_Facebook.jpg?fit=1004%2C559&ssl=1","datePublished":"2022-11-09T17:58:50+00:00","author":{"@id":"https:\/\/oeilsportif.info\/#\/schema\/person\/cfbded294aa6095f7d96608d7905e9a1"},"inLanguage":"fr-FR","potentialAction":[{"@type":"ReadAction","target":["https:\/\/oeilsportif.info\/index.php\/lettre-de-la-fifa-et-de-la-caf-relative-aux-statuts-revises-de-la-fgf\/"]}]},{"@type":"ImageObject","inLanguage":"fr-FR","@id":"https:\/\/oeilsportif.info\/index.php\/lettre-de-la-fifa-et-de-la-caf-relative-aux-statuts-revises-de-la-fgf\/#primaryimage","url":"https:\/\/i0.wp.com\/oeilsportif.info\/wp-content\/uploads\/2022\/11\/Screenshot_20221109-175804_Facebook.jpg?fit=1004%2C559&ssl=1","contentUrl":"https:\/\/i0.wp.com\/oeilsportif.info\/wp-content\/uploads\/2022\/11\/Screenshot_20221109-175804_Facebook.jpg?fit=1004%2C559&ssl=1","width":1004,"height":559},{"@type":"WebSite","@id":"https:\/\/oeilsportif.info\/#website","url":"https:\/\/oeilsportif.info\/","name":"le regard du sportif","description":"","potentialAction":[{"@type":"SearchAction","target":{"@type":"EntryPoint","urlTemplate":"https:\/\/oeilsportif.info\/?s={search_term_string}"},"query-input":{"@type":"PropertyValueSpecification","valueRequired":true,"valueName":"search_term_string"}}],"inLanguage":"fr-FR"},{"@type":"Person","@id":"https:\/\/oeilsportif.info\/#\/schema\/person\/cfbded294aa6095f7d96608d7905e9a1","name":"L'Equipe de la R\u00e9daction","image":{"@type":"ImageObject","inLanguage":"fr-FR","@id":"https:\/\/oeilsportif.info\/wp-content\/uploads\/2025\/07\/cropped-cropped-logo-os-96x96.jpeg","url":"https:\/\/oeilsportif.info\/wp-content\/uploads\/2025\/07\/cropped-cropped-logo-os-96x96.jpeg","contentUrl":"https:\/\/oeilsportif.info\/wp-content\/uploads\/2025\/07\/cropped-cropped-logo-os-96x96.jpeg","caption":"L'Equipe de la R\u00e9daction"},"url":"https:\/\/oeilsportif.info\/index.php\/author\/tawel\/"}]}},"jetpack_publicize_connections":[],"jetpack_featured_media_url":"https:\/\/i0.wp.com\/oeilsportif.info\/wp-content\/uploads\/2022\/11\/Screenshot_20221109-175804_Facebook.jpg?fit=1004%2C559&ssl=1","jetpack-related-posts":[],"jetpack_sharing_enabled":true,"jetpack_likes_enabled":true,"jetpack_shortlink":"https:\/\/wp.me\/pgFE77-B3","_links":{"self":[{"href":"https:\/\/oeilsportif.info\/index.php\/wp-json\/wp\/v2\/posts\/2297","targetHints":{"allow":["GET"]}}],"collection":[{"href":"https:\/\/oeilsportif.info\/index.php\/wp-json\/wp\/v2\/posts"}],"about":[{"href":"https:\/\/oeilsportif.info\/index.php\/wp-json\/wp\/v2\/types\/post"}],"author":[{"embeddable":true,"href":"https:\/\/oeilsportif.info\/index.php\/wp-json\/wp\/v2\/users\/2"}],"replies":[{"embeddable":true,"href":"https:\/\/oeilsportif.info\/index.php\/wp-json\/wp\/v2\/comments?post=2297"}],"version-history":[{"count":0,"href":"https:\/\/oeilsportif.info\/index.php\/wp-json\/wp\/v2\/posts\/2297\/revisions"}],"wp:featuredmedia":[{"embeddable":true,"href":"https:\/\/oeilsportif.info\/index.php\/wp-json\/wp\/v2\/media\/2298"}],"wp:attachment":[{"href":"https:\/\/oeilsportif.info\/index.php\/wp-json\/wp\/v2\/media?parent=2297"}],"wp:term":[{"taxonomy":"category","embeddable":true,"href":"https:\/\/oeilsportif.info\/index.php\/wp-json\/wp\/v2\/categories?post=2297"},{"taxonomy":"post_tag","embeddable":true,"href":"https:\/\/oeilsportif.info\/index.php\/wp-json\/wp\/v2\/tags?post=2297"}],"curies":[{"name":"wp","href":"https:\/\/api.w.org\/{rel}","templated":true}]}}