{"id":229,"date":"2022-05-05T14:33:27","date_gmt":"2022-05-05T14:33:27","guid":{"rendered":"https:\/\/oeilsportif.info\/index.php\/le-syli-handball-cadet-invite-a-un-stage-a-skopje\/"},"modified":"2022-05-09T21:25:01","modified_gmt":"2022-05-09T21:25:01","slug":"le-syli-handball-cadet-invite-a-un-stage-a-skopje","status":"publish","type":"post","link":"https:\/\/oeilsportif.info\/index.php\/le-syli-handball-cadet-invite-a-un-stage-a-skopje\/","title":{"rendered":"Le Syli Handball Cadet invit\u00e9 \u00e0 un stage \u00e0 Skopje |"},"content":{"rendered":"<p><\/p>\n<div id=\"post-4636\">\n<div class=\"td-post-content\">\n<div class=\"td-post-featured-image\"><a href=\"https:\/\/sportsechos.net\/wp-content\/uploads\/2022\/04\/16510143238062.jpg\" data-caption=\"\"><\/a><\/div>\n<aside class=\"mashsb-container mashsb-main mashsb-stretched\">\n                <\/aside>\n<p><!-- Share buttons by mashshare.net - Version: 3.7.9--><\/p>\n<p><strong>Les semaines se suivent et se ressemblent pour la F\u00e9d\u00e9ration Guin\u00e9enne de Handball dont les services sont de plus en plus sollicit\u00e9s par certaines associations engag\u00e9es dans les comp\u00e9titions de la F\u00e9d\u00e9ration Internationale de Handball. Le Pr\u00e9sident Mamoudouba Paye Camara en mission sportive du cot\u00e9\u0301 de l\u2019Europe, vient de d\u00e9crocher deux stages pour les \u00e9quipes nationales f\u00e9minines.<\/strong><\/p>\n<p>Dans une correspondance adress\u00e9e a\u0300 l\u2019instance dirigeante du handball guin\u00e9en, l\u2019entreprise de gestion sportive et de voyage d\u2019\u00e9quipe, \u00ab Age Sports Agency \u00bb invite le Syli Handball F\u00e9minin version Cadette a\u0300 participer aux matchs internationaux qui vont se jouer en Mac\u00e9doine du Nord.<\/p>\n<p>Du 23 au 29 juillet 2022, l\u2019\u00e9quipe du s\u00e9lectionneur Lansana Camara \u201cDinalo\u201d prendra part a\u0300 un stage de pr\u00e9paration a\u0300 Skopje ( Capitale de la Mac\u00e9doine du Nord) ou\u0300 les handballeuses guin\u00e9ennes disputeront trois (3) matchs amicaux avant le coup d\u2019envoi de la Coupe du Monde de leur cat\u00e9gorie.<\/p>\n<p>La F\u00e9d\u00e9ration Guin\u00e9enne de Handball multiplie les d\u00e9marches pour faciliter la pr\u00e9paration des deux \u00e9quipes guin\u00e9ennes qualifi\u00e9es aux comp\u00e9titions des jeunes de la F\u00e9d\u00e9ration Internationale de Handball.<br \/>Le Championnat du Monde F\u00e9minin U-18 aura lieu du 30 juillet au 10 ao\u00fbt 2022 a\u0300 Skopje en Mac\u00e9doine du Nord.<br \/>Retrouvez ci-dessous les images du gymnase Boris Trajkovski\u201d et de l\u2019h\u00f4tel Aleksander Palace.<\/p>\n<p style=\"text-align: center\"><a href=\"https:\/\/i0.wp.com\/sportsechos.net\/wp-content\/uploads\/2022\/04\/1651007238146.jpg?ssl=1\"><img data-recalc-dims=\"1\" decoding=\"async\" loading=\"lazy\" class=\"alignnone size-full wp-image-4637\" src=\"https:\/\/i0.wp.com\/sportsechos.net\/wp-content\/uploads\/2022\/04\/1651007238146.jpg?resize=696%2C463&#038;ssl=1\" alt=\"\" width=\"696\" height=\"463\" srcset=\"https:\/\/sportsechos.net\/wp-content\/uploads\/2022\/04\/1651007238146.jpg 720w, https:\/\/sportsechos.net\/wp-content\/uploads\/2022\/04\/1651007238146-300x200.jpg 300w, https:\/\/sportsechos.net\/wp-content\/uploads\/2022\/04\/1651007238146-696x463.jpg 696w, https:\/\/sportsechos.net\/wp-content\/uploads\/2022\/04\/1651007238146-631x420.jpg 631w\" sizes=\"auto, (max-width: 720px) 100vw, 720px\"\/><\/a><\/p>\n<p style=\"text-align: center\"><a href=\"https:\/\/i0.wp.com\/sportsechos.net\/wp-content\/uploads\/2022\/04\/1651007220885.jpg?ssl=1\"><img data-recalc-dims=\"1\" decoding=\"async\" loading=\"lazy\" class=\"alignnone size-full wp-image-4638\" src=\"https:\/\/i0.wp.com\/sportsechos.net\/wp-content\/uploads\/2022\/04\/1651007220885.jpg?resize=696%2C489&#038;ssl=1\" alt=\"\" width=\"696\" height=\"489\" srcset=\"https:\/\/sportsechos.net\/wp-content\/uploads\/2022\/04\/1651007220885.jpg 720w, https:\/\/sportsechos.net\/wp-content\/uploads\/2022\/04\/1651007220885-300x211.jpg 300w, https:\/\/sportsechos.net\/wp-content\/uploads\/2022\/04\/1651007220885-100x70.jpg 100w, https:\/\/sportsechos.net\/wp-content\/uploads\/2022\/04\/1651007220885-696x489.jpg 696w, https:\/\/sportsechos.net\/wp-content\/uploads\/2022\/04\/1651007220885-598x420.jpg 598w\" sizes=\"auto, (max-width: 720px) 100vw, 720px\"\/><\/a><\/p>\n<\/p><\/div>\n<footer>\n<div class=\"author-box-wrap\"><a href=\"https:\/\/sportsechos.net\/index.php\/author\/lequipe-de-la-redaction\/\"><img decoding=\"async\" alt=\"\" src=\"https:\/\/secure.gravatar.com\/avatar\/3fc17351850a770d3d3c2a7d5c557627?s=96&amp;d=mm&amp;r=g\" srcset=\"https:\/\/secure.gravatar.com\/avatar\/3fc17351850a770d3d3c2a7d5c557627?s=192&amp;d=mm&amp;r=g 2x\" class=\"avatar avatar-96 photo\" height=\"96\" width=\"96\" loading=\"lazy\"\/><\/a><\/div>\n<p>\t        <span style=\"display: none;\" itemprop=\"author\" itemscope=\"\" itemtype=\"https:\/\/schema.org\/Person\"><meta itemprop=\"name\" content=\"L'Equipe de la R\u00e9daction\"\/><\/span><meta itemprop=\"datePublished\" content=\"2022-04-27T00:09:27+00:00\"\/><meta itemprop=\"dateModified\" content=\"2022-04-27T00:09:27+01:00\"\/><meta itemscope=\"\" itemprop=\"mainEntityOfPage\" itemtype=\"https:\/\/schema.org\/WebPage\" itemid=\"https:\/\/sportsechos.net\/index.php\/le-syli-handball-cadet-invite-a-un-stage-a-skopje\/\"\/><span style=\"display: none;\" itemprop=\"publisher\" itemscope=\"\" itemtype=\"https:\/\/schema.org\/Organization\"><span style=\"display: none;\" itemprop=\"logo\" itemscope=\"\" itemtype=\"https:\/\/schema.org\/ImageObject\"><meta itemprop=\"url\" content=\"https:\/\/sportsechos.net\/wp-content\/uploads\/2020\/01\/SPORTSECHOS-300x203.png\"\/><\/span><meta itemprop=\"name\" content=\"L'Equipe de la R\u00e9daction\"\/><\/span><meta itemprop=\"headline \" content=\"Le Syli Handball Cadet invit\u00e9 \u00e0 un stage \u00e0 Skopje\"\/><span style=\"display: none;\" itemprop=\"image\" itemscope=\"\" itemtype=\"https:\/\/schema.org\/ImageObject\"><meta itemprop=\"url\" content=\"https:\/\/sportsechos.net\/wp-content\/uploads\/2022\/04\/16510143238062.jpg\"\/><meta itemprop=\"width\" content=\"720\"\/><meta itemprop=\"height\" content=\"438\"\/><\/span>        <\/footer>\n<\/div>\n","protected":false},"excerpt":{"rendered":"<p>Les semaines se suivent et se ressemblent pour la F\u00e9d\u00e9ration Guin\u00e9enne de Handball dont les services sont de plus en plus sollicit\u00e9s par certaines associations engag\u00e9es dans les comp\u00e9titions de la F\u00e9d\u00e9ration Internationale de Handball. Le Pr\u00e9sident Mamoudouba Paye Camara en mission sportive du cot\u00e9\u0301 de l\u2019Europe, vient de d\u00e9crocher deux stages pour les \u00e9quipes [&hellip;]<\/p>\n","protected":false},"author":2,"featured_media":230,"comment_status":"closed","ping_status":"open","sticky":false,"template":"","format":"standard","meta":{"_jetpack_memberships_contains_paid_content":false,"footnotes":"","jetpack_publicize_message":"","jetpack_publicize_feature_enabled":true,"jetpack_social_post_already_shared":false,"jetpack_social_options":{"image_generator_settings":{"template":"highway","default_image_id":0,"font":"","enabled":false},"version":2}},"categories":[10,11,7,8,3,5,6,9,1,20],"tags":[],"class_list":{"0":"post-229","1":"post","2":"type-post","3":"status-publish","4":"format-standard","5":"has-post-thumbnail","7":"category-actualite","8":"category-athletisme","9":"category-basketball","10":"category-cyclisme","11":"category-featured","12":"category-football","13":"category-handball","14":"category-handisport","15":"category-non-classe","16":"category-video"},"yoast_head":"<!-- This site is optimized with the Yoast SEO plugin v27.5 - https:\/\/yoast.com\/product\/yoast-seo-wordpress\/ -->\n<title>Le Syli Handball Cadet invit\u00e9 \u00e0 un stage \u00e0 Skopje | - le regard du sportif<\/title>\n<meta name=\"robots\" content=\"index, follow, max-snippet:-1, max-image-preview:large, max-video-preview:-1\" \/>\n<link rel=\"canonical\" href=\"https:\/\/oeilsportif.info\/index.php\/le-syli-handball-cadet-invite-a-un-stage-a-skopje\/\" \/>\n<meta property=\"og:locale\" content=\"fr_FR\" \/>\n<meta property=\"og:type\" content=\"article\" \/>\n<meta property=\"og:title\" content=\"Le Syli Handball Cadet invit\u00e9 \u00e0 un stage \u00e0 Skopje | - le regard du sportif\" \/>\n<meta property=\"og:description\" content=\"Les semaines se suivent et se ressemblent pour la F\u00e9d\u00e9ration Guin\u00e9enne de Handball dont les services sont de plus en plus sollicit\u00e9s par certaines associations engag\u00e9es dans les comp\u00e9titions de la F\u00e9d\u00e9ration Internationale de Handball. Le Pr\u00e9sident Mamoudouba Paye Camara en mission sportive du cot\u00e9\u0301 de l\u2019Europe, vient de d\u00e9crocher deux stages pour les \u00e9quipes [&hellip;]\" \/>\n<meta property=\"og:url\" content=\"https:\/\/oeilsportif.info\/index.php\/le-syli-handball-cadet-invite-a-un-stage-a-skopje\/\" \/>\n<meta property=\"og:site_name\" content=\"le regard du sportif\" \/>\n<meta property=\"article:published_time\" content=\"2022-05-05T14:33:27+00:00\" \/>\n<meta property=\"article:modified_time\" content=\"2022-05-09T21:25:01+00:00\" \/>\n<meta property=\"og:image\" content=\"https:\/\/oeilsportif.info\/wp-content\/uploads\/2022\/05\/Le-Syli-Handball-Cadet-invite-a-un-stage-a-Skopje.jpg\" \/>\n\t<meta property=\"og:image:width\" content=\"720\" \/>\n\t<meta property=\"og:image:height\" content=\"438\" \/>\n\t<meta property=\"og:image:type\" content=\"image\/jpeg\" \/>\n<meta name=\"author\" content=\"L&#039;Equipe de la R\u00e9daction\" \/>\n<meta name=\"twitter:label1\" content=\"\u00c9crit par\" \/>\n\t<meta name=\"twitter:data1\" content=\"L&#039;Equipe de la R\u00e9daction\" \/>\n\t<meta name=\"twitter:label2\" content=\"Dur\u00e9e de lecture estim\u00e9e\" \/>\n\t<meta name=\"twitter:data2\" content=\"1 minute\" \/>\n<script type=\"application\/ld+json\" class=\"yoast-schema-graph\">{\"@context\":\"https:\\\/\\\/schema.org\",\"@graph\":[{\"@type\":\"Article\",\"@id\":\"https:\\\/\\\/oeilsportif.info\\\/index.php\\\/le-syli-handball-cadet-invite-a-un-stage-a-skopje\\\/#article\",\"isPartOf\":{\"@id\":\"https:\\\/\\\/oeilsportif.info\\\/index.php\\\/le-syli-handball-cadet-invite-a-un-stage-a-skopje\\\/\"},\"author\":{\"name\":\"L'Equipe de la R\u00e9daction\",\"@id\":\"https:\\\/\\\/oeilsportif.info\\\/#\\\/schema\\\/person\\\/cfbded294aa6095f7d96608d7905e9a1\"},\"headline\":\"Le Syli Handball Cadet invit\u00e9 \u00e0 un stage \u00e0 Skopje |\",\"datePublished\":\"2022-05-05T14:33:27+00:00\",\"dateModified\":\"2022-05-09T21:25:01+00:00\",\"mainEntityOfPage\":{\"@id\":\"https:\\\/\\\/oeilsportif.info\\\/index.php\\\/le-syli-handball-cadet-invite-a-un-stage-a-skopje\\\/\"},\"wordCount\":249,\"image\":{\"@id\":\"https:\\\/\\\/oeilsportif.info\\\/index.php\\\/le-syli-handball-cadet-invite-a-un-stage-a-skopje\\\/#primaryimage\"},\"thumbnailUrl\":\"https:\\\/\\\/i0.wp.com\\\/oeilsportif.info\\\/wp-content\\\/uploads\\\/2022\\\/05\\\/Le-Syli-Handball-Cadet-invite-a-un-stage-a-Skopje.jpg?fit=720%2C438&ssl=1\",\"articleSection\":{\"0\":\"Actualit\u00e9\",\"1\":\"Athl\u00e9tisme\",\"2\":\"Basketball\",\"3\":\"Cyclisme\",\"4\":\"Featured\",\"5\":\"Football\",\"6\":\"Handball\",\"7\":\"Handisport\",\"9\":\"Video\"},\"inLanguage\":\"fr-FR\"},{\"@type\":\"WebPage\",\"@id\":\"https:\\\/\\\/oeilsportif.info\\\/index.php\\\/le-syli-handball-cadet-invite-a-un-stage-a-skopje\\\/\",\"url\":\"https:\\\/\\\/oeilsportif.info\\\/index.php\\\/le-syli-handball-cadet-invite-a-un-stage-a-skopje\\\/\",\"name\":\"Le Syli Handball Cadet invit\u00e9 \u00e0 un stage \u00e0 Skopje | - le regard du sportif\",\"isPartOf\":{\"@id\":\"https:\\\/\\\/oeilsportif.info\\\/#website\"},\"primaryImageOfPage\":{\"@id\":\"https:\\\/\\\/oeilsportif.info\\\/index.php\\\/le-syli-handball-cadet-invite-a-un-stage-a-skopje\\\/#primaryimage\"},\"image\":{\"@id\":\"https:\\\/\\\/oeilsportif.info\\\/index.php\\\/le-syli-handball-cadet-invite-a-un-stage-a-skopje\\\/#primaryimage\"},\"thumbnailUrl\":\"https:\\\/\\\/i0.wp.com\\\/oeilsportif.info\\\/wp-content\\\/uploads\\\/2022\\\/05\\\/Le-Syli-Handball-Cadet-invite-a-un-stage-a-Skopje.jpg?fit=720%2C438&ssl=1\",\"datePublished\":\"2022-05-05T14:33:27+00:00\",\"dateModified\":\"2022-05-09T21:25:01+00:00\",\"author\":{\"@id\":\"https:\\\/\\\/oeilsportif.info\\\/#\\\/schema\\\/person\\\/cfbded294aa6095f7d96608d7905e9a1\"},\"inLanguage\":\"fr-FR\",\"potentialAction\":[{\"@type\":\"ReadAction\",\"target\":[\"https:\\\/\\\/oeilsportif.info\\\/index.php\\\/le-syli-handball-cadet-invite-a-un-stage-a-skopje\\\/\"]}]},{\"@type\":\"ImageObject\",\"inLanguage\":\"fr-FR\",\"@id\":\"https:\\\/\\\/oeilsportif.info\\\/index.php\\\/le-syli-handball-cadet-invite-a-un-stage-a-skopje\\\/#primaryimage\",\"url\":\"https:\\\/\\\/i0.wp.com\\\/oeilsportif.info\\\/wp-content\\\/uploads\\\/2022\\\/05\\\/Le-Syli-Handball-Cadet-invite-a-un-stage-a-Skopje.jpg?fit=720%2C438&ssl=1\",\"contentUrl\":\"https:\\\/\\\/i0.wp.com\\\/oeilsportif.info\\\/wp-content\\\/uploads\\\/2022\\\/05\\\/Le-Syli-Handball-Cadet-invite-a-un-stage-a-Skopje.jpg?fit=720%2C438&ssl=1\",\"width\":720,\"height\":438},{\"@type\":\"WebSite\",\"@id\":\"https:\\\/\\\/oeilsportif.info\\\/#website\",\"url\":\"https:\\\/\\\/oeilsportif.info\\\/\",\"name\":\"le regard du sportif\",\"description\":\"\",\"potentialAction\":[{\"@type\":\"SearchAction\",\"target\":{\"@type\":\"EntryPoint\",\"urlTemplate\":\"https:\\\/\\\/oeilsportif.info\\\/?s={search_term_string}\"},\"query-input\":{\"@type\":\"PropertyValueSpecification\",\"valueRequired\":true,\"valueName\":\"search_term_string\"}}],\"inLanguage\":\"fr-FR\"},{\"@type\":\"Person\",\"@id\":\"https:\\\/\\\/oeilsportif.info\\\/#\\\/schema\\\/person\\\/cfbded294aa6095f7d96608d7905e9a1\",\"name\":\"L'Equipe de la R\u00e9daction\",\"image\":{\"@type\":\"ImageObject\",\"inLanguage\":\"fr-FR\",\"@id\":\"https:\\\/\\\/oeilsportif.info\\\/wp-content\\\/uploads\\\/2025\\\/07\\\/cropped-cropped-logo-os-96x96.jpeg\",\"url\":\"https:\\\/\\\/oeilsportif.info\\\/wp-content\\\/uploads\\\/2025\\\/07\\\/cropped-cropped-logo-os-96x96.jpeg\",\"contentUrl\":\"https:\\\/\\\/oeilsportif.info\\\/wp-content\\\/uploads\\\/2025\\\/07\\\/cropped-cropped-logo-os-96x96.jpeg\",\"caption\":\"L'Equipe de la R\u00e9daction\"},\"url\":\"https:\\\/\\\/oeilsportif.info\\\/index.php\\\/author\\\/tawel\\\/\"}]}<\/script>\n<!-- \/ Yoast SEO plugin. -->","yoast_head_json":{"title":"Le Syli Handball Cadet invit\u00e9 \u00e0 un stage \u00e0 Skopje | - le regard du sportif","robots":{"index":"index","follow":"follow","max-snippet":"max-snippet:-1","max-image-preview":"max-image-preview:large","max-video-preview":"max-video-preview:-1"},"canonical":"https:\/\/oeilsportif.info\/index.php\/le-syli-handball-cadet-invite-a-un-stage-a-skopje\/","og_locale":"fr_FR","og_type":"article","og_title":"Le Syli Handball Cadet invit\u00e9 \u00e0 un stage \u00e0 Skopje | - le regard du sportif","og_description":"Les semaines se suivent et se ressemblent pour la F\u00e9d\u00e9ration Guin\u00e9enne de Handball dont les services sont de plus en plus sollicit\u00e9s par certaines associations engag\u00e9es dans les comp\u00e9titions de la F\u00e9d\u00e9ration Internationale de Handball. Le Pr\u00e9sident Mamoudouba Paye Camara en mission sportive du cot\u00e9\u0301 de l\u2019Europe, vient de d\u00e9crocher deux stages pour les \u00e9quipes [&hellip;]","og_url":"https:\/\/oeilsportif.info\/index.php\/le-syli-handball-cadet-invite-a-un-stage-a-skopje\/","og_site_name":"le regard du sportif","article_published_time":"2022-05-05T14:33:27+00:00","article_modified_time":"2022-05-09T21:25:01+00:00","og_image":[{"width":720,"height":438,"url":"https:\/\/oeilsportif.info\/wp-content\/uploads\/2022\/05\/Le-Syli-Handball-Cadet-invite-a-un-stage-a-Skopje.jpg","type":"image\/jpeg"}],"author":"L'Equipe de la R\u00e9daction","twitter_misc":{"\u00c9crit par":"L'Equipe de la R\u00e9daction","Dur\u00e9e de lecture estim\u00e9e":"1 minute"},"schema":{"@context":"https:\/\/schema.org","@graph":[{"@type":"Article","@id":"https:\/\/oeilsportif.info\/index.php\/le-syli-handball-cadet-invite-a-un-stage-a-skopje\/#article","isPartOf":{"@id":"https:\/\/oeilsportif.info\/index.php\/le-syli-handball-cadet-invite-a-un-stage-a-skopje\/"},"author":{"name":"L'Equipe de la R\u00e9daction","@id":"https:\/\/oeilsportif.info\/#\/schema\/person\/cfbded294aa6095f7d96608d7905e9a1"},"headline":"Le Syli Handball Cadet invit\u00e9 \u00e0 un stage \u00e0 Skopje |","datePublished":"2022-05-05T14:33:27+00:00","dateModified":"2022-05-09T21:25:01+00:00","mainEntityOfPage":{"@id":"https:\/\/oeilsportif.info\/index.php\/le-syli-handball-cadet-invite-a-un-stage-a-skopje\/"},"wordCount":249,"image":{"@id":"https:\/\/oeilsportif.info\/index.php\/le-syli-handball-cadet-invite-a-un-stage-a-skopje\/#primaryimage"},"thumbnailUrl":"https:\/\/i0.wp.com\/oeilsportif.info\/wp-content\/uploads\/2022\/05\/Le-Syli-Handball-Cadet-invite-a-un-stage-a-Skopje.jpg?fit=720%2C438&ssl=1","articleSection":{"0":"Actualit\u00e9","1":"Athl\u00e9tisme","2":"Basketball","3":"Cyclisme","4":"Featured","5":"Football","6":"Handball","7":"Handisport","9":"Video"},"inLanguage":"fr-FR"},{"@type":"WebPage","@id":"https:\/\/oeilsportif.info\/index.php\/le-syli-handball-cadet-invite-a-un-stage-a-skopje\/","url":"https:\/\/oeilsportif.info\/index.php\/le-syli-handball-cadet-invite-a-un-stage-a-skopje\/","name":"Le Syli Handball Cadet invit\u00e9 \u00e0 un stage \u00e0 Skopje | - le regard du sportif","isPartOf":{"@id":"https:\/\/oeilsportif.info\/#website"},"primaryImageOfPage":{"@id":"https:\/\/oeilsportif.info\/index.php\/le-syli-handball-cadet-invite-a-un-stage-a-skopje\/#primaryimage"},"image":{"@id":"https:\/\/oeilsportif.info\/index.php\/le-syli-handball-cadet-invite-a-un-stage-a-skopje\/#primaryimage"},"thumbnailUrl":"https:\/\/i0.wp.com\/oeilsportif.info\/wp-content\/uploads\/2022\/05\/Le-Syli-Handball-Cadet-invite-a-un-stage-a-Skopje.jpg?fit=720%2C438&ssl=1","datePublished":"2022-05-05T14:33:27+00:00","dateModified":"2022-05-09T21:25:01+00:00","author":{"@id":"https:\/\/oeilsportif.info\/#\/schema\/person\/cfbded294aa6095f7d96608d7905e9a1"},"inLanguage":"fr-FR","potentialAction":[{"@type":"ReadAction","target":["https:\/\/oeilsportif.info\/index.php\/le-syli-handball-cadet-invite-a-un-stage-a-skopje\/"]}]},{"@type":"ImageObject","inLanguage":"fr-FR","@id":"https:\/\/oeilsportif.info\/index.php\/le-syli-handball-cadet-invite-a-un-stage-a-skopje\/#primaryimage","url":"https:\/\/i0.wp.com\/oeilsportif.info\/wp-content\/uploads\/2022\/05\/Le-Syli-Handball-Cadet-invite-a-un-stage-a-Skopje.jpg?fit=720%2C438&ssl=1","contentUrl":"https:\/\/i0.wp.com\/oeilsportif.info\/wp-content\/uploads\/2022\/05\/Le-Syli-Handball-Cadet-invite-a-un-stage-a-Skopje.jpg?fit=720%2C438&ssl=1","width":720,"height":438},{"@type":"WebSite","@id":"https:\/\/oeilsportif.info\/#website","url":"https:\/\/oeilsportif.info\/","name":"le regard du sportif","description":"","potentialAction":[{"@type":"SearchAction","target":{"@type":"EntryPoint","urlTemplate":"https:\/\/oeilsportif.info\/?s={search_term_string}"},"query-input":{"@type":"PropertyValueSpecification","valueRequired":true,"valueName":"search_term_string"}}],"inLanguage":"fr-FR"},{"@type":"Person","@id":"https:\/\/oeilsportif.info\/#\/schema\/person\/cfbded294aa6095f7d96608d7905e9a1","name":"L'Equipe de la R\u00e9daction","image":{"@type":"ImageObject","inLanguage":"fr-FR","@id":"https:\/\/oeilsportif.info\/wp-content\/uploads\/2025\/07\/cropped-cropped-logo-os-96x96.jpeg","url":"https:\/\/oeilsportif.info\/wp-content\/uploads\/2025\/07\/cropped-cropped-logo-os-96x96.jpeg","contentUrl":"https:\/\/oeilsportif.info\/wp-content\/uploads\/2025\/07\/cropped-cropped-logo-os-96x96.jpeg","caption":"L'Equipe de la R\u00e9daction"},"url":"https:\/\/oeilsportif.info\/index.php\/author\/tawel\/"}]}},"jetpack_publicize_connections":[],"jetpack_featured_media_url":"https:\/\/i0.wp.com\/oeilsportif.info\/wp-content\/uploads\/2022\/05\/Le-Syli-Handball-Cadet-invite-a-un-stage-a-Skopje.jpg?fit=720%2C438&ssl=1","jetpack-related-posts":[],"jetpack_sharing_enabled":true,"jetpack_likes_enabled":true,"jetpack_shortlink":"https:\/\/wp.me\/pgFE77-3H","_links":{"self":[{"href":"https:\/\/oeilsportif.info\/index.php\/wp-json\/wp\/v2\/posts\/229","targetHints":{"allow":["GET"]}}],"collection":[{"href":"https:\/\/oeilsportif.info\/index.php\/wp-json\/wp\/v2\/posts"}],"about":[{"href":"https:\/\/oeilsportif.info\/index.php\/wp-json\/wp\/v2\/types\/post"}],"author":[{"embeddable":true,"href":"https:\/\/oeilsportif.info\/index.php\/wp-json\/wp\/v2\/users\/2"}],"replies":[{"embeddable":true,"href":"https:\/\/oeilsportif.info\/index.php\/wp-json\/wp\/v2\/comments?post=229"}],"version-history":[{"count":0,"href":"https:\/\/oeilsportif.info\/index.php\/wp-json\/wp\/v2\/posts\/229\/revisions"}],"wp:featuredmedia":[{"embeddable":true,"href":"https:\/\/oeilsportif.info\/index.php\/wp-json\/wp\/v2\/media\/230"}],"wp:attachment":[{"href":"https:\/\/oeilsportif.info\/index.php\/wp-json\/wp\/v2\/media?parent=229"}],"wp:term":[{"taxonomy":"category","embeddable":true,"href":"https:\/\/oeilsportif.info\/index.php\/wp-json\/wp\/v2\/categories?post=229"},{"taxonomy":"post_tag","embeddable":true,"href":"https:\/\/oeilsportif.info\/index.php\/wp-json\/wp\/v2\/tags?post=229"}],"curies":[{"name":"wp","href":"https:\/\/api.w.org\/{rel}","templated":true}]}}